{"id":65828,"date":"2016-06-01T05:33:21","date_gmt":"2016-06-01T03:33:21","guid":{"rendered":"http:\/\/hudo.com\/si\/2016\/06\/01\/jansa-o-procesu-jbtz-jasno-je-bilo-da-gre-za-politicni-proces-smatrani-smo-bili-za-politicne-sovraznike\/"},"modified":"2016-06-02T07:41:13","modified_gmt":"2016-06-02T05:41:13","slug":"jansa-o-procesu-jbtz-jasno-je-bilo-da-gre-za-politicni-proces-smatrani-smo-bili-za-politicne-sovraznike","status":"publish","type":"post","link":"https:\/\/hudo.com\/si\/aktualno\/jansa-o-procesu-jbtz-jasno-je-bilo-da-gre-za-politicni-proces-smatrani-smo-bili-za-politicne-sovraznike\/","title":{"rendered":"Jan\u0161a o procesu JBTZ: Jasno je bilo, da gre za politi\u010dni proces, smatrani smo bili za politi\u010dne sovra\u017enike"},"content":{"rendered":"<p>Proces zoper \u010detverico je potekal na na\u010din, da bi si slovenska politi\u010dna oblast lahko umila roke, vendar pa ni dvoma, da je bila o njem obve\u0161\u010dena od vsega za\u010detka, so se strinjali sogovorniki na omizju ob 28. obletnici za\u010detka afere. Ko je oblast opazila, na kak\u0161en na\u010din so se na aretacijo odzvali ljudje, pa se je odlo\u010dila za spremembo taktike.<\/p>\n","protected":false},"excerpt":{"rendered":"<p>Proces zoper \u010detverico je potekal na na\u010din, da bi si slovenska politi\u010dna oblast lahko umila roke, vendar pa ni dvoma, da je bila o njem obve\u0161\u010dena od vsega za\u010detka, so se strinjali sogovorniki na omizju ob 28. obletnici za\u010detka afere. Ko je oblast opazila, na kak\u0161en na\u010din so se na aretacijo odzvali ljudje, pa se je odlo\u010dila za spremembo taktike.<\/p>\n","protected":false},"author":1,"featured_media":0,"comment_status":"closed","ping_status":"closed","sticky":false,"template":"","format":"standard","meta":{"footnotes":""},"categories":[1179],"tags":[],"source":[5113],"supertag":[],"acf":[],"yoast_head":"<!-- This site is optimized with the Yoast SEO plugin v21.3 - https:\/\/yoast.com\/wordpress\/plugins\/seo\/ -->\n<title>Jan\u0161a o procesu JBTZ: Jasno je bilo, da gre za politi\u010dni proces, smatrani smo bili za politi\u010dne sovra\u017enike - Hudo Slovenija<\/title>\n<meta name=\"robots\" content=\"index, follow, max-snippet:-1, max-image-preview:large, max-video-preview:-1\" \/>\n<link rel=\"canonical\" href=\"https:\/\/hudo.com\/si\/aktualno\/jansa-o-procesu-jbtz-jasno-je-bilo-da-gre-za-politicni-proces-smatrani-smo-bili-za-politicne-sovraznike\/\" \/>\n<meta property=\"og:locale\" content=\"sl_SI\" \/>\n<meta property=\"og:type\" content=\"article\" \/>\n<meta property=\"og:title\" content=\"Jan\u0161a o procesu JBTZ: Jasno je bilo, da gre za politi\u010dni proces, smatrani smo bili za politi\u010dne sovra\u017enike - Hudo Slovenija\" \/>\n<meta property=\"og:description\" content=\"Proces zoper \u010detverico je potekal na na\u010din, da bi si slovenska politi\u010dna oblast lahko umila roke, vendar pa ni dvoma, da je bila o njem obve\u0161\u010dena od vsega za\u010detka, so se strinjali sogovorniki na omizju ob 28. obletnici za\u010detka afere. Ko je oblast opazila, na kak\u0161en na\u010din so se na aretacijo odzvali ljudje, pa se je odlo\u010dila za spremembo taktike.\" \/>\n<meta property=\"og:url\" content=\"https:\/\/hudo.com\/si\/aktualno\/jansa-o-procesu-jbtz-jasno-je-bilo-da-gre-za-politicni-proces-smatrani-smo-bili-za-politicne-sovraznike\/\" \/>\n<meta property=\"og:site_name\" content=\"Hudo Slovenija\" \/>\n<meta property=\"article:publisher\" content=\"https:\/\/www.facebook.com\/hudo.si\" \/>\n<meta property=\"article:published_time\" content=\"2016-06-01T03:33:21+00:00\" \/>\n<meta property=\"article:modified_time\" content=\"2016-06-02T05:41:13+00:00\" \/>\n<meta property=\"og:image\" content=\"https:\/\/hudo.com\/si\/wp-content\/uploads\/sites\/2\/2016\/06\/omerza-tasic-jansa-bavcar_bobo.jpg\" \/>\n\t<meta property=\"og:image:width\" content=\"640\" \/>\n\t<meta property=\"og:image:height\" content=\"379\" \/>\n\t<meta property=\"og:image:type\" content=\"image\/jpeg\" \/>\n<meta name=\"author\" content=\"hudo\" \/>\n<meta name=\"twitter:card\" content=\"summary_large_image\" \/>\n<meta name=\"twitter:creator\" content=\"@hudo_si\" \/>\n<meta name=\"twitter:site\" content=\"@hudo_si\" \/>\n<meta name=\"twitter:label1\" content=\"Written by\" \/>\n\t<meta name=\"twitter:data1\" content=\"hudo\" \/>\n<script type=\"application\/ld+json\" class=\"yoast-schema-graph\">{\"@context\":\"https:\/\/schema.org\",\"@graph\":[{\"@type\":\"Article\",\"@id\":\"https:\/\/hudo.com\/si\/aktualno\/jansa-o-procesu-jbtz-jasno-je-bilo-da-gre-za-politicni-proces-smatrani-smo-bili-za-politicne-sovraznike\/#article\",\"isPartOf\":{\"@id\":\"https:\/\/hudo.com\/si\/aktualno\/jansa-o-procesu-jbtz-jasno-je-bilo-da-gre-za-politicni-proces-smatrani-smo-bili-za-politicne-sovraznike\/\"},\"author\":{\"name\":\"hudo\",\"@id\":\"https:\/\/hudo.com\/si\/#\/schema\/person\/601cf3379633985b20f7e50f2bb47707\"},\"headline\":\"Jan\u0161a o procesu JBTZ: Jasno je bilo, da gre za politi\u010dni proces, smatrani smo bili za politi\u010dne sovra\u017enike\",\"datePublished\":\"2016-06-01T03:33:21+00:00\",\"dateModified\":\"2016-06-02T05:41:13+00:00\",\"mainEntityOfPage\":{\"@id\":\"https:\/\/hudo.com\/si\/aktualno\/jansa-o-procesu-jbtz-jasno-je-bilo-da-gre-za-politicni-proces-smatrani-smo-bili-za-politicne-sovraznike\/\"},\"wordCount\":89,\"publisher\":{\"@id\":\"https:\/\/hudo.com\/si\/#organization\"},\"articleSection\":[\"Aktualno\"],\"inLanguage\":\"sl-SI\"},{\"@type\":\"WebPage\",\"@id\":\"https:\/\/hudo.com\/si\/aktualno\/jansa-o-procesu-jbtz-jasno-je-bilo-da-gre-za-politicni-proces-smatrani-smo-bili-za-politicne-sovraznike\/\",\"url\":\"https:\/\/hudo.com\/si\/aktualno\/jansa-o-procesu-jbtz-jasno-je-bilo-da-gre-za-politicni-proces-smatrani-smo-bili-za-politicne-sovraznike\/\",\"name\":\"Jan\u0161a o procesu JBTZ: Jasno je bilo, da gre za politi\u010dni proces, smatrani smo bili za politi\u010dne sovra\u017enike - Hudo Slovenija\",\"isPartOf\":{\"@id\":\"https:\/\/hudo.com\/si\/#website\"},\"datePublished\":\"2016-06-01T03:33:21+00:00\",\"dateModified\":\"2016-06-02T05:41:13+00:00\",\"breadcrumb\":{\"@id\":\"https:\/\/hudo.com\/si\/aktualno\/jansa-o-procesu-jbtz-jasno-je-bilo-da-gre-za-politicni-proces-smatrani-smo-bili-za-politicne-sovraznike\/#breadcrumb\"},\"inLanguage\":\"sl-SI\",\"potentialAction\":[{\"@type\":\"ReadAction\",\"target\":[\"https:\/\/hudo.com\/si\/aktualno\/jansa-o-procesu-jbtz-jasno-je-bilo-da-gre-za-politicni-proces-smatrani-smo-bili-za-politicne-sovraznike\/\"]}]},{\"@type\":\"BreadcrumbList\",\"@id\":\"https:\/\/hudo.com\/si\/aktualno\/jansa-o-procesu-jbtz-jasno-je-bilo-da-gre-za-politicni-proces-smatrani-smo-bili-za-politicne-sovraznike\/#breadcrumb\",\"itemListElement\":[{\"@type\":\"ListItem\",\"position\":1,\"name\":\"Home\",\"item\":\"https:\/\/hudo.com\/si\/\"},{\"@type\":\"ListItem\",\"position\":2,\"name\":\"Jan\u0161a o procesu JBTZ: Jasno je bilo, da gre za politi\u010dni proces, smatrani smo bili za politi\u010dne sovra\u017enike\"}]},{\"@type\":\"WebSite\",\"@id\":\"https:\/\/hudo.com\/si\/#website\",\"url\":\"https:\/\/hudo.com\/si\/\",\"name\":\"Hudo Slovenija\",\"description\":\"Vse novice iz Slovenije in sveta\",\"publisher\":{\"@id\":\"https:\/\/hudo.com\/si\/#organization\"},\"potentialAction\":[{\"@type\":\"SearchAction\",\"target\":{\"@type\":\"EntryPoint\",\"urlTemplate\":\"https:\/\/hudo.com\/si\/?s={search_term_string}\"},\"query-input\":\"required name=search_term_string\"}],\"inLanguage\":\"sl-SI\"},{\"@type\":\"Organization\",\"@id\":\"https:\/\/hudo.com\/si\/#organization\",\"name\":\"VSN Media\",\"url\":\"https:\/\/hudo.com\/si\/\",\"logo\":{\"@type\":\"ImageObject\",\"inLanguage\":\"sl-SI\",\"@id\":\"https:\/\/hudo.com\/si\/#\/schema\/logo\/image\/\",\"url\":\"https:\/\/hudo.com\/si\/wp-content\/uploads\/sites\/2\/2021\/03\/hudo-app-2.png\",\"contentUrl\":\"https:\/\/hudo.com\/si\/wp-content\/uploads\/sites\/2\/2021\/03\/hudo-app-2.png\",\"width\":2185,\"height\":2167,\"caption\":\"VSN Media\"},\"image\":{\"@id\":\"https:\/\/hudo.com\/si\/#\/schema\/logo\/image\/\"},\"sameAs\":[\"https:\/\/www.facebook.com\/hudo.si\",\"https:\/\/twitter.com\/hudo_si\"]},{\"@type\":\"Person\",\"@id\":\"https:\/\/hudo.com\/si\/#\/schema\/person\/601cf3379633985b20f7e50f2bb47707\",\"name\":\"hudo\",\"image\":{\"@type\":\"ImageObject\",\"inLanguage\":\"sl-SI\",\"@id\":\"https:\/\/hudo.com\/si\/#\/schema\/person\/image\/\",\"url\":\"https:\/\/secure.gravatar.com\/avatar\/c4ca25fa72cace7a696b52ff5db9e095?s=96&d=mm&r=g\",\"contentUrl\":\"https:\/\/secure.gravatar.com\/avatar\/c4ca25fa72cace7a696b52ff5db9e095?s=96&d=mm&r=g\",\"caption\":\"hudo\"},\"url\":\"https:\/\/hudo.com\/si\/author\/hudo\/\"}]}<\/script>\n<!-- \/ Yoast SEO plugin. -->","yoast_head_json":{"title":"Jan\u0161a o procesu JBTZ: Jasno je bilo, da gre za politi\u010dni proces, smatrani smo bili za politi\u010dne sovra\u017enike - Hudo Slovenija","robots":{"index":"index","follow":"follow","max-snippet":"max-snippet:-1","max-image-preview":"max-image-preview:large","max-video-preview":"max-video-preview:-1"},"canonical":"https:\/\/hudo.com\/si\/aktualno\/jansa-o-procesu-jbtz-jasno-je-bilo-da-gre-za-politicni-proces-smatrani-smo-bili-za-politicne-sovraznike\/","og_locale":"sl_SI","og_type":"article","og_title":"Jan\u0161a o procesu JBTZ: Jasno je bilo, da gre za politi\u010dni proces, smatrani smo bili za politi\u010dne sovra\u017enike - Hudo Slovenija","og_description":"Proces zoper \u010detverico je potekal na na\u010din, da bi si slovenska politi\u010dna oblast lahko umila roke, vendar pa ni dvoma, da je bila o njem obve\u0161\u010dena od vsega za\u010detka, so se strinjali sogovorniki na omizju ob 28. obletnici za\u010detka afere. Ko je oblast opazila, na kak\u0161en na\u010din so se na aretacijo odzvali ljudje, pa se je odlo\u010dila za spremembo taktike.","og_url":"https:\/\/hudo.com\/si\/aktualno\/jansa-o-procesu-jbtz-jasno-je-bilo-da-gre-za-politicni-proces-smatrani-smo-bili-za-politicne-sovraznike\/","og_site_name":"Hudo Slovenija","article_publisher":"https:\/\/www.facebook.com\/hudo.si","article_published_time":"2016-06-01T03:33:21+00:00","article_modified_time":"2016-06-02T05:41:13+00:00","og_image":[{"width":640,"height":379,"url":"https:\/\/hudo.com\/si\/wp-content\/uploads\/sites\/2\/2016\/06\/omerza-tasic-jansa-bavcar_bobo.jpg","type":"image\/jpeg"}],"author":"hudo","twitter_card":"summary_large_image","twitter_creator":"@hudo_si","twitter_site":"@hudo_si","twitter_misc":{"Written by":"hudo"},"schema":{"@context":"https:\/\/schema.org","@graph":[{"@type":"Article","@id":"https:\/\/hudo.com\/si\/aktualno\/jansa-o-procesu-jbtz-jasno-je-bilo-da-gre-za-politicni-proces-smatrani-smo-bili-za-politicne-sovraznike\/#article","isPartOf":{"@id":"https:\/\/hudo.com\/si\/aktualno\/jansa-o-procesu-jbtz-jasno-je-bilo-da-gre-za-politicni-proces-smatrani-smo-bili-za-politicne-sovraznike\/"},"author":{"name":"hudo","@id":"https:\/\/hudo.com\/si\/#\/schema\/person\/601cf3379633985b20f7e50f2bb47707"},"headline":"Jan\u0161a o procesu JBTZ: Jasno je bilo, da gre za politi\u010dni proces, smatrani smo bili za politi\u010dne sovra\u017enike","datePublished":"2016-06-01T03:33:21+00:00","dateModified":"2016-06-02T05:41:13+00:00","mainEntityOfPage":{"@id":"https:\/\/hudo.com\/si\/aktualno\/jansa-o-procesu-jbtz-jasno-je-bilo-da-gre-za-politicni-proces-smatrani-smo-bili-za-politicne-sovraznike\/"},"wordCount":89,"publisher":{"@id":"https:\/\/hudo.com\/si\/#organization"},"articleSection":["Aktualno"],"inLanguage":"sl-SI"},{"@type":"WebPage","@id":"https:\/\/hudo.com\/si\/aktualno\/jansa-o-procesu-jbtz-jasno-je-bilo-da-gre-za-politicni-proces-smatrani-smo-bili-za-politicne-sovraznike\/","url":"https:\/\/hudo.com\/si\/aktualno\/jansa-o-procesu-jbtz-jasno-je-bilo-da-gre-za-politicni-proces-smatrani-smo-bili-za-politicne-sovraznike\/","name":"Jan\u0161a o procesu JBTZ: Jasno je bilo, da gre za politi\u010dni proces, smatrani smo bili za politi\u010dne sovra\u017enike - Hudo Slovenija","isPartOf":{"@id":"https:\/\/hudo.com\/si\/#website"},"datePublished":"2016-06-01T03:33:21+00:00","dateModified":"2016-06-02T05:41:13+00:00","breadcrumb":{"@id":"https:\/\/hudo.com\/si\/aktualno\/jansa-o-procesu-jbtz-jasno-je-bilo-da-gre-za-politicni-proces-smatrani-smo-bili-za-politicne-sovraznike\/#breadcrumb"},"inLanguage":"sl-SI","potentialAction":[{"@type":"ReadAction","target":["https:\/\/hudo.com\/si\/aktualno\/jansa-o-procesu-jbtz-jasno-je-bilo-da-gre-za-politicni-proces-smatrani-smo-bili-za-politicne-sovraznike\/"]}]},{"@type":"BreadcrumbList","@id":"https:\/\/hudo.com\/si\/aktualno\/jansa-o-procesu-jbtz-jasno-je-bilo-da-gre-za-politicni-proces-smatrani-smo-bili-za-politicne-sovraznike\/#breadcrumb","itemListElement":[{"@type":"ListItem","position":1,"name":"Home","item":"https:\/\/hudo.com\/si\/"},{"@type":"ListItem","position":2,"name":"Jan\u0161a o procesu JBTZ: Jasno je bilo, da gre za politi\u010dni proces, smatrani smo bili za politi\u010dne sovra\u017enike"}]},{"@type":"WebSite","@id":"https:\/\/hudo.com\/si\/#website","url":"https:\/\/hudo.com\/si\/","name":"Hudo Slovenija","description":"Vse novice iz Slovenije in sveta","publisher":{"@id":"https:\/\/hudo.com\/si\/#organization"},"potentialAction":[{"@type":"SearchAction","target":{"@type":"EntryPoint","urlTemplate":"https:\/\/hudo.com\/si\/?s={search_term_string}"},"query-input":"required name=search_term_string"}],"inLanguage":"sl-SI"},{"@type":"Organization","@id":"https:\/\/hudo.com\/si\/#organization","name":"VSN Media","url":"https:\/\/hudo.com\/si\/","logo":{"@type":"ImageObject","inLanguage":"sl-SI","@id":"https:\/\/hudo.com\/si\/#\/schema\/logo\/image\/","url":"https:\/\/hudo.com\/si\/wp-content\/uploads\/sites\/2\/2021\/03\/hudo-app-2.png","contentUrl":"https:\/\/hudo.com\/si\/wp-content\/uploads\/sites\/2\/2021\/03\/hudo-app-2.png","width":2185,"height":2167,"caption":"VSN Media"},"image":{"@id":"https:\/\/hudo.com\/si\/#\/schema\/logo\/image\/"},"sameAs":["https:\/\/www.facebook.com\/hudo.si","https:\/\/twitter.com\/hudo_si"]},{"@type":"Person","@id":"https:\/\/hudo.com\/si\/#\/schema\/person\/601cf3379633985b20f7e50f2bb47707","name":"hudo","image":{"@type":"ImageObject","inLanguage":"sl-SI","@id":"https:\/\/hudo.com\/si\/#\/schema\/person\/image\/","url":"https:\/\/secure.gravatar.com\/avatar\/c4ca25fa72cace7a696b52ff5db9e095?s=96&d=mm&r=g","contentUrl":"https:\/\/secure.gravatar.com\/avatar\/c4ca25fa72cace7a696b52ff5db9e095?s=96&d=mm&r=g","caption":"hudo"},"url":"https:\/\/hudo.com\/si\/author\/hudo\/"}]}},"amp_enabled":true,"_links":{"self":[{"href":"https:\/\/hudo.com\/si\/wp-json\/wp\/v2\/posts\/65828"}],"collection":[{"href":"https:\/\/hudo.com\/si\/wp-json\/wp\/v2\/posts"}],"about":[{"href":"https:\/\/hudo.com\/si\/wp-json\/wp\/v2\/types\/post"}],"author":[{"embeddable":true,"href":"https:\/\/hudo.com\/si\/wp-json\/wp\/v2\/users\/1"}],"replies":[{"embeddable":true,"href":"https:\/\/hudo.com\/si\/wp-json\/wp\/v2\/comments?post=65828"}],"version-history":[{"count":1,"href":"https:\/\/hudo.com\/si\/wp-json\/wp\/v2\/posts\/65828\/revisions"}],"predecessor-version":[{"id":65905,"href":"https:\/\/hudo.com\/si\/wp-json\/wp\/v2\/posts\/65828\/revisions\/65905"}],"wp:attachment":[{"href":"https:\/\/hudo.com\/si\/wp-json\/wp\/v2\/media?parent=65828"}],"wp:term":[{"taxonomy":"category","embeddable":true,"href":"https:\/\/hudo.com\/si\/wp-json\/wp\/v2\/categories?post=65828"},{"taxonomy":"post_tag","embeddable":true,"href":"https:\/\/hudo.com\/si\/wp-json\/wp\/v2\/tags?post=65828"},{"taxonomy":"source","embeddable":true,"href":"https:\/\/hudo.com\/si\/wp-json\/wp\/v2\/source?post=65828"},{"taxonomy":"supertag","embeddable":true,"href":"https:\/\/hudo.com\/si\/wp-json\/wp\/v2\/supertag?post=65828"}],"curies":[{"name":"wp","href":"https:\/\/api.w.org\/{rel}","templated":true}]}}