{"id":65870,"date":"2016-06-01T10:09:55","date_gmt":"2016-06-01T08:09:55","guid":{"rendered":"http:\/\/hudo.com\/si\/?p=65870"},"modified":"2016-06-01T10:09:55","modified_gmt":"2016-06-01T08:09:55","slug":"kdo-je-kriv-da-je-zena-izraelskega-premiera-debela","status":"publish","type":"post","link":"https:\/\/hudo.com\/si\/aktualno\/kdo-je-kriv-da-je-zena-izraelskega-premiera-debela\/","title":{"rendered":"Kdo je kriv, da je \u017eena izraelskega premiera debela?"},"content":{"rendered":"<div class=\"text\">\n<p>Guj Elijahu je bil vzdr\u017eevalec v Netanjahujevi rezidenci. Sara Netanjahu pa ga je poni\u017eevala in nadlegovala, zato se je odlo\u010dil za to\u017ebo na delovnem sodi\u0161\u010du.<\/p>\n<p>Kot je opisal, ga je Netanjahujeva pogosto poslala po hrano, ki jo je naro\u010dila, nato pa ga je ozmerjala, da se zaradi njega redi. Enkrat ga je po polno\u010di poklicala nazaj v rezidenco, da ji je pogrel kro\u017enik juhe. Drugi\u010d pa, ker se ni poslovil od nje na pravi na\u010din.<\/p>\n<p>Odvetniki Netanjahujeve \u017eene so obto\u017ebe zavra\u010dali in po torkovi sodbi \u017ee napovedali prito\u017ebo. Od\u0161kodnino Elijahu naj bi sicer poravnala vlada in zasebno podjetje, pri katerem je bil dejansko zaposlen Elijahu in je preko njega opravljal dela v premierjevi rezidenci.<\/p>\n<p>Netanjahujeva sta se zna\u0161la tudi v preiskavi, ker naj bi Sara Netanjahu zlorabljala javna sredstva za njuno zasebno vilo. Policija je ta teden sicer zaklju\u010dila preiskavo, a ni sporo\u010dila ugotovitev. Naj bi pa proti Netanjahujevi \u017eeni vlo\u017eila kazensko ovadbo, \u0161e poro\u010da AFP.<\/p>\n<\/div>\n","protected":false},"excerpt":{"rendered":"<p>Izraelsko sodi\u0161\u010de je prisodilo od\u0161kodnino nekdanjemu uslu\u017ebencu v rezidenci premierja Benjamina Netanjahuja, ker se je nad njim zna\u0161ala Netanjahujeva \u017eena Sara.<\/p>\n","protected":false},"author":5,"featured_media":65871,"comment_status":"closed","ping_status":"closed","sticky":false,"template":"","format":"standard","meta":{"footnotes":""},"categories":[1179],"tags":[5394,3493,5395],"source":[4511],"supertag":[],"acf":[],"yoast_head":"<!-- This site is optimized with the Yoast SEO plugin v21.3 - https:\/\/yoast.com\/wordpress\/plugins\/seo\/ -->\n<title>Kdo je kriv, da je \u017eena izraelskega premiera debela? - Hudo Slovenija<\/title>\n<meta name=\"robots\" content=\"index, follow, max-snippet:-1, max-image-preview:large, max-video-preview:-1\" \/>\n<link rel=\"canonical\" href=\"https:\/\/hudo.com\/si\/aktualno\/kdo-je-kriv-da-je-zena-izraelskega-premiera-debela\/\" \/>\n<meta property=\"og:locale\" content=\"sl_SI\" \/>\n<meta property=\"og:type\" content=\"article\" \/>\n<meta property=\"og:title\" content=\"Kdo je kriv, da je \u017eena izraelskega premiera debela? - Hudo Slovenija\" \/>\n<meta property=\"og:description\" content=\"Izraelsko sodi\u0161\u010de je prisodilo od\u0161kodnino nekdanjemu uslu\u017ebencu v rezidenci premierja Benjamina Netanjahuja, ker se je nad njim zna\u0161ala Netanjahujeva \u017eena Sara.\" \/>\n<meta property=\"og:url\" content=\"https:\/\/hudo.com\/si\/aktualno\/kdo-je-kriv-da-je-zena-izraelskega-premiera-debela\/\" \/>\n<meta property=\"og:site_name\" content=\"Hudo Slovenija\" \/>\n<meta property=\"article:publisher\" content=\"https:\/\/www.facebook.com\/hudo.si\" \/>\n<meta property=\"article:published_time\" content=\"2016-06-01T08:09:55+00:00\" \/>\n<meta property=\"og:image\" content=\"https:\/\/hudo.com\/si\/wp-content\/uploads\/sites\/2\/2016\/06\/profimedia-0274500394.jpg\" \/>\n\t<meta property=\"og:image:width\" content=\"1250\" \/>\n\t<meta property=\"og:image:height\" content=\"833\" \/>\n\t<meta property=\"og:image:type\" content=\"image\/jpeg\" \/>\n<meta name=\"author\" content=\"A. G., STA\" \/>\n<meta name=\"twitter:card\" content=\"summary_large_image\" \/>\n<meta name=\"twitter:creator\" content=\"@hudo_si\" \/>\n<meta name=\"twitter:site\" content=\"@hudo_si\" \/>\n<meta name=\"twitter:label1\" content=\"Written by\" \/>\n\t<meta name=\"twitter:data1\" content=\"A. G., STA\" \/>\n\t<meta name=\"twitter:label2\" content=\"Est. reading time\" \/>\n\t<meta name=\"twitter:data2\" content=\"1 minuta\" \/>\n<script type=\"application\/ld+json\" class=\"yoast-schema-graph\">{\"@context\":\"https:\/\/schema.org\",\"@graph\":[{\"@type\":\"Article\",\"@id\":\"https:\/\/hudo.com\/si\/aktualno\/kdo-je-kriv-da-je-zena-izraelskega-premiera-debela\/#article\",\"isPartOf\":{\"@id\":\"https:\/\/hudo.com\/si\/aktualno\/kdo-je-kriv-da-je-zena-izraelskega-premiera-debela\/\"},\"author\":{\"name\":\"A. G., STA\",\"@id\":\"https:\/\/hudo.com\/si\/#\/schema\/person\/2391667a63ea075ba94f2f2dc6b77537\"},\"headline\":\"Kdo je kriv, da je \u017eena izraelskega premiera debela?\",\"datePublished\":\"2016-06-01T08:09:55+00:00\",\"dateModified\":\"2016-06-01T08:09:55+00:00\",\"mainEntityOfPage\":{\"@id\":\"https:\/\/hudo.com\/si\/aktualno\/kdo-je-kriv-da-je-zena-izraelskega-premiera-debela\/\"},\"wordCount\":183,\"publisher\":{\"@id\":\"https:\/\/hudo.com\/si\/#organization\"},\"keywords\":[\"Benjamin Netanjahu\",\"Izrael\",\"Sara Netanjahu\"],\"articleSection\":[\"Aktualno\"],\"inLanguage\":\"sl-SI\"},{\"@type\":\"WebPage\",\"@id\":\"https:\/\/hudo.com\/si\/aktualno\/kdo-je-kriv-da-je-zena-izraelskega-premiera-debela\/\",\"url\":\"https:\/\/hudo.com\/si\/aktualno\/kdo-je-kriv-da-je-zena-izraelskega-premiera-debela\/\",\"name\":\"Kdo je kriv, da je \u017eena izraelskega premiera debela? - Hudo Slovenija\",\"isPartOf\":{\"@id\":\"https:\/\/hudo.com\/si\/#website\"},\"datePublished\":\"2016-06-01T08:09:55+00:00\",\"dateModified\":\"2016-06-01T08:09:55+00:00\",\"breadcrumb\":{\"@id\":\"https:\/\/hudo.com\/si\/aktualno\/kdo-je-kriv-da-je-zena-izraelskega-premiera-debela\/#breadcrumb\"},\"inLanguage\":\"sl-SI\",\"potentialAction\":[{\"@type\":\"ReadAction\",\"target\":[\"https:\/\/hudo.com\/si\/aktualno\/kdo-je-kriv-da-je-zena-izraelskega-premiera-debela\/\"]}]},{\"@type\":\"BreadcrumbList\",\"@id\":\"https:\/\/hudo.com\/si\/aktualno\/kdo-je-kriv-da-je-zena-izraelskega-premiera-debela\/#breadcrumb\",\"itemListElement\":[{\"@type\":\"ListItem\",\"position\":1,\"name\":\"Home\",\"item\":\"https:\/\/hudo.com\/si\/\"},{\"@type\":\"ListItem\",\"position\":2,\"name\":\"Kdo je kriv, da je \u017eena izraelskega premiera debela?\"}]},{\"@type\":\"WebSite\",\"@id\":\"https:\/\/hudo.com\/si\/#website\",\"url\":\"https:\/\/hudo.com\/si\/\",\"name\":\"Hudo Slovenija\",\"description\":\"Vse novice iz Slovenije in sveta\",\"publisher\":{\"@id\":\"https:\/\/hudo.com\/si\/#organization\"},\"potentialAction\":[{\"@type\":\"SearchAction\",\"target\":{\"@type\":\"EntryPoint\",\"urlTemplate\":\"https:\/\/hudo.com\/si\/?s={search_term_string}\"},\"query-input\":\"required name=search_term_string\"}],\"inLanguage\":\"sl-SI\"},{\"@type\":\"Organization\",\"@id\":\"https:\/\/hudo.com\/si\/#organization\",\"name\":\"VSN Media\",\"url\":\"https:\/\/hudo.com\/si\/\",\"logo\":{\"@type\":\"ImageObject\",\"inLanguage\":\"sl-SI\",\"@id\":\"https:\/\/hudo.com\/si\/#\/schema\/logo\/image\/\",\"url\":\"https:\/\/hudo.com\/si\/wp-content\/uploads\/sites\/2\/2021\/03\/hudo-app-2.png\",\"contentUrl\":\"https:\/\/hudo.com\/si\/wp-content\/uploads\/sites\/2\/2021\/03\/hudo-app-2.png\",\"width\":2185,\"height\":2167,\"caption\":\"VSN Media\"},\"image\":{\"@id\":\"https:\/\/hudo.com\/si\/#\/schema\/logo\/image\/\"},\"sameAs\":[\"https:\/\/www.facebook.com\/hudo.si\",\"https:\/\/twitter.com\/hudo_si\"]},{\"@type\":\"Person\",\"@id\":\"https:\/\/hudo.com\/si\/#\/schema\/person\/2391667a63ea075ba94f2f2dc6b77537\",\"name\":\"A. G., STA\",\"image\":{\"@type\":\"ImageObject\",\"inLanguage\":\"sl-SI\",\"@id\":\"https:\/\/hudo.com\/si\/#\/schema\/person\/image\/\",\"url\":\"https:\/\/secure.gravatar.com\/avatar\/e13d22ac3e442658d5025fbbe6238a79?s=96&d=mm&r=g\",\"contentUrl\":\"https:\/\/secure.gravatar.com\/avatar\/e13d22ac3e442658d5025fbbe6238a79?s=96&d=mm&r=g\",\"caption\":\"A. G., STA\"},\"url\":\"https:\/\/hudo.com\/si\/author\/alenka\/\"}]}<\/script>\n<!-- \/ Yoast SEO plugin. -->","yoast_head_json":{"title":"Kdo je kriv, da je \u017eena izraelskega premiera debela? - Hudo Slovenija","robots":{"index":"index","follow":"follow","max-snippet":"max-snippet:-1","max-image-preview":"max-image-preview:large","max-video-preview":"max-video-preview:-1"},"canonical":"https:\/\/hudo.com\/si\/aktualno\/kdo-je-kriv-da-je-zena-izraelskega-premiera-debela\/","og_locale":"sl_SI","og_type":"article","og_title":"Kdo je kriv, da je \u017eena izraelskega premiera debela? - Hudo Slovenija","og_description":"Izraelsko sodi\u0161\u010de je prisodilo od\u0161kodnino nekdanjemu uslu\u017ebencu v rezidenci premierja Benjamina Netanjahuja, ker se je nad njim zna\u0161ala Netanjahujeva \u017eena Sara.","og_url":"https:\/\/hudo.com\/si\/aktualno\/kdo-je-kriv-da-je-zena-izraelskega-premiera-debela\/","og_site_name":"Hudo Slovenija","article_publisher":"https:\/\/www.facebook.com\/hudo.si","article_published_time":"2016-06-01T08:09:55+00:00","og_image":[{"width":1250,"height":833,"url":"https:\/\/hudo.com\/si\/wp-content\/uploads\/sites\/2\/2016\/06\/profimedia-0274500394.jpg","type":"image\/jpeg"}],"author":"A. G., STA","twitter_card":"summary_large_image","twitter_creator":"@hudo_si","twitter_site":"@hudo_si","twitter_misc":{"Written by":"A. G., STA","Est. reading time":"1 minuta"},"schema":{"@context":"https:\/\/schema.org","@graph":[{"@type":"Article","@id":"https:\/\/hudo.com\/si\/aktualno\/kdo-je-kriv-da-je-zena-izraelskega-premiera-debela\/#article","isPartOf":{"@id":"https:\/\/hudo.com\/si\/aktualno\/kdo-je-kriv-da-je-zena-izraelskega-premiera-debela\/"},"author":{"name":"A. G., STA","@id":"https:\/\/hudo.com\/si\/#\/schema\/person\/2391667a63ea075ba94f2f2dc6b77537"},"headline":"Kdo je kriv, da je \u017eena izraelskega premiera debela?","datePublished":"2016-06-01T08:09:55+00:00","dateModified":"2016-06-01T08:09:55+00:00","mainEntityOfPage":{"@id":"https:\/\/hudo.com\/si\/aktualno\/kdo-je-kriv-da-je-zena-izraelskega-premiera-debela\/"},"wordCount":183,"publisher":{"@id":"https:\/\/hudo.com\/si\/#organization"},"keywords":["Benjamin Netanjahu","Izrael","Sara Netanjahu"],"articleSection":["Aktualno"],"inLanguage":"sl-SI"},{"@type":"WebPage","@id":"https:\/\/hudo.com\/si\/aktualno\/kdo-je-kriv-da-je-zena-izraelskega-premiera-debela\/","url":"https:\/\/hudo.com\/si\/aktualno\/kdo-je-kriv-da-je-zena-izraelskega-premiera-debela\/","name":"Kdo je kriv, da je \u017eena izraelskega premiera debela? - Hudo Slovenija","isPartOf":{"@id":"https:\/\/hudo.com\/si\/#website"},"datePublished":"2016-06-01T08:09:55+00:00","dateModified":"2016-06-01T08:09:55+00:00","breadcrumb":{"@id":"https:\/\/hudo.com\/si\/aktualno\/kdo-je-kriv-da-je-zena-izraelskega-premiera-debela\/#breadcrumb"},"inLanguage":"sl-SI","potentialAction":[{"@type":"ReadAction","target":["https:\/\/hudo.com\/si\/aktualno\/kdo-je-kriv-da-je-zena-izraelskega-premiera-debela\/"]}]},{"@type":"BreadcrumbList","@id":"https:\/\/hudo.com\/si\/aktualno\/kdo-je-kriv-da-je-zena-izraelskega-premiera-debela\/#breadcrumb","itemListElement":[{"@type":"ListItem","position":1,"name":"Home","item":"https:\/\/hudo.com\/si\/"},{"@type":"ListItem","position":2,"name":"Kdo je kriv, da je \u017eena izraelskega premiera debela?"}]},{"@type":"WebSite","@id":"https:\/\/hudo.com\/si\/#website","url":"https:\/\/hudo.com\/si\/","name":"Hudo Slovenija","description":"Vse novice iz Slovenije in sveta","publisher":{"@id":"https:\/\/hudo.com\/si\/#organization"},"potentialAction":[{"@type":"SearchAction","target":{"@type":"EntryPoint","urlTemplate":"https:\/\/hudo.com\/si\/?s={search_term_string}"},"query-input":"required name=search_term_string"}],"inLanguage":"sl-SI"},{"@type":"Organization","@id":"https:\/\/hudo.com\/si\/#organization","name":"VSN Media","url":"https:\/\/hudo.com\/si\/","logo":{"@type":"ImageObject","inLanguage":"sl-SI","@id":"https:\/\/hudo.com\/si\/#\/schema\/logo\/image\/","url":"https:\/\/hudo.com\/si\/wp-content\/uploads\/sites\/2\/2021\/03\/hudo-app-2.png","contentUrl":"https:\/\/hudo.com\/si\/wp-content\/uploads\/sites\/2\/2021\/03\/hudo-app-2.png","width":2185,"height":2167,"caption":"VSN Media"},"image":{"@id":"https:\/\/hudo.com\/si\/#\/schema\/logo\/image\/"},"sameAs":["https:\/\/www.facebook.com\/hudo.si","https:\/\/twitter.com\/hudo_si"]},{"@type":"Person","@id":"https:\/\/hudo.com\/si\/#\/schema\/person\/2391667a63ea075ba94f2f2dc6b77537","name":"A. G., STA","image":{"@type":"ImageObject","inLanguage":"sl-SI","@id":"https:\/\/hudo.com\/si\/#\/schema\/person\/image\/","url":"https:\/\/secure.gravatar.com\/avatar\/e13d22ac3e442658d5025fbbe6238a79?s=96&d=mm&r=g","contentUrl":"https:\/\/secure.gravatar.com\/avatar\/e13d22ac3e442658d5025fbbe6238a79?s=96&d=mm&r=g","caption":"A. G., STA"},"url":"https:\/\/hudo.com\/si\/author\/alenka\/"}]}},"amp_enabled":true,"_links":{"self":[{"href":"https:\/\/hudo.com\/si\/wp-json\/wp\/v2\/posts\/65870"}],"collection":[{"href":"https:\/\/hudo.com\/si\/wp-json\/wp\/v2\/posts"}],"about":[{"href":"https:\/\/hudo.com\/si\/wp-json\/wp\/v2\/types\/post"}],"author":[{"embeddable":true,"href":"https:\/\/hudo.com\/si\/wp-json\/wp\/v2\/users\/5"}],"replies":[{"embeddable":true,"href":"https:\/\/hudo.com\/si\/wp-json\/wp\/v2\/comments?post=65870"}],"version-history":[{"count":1,"href":"https:\/\/hudo.com\/si\/wp-json\/wp\/v2\/posts\/65870\/revisions"}],"predecessor-version":[{"id":65872,"href":"https:\/\/hudo.com\/si\/wp-json\/wp\/v2\/posts\/65870\/revisions\/65872"}],"wp:featuredmedia":[{"embeddable":true,"href":"https:\/\/hudo.com\/si\/wp-json\/wp\/v2\/media\/65871"}],"wp:attachment":[{"href":"https:\/\/hudo.com\/si\/wp-json\/wp\/v2\/media?parent=65870"}],"wp:term":[{"taxonomy":"category","embeddable":true,"href":"https:\/\/hudo.com\/si\/wp-json\/wp\/v2\/categories?post=65870"},{"taxonomy":"post_tag","embeddable":true,"href":"https:\/\/hudo.com\/si\/wp-json\/wp\/v2\/tags?post=65870"},{"taxonomy":"source","embeddable":true,"href":"https:\/\/hudo.com\/si\/wp-json\/wp\/v2\/source?post=65870"},{"taxonomy":"supertag","embeddable":true,"href":"https:\/\/hudo.com\/si\/wp-json\/wp\/v2\/supertag?post=65870"}],"curies":[{"name":"wp","href":"https:\/\/api.w.org\/{rel}","templated":true}]}}