{"id":65877,"date":"2016-06-01T07:11:21","date_gmt":"2016-06-01T05:11:21","guid":{"rendered":"http:\/\/hudo.com\/si\/2016\/06\/01\/jaklic-proti-avblju-zaradi-pravice-do-referenduma-slednji-se-ne-prepozna\/"},"modified":"2016-06-02T09:57:24","modified_gmt":"2016-06-02T07:57:24","slug":"jaklic-proti-avblju-zaradi-pravice-do-referenduma-slednji-se-ne-prepozna","status":"publish","type":"post","link":"https:\/\/hudo.com\/si\/aktualno\/jaklic-proti-avblju-zaradi-pravice-do-referenduma-slednji-se-ne-prepozna\/","title":{"rendered":"Jakli\u010d proti Avblju zaradi pravice do referenduma, slednji se ne prepozna"},"content":{"rendered":"<p>Harvardski predavatelj in specialist za pravo \u010dlovekovih pravic Klemen Jakli\u010d je na tviterju obra\u010dunaval s pravniki, ki so na posvetu pri predsedniku dr\u017eave Borutu Pahorju podprli odlo\u010ditev predsednika DZ Milana Brgleza, da zavrne referendumske pobude, ki so jih vlo\u017eili delavci migranti. Med temi pravniki je bil tudi Matej Avbelj, ki pa se ne prepoznava v Jakli\u010devi kritiki.<\/p>\n","protected":false},"excerpt":{"rendered":"<p>Harvardski predavatelj in specialist za pravo \u010dlovekovih pravic Klemen Jakli\u010d je na tviterju obra\u010dunaval s pravniki, ki so na posvetu pri predsedniku dr\u017eave Borutu Pahorju podprli odlo\u010ditev predsednika DZ Milana Brgleza, da zavrne referendumske pobude, ki so jih vlo\u017eili delavci migranti. Med temi pravniki je bil tudi Matej Avbelj, ki pa se ne prepoznava v Jakli\u010devi kritiki.<\/p>\n","protected":false},"author":1,"featured_media":0,"comment_status":"closed","ping_status":"closed","sticky":false,"template":"","format":"standard","meta":{"footnotes":""},"categories":[1179],"tags":[],"source":[5113],"supertag":[],"acf":[],"yoast_head":"<!-- This site is optimized with the Yoast SEO plugin v21.3 - https:\/\/yoast.com\/wordpress\/plugins\/seo\/ -->\n<title>Jakli\u010d proti Avblju zaradi pravice do referenduma, slednji se ne prepozna - Hudo Slovenija<\/title>\n<meta name=\"robots\" content=\"index, follow, max-snippet:-1, max-image-preview:large, max-video-preview:-1\" \/>\n<link rel=\"canonical\" href=\"https:\/\/hudo.com\/si\/aktualno\/jaklic-proti-avblju-zaradi-pravice-do-referenduma-slednji-se-ne-prepozna\/\" \/>\n<meta property=\"og:locale\" content=\"sl_SI\" \/>\n<meta property=\"og:type\" content=\"article\" \/>\n<meta property=\"og:title\" content=\"Jakli\u010d proti Avblju zaradi pravice do referenduma, slednji se ne prepozna - Hudo Slovenija\" \/>\n<meta property=\"og:description\" content=\"Harvardski predavatelj in specialist za pravo \u010dlovekovih pravic Klemen Jakli\u010d je na tviterju obra\u010dunaval s pravniki, ki so na posvetu pri predsedniku dr\u017eave Borutu Pahorju podprli odlo\u010ditev predsednika DZ Milana Brgleza, da zavrne referendumske pobude, ki so jih vlo\u017eili delavci migranti. Med temi pravniki je bil tudi Matej Avbelj, ki pa se ne prepoznava v Jakli\u010devi kritiki.\" \/>\n<meta property=\"og:url\" content=\"https:\/\/hudo.com\/si\/aktualno\/jaklic-proti-avblju-zaradi-pravice-do-referenduma-slednji-se-ne-prepozna\/\" \/>\n<meta property=\"og:site_name\" content=\"Hudo Slovenija\" \/>\n<meta property=\"article:publisher\" content=\"https:\/\/www.facebook.com\/hudo.si\" \/>\n<meta property=\"article:published_time\" content=\"2016-06-01T05:11:21+00:00\" \/>\n<meta property=\"article:modified_time\" content=\"2016-06-02T07:57:24+00:00\" \/>\n<meta property=\"og:image\" content=\"https:\/\/hudo.com\/si\/wp-content\/uploads\/sites\/2\/2016\/06\/jaklic_avbelj.jpg\" \/>\n\t<meta property=\"og:image:width\" content=\"826\" \/>\n\t<meta property=\"og:image:height\" content=\"456\" \/>\n\t<meta property=\"og:image:type\" content=\"image\/jpeg\" \/>\n<meta name=\"author\" content=\"hudo\" \/>\n<meta name=\"twitter:card\" content=\"summary_large_image\" \/>\n<meta name=\"twitter:creator\" content=\"@hudo_si\" \/>\n<meta name=\"twitter:site\" content=\"@hudo_si\" \/>\n<meta name=\"twitter:label1\" content=\"Written by\" \/>\n\t<meta name=\"twitter:data1\" content=\"hudo\" \/>\n<script type=\"application\/ld+json\" class=\"yoast-schema-graph\">{\"@context\":\"https:\/\/schema.org\",\"@graph\":[{\"@type\":\"Article\",\"@id\":\"https:\/\/hudo.com\/si\/aktualno\/jaklic-proti-avblju-zaradi-pravice-do-referenduma-slednji-se-ne-prepozna\/#article\",\"isPartOf\":{\"@id\":\"https:\/\/hudo.com\/si\/aktualno\/jaklic-proti-avblju-zaradi-pravice-do-referenduma-slednji-se-ne-prepozna\/\"},\"author\":{\"name\":\"hudo\",\"@id\":\"https:\/\/hudo.com\/si\/#\/schema\/person\/601cf3379633985b20f7e50f2bb47707\"},\"headline\":\"Jakli\u010d proti Avblju zaradi pravice do referenduma, slednji se ne prepozna\",\"datePublished\":\"2016-06-01T05:11:21+00:00\",\"dateModified\":\"2016-06-02T07:57:24+00:00\",\"mainEntityOfPage\":{\"@id\":\"https:\/\/hudo.com\/si\/aktualno\/jaklic-proti-avblju-zaradi-pravice-do-referenduma-slednji-se-ne-prepozna\/\"},\"wordCount\":73,\"publisher\":{\"@id\":\"https:\/\/hudo.com\/si\/#organization\"},\"articleSection\":[\"Aktualno\"],\"inLanguage\":\"sl-SI\"},{\"@type\":\"WebPage\",\"@id\":\"https:\/\/hudo.com\/si\/aktualno\/jaklic-proti-avblju-zaradi-pravice-do-referenduma-slednji-se-ne-prepozna\/\",\"url\":\"https:\/\/hudo.com\/si\/aktualno\/jaklic-proti-avblju-zaradi-pravice-do-referenduma-slednji-se-ne-prepozna\/\",\"name\":\"Jakli\u010d proti Avblju zaradi pravice do referenduma, slednji se ne prepozna - Hudo Slovenija\",\"isPartOf\":{\"@id\":\"https:\/\/hudo.com\/si\/#website\"},\"datePublished\":\"2016-06-01T05:11:21+00:00\",\"dateModified\":\"2016-06-02T07:57:24+00:00\",\"breadcrumb\":{\"@id\":\"https:\/\/hudo.com\/si\/aktualno\/jaklic-proti-avblju-zaradi-pravice-do-referenduma-slednji-se-ne-prepozna\/#breadcrumb\"},\"inLanguage\":\"sl-SI\",\"potentialAction\":[{\"@type\":\"ReadAction\",\"target\":[\"https:\/\/hudo.com\/si\/aktualno\/jaklic-proti-avblju-zaradi-pravice-do-referenduma-slednji-se-ne-prepozna\/\"]}]},{\"@type\":\"BreadcrumbList\",\"@id\":\"https:\/\/hudo.com\/si\/aktualno\/jaklic-proti-avblju-zaradi-pravice-do-referenduma-slednji-se-ne-prepozna\/#breadcrumb\",\"itemListElement\":[{\"@type\":\"ListItem\",\"position\":1,\"name\":\"Home\",\"item\":\"https:\/\/hudo.com\/si\/\"},{\"@type\":\"ListItem\",\"position\":2,\"name\":\"Jakli\u010d proti Avblju zaradi pravice do referenduma, slednji se ne prepozna\"}]},{\"@type\":\"WebSite\",\"@id\":\"https:\/\/hudo.com\/si\/#website\",\"url\":\"https:\/\/hudo.com\/si\/\",\"name\":\"Hudo Slovenija\",\"description\":\"Vse novice iz Slovenije in sveta\",\"publisher\":{\"@id\":\"https:\/\/hudo.com\/si\/#organization\"},\"potentialAction\":[{\"@type\":\"SearchAction\",\"target\":{\"@type\":\"EntryPoint\",\"urlTemplate\":\"https:\/\/hudo.com\/si\/?s={search_term_string}\"},\"query-input\":\"required name=search_term_string\"}],\"inLanguage\":\"sl-SI\"},{\"@type\":\"Organization\",\"@id\":\"https:\/\/hudo.com\/si\/#organization\",\"name\":\"VSN Media\",\"url\":\"https:\/\/hudo.com\/si\/\",\"logo\":{\"@type\":\"ImageObject\",\"inLanguage\":\"sl-SI\",\"@id\":\"https:\/\/hudo.com\/si\/#\/schema\/logo\/image\/\",\"url\":\"https:\/\/hudo.com\/si\/wp-content\/uploads\/sites\/2\/2021\/03\/hudo-app-2.png\",\"contentUrl\":\"https:\/\/hudo.com\/si\/wp-content\/uploads\/sites\/2\/2021\/03\/hudo-app-2.png\",\"width\":2185,\"height\":2167,\"caption\":\"VSN Media\"},\"image\":{\"@id\":\"https:\/\/hudo.com\/si\/#\/schema\/logo\/image\/\"},\"sameAs\":[\"https:\/\/www.facebook.com\/hudo.si\",\"https:\/\/twitter.com\/hudo_si\"]},{\"@type\":\"Person\",\"@id\":\"https:\/\/hudo.com\/si\/#\/schema\/person\/601cf3379633985b20f7e50f2bb47707\",\"name\":\"hudo\",\"image\":{\"@type\":\"ImageObject\",\"inLanguage\":\"sl-SI\",\"@id\":\"https:\/\/hudo.com\/si\/#\/schema\/person\/image\/\",\"url\":\"https:\/\/secure.gravatar.com\/avatar\/c4ca25fa72cace7a696b52ff5db9e095?s=96&d=mm&r=g\",\"contentUrl\":\"https:\/\/secure.gravatar.com\/avatar\/c4ca25fa72cace7a696b52ff5db9e095?s=96&d=mm&r=g\",\"caption\":\"hudo\"},\"url\":\"https:\/\/hudo.com\/si\/author\/hudo\/\"}]}<\/script>\n<!-- \/ Yoast SEO plugin. -->","yoast_head_json":{"title":"Jakli\u010d proti Avblju zaradi pravice do referenduma, slednji se ne prepozna - Hudo Slovenija","robots":{"index":"index","follow":"follow","max-snippet":"max-snippet:-1","max-image-preview":"max-image-preview:large","max-video-preview":"max-video-preview:-1"},"canonical":"https:\/\/hudo.com\/si\/aktualno\/jaklic-proti-avblju-zaradi-pravice-do-referenduma-slednji-se-ne-prepozna\/","og_locale":"sl_SI","og_type":"article","og_title":"Jakli\u010d proti Avblju zaradi pravice do referenduma, slednji se ne prepozna - Hudo Slovenija","og_description":"Harvardski predavatelj in specialist za pravo \u010dlovekovih pravic Klemen Jakli\u010d je na tviterju obra\u010dunaval s pravniki, ki so na posvetu pri predsedniku dr\u017eave Borutu Pahorju podprli odlo\u010ditev predsednika DZ Milana Brgleza, da zavrne referendumske pobude, ki so jih vlo\u017eili delavci migranti. Med temi pravniki je bil tudi Matej Avbelj, ki pa se ne prepoznava v Jakli\u010devi kritiki.","og_url":"https:\/\/hudo.com\/si\/aktualno\/jaklic-proti-avblju-zaradi-pravice-do-referenduma-slednji-se-ne-prepozna\/","og_site_name":"Hudo Slovenija","article_publisher":"https:\/\/www.facebook.com\/hudo.si","article_published_time":"2016-06-01T05:11:21+00:00","article_modified_time":"2016-06-02T07:57:24+00:00","og_image":[{"width":826,"height":456,"url":"https:\/\/hudo.com\/si\/wp-content\/uploads\/sites\/2\/2016\/06\/jaklic_avbelj.jpg","type":"image\/jpeg"}],"author":"hudo","twitter_card":"summary_large_image","twitter_creator":"@hudo_si","twitter_site":"@hudo_si","twitter_misc":{"Written by":"hudo"},"schema":{"@context":"https:\/\/schema.org","@graph":[{"@type":"Article","@id":"https:\/\/hudo.com\/si\/aktualno\/jaklic-proti-avblju-zaradi-pravice-do-referenduma-slednji-se-ne-prepozna\/#article","isPartOf":{"@id":"https:\/\/hudo.com\/si\/aktualno\/jaklic-proti-avblju-zaradi-pravice-do-referenduma-slednji-se-ne-prepozna\/"},"author":{"name":"hudo","@id":"https:\/\/hudo.com\/si\/#\/schema\/person\/601cf3379633985b20f7e50f2bb47707"},"headline":"Jakli\u010d proti Avblju zaradi pravice do referenduma, slednji se ne prepozna","datePublished":"2016-06-01T05:11:21+00:00","dateModified":"2016-06-02T07:57:24+00:00","mainEntityOfPage":{"@id":"https:\/\/hudo.com\/si\/aktualno\/jaklic-proti-avblju-zaradi-pravice-do-referenduma-slednji-se-ne-prepozna\/"},"wordCount":73,"publisher":{"@id":"https:\/\/hudo.com\/si\/#organization"},"articleSection":["Aktualno"],"inLanguage":"sl-SI"},{"@type":"WebPage","@id":"https:\/\/hudo.com\/si\/aktualno\/jaklic-proti-avblju-zaradi-pravice-do-referenduma-slednji-se-ne-prepozna\/","url":"https:\/\/hudo.com\/si\/aktualno\/jaklic-proti-avblju-zaradi-pravice-do-referenduma-slednji-se-ne-prepozna\/","name":"Jakli\u010d proti Avblju zaradi pravice do referenduma, slednji se ne prepozna - Hudo Slovenija","isPartOf":{"@id":"https:\/\/hudo.com\/si\/#website"},"datePublished":"2016-06-01T05:11:21+00:00","dateModified":"2016-06-02T07:57:24+00:00","breadcrumb":{"@id":"https:\/\/hudo.com\/si\/aktualno\/jaklic-proti-avblju-zaradi-pravice-do-referenduma-slednji-se-ne-prepozna\/#breadcrumb"},"inLanguage":"sl-SI","potentialAction":[{"@type":"ReadAction","target":["https:\/\/hudo.com\/si\/aktualno\/jaklic-proti-avblju-zaradi-pravice-do-referenduma-slednji-se-ne-prepozna\/"]}]},{"@type":"BreadcrumbList","@id":"https:\/\/hudo.com\/si\/aktualno\/jaklic-proti-avblju-zaradi-pravice-do-referenduma-slednji-se-ne-prepozna\/#breadcrumb","itemListElement":[{"@type":"ListItem","position":1,"name":"Home","item":"https:\/\/hudo.com\/si\/"},{"@type":"ListItem","position":2,"name":"Jakli\u010d proti Avblju zaradi pravice do referenduma, slednji se ne prepozna"}]},{"@type":"WebSite","@id":"https:\/\/hudo.com\/si\/#website","url":"https:\/\/hudo.com\/si\/","name":"Hudo Slovenija","description":"Vse novice iz Slovenije in sveta","publisher":{"@id":"https:\/\/hudo.com\/si\/#organization"},"potentialAction":[{"@type":"SearchAction","target":{"@type":"EntryPoint","urlTemplate":"https:\/\/hudo.com\/si\/?s={search_term_string}"},"query-input":"required name=search_term_string"}],"inLanguage":"sl-SI"},{"@type":"Organization","@id":"https:\/\/hudo.com\/si\/#organization","name":"VSN Media","url":"https:\/\/hudo.com\/si\/","logo":{"@type":"ImageObject","inLanguage":"sl-SI","@id":"https:\/\/hudo.com\/si\/#\/schema\/logo\/image\/","url":"https:\/\/hudo.com\/si\/wp-content\/uploads\/sites\/2\/2021\/03\/hudo-app-2.png","contentUrl":"https:\/\/hudo.com\/si\/wp-content\/uploads\/sites\/2\/2021\/03\/hudo-app-2.png","width":2185,"height":2167,"caption":"VSN Media"},"image":{"@id":"https:\/\/hudo.com\/si\/#\/schema\/logo\/image\/"},"sameAs":["https:\/\/www.facebook.com\/hudo.si","https:\/\/twitter.com\/hudo_si"]},{"@type":"Person","@id":"https:\/\/hudo.com\/si\/#\/schema\/person\/601cf3379633985b20f7e50f2bb47707","name":"hudo","image":{"@type":"ImageObject","inLanguage":"sl-SI","@id":"https:\/\/hudo.com\/si\/#\/schema\/person\/image\/","url":"https:\/\/secure.gravatar.com\/avatar\/c4ca25fa72cace7a696b52ff5db9e095?s=96&d=mm&r=g","contentUrl":"https:\/\/secure.gravatar.com\/avatar\/c4ca25fa72cace7a696b52ff5db9e095?s=96&d=mm&r=g","caption":"hudo"},"url":"https:\/\/hudo.com\/si\/author\/hudo\/"}]}},"amp_enabled":true,"_links":{"self":[{"href":"https:\/\/hudo.com\/si\/wp-json\/wp\/v2\/posts\/65877"}],"collection":[{"href":"https:\/\/hudo.com\/si\/wp-json\/wp\/v2\/posts"}],"about":[{"href":"https:\/\/hudo.com\/si\/wp-json\/wp\/v2\/types\/post"}],"author":[{"embeddable":true,"href":"https:\/\/hudo.com\/si\/wp-json\/wp\/v2\/users\/1"}],"replies":[{"embeddable":true,"href":"https:\/\/hudo.com\/si\/wp-json\/wp\/v2\/comments?post=65877"}],"version-history":[{"count":1,"href":"https:\/\/hudo.com\/si\/wp-json\/wp\/v2\/posts\/65877\/revisions"}],"predecessor-version":[{"id":66043,"href":"https:\/\/hudo.com\/si\/wp-json\/wp\/v2\/posts\/65877\/revisions\/66043"}],"wp:attachment":[{"href":"https:\/\/hudo.com\/si\/wp-json\/wp\/v2\/media?parent=65877"}],"wp:term":[{"taxonomy":"category","embeddable":true,"href":"https:\/\/hudo.com\/si\/wp-json\/wp\/v2\/categories?post=65877"},{"taxonomy":"post_tag","embeddable":true,"href":"https:\/\/hudo.com\/si\/wp-json\/wp\/v2\/tags?post=65877"},{"taxonomy":"source","embeddable":true,"href":"https:\/\/hudo.com\/si\/wp-json\/wp\/v2\/source?post=65877"},{"taxonomy":"supertag","embeddable":true,"href":"https:\/\/hudo.com\/si\/wp-json\/wp\/v2\/supertag?post=65877"}],"curies":[{"name":"wp","href":"https:\/\/api.w.org\/{rel}","templated":true}]}}