{"id":65899,"date":"2016-06-01T06:15:00","date_gmt":"2016-06-01T04:15:00","guid":{"rendered":"http:\/\/hudo.com\/si\/2016\/06\/01\/avstrija-zacela-priprave-za-zapiranje-vrat-beguncev\/"},"modified":"2016-06-02T04:26:25","modified_gmt":"2016-06-02T02:26:25","slug":"avstrija-zacela-priprave-za-zapiranje-vrat-beguncev","status":"publish","type":"post","link":"https:\/\/hudo.com\/si\/aktualno\/avstrija-zacela-priprave-za-zapiranje-vrat-beguncev\/","title":{"rendered":"Avstrija za\u010dela priprave za zapiranje vrat beguncev"},"content":{"rendered":"<p>\u010ceprav je v Avstrijo letos pri\u0161lo \u0161ele 11.000 prosilcev za azil, je dr\u017eava za\u010dela priprave na izredni odlok, s katerim bi svoja vrata zaprla za begunce, je v torek povedal avstrijski kancler Christian Kern. V skladu s kvotami, ki jih je Dunaj uvedel februarja, naj bi Avstrija sicer letos sprejela 37.500 prosilcev za azil. Kdaj bo izredni odlok za\u010del veljati, kar v praksi pomeni, da Avstrija na mejah ne bo ve\u010d sprejemala pro\u0161enj za azil, je po Kernovih besedah odvisno od razmer. Kot je \u0161e dejal novi kancler, je Avstrija doslej prejela 11.000 pro\u0161enj za azil. Avstrijsko notranje ministrstvo je sicer pred dnevi sporo\u010dilo, da je za azil letos zaprosilo 20.000 ljudi, a na torkovi seji vlade je pristojni minister izpostavil, da je bilo vlo\u017eenih 11.000 pro\u0161enj za azil, ki jih mora Avstrija obdelati. Kern je namignil, da je dogovor med EU in Tur\u010dijo o upravljanju migracijskih tokov pod vpra\u0161ajem in da poleti pri\u010dakujejo ve\u010d pro\u0161enj za azil. Po besedah podkanclerja Reinholda Mitterlehnerja je treba s pripravami za\u010deti zdaj in ne \u0161ele, ko bo pri\u0161el dan D.Svet<\/p>\n","protected":false},"excerpt":{"rendered":"<p>\u010ceprav je v Avstrijo letos pri\u0161lo \u0161ele 11.000 prosilcev za azil, je dr\u017eava za\u010dela priprave na izredni odlok, s katerim bi svoja vrata zaprla za begunce, je v torek povedal avstrijski kancler Christian Kern. V skladu s kvotami, ki jih je Dunaj uvedel februarja, naj bi Avstrija sicer letos sprejela 37.500 prosilcev za azil. Kdaj bo izredni odlok za\u010del veljati, kar v praksi pomeni, da Avstrija na mejah ne bo ve\u010d sprejemala pro\u0161enj za azil, je po Kernovih besedah odvisno od razmer. Kot je \u0161e dejal novi kancler, je Avstrija doslej prejela 11.000 pro\u0161enj za azil. Avstrijsko notranje ministrstvo je sicer pred dnevi sporo\u010dilo, da je za azil letos zaprosilo 20.000 ljudi, a na torkovi seji vlade je pristojni minister izpostavil, da je bilo vlo\u017eenih 11.000 pro\u0161enj za azil, ki jih mora Avstrija obdelati. Kern je namignil, da je dogovor med EU in Tur\u010dijo o upravljanju migracijskih tokov pod vpra\u0161ajem in da poleti pri\u010dakujejo ve\u010d pro\u0161enj za azil. Po besedah podkanclerja Reinholda Mitterlehnerja je treba s pripravami za\u010deti zdaj in ne \u0161ele, ko bo pri\u0161el dan D.Svet<\/p>\n","protected":false},"author":1,"featured_media":0,"comment_status":"closed","ping_status":"closed","sticky":false,"template":"","format":"standard","meta":{"footnotes":""},"categories":[1179],"tags":[],"source":[1711],"supertag":[],"acf":[],"yoast_head":"<!-- This site is optimized with the Yoast SEO plugin v21.3 - https:\/\/yoast.com\/wordpress\/plugins\/seo\/ -->\n<title>Avstrija za\u010dela priprave za zapiranje vrat beguncev - Hudo Slovenija<\/title>\n<meta name=\"robots\" content=\"index, follow, max-snippet:-1, max-image-preview:large, max-video-preview:-1\" \/>\n<link rel=\"canonical\" href=\"https:\/\/hudo.com\/si\/aktualno\/avstrija-zacela-priprave-za-zapiranje-vrat-beguncev\/\" \/>\n<meta property=\"og:locale\" content=\"sl_SI\" \/>\n<meta property=\"og:type\" content=\"article\" \/>\n<meta property=\"og:title\" content=\"Avstrija za\u010dela priprave za zapiranje vrat beguncev - Hudo Slovenija\" \/>\n<meta property=\"og:description\" content=\"\u010ceprav je v Avstrijo letos pri\u0161lo \u0161ele 11.000 prosilcev za azil, je dr\u017eava za\u010dela priprave na izredni odlok, s katerim bi svoja vrata zaprla za begunce, je v torek povedal avstrijski kancler Christian Kern. V skladu s kvotami, ki jih je Dunaj uvedel februarja, naj bi Avstrija sicer letos sprejela 37.500 prosilcev za azil. Kdaj bo izredni odlok za\u010del veljati, kar v praksi pomeni, da Avstrija na mejah ne bo ve\u010d sprejemala pro\u0161enj za azil, je po Kernovih besedah odvisno od razmer. Kot je \u0161e dejal novi kancler, je Avstrija doslej prejela 11.000 pro\u0161enj za azil. Avstrijsko notranje ministrstvo je sicer pred dnevi sporo\u010dilo, da je za azil letos zaprosilo 20.000 ljudi, a na torkovi seji vlade je pristojni minister izpostavil, da je bilo vlo\u017eenih 11.000 pro\u0161enj za azil, ki jih mora Avstrija obdelati. Kern je namignil, da je dogovor med EU in Tur\u010dijo o upravljanju migracijskih tokov pod vpra\u0161ajem in da poleti pri\u010dakujejo ve\u010d pro\u0161enj za azil. Po besedah podkanclerja Reinholda Mitterlehnerja je treba s pripravami za\u010deti zdaj in ne \u0161ele, ko bo pri\u0161el dan D.Svet\" \/>\n<meta property=\"og:url\" content=\"https:\/\/hudo.com\/si\/aktualno\/avstrija-zacela-priprave-za-zapiranje-vrat-beguncev\/\" \/>\n<meta property=\"og:site_name\" content=\"Hudo Slovenija\" \/>\n<meta property=\"article:publisher\" content=\"https:\/\/www.facebook.com\/hudo.si\" \/>\n<meta property=\"article:published_time\" content=\"2016-06-01T04:15:00+00:00\" \/>\n<meta property=\"article:modified_time\" content=\"2016-06-02T02:26:25+00:00\" \/>\n<meta property=\"og:image\" content=\"https:\/\/hudo.com\/si\/wp-content\/uploads\/sites\/2\/2016\/06\/05339280-300.jpg\" \/>\n\t<meta property=\"og:image:width\" content=\"450\" \/>\n\t<meta property=\"og:image:height\" content=\"300\" \/>\n\t<meta property=\"og:image:type\" content=\"image\/jpeg\" \/>\n<meta name=\"author\" content=\"hudo\" \/>\n<meta name=\"twitter:card\" content=\"summary_large_image\" \/>\n<meta name=\"twitter:creator\" content=\"@hudo_si\" \/>\n<meta name=\"twitter:site\" content=\"@hudo_si\" \/>\n<meta name=\"twitter:label1\" content=\"Written by\" \/>\n\t<meta name=\"twitter:data1\" content=\"hudo\" \/>\n\t<meta name=\"twitter:label2\" content=\"Est. reading time\" \/>\n\t<meta name=\"twitter:data2\" content=\"1 minuta\" \/>\n<script type=\"application\/ld+json\" class=\"yoast-schema-graph\">{\"@context\":\"https:\/\/schema.org\",\"@graph\":[{\"@type\":\"Article\",\"@id\":\"https:\/\/hudo.com\/si\/aktualno\/avstrija-zacela-priprave-za-zapiranje-vrat-beguncev\/#article\",\"isPartOf\":{\"@id\":\"https:\/\/hudo.com\/si\/aktualno\/avstrija-zacela-priprave-za-zapiranje-vrat-beguncev\/\"},\"author\":{\"name\":\"hudo\",\"@id\":\"https:\/\/hudo.com\/si\/#\/schema\/person\/601cf3379633985b20f7e50f2bb47707\"},\"headline\":\"Avstrija za\u010dela priprave za zapiranje vrat beguncev\",\"datePublished\":\"2016-06-01T04:15:00+00:00\",\"dateModified\":\"2016-06-02T02:26:25+00:00\",\"mainEntityOfPage\":{\"@id\":\"https:\/\/hudo.com\/si\/aktualno\/avstrija-zacela-priprave-za-zapiranje-vrat-beguncev\/\"},\"wordCount\":196,\"publisher\":{\"@id\":\"https:\/\/hudo.com\/si\/#organization\"},\"articleSection\":[\"Aktualno\"],\"inLanguage\":\"sl-SI\"},{\"@type\":\"WebPage\",\"@id\":\"https:\/\/hudo.com\/si\/aktualno\/avstrija-zacela-priprave-za-zapiranje-vrat-beguncev\/\",\"url\":\"https:\/\/hudo.com\/si\/aktualno\/avstrija-zacela-priprave-za-zapiranje-vrat-beguncev\/\",\"name\":\"Avstrija za\u010dela priprave za zapiranje vrat beguncev - Hudo Slovenija\",\"isPartOf\":{\"@id\":\"https:\/\/hudo.com\/si\/#website\"},\"datePublished\":\"2016-06-01T04:15:00+00:00\",\"dateModified\":\"2016-06-02T02:26:25+00:00\",\"breadcrumb\":{\"@id\":\"https:\/\/hudo.com\/si\/aktualno\/avstrija-zacela-priprave-za-zapiranje-vrat-beguncev\/#breadcrumb\"},\"inLanguage\":\"sl-SI\",\"potentialAction\":[{\"@type\":\"ReadAction\",\"target\":[\"https:\/\/hudo.com\/si\/aktualno\/avstrija-zacela-priprave-za-zapiranje-vrat-beguncev\/\"]}]},{\"@type\":\"BreadcrumbList\",\"@id\":\"https:\/\/hudo.com\/si\/aktualno\/avstrija-zacela-priprave-za-zapiranje-vrat-beguncev\/#breadcrumb\",\"itemListElement\":[{\"@type\":\"ListItem\",\"position\":1,\"name\":\"Home\",\"item\":\"https:\/\/hudo.com\/si\/\"},{\"@type\":\"ListItem\",\"position\":2,\"name\":\"Avstrija za\u010dela priprave za zapiranje vrat beguncev\"}]},{\"@type\":\"WebSite\",\"@id\":\"https:\/\/hudo.com\/si\/#website\",\"url\":\"https:\/\/hudo.com\/si\/\",\"name\":\"Hudo Slovenija\",\"description\":\"Vse novice iz Slovenije in sveta\",\"publisher\":{\"@id\":\"https:\/\/hudo.com\/si\/#organization\"},\"potentialAction\":[{\"@type\":\"SearchAction\",\"target\":{\"@type\":\"EntryPoint\",\"urlTemplate\":\"https:\/\/hudo.com\/si\/?s={search_term_string}\"},\"query-input\":\"required name=search_term_string\"}],\"inLanguage\":\"sl-SI\"},{\"@type\":\"Organization\",\"@id\":\"https:\/\/hudo.com\/si\/#organization\",\"name\":\"VSN Media\",\"url\":\"https:\/\/hudo.com\/si\/\",\"logo\":{\"@type\":\"ImageObject\",\"inLanguage\":\"sl-SI\",\"@id\":\"https:\/\/hudo.com\/si\/#\/schema\/logo\/image\/\",\"url\":\"https:\/\/hudo.com\/si\/wp-content\/uploads\/sites\/2\/2021\/03\/hudo-app-2.png\",\"contentUrl\":\"https:\/\/hudo.com\/si\/wp-content\/uploads\/sites\/2\/2021\/03\/hudo-app-2.png\",\"width\":2185,\"height\":2167,\"caption\":\"VSN Media\"},\"image\":{\"@id\":\"https:\/\/hudo.com\/si\/#\/schema\/logo\/image\/\"},\"sameAs\":[\"https:\/\/www.facebook.com\/hudo.si\",\"https:\/\/twitter.com\/hudo_si\"]},{\"@type\":\"Person\",\"@id\":\"https:\/\/hudo.com\/si\/#\/schema\/person\/601cf3379633985b20f7e50f2bb47707\",\"name\":\"hudo\",\"image\":{\"@type\":\"ImageObject\",\"inLanguage\":\"sl-SI\",\"@id\":\"https:\/\/hudo.com\/si\/#\/schema\/person\/image\/\",\"url\":\"https:\/\/secure.gravatar.com\/avatar\/c4ca25fa72cace7a696b52ff5db9e095?s=96&d=mm&r=g\",\"contentUrl\":\"https:\/\/secure.gravatar.com\/avatar\/c4ca25fa72cace7a696b52ff5db9e095?s=96&d=mm&r=g\",\"caption\":\"hudo\"},\"url\":\"https:\/\/hudo.com\/si\/author\/hudo\/\"}]}<\/script>\n<!-- \/ Yoast SEO plugin. -->","yoast_head_json":{"title":"Avstrija za\u010dela priprave za zapiranje vrat beguncev - Hudo Slovenija","robots":{"index":"index","follow":"follow","max-snippet":"max-snippet:-1","max-image-preview":"max-image-preview:large","max-video-preview":"max-video-preview:-1"},"canonical":"https:\/\/hudo.com\/si\/aktualno\/avstrija-zacela-priprave-za-zapiranje-vrat-beguncev\/","og_locale":"sl_SI","og_type":"article","og_title":"Avstrija za\u010dela priprave za zapiranje vrat beguncev - Hudo Slovenija","og_description":"\u010ceprav je v Avstrijo letos pri\u0161lo \u0161ele 11.000 prosilcev za azil, je dr\u017eava za\u010dela priprave na izredni odlok, s katerim bi svoja vrata zaprla za begunce, je v torek povedal avstrijski kancler Christian Kern. V skladu s kvotami, ki jih je Dunaj uvedel februarja, naj bi Avstrija sicer letos sprejela 37.500 prosilcev za azil. Kdaj bo izredni odlok za\u010del veljati, kar v praksi pomeni, da Avstrija na mejah ne bo ve\u010d sprejemala pro\u0161enj za azil, je po Kernovih besedah odvisno od razmer. Kot je \u0161e dejal novi kancler, je Avstrija doslej prejela 11.000 pro\u0161enj za azil. Avstrijsko notranje ministrstvo je sicer pred dnevi sporo\u010dilo, da je za azil letos zaprosilo 20.000 ljudi, a na torkovi seji vlade je pristojni minister izpostavil, da je bilo vlo\u017eenih 11.000 pro\u0161enj za azil, ki jih mora Avstrija obdelati. Kern je namignil, da je dogovor med EU in Tur\u010dijo o upravljanju migracijskih tokov pod vpra\u0161ajem in da poleti pri\u010dakujejo ve\u010d pro\u0161enj za azil. Po besedah podkanclerja Reinholda Mitterlehnerja je treba s pripravami za\u010deti zdaj in ne \u0161ele, ko bo pri\u0161el dan D.Svet","og_url":"https:\/\/hudo.com\/si\/aktualno\/avstrija-zacela-priprave-za-zapiranje-vrat-beguncev\/","og_site_name":"Hudo Slovenija","article_publisher":"https:\/\/www.facebook.com\/hudo.si","article_published_time":"2016-06-01T04:15:00+00:00","article_modified_time":"2016-06-02T02:26:25+00:00","og_image":[{"width":450,"height":300,"url":"https:\/\/hudo.com\/si\/wp-content\/uploads\/sites\/2\/2016\/06\/05339280-300.jpg","type":"image\/jpeg"}],"author":"hudo","twitter_card":"summary_large_image","twitter_creator":"@hudo_si","twitter_site":"@hudo_si","twitter_misc":{"Written by":"hudo","Est. reading time":"1 minuta"},"schema":{"@context":"https:\/\/schema.org","@graph":[{"@type":"Article","@id":"https:\/\/hudo.com\/si\/aktualno\/avstrija-zacela-priprave-za-zapiranje-vrat-beguncev\/#article","isPartOf":{"@id":"https:\/\/hudo.com\/si\/aktualno\/avstrija-zacela-priprave-za-zapiranje-vrat-beguncev\/"},"author":{"name":"hudo","@id":"https:\/\/hudo.com\/si\/#\/schema\/person\/601cf3379633985b20f7e50f2bb47707"},"headline":"Avstrija za\u010dela priprave za zapiranje vrat beguncev","datePublished":"2016-06-01T04:15:00+00:00","dateModified":"2016-06-02T02:26:25+00:00","mainEntityOfPage":{"@id":"https:\/\/hudo.com\/si\/aktualno\/avstrija-zacela-priprave-za-zapiranje-vrat-beguncev\/"},"wordCount":196,"publisher":{"@id":"https:\/\/hudo.com\/si\/#organization"},"articleSection":["Aktualno"],"inLanguage":"sl-SI"},{"@type":"WebPage","@id":"https:\/\/hudo.com\/si\/aktualno\/avstrija-zacela-priprave-za-zapiranje-vrat-beguncev\/","url":"https:\/\/hudo.com\/si\/aktualno\/avstrija-zacela-priprave-za-zapiranje-vrat-beguncev\/","name":"Avstrija za\u010dela priprave za zapiranje vrat beguncev - Hudo Slovenija","isPartOf":{"@id":"https:\/\/hudo.com\/si\/#website"},"datePublished":"2016-06-01T04:15:00+00:00","dateModified":"2016-06-02T02:26:25+00:00","breadcrumb":{"@id":"https:\/\/hudo.com\/si\/aktualno\/avstrija-zacela-priprave-za-zapiranje-vrat-beguncev\/#breadcrumb"},"inLanguage":"sl-SI","potentialAction":[{"@type":"ReadAction","target":["https:\/\/hudo.com\/si\/aktualno\/avstrija-zacela-priprave-za-zapiranje-vrat-beguncev\/"]}]},{"@type":"BreadcrumbList","@id":"https:\/\/hudo.com\/si\/aktualno\/avstrija-zacela-priprave-za-zapiranje-vrat-beguncev\/#breadcrumb","itemListElement":[{"@type":"ListItem","position":1,"name":"Home","item":"https:\/\/hudo.com\/si\/"},{"@type":"ListItem","position":2,"name":"Avstrija za\u010dela priprave za zapiranje vrat beguncev"}]},{"@type":"WebSite","@id":"https:\/\/hudo.com\/si\/#website","url":"https:\/\/hudo.com\/si\/","name":"Hudo Slovenija","description":"Vse novice iz Slovenije in sveta","publisher":{"@id":"https:\/\/hudo.com\/si\/#organization"},"potentialAction":[{"@type":"SearchAction","target":{"@type":"EntryPoint","urlTemplate":"https:\/\/hudo.com\/si\/?s={search_term_string}"},"query-input":"required name=search_term_string"}],"inLanguage":"sl-SI"},{"@type":"Organization","@id":"https:\/\/hudo.com\/si\/#organization","name":"VSN Media","url":"https:\/\/hudo.com\/si\/","logo":{"@type":"ImageObject","inLanguage":"sl-SI","@id":"https:\/\/hudo.com\/si\/#\/schema\/logo\/image\/","url":"https:\/\/hudo.com\/si\/wp-content\/uploads\/sites\/2\/2021\/03\/hudo-app-2.png","contentUrl":"https:\/\/hudo.com\/si\/wp-content\/uploads\/sites\/2\/2021\/03\/hudo-app-2.png","width":2185,"height":2167,"caption":"VSN Media"},"image":{"@id":"https:\/\/hudo.com\/si\/#\/schema\/logo\/image\/"},"sameAs":["https:\/\/www.facebook.com\/hudo.si","https:\/\/twitter.com\/hudo_si"]},{"@type":"Person","@id":"https:\/\/hudo.com\/si\/#\/schema\/person\/601cf3379633985b20f7e50f2bb47707","name":"hudo","image":{"@type":"ImageObject","inLanguage":"sl-SI","@id":"https:\/\/hudo.com\/si\/#\/schema\/person\/image\/","url":"https:\/\/secure.gravatar.com\/avatar\/c4ca25fa72cace7a696b52ff5db9e095?s=96&d=mm&r=g","contentUrl":"https:\/\/secure.gravatar.com\/avatar\/c4ca25fa72cace7a696b52ff5db9e095?s=96&d=mm&r=g","caption":"hudo"},"url":"https:\/\/hudo.com\/si\/author\/hudo\/"}]}},"amp_enabled":true,"_links":{"self":[{"href":"https:\/\/hudo.com\/si\/wp-json\/wp\/v2\/posts\/65899"}],"collection":[{"href":"https:\/\/hudo.com\/si\/wp-json\/wp\/v2\/posts"}],"about":[{"href":"https:\/\/hudo.com\/si\/wp-json\/wp\/v2\/types\/post"}],"author":[{"embeddable":true,"href":"https:\/\/hudo.com\/si\/wp-json\/wp\/v2\/users\/1"}],"replies":[{"embeddable":true,"href":"https:\/\/hudo.com\/si\/wp-json\/wp\/v2\/comments?post=65899"}],"version-history":[{"count":1,"href":"https:\/\/hudo.com\/si\/wp-json\/wp\/v2\/posts\/65899\/revisions"}],"predecessor-version":[{"id":66061,"href":"https:\/\/hudo.com\/si\/wp-json\/wp\/v2\/posts\/65899\/revisions\/66061"}],"wp:attachment":[{"href":"https:\/\/hudo.com\/si\/wp-json\/wp\/v2\/media?parent=65899"}],"wp:term":[{"taxonomy":"category","embeddable":true,"href":"https:\/\/hudo.com\/si\/wp-json\/wp\/v2\/categories?post=65899"},{"taxonomy":"post_tag","embeddable":true,"href":"https:\/\/hudo.com\/si\/wp-json\/wp\/v2\/tags?post=65899"},{"taxonomy":"source","embeddable":true,"href":"https:\/\/hudo.com\/si\/wp-json\/wp\/v2\/source?post=65899"},{"taxonomy":"supertag","embeddable":true,"href":"https:\/\/hudo.com\/si\/wp-json\/wp\/v2\/supertag?post=65899"}],"curies":[{"name":"wp","href":"https:\/\/api.w.org\/{rel}","templated":true}]}}