{"id":66019,"date":"2016-06-01T08:00:00","date_gmt":"2016-06-01T06:00:00","guid":{"rendered":"http:\/\/hudo.com\/si\/2016\/06\/01\/sestavljanka\/"},"modified":"2016-06-02T04:26:03","modified_gmt":"2016-06-02T02:26:03","slug":"sestavljanka","status":"publish","type":"post","link":"https:\/\/hudo.com\/si\/aktualno\/sestavljanka\/","title":{"rendered":"Sestavljanka"},"content":{"rendered":"<p>Kategorija: Kolumne Wed, 01 Jun 2016 10:00:00 +0200  Ko se je deseterica novih \u010dlanic, ve\u010dinoma srednje- in vzhodnoevropskih, leta 2004 pridru\u017eila EU, je bilo veliko govora o tem, da je Evropa spet \u00bbcela in svobodna\u00ab; nekdanji sovjetski blok je po polstoletnem jarmu postal del \u00bbsvobodnega sveta\u00ab. V desetletki, ki je sledila, se je veliko spremenilo, Evropa je postala druga\u010dna: celino hromi strah pred izgubo nacionalne identitete, prihajajo begunci in priseljenci, cvetijo populizmi. Spremenil se je tudi nekdanji vzhod. Nekdaj demokracije la\u010dne nove \u010dlanice ubirajo avtoritarno smer.Mineva 25 let, odkar so se v Vi\u0161egradu, mad\u017earskem mestecu ob Donavi, se\u0161li Havel, Wa\u0142\u0119nsa in Antall, zaradi pospe\u0161ka pridru\u017eevanju evroatlantskim integracijam so ustanovili interesno skupino. Zahod je nanjo gledal z odobravanjem. Po razpadu \u010ce\u0161koslova\u0161ke je trojica postala \u010detverica, na poti v Nato in EU si je pove\u010dala specifi\u010dno te\u017eo. Vi\u0161egrajska skupina je\u00a0&#8230;<\/p>\n","protected":false},"excerpt":{"rendered":"<p>Kategorija: Kolumne Wed, 01 Jun 2016 10:00:00 +0200  Ko se je deseterica novih \u010dlanic, ve\u010dinoma srednje- in vzhodnoevropskih, leta 2004 pridru\u017eila EU, je bilo veliko govora o tem, da je Evropa spet \u00bbcela in svobodna\u00ab; nekdanji sovjetski blok je po polstoletnem jarmu postal del \u00bbsvobodnega sveta\u00ab. V desetletki, ki je sledila, se je veliko spremenilo, Evropa je postala druga\u010dna: celino hromi strah pred izgubo nacionalne identitete, prihajajo begunci in priseljenci, cvetijo populizmi. Spremenil se je tudi nekdanji vzhod. Nekdaj demokracije la\u010dne nove \u010dlanice ubirajo avtoritarno smer.Mineva 25 let, odkar so se v Vi\u0161egradu, mad\u017earskem mestecu ob Donavi, se\u0161li Havel, Wa\u0142\u0119nsa in Antall, zaradi pospe\u0161ka pridru\u017eevanju evroatlantskim integracijam so ustanovili interesno skupino. Zahod je nanjo gledal z odobravanjem. Po razpadu \u010ce\u0161koslova\u0161ke je trojica postala \u010detverica, na poti v Nato in EU si je pove\u010dala specifi\u010dno te\u017eo. Vi\u0161egrajska skupina je\u00a0&#8230;<\/p>\n","protected":false},"author":1,"featured_media":0,"comment_status":"closed","ping_status":"closed","sticky":false,"template":"","format":"standard","meta":{"footnotes":""},"categories":[1179],"tags":[],"source":[4511],"supertag":[],"acf":[],"yoast_head":"<!-- This site is optimized with the Yoast SEO plugin v21.3 - https:\/\/yoast.com\/wordpress\/plugins\/seo\/ -->\n<title>Sestavljanka - Hudo Slovenija<\/title>\n<meta name=\"robots\" content=\"index, follow, max-snippet:-1, max-image-preview:large, max-video-preview:-1\" \/>\n<link rel=\"canonical\" href=\"https:\/\/hudo.com\/si\/aktualno\/sestavljanka\/\" \/>\n<meta property=\"og:locale\" content=\"sl_SI\" \/>\n<meta property=\"og:type\" content=\"article\" \/>\n<meta property=\"og:title\" content=\"Sestavljanka - Hudo Slovenija\" \/>\n<meta property=\"og:description\" content=\"Kategorija: Kolumne Wed, 01 Jun 2016 10:00:00 +0200 Ko se je deseterica novih \u010dlanic, ve\u010dinoma srednje- in vzhodnoevropskih, leta 2004 pridru\u017eila EU, je bilo veliko govora o tem, da je Evropa spet \u00bbcela in svobodna\u00ab; nekdanji sovjetski blok je po polstoletnem jarmu postal del \u00bbsvobodnega sveta\u00ab. V desetletki, ki je sledila, se je veliko spremenilo, Evropa je postala druga\u010dna: celino hromi strah pred izgubo nacionalne identitete, prihajajo begunci in priseljenci, cvetijo populizmi. Spremenil se je tudi nekdanji vzhod. Nekdaj demokracije la\u010dne nove \u010dlanice ubirajo avtoritarno smer.Mineva 25 let, odkar so se v Vi\u0161egradu, mad\u017earskem mestecu ob Donavi, se\u0161li Havel, Wa\u0142\u0119nsa in Antall, zaradi pospe\u0161ka pridru\u017eevanju evroatlantskim integracijam so ustanovili interesno skupino. Zahod je nanjo gledal z odobravanjem. Po razpadu \u010ce\u0161koslova\u0161ke je trojica postala \u010detverica, na poti v Nato in EU si je pove\u010dala specifi\u010dno te\u017eo. Vi\u0161egrajska skupina je\u00a0...\" \/>\n<meta property=\"og:url\" content=\"https:\/\/hudo.com\/si\/aktualno\/sestavljanka\/\" \/>\n<meta property=\"og:site_name\" content=\"Hudo Slovenija\" \/>\n<meta property=\"article:publisher\" content=\"https:\/\/www.facebook.com\/hudo.si\" \/>\n<meta property=\"article:published_time\" content=\"2016-06-01T06:00:00+00:00\" \/>\n<meta property=\"article:modified_time\" content=\"2016-06-02T02:26:03+00:00\" \/>\n<meta property=\"og:image\" content=\"https:\/\/hudo.com\/si\/wp-content\/uploads\/sites\/2\/2016\/06\/480x290_Black_Legion_1942.jpeg\" \/>\n\t<meta property=\"og:image:width\" content=\"480\" \/>\n\t<meta property=\"og:image:height\" content=\"290\" \/>\n\t<meta property=\"og:image:type\" content=\"image\/jpeg\" \/>\n<meta name=\"author\" content=\"hudo\" \/>\n<meta name=\"twitter:card\" content=\"summary_large_image\" \/>\n<meta name=\"twitter:creator\" content=\"@hudo_si\" \/>\n<meta name=\"twitter:site\" content=\"@hudo_si\" \/>\n<meta name=\"twitter:label1\" content=\"Written by\" \/>\n\t<meta name=\"twitter:data1\" content=\"hudo\" \/>\n\t<meta name=\"twitter:label2\" content=\"Est. reading time\" \/>\n\t<meta name=\"twitter:data2\" content=\"1 minuta\" \/>\n<script type=\"application\/ld+json\" class=\"yoast-schema-graph\">{\"@context\":\"https:\/\/schema.org\",\"@graph\":[{\"@type\":\"Article\",\"@id\":\"https:\/\/hudo.com\/si\/aktualno\/sestavljanka\/#article\",\"isPartOf\":{\"@id\":\"https:\/\/hudo.com\/si\/aktualno\/sestavljanka\/\"},\"author\":{\"name\":\"hudo\",\"@id\":\"https:\/\/hudo.com\/si\/#\/schema\/person\/601cf3379633985b20f7e50f2bb47707\"},\"headline\":\"Sestavljanka\",\"datePublished\":\"2016-06-01T06:00:00+00:00\",\"dateModified\":\"2016-06-02T02:26:03+00:00\",\"mainEntityOfPage\":{\"@id\":\"https:\/\/hudo.com\/si\/aktualno\/sestavljanka\/\"},\"wordCount\":150,\"publisher\":{\"@id\":\"https:\/\/hudo.com\/si\/#organization\"},\"articleSection\":[\"Aktualno\"],\"inLanguage\":\"sl-SI\"},{\"@type\":\"WebPage\",\"@id\":\"https:\/\/hudo.com\/si\/aktualno\/sestavljanka\/\",\"url\":\"https:\/\/hudo.com\/si\/aktualno\/sestavljanka\/\",\"name\":\"Sestavljanka - Hudo Slovenija\",\"isPartOf\":{\"@id\":\"https:\/\/hudo.com\/si\/#website\"},\"datePublished\":\"2016-06-01T06:00:00+00:00\",\"dateModified\":\"2016-06-02T02:26:03+00:00\",\"breadcrumb\":{\"@id\":\"https:\/\/hudo.com\/si\/aktualno\/sestavljanka\/#breadcrumb\"},\"inLanguage\":\"sl-SI\",\"potentialAction\":[{\"@type\":\"ReadAction\",\"target\":[\"https:\/\/hudo.com\/si\/aktualno\/sestavljanka\/\"]}]},{\"@type\":\"BreadcrumbList\",\"@id\":\"https:\/\/hudo.com\/si\/aktualno\/sestavljanka\/#breadcrumb\",\"itemListElement\":[{\"@type\":\"ListItem\",\"position\":1,\"name\":\"Home\",\"item\":\"https:\/\/hudo.com\/si\/\"},{\"@type\":\"ListItem\",\"position\":2,\"name\":\"Sestavljanka\"}]},{\"@type\":\"WebSite\",\"@id\":\"https:\/\/hudo.com\/si\/#website\",\"url\":\"https:\/\/hudo.com\/si\/\",\"name\":\"Hudo Slovenija\",\"description\":\"Vse novice iz Slovenije in sveta\",\"publisher\":{\"@id\":\"https:\/\/hudo.com\/si\/#organization\"},\"potentialAction\":[{\"@type\":\"SearchAction\",\"target\":{\"@type\":\"EntryPoint\",\"urlTemplate\":\"https:\/\/hudo.com\/si\/?s={search_term_string}\"},\"query-input\":\"required name=search_term_string\"}],\"inLanguage\":\"sl-SI\"},{\"@type\":\"Organization\",\"@id\":\"https:\/\/hudo.com\/si\/#organization\",\"name\":\"VSN Media\",\"url\":\"https:\/\/hudo.com\/si\/\",\"logo\":{\"@type\":\"ImageObject\",\"inLanguage\":\"sl-SI\",\"@id\":\"https:\/\/hudo.com\/si\/#\/schema\/logo\/image\/\",\"url\":\"https:\/\/hudo.com\/si\/wp-content\/uploads\/sites\/2\/2021\/03\/hudo-app-2.png\",\"contentUrl\":\"https:\/\/hudo.com\/si\/wp-content\/uploads\/sites\/2\/2021\/03\/hudo-app-2.png\",\"width\":2185,\"height\":2167,\"caption\":\"VSN Media\"},\"image\":{\"@id\":\"https:\/\/hudo.com\/si\/#\/schema\/logo\/image\/\"},\"sameAs\":[\"https:\/\/www.facebook.com\/hudo.si\",\"https:\/\/twitter.com\/hudo_si\"]},{\"@type\":\"Person\",\"@id\":\"https:\/\/hudo.com\/si\/#\/schema\/person\/601cf3379633985b20f7e50f2bb47707\",\"name\":\"hudo\",\"image\":{\"@type\":\"ImageObject\",\"inLanguage\":\"sl-SI\",\"@id\":\"https:\/\/hudo.com\/si\/#\/schema\/person\/image\/\",\"url\":\"https:\/\/secure.gravatar.com\/avatar\/c4ca25fa72cace7a696b52ff5db9e095?s=96&d=mm&r=g\",\"contentUrl\":\"https:\/\/secure.gravatar.com\/avatar\/c4ca25fa72cace7a696b52ff5db9e095?s=96&d=mm&r=g\",\"caption\":\"hudo\"},\"url\":\"https:\/\/hudo.com\/si\/author\/hudo\/\"}]}<\/script>\n<!-- \/ Yoast SEO plugin. -->","yoast_head_json":{"title":"Sestavljanka - Hudo Slovenija","robots":{"index":"index","follow":"follow","max-snippet":"max-snippet:-1","max-image-preview":"max-image-preview:large","max-video-preview":"max-video-preview:-1"},"canonical":"https:\/\/hudo.com\/si\/aktualno\/sestavljanka\/","og_locale":"sl_SI","og_type":"article","og_title":"Sestavljanka - Hudo Slovenija","og_description":"Kategorija: Kolumne Wed, 01 Jun 2016 10:00:00 +0200 Ko se je deseterica novih \u010dlanic, ve\u010dinoma srednje- in vzhodnoevropskih, leta 2004 pridru\u017eila EU, je bilo veliko govora o tem, da je Evropa spet \u00bbcela in svobodna\u00ab; nekdanji sovjetski blok je po polstoletnem jarmu postal del \u00bbsvobodnega sveta\u00ab. V desetletki, ki je sledila, se je veliko spremenilo, Evropa je postala druga\u010dna: celino hromi strah pred izgubo nacionalne identitete, prihajajo begunci in priseljenci, cvetijo populizmi. Spremenil se je tudi nekdanji vzhod. Nekdaj demokracije la\u010dne nove \u010dlanice ubirajo avtoritarno smer.Mineva 25 let, odkar so se v Vi\u0161egradu, mad\u017earskem mestecu ob Donavi, se\u0161li Havel, Wa\u0142\u0119nsa in Antall, zaradi pospe\u0161ka pridru\u017eevanju evroatlantskim integracijam so ustanovili interesno skupino. Zahod je nanjo gledal z odobravanjem. Po razpadu \u010ce\u0161koslova\u0161ke je trojica postala \u010detverica, na poti v Nato in EU si je pove\u010dala specifi\u010dno te\u017eo. Vi\u0161egrajska skupina je\u00a0...","og_url":"https:\/\/hudo.com\/si\/aktualno\/sestavljanka\/","og_site_name":"Hudo Slovenija","article_publisher":"https:\/\/www.facebook.com\/hudo.si","article_published_time":"2016-06-01T06:00:00+00:00","article_modified_time":"2016-06-02T02:26:03+00:00","og_image":[{"width":480,"height":290,"url":"https:\/\/hudo.com\/si\/wp-content\/uploads\/sites\/2\/2016\/06\/480x290_Black_Legion_1942.jpeg","type":"image\/jpeg"}],"author":"hudo","twitter_card":"summary_large_image","twitter_creator":"@hudo_si","twitter_site":"@hudo_si","twitter_misc":{"Written by":"hudo","Est. reading time":"1 minuta"},"schema":{"@context":"https:\/\/schema.org","@graph":[{"@type":"Article","@id":"https:\/\/hudo.com\/si\/aktualno\/sestavljanka\/#article","isPartOf":{"@id":"https:\/\/hudo.com\/si\/aktualno\/sestavljanka\/"},"author":{"name":"hudo","@id":"https:\/\/hudo.com\/si\/#\/schema\/person\/601cf3379633985b20f7e50f2bb47707"},"headline":"Sestavljanka","datePublished":"2016-06-01T06:00:00+00:00","dateModified":"2016-06-02T02:26:03+00:00","mainEntityOfPage":{"@id":"https:\/\/hudo.com\/si\/aktualno\/sestavljanka\/"},"wordCount":150,"publisher":{"@id":"https:\/\/hudo.com\/si\/#organization"},"articleSection":["Aktualno"],"inLanguage":"sl-SI"},{"@type":"WebPage","@id":"https:\/\/hudo.com\/si\/aktualno\/sestavljanka\/","url":"https:\/\/hudo.com\/si\/aktualno\/sestavljanka\/","name":"Sestavljanka - Hudo Slovenija","isPartOf":{"@id":"https:\/\/hudo.com\/si\/#website"},"datePublished":"2016-06-01T06:00:00+00:00","dateModified":"2016-06-02T02:26:03+00:00","breadcrumb":{"@id":"https:\/\/hudo.com\/si\/aktualno\/sestavljanka\/#breadcrumb"},"inLanguage":"sl-SI","potentialAction":[{"@type":"ReadAction","target":["https:\/\/hudo.com\/si\/aktualno\/sestavljanka\/"]}]},{"@type":"BreadcrumbList","@id":"https:\/\/hudo.com\/si\/aktualno\/sestavljanka\/#breadcrumb","itemListElement":[{"@type":"ListItem","position":1,"name":"Home","item":"https:\/\/hudo.com\/si\/"},{"@type":"ListItem","position":2,"name":"Sestavljanka"}]},{"@type":"WebSite","@id":"https:\/\/hudo.com\/si\/#website","url":"https:\/\/hudo.com\/si\/","name":"Hudo Slovenija","description":"Vse novice iz Slovenije in sveta","publisher":{"@id":"https:\/\/hudo.com\/si\/#organization"},"potentialAction":[{"@type":"SearchAction","target":{"@type":"EntryPoint","urlTemplate":"https:\/\/hudo.com\/si\/?s={search_term_string}"},"query-input":"required name=search_term_string"}],"inLanguage":"sl-SI"},{"@type":"Organization","@id":"https:\/\/hudo.com\/si\/#organization","name":"VSN Media","url":"https:\/\/hudo.com\/si\/","logo":{"@type":"ImageObject","inLanguage":"sl-SI","@id":"https:\/\/hudo.com\/si\/#\/schema\/logo\/image\/","url":"https:\/\/hudo.com\/si\/wp-content\/uploads\/sites\/2\/2021\/03\/hudo-app-2.png","contentUrl":"https:\/\/hudo.com\/si\/wp-content\/uploads\/sites\/2\/2021\/03\/hudo-app-2.png","width":2185,"height":2167,"caption":"VSN Media"},"image":{"@id":"https:\/\/hudo.com\/si\/#\/schema\/logo\/image\/"},"sameAs":["https:\/\/www.facebook.com\/hudo.si","https:\/\/twitter.com\/hudo_si"]},{"@type":"Person","@id":"https:\/\/hudo.com\/si\/#\/schema\/person\/601cf3379633985b20f7e50f2bb47707","name":"hudo","image":{"@type":"ImageObject","inLanguage":"sl-SI","@id":"https:\/\/hudo.com\/si\/#\/schema\/person\/image\/","url":"https:\/\/secure.gravatar.com\/avatar\/c4ca25fa72cace7a696b52ff5db9e095?s=96&d=mm&r=g","contentUrl":"https:\/\/secure.gravatar.com\/avatar\/c4ca25fa72cace7a696b52ff5db9e095?s=96&d=mm&r=g","caption":"hudo"},"url":"https:\/\/hudo.com\/si\/author\/hudo\/"}]}},"amp_enabled":true,"_links":{"self":[{"href":"https:\/\/hudo.com\/si\/wp-json\/wp\/v2\/posts\/66019"}],"collection":[{"href":"https:\/\/hudo.com\/si\/wp-json\/wp\/v2\/posts"}],"about":[{"href":"https:\/\/hudo.com\/si\/wp-json\/wp\/v2\/types\/post"}],"author":[{"embeddable":true,"href":"https:\/\/hudo.com\/si\/wp-json\/wp\/v2\/users\/1"}],"replies":[{"embeddable":true,"href":"https:\/\/hudo.com\/si\/wp-json\/wp\/v2\/comments?post=66019"}],"version-history":[{"count":1,"href":"https:\/\/hudo.com\/si\/wp-json\/wp\/v2\/posts\/66019\/revisions"}],"predecessor-version":[{"id":66193,"href":"https:\/\/hudo.com\/si\/wp-json\/wp\/v2\/posts\/66019\/revisions\/66193"}],"wp:attachment":[{"href":"https:\/\/hudo.com\/si\/wp-json\/wp\/v2\/media?parent=66019"}],"wp:term":[{"taxonomy":"category","embeddable":true,"href":"https:\/\/hudo.com\/si\/wp-json\/wp\/v2\/categories?post=66019"},{"taxonomy":"post_tag","embeddable":true,"href":"https:\/\/hudo.com\/si\/wp-json\/wp\/v2\/tags?post=66019"},{"taxonomy":"source","embeddable":true,"href":"https:\/\/hudo.com\/si\/wp-json\/wp\/v2\/source?post=66019"},{"taxonomy":"supertag","embeddable":true,"href":"https:\/\/hudo.com\/si\/wp-json\/wp\/v2\/supertag?post=66019"}],"curies":[{"name":"wp","href":"https:\/\/api.w.org\/{rel}","templated":true}]}}