{"id":66023,"date":"2016-06-01T07:55:00","date_gmt":"2016-06-01T05:55:00","guid":{"rendered":"http:\/\/hudo.com\/si\/2016\/06\/01\/potrdili-kazen-za-kapitana-coste-concordie\/"},"modified":"2016-06-02T04:26:05","modified_gmt":"2016-06-02T02:26:05","slug":"potrdili-kazen-za-kapitana-coste-concordie","status":"publish","type":"post","link":"https:\/\/hudo.com\/si\/aktualno\/potrdili-kazen-za-kapitana-coste-concordie\/","title":{"rendered":"Potrdili kazen za kapitana Coste Concordie"},"content":{"rendered":"<p>Kategorija: Sose\u0161\u010dina Wed, 01 Jun 2016 09:55:00 +0200  Firence \u2212 Prizivno sodi\u0161\u010de v Firencah je v\u010deraj potrdilo 16-letno zaporno kazen za Francesca Schettina, kapitana nekdanje luksuzne kri\u017earke Coste Concordie, ki je januarja 2012 nasedla na \u010dereh ob obali malega toskanskega otoka Giglio, pri \u010demer je umrlo 32 ljudi. Schettino ob izreku odlo\u010ditve sodi\u0161\u010da ni bil navzo\u010d. Zaradi mo\u017enosti nadaljnje prito\u017ebe na najvi\u0161je, kasacijsko sodi\u0161\u010de ga \u0161e ne bodo nemudoma postavili za zapahe, pi\u0161e agencija AFP. V zapor se bo vrnil le, \u010de bo obsodba kon\u010dna, do njenega izreka pa bi lahko minilo najmanj leto dni. Zaradi prenatrpanosti italijanskih zaporov in sistema pogojnega izpusta na prostost je po navedbah AFP le malo verjetno, da bo za zapahi prestal vseh 16 let. Schettino, ki se ga je oprijelo ime Kapitan Strahopetec, sicer \u017ee ves \u010das vztraja, da je v tragediji edini gre\u0161ni\u00a0&#8230;<\/p>\n","protected":false},"excerpt":{"rendered":"<p>Kategorija: Sose\u0161\u010dina Wed, 01 Jun 2016 09:55:00 +0200  Firence \u2212 Prizivno sodi\u0161\u010de v Firencah je v\u010deraj potrdilo 16-letno zaporno kazen za Francesca Schettina, kapitana nekdanje luksuzne kri\u017earke Coste Concordie, ki je januarja 2012 nasedla na \u010dereh ob obali malega toskanskega otoka Giglio, pri \u010demer je umrlo 32 ljudi. Schettino ob izreku odlo\u010ditve sodi\u0161\u010da ni bil navzo\u010d. Zaradi mo\u017enosti nadaljnje prito\u017ebe na najvi\u0161je, kasacijsko sodi\u0161\u010de ga \u0161e ne bodo nemudoma postavili za zapahe, pi\u0161e agencija AFP. V zapor se bo vrnil le, \u010de bo obsodba kon\u010dna, do njenega izreka pa bi lahko minilo najmanj leto dni. Zaradi prenatrpanosti italijanskih zaporov in sistema pogojnega izpusta na prostost je po navedbah AFP le malo verjetno, da bo za zapahi prestal vseh 16 let. Schettino, ki se ga je oprijelo ime Kapitan Strahopetec, sicer \u017ee ves \u010das vztraja, da je v tragediji edini gre\u0161ni\u00a0&#8230;<\/p>\n","protected":false},"author":1,"featured_media":0,"comment_status":"closed","ping_status":"closed","sticky":false,"template":"","format":"standard","meta":{"footnotes":""},"categories":[1179],"tags":[],"source":[4511],"supertag":[],"acf":[],"yoast_head":"<!-- This site is optimized with the Yoast SEO plugin v21.3 - https:\/\/yoast.com\/wordpress\/plugins\/seo\/ -->\n<title>Potrdili kazen za kapitana Coste Concordie - Hudo Slovenija<\/title>\n<meta name=\"robots\" content=\"index, follow, max-snippet:-1, max-image-preview:large, max-video-preview:-1\" \/>\n<link rel=\"canonical\" href=\"https:\/\/hudo.com\/si\/aktualno\/potrdili-kazen-za-kapitana-coste-concordie\/\" \/>\n<meta property=\"og:locale\" content=\"sl_SI\" \/>\n<meta property=\"og:type\" content=\"article\" \/>\n<meta property=\"og:title\" content=\"Potrdili kazen za kapitana Coste Concordie - Hudo Slovenija\" \/>\n<meta property=\"og:description\" content=\"Kategorija: Sose\u0161\u010dina Wed, 01 Jun 2016 09:55:00 +0200 Firence \u2212 Prizivno sodi\u0161\u010de v Firencah je v\u010deraj potrdilo 16-letno zaporno kazen za Francesca Schettina, kapitana nekdanje luksuzne kri\u017earke Coste Concordie, ki je januarja 2012 nasedla na \u010dereh ob obali malega toskanskega otoka Giglio, pri \u010demer je umrlo 32 ljudi. Schettino ob izreku odlo\u010ditve sodi\u0161\u010da ni bil navzo\u010d. Zaradi mo\u017enosti nadaljnje prito\u017ebe na najvi\u0161je, kasacijsko sodi\u0161\u010de ga \u0161e ne bodo nemudoma postavili za zapahe, pi\u0161e agencija AFP. V zapor se bo vrnil le, \u010de bo obsodba kon\u010dna, do njenega izreka pa bi lahko minilo najmanj leto dni. Zaradi prenatrpanosti italijanskih zaporov in sistema pogojnega izpusta na prostost je po navedbah AFP le malo verjetno, da bo za zapahi prestal vseh 16 let. Schettino, ki se ga je oprijelo ime Kapitan Strahopetec, sicer \u017ee ves \u010das vztraja, da je v tragediji edini gre\u0161ni\u00a0...\" \/>\n<meta property=\"og:url\" content=\"https:\/\/hudo.com\/si\/aktualno\/potrdili-kazen-za-kapitana-coste-concordie\/\" \/>\n<meta property=\"og:site_name\" content=\"Hudo Slovenija\" \/>\n<meta property=\"article:publisher\" content=\"https:\/\/www.facebook.com\/hudo.si\" \/>\n<meta property=\"article:published_time\" content=\"2016-06-01T05:55:00+00:00\" \/>\n<meta property=\"article:modified_time\" content=\"2016-06-02T02:26:05+00:00\" \/>\n<meta property=\"og:image\" content=\"https:\/\/hudo.com\/si\/wp-content\/uploads\/sites\/2\/2016\/06\/480x290_AP_Pictures-20160531211515-21991400.jpeg\" \/>\n\t<meta property=\"og:image:width\" content=\"480\" \/>\n\t<meta property=\"og:image:height\" content=\"290\" \/>\n\t<meta property=\"og:image:type\" content=\"image\/jpeg\" \/>\n<meta name=\"author\" content=\"hudo\" \/>\n<meta name=\"twitter:card\" content=\"summary_large_image\" \/>\n<meta name=\"twitter:creator\" content=\"@hudo_si\" \/>\n<meta name=\"twitter:site\" content=\"@hudo_si\" \/>\n<meta name=\"twitter:label1\" content=\"Written by\" \/>\n\t<meta name=\"twitter:data1\" content=\"hudo\" \/>\n\t<meta name=\"twitter:label2\" content=\"Est. reading time\" \/>\n\t<meta name=\"twitter:data2\" content=\"1 minuta\" \/>\n<script type=\"application\/ld+json\" class=\"yoast-schema-graph\">{\"@context\":\"https:\/\/schema.org\",\"@graph\":[{\"@type\":\"Article\",\"@id\":\"https:\/\/hudo.com\/si\/aktualno\/potrdili-kazen-za-kapitana-coste-concordie\/#article\",\"isPartOf\":{\"@id\":\"https:\/\/hudo.com\/si\/aktualno\/potrdili-kazen-za-kapitana-coste-concordie\/\"},\"author\":{\"name\":\"hudo\",\"@id\":\"https:\/\/hudo.com\/si\/#\/schema\/person\/601cf3379633985b20f7e50f2bb47707\"},\"headline\":\"Potrdili kazen za kapitana Coste Concordie\",\"datePublished\":\"2016-06-01T05:55:00+00:00\",\"dateModified\":\"2016-06-02T02:26:05+00:00\",\"mainEntityOfPage\":{\"@id\":\"https:\/\/hudo.com\/si\/aktualno\/potrdili-kazen-za-kapitana-coste-concordie\/\"},\"wordCount\":151,\"publisher\":{\"@id\":\"https:\/\/hudo.com\/si\/#organization\"},\"articleSection\":[\"Aktualno\"],\"inLanguage\":\"sl-SI\"},{\"@type\":\"WebPage\",\"@id\":\"https:\/\/hudo.com\/si\/aktualno\/potrdili-kazen-za-kapitana-coste-concordie\/\",\"url\":\"https:\/\/hudo.com\/si\/aktualno\/potrdili-kazen-za-kapitana-coste-concordie\/\",\"name\":\"Potrdili kazen za kapitana Coste Concordie - Hudo Slovenija\",\"isPartOf\":{\"@id\":\"https:\/\/hudo.com\/si\/#website\"},\"datePublished\":\"2016-06-01T05:55:00+00:00\",\"dateModified\":\"2016-06-02T02:26:05+00:00\",\"breadcrumb\":{\"@id\":\"https:\/\/hudo.com\/si\/aktualno\/potrdili-kazen-za-kapitana-coste-concordie\/#breadcrumb\"},\"inLanguage\":\"sl-SI\",\"potentialAction\":[{\"@type\":\"ReadAction\",\"target\":[\"https:\/\/hudo.com\/si\/aktualno\/potrdili-kazen-za-kapitana-coste-concordie\/\"]}]},{\"@type\":\"BreadcrumbList\",\"@id\":\"https:\/\/hudo.com\/si\/aktualno\/potrdili-kazen-za-kapitana-coste-concordie\/#breadcrumb\",\"itemListElement\":[{\"@type\":\"ListItem\",\"position\":1,\"name\":\"Home\",\"item\":\"https:\/\/hudo.com\/si\/\"},{\"@type\":\"ListItem\",\"position\":2,\"name\":\"Potrdili kazen za kapitana Coste Concordie\"}]},{\"@type\":\"WebSite\",\"@id\":\"https:\/\/hudo.com\/si\/#website\",\"url\":\"https:\/\/hudo.com\/si\/\",\"name\":\"Hudo Slovenija\",\"description\":\"Vse novice iz Slovenije in sveta\",\"publisher\":{\"@id\":\"https:\/\/hudo.com\/si\/#organization\"},\"potentialAction\":[{\"@type\":\"SearchAction\",\"target\":{\"@type\":\"EntryPoint\",\"urlTemplate\":\"https:\/\/hudo.com\/si\/?s={search_term_string}\"},\"query-input\":\"required name=search_term_string\"}],\"inLanguage\":\"sl-SI\"},{\"@type\":\"Organization\",\"@id\":\"https:\/\/hudo.com\/si\/#organization\",\"name\":\"VSN Media\",\"url\":\"https:\/\/hudo.com\/si\/\",\"logo\":{\"@type\":\"ImageObject\",\"inLanguage\":\"sl-SI\",\"@id\":\"https:\/\/hudo.com\/si\/#\/schema\/logo\/image\/\",\"url\":\"https:\/\/hudo.com\/si\/wp-content\/uploads\/sites\/2\/2021\/03\/hudo-app-2.png\",\"contentUrl\":\"https:\/\/hudo.com\/si\/wp-content\/uploads\/sites\/2\/2021\/03\/hudo-app-2.png\",\"width\":2185,\"height\":2167,\"caption\":\"VSN Media\"},\"image\":{\"@id\":\"https:\/\/hudo.com\/si\/#\/schema\/logo\/image\/\"},\"sameAs\":[\"https:\/\/www.facebook.com\/hudo.si\",\"https:\/\/twitter.com\/hudo_si\"]},{\"@type\":\"Person\",\"@id\":\"https:\/\/hudo.com\/si\/#\/schema\/person\/601cf3379633985b20f7e50f2bb47707\",\"name\":\"hudo\",\"image\":{\"@type\":\"ImageObject\",\"inLanguage\":\"sl-SI\",\"@id\":\"https:\/\/hudo.com\/si\/#\/schema\/person\/image\/\",\"url\":\"https:\/\/secure.gravatar.com\/avatar\/c4ca25fa72cace7a696b52ff5db9e095?s=96&d=mm&r=g\",\"contentUrl\":\"https:\/\/secure.gravatar.com\/avatar\/c4ca25fa72cace7a696b52ff5db9e095?s=96&d=mm&r=g\",\"caption\":\"hudo\"},\"url\":\"https:\/\/hudo.com\/si\/author\/hudo\/\"}]}<\/script>\n<!-- \/ Yoast SEO plugin. -->","yoast_head_json":{"title":"Potrdili kazen za kapitana Coste Concordie - Hudo Slovenija","robots":{"index":"index","follow":"follow","max-snippet":"max-snippet:-1","max-image-preview":"max-image-preview:large","max-video-preview":"max-video-preview:-1"},"canonical":"https:\/\/hudo.com\/si\/aktualno\/potrdili-kazen-za-kapitana-coste-concordie\/","og_locale":"sl_SI","og_type":"article","og_title":"Potrdili kazen za kapitana Coste Concordie - Hudo Slovenija","og_description":"Kategorija: Sose\u0161\u010dina Wed, 01 Jun 2016 09:55:00 +0200 Firence \u2212 Prizivno sodi\u0161\u010de v Firencah je v\u010deraj potrdilo 16-letno zaporno kazen za Francesca Schettina, kapitana nekdanje luksuzne kri\u017earke Coste Concordie, ki je januarja 2012 nasedla na \u010dereh ob obali malega toskanskega otoka Giglio, pri \u010demer je umrlo 32 ljudi. Schettino ob izreku odlo\u010ditve sodi\u0161\u010da ni bil navzo\u010d. Zaradi mo\u017enosti nadaljnje prito\u017ebe na najvi\u0161je, kasacijsko sodi\u0161\u010de ga \u0161e ne bodo nemudoma postavili za zapahe, pi\u0161e agencija AFP. V zapor se bo vrnil le, \u010de bo obsodba kon\u010dna, do njenega izreka pa bi lahko minilo najmanj leto dni. Zaradi prenatrpanosti italijanskih zaporov in sistema pogojnega izpusta na prostost je po navedbah AFP le malo verjetno, da bo za zapahi prestal vseh 16 let. Schettino, ki se ga je oprijelo ime Kapitan Strahopetec, sicer \u017ee ves \u010das vztraja, da je v tragediji edini gre\u0161ni\u00a0...","og_url":"https:\/\/hudo.com\/si\/aktualno\/potrdili-kazen-za-kapitana-coste-concordie\/","og_site_name":"Hudo Slovenija","article_publisher":"https:\/\/www.facebook.com\/hudo.si","article_published_time":"2016-06-01T05:55:00+00:00","article_modified_time":"2016-06-02T02:26:05+00:00","og_image":[{"width":480,"height":290,"url":"https:\/\/hudo.com\/si\/wp-content\/uploads\/sites\/2\/2016\/06\/480x290_AP_Pictures-20160531211515-21991400.jpeg","type":"image\/jpeg"}],"author":"hudo","twitter_card":"summary_large_image","twitter_creator":"@hudo_si","twitter_site":"@hudo_si","twitter_misc":{"Written by":"hudo","Est. reading time":"1 minuta"},"schema":{"@context":"https:\/\/schema.org","@graph":[{"@type":"Article","@id":"https:\/\/hudo.com\/si\/aktualno\/potrdili-kazen-za-kapitana-coste-concordie\/#article","isPartOf":{"@id":"https:\/\/hudo.com\/si\/aktualno\/potrdili-kazen-za-kapitana-coste-concordie\/"},"author":{"name":"hudo","@id":"https:\/\/hudo.com\/si\/#\/schema\/person\/601cf3379633985b20f7e50f2bb47707"},"headline":"Potrdili kazen za kapitana Coste Concordie","datePublished":"2016-06-01T05:55:00+00:00","dateModified":"2016-06-02T02:26:05+00:00","mainEntityOfPage":{"@id":"https:\/\/hudo.com\/si\/aktualno\/potrdili-kazen-za-kapitana-coste-concordie\/"},"wordCount":151,"publisher":{"@id":"https:\/\/hudo.com\/si\/#organization"},"articleSection":["Aktualno"],"inLanguage":"sl-SI"},{"@type":"WebPage","@id":"https:\/\/hudo.com\/si\/aktualno\/potrdili-kazen-za-kapitana-coste-concordie\/","url":"https:\/\/hudo.com\/si\/aktualno\/potrdili-kazen-za-kapitana-coste-concordie\/","name":"Potrdili kazen za kapitana Coste Concordie - Hudo Slovenija","isPartOf":{"@id":"https:\/\/hudo.com\/si\/#website"},"datePublished":"2016-06-01T05:55:00+00:00","dateModified":"2016-06-02T02:26:05+00:00","breadcrumb":{"@id":"https:\/\/hudo.com\/si\/aktualno\/potrdili-kazen-za-kapitana-coste-concordie\/#breadcrumb"},"inLanguage":"sl-SI","potentialAction":[{"@type":"ReadAction","target":["https:\/\/hudo.com\/si\/aktualno\/potrdili-kazen-za-kapitana-coste-concordie\/"]}]},{"@type":"BreadcrumbList","@id":"https:\/\/hudo.com\/si\/aktualno\/potrdili-kazen-za-kapitana-coste-concordie\/#breadcrumb","itemListElement":[{"@type":"ListItem","position":1,"name":"Home","item":"https:\/\/hudo.com\/si\/"},{"@type":"ListItem","position":2,"name":"Potrdili kazen za kapitana Coste Concordie"}]},{"@type":"WebSite","@id":"https:\/\/hudo.com\/si\/#website","url":"https:\/\/hudo.com\/si\/","name":"Hudo Slovenija","description":"Vse novice iz Slovenije in sveta","publisher":{"@id":"https:\/\/hudo.com\/si\/#organization"},"potentialAction":[{"@type":"SearchAction","target":{"@type":"EntryPoint","urlTemplate":"https:\/\/hudo.com\/si\/?s={search_term_string}"},"query-input":"required name=search_term_string"}],"inLanguage":"sl-SI"},{"@type":"Organization","@id":"https:\/\/hudo.com\/si\/#organization","name":"VSN Media","url":"https:\/\/hudo.com\/si\/","logo":{"@type":"ImageObject","inLanguage":"sl-SI","@id":"https:\/\/hudo.com\/si\/#\/schema\/logo\/image\/","url":"https:\/\/hudo.com\/si\/wp-content\/uploads\/sites\/2\/2021\/03\/hudo-app-2.png","contentUrl":"https:\/\/hudo.com\/si\/wp-content\/uploads\/sites\/2\/2021\/03\/hudo-app-2.png","width":2185,"height":2167,"caption":"VSN Media"},"image":{"@id":"https:\/\/hudo.com\/si\/#\/schema\/logo\/image\/"},"sameAs":["https:\/\/www.facebook.com\/hudo.si","https:\/\/twitter.com\/hudo_si"]},{"@type":"Person","@id":"https:\/\/hudo.com\/si\/#\/schema\/person\/601cf3379633985b20f7e50f2bb47707","name":"hudo","image":{"@type":"ImageObject","inLanguage":"sl-SI","@id":"https:\/\/hudo.com\/si\/#\/schema\/person\/image\/","url":"https:\/\/secure.gravatar.com\/avatar\/c4ca25fa72cace7a696b52ff5db9e095?s=96&d=mm&r=g","contentUrl":"https:\/\/secure.gravatar.com\/avatar\/c4ca25fa72cace7a696b52ff5db9e095?s=96&d=mm&r=g","caption":"hudo"},"url":"https:\/\/hudo.com\/si\/author\/hudo\/"}]}},"amp_enabled":true,"_links":{"self":[{"href":"https:\/\/hudo.com\/si\/wp-json\/wp\/v2\/posts\/66023"}],"collection":[{"href":"https:\/\/hudo.com\/si\/wp-json\/wp\/v2\/posts"}],"about":[{"href":"https:\/\/hudo.com\/si\/wp-json\/wp\/v2\/types\/post"}],"author":[{"embeddable":true,"href":"https:\/\/hudo.com\/si\/wp-json\/wp\/v2\/users\/1"}],"replies":[{"embeddable":true,"href":"https:\/\/hudo.com\/si\/wp-json\/wp\/v2\/comments?post=66023"}],"version-history":[{"count":1,"href":"https:\/\/hudo.com\/si\/wp-json\/wp\/v2\/posts\/66023\/revisions"}],"predecessor-version":[{"id":66195,"href":"https:\/\/hudo.com\/si\/wp-json\/wp\/v2\/posts\/66023\/revisions\/66195"}],"wp:attachment":[{"href":"https:\/\/hudo.com\/si\/wp-json\/wp\/v2\/media?parent=66023"}],"wp:term":[{"taxonomy":"category","embeddable":true,"href":"https:\/\/hudo.com\/si\/wp-json\/wp\/v2\/categories?post=66023"},{"taxonomy":"post_tag","embeddable":true,"href":"https:\/\/hudo.com\/si\/wp-json\/wp\/v2\/tags?post=66023"},{"taxonomy":"source","embeddable":true,"href":"https:\/\/hudo.com\/si\/wp-json\/wp\/v2\/source?post=66023"},{"taxonomy":"supertag","embeddable":true,"href":"https:\/\/hudo.com\/si\/wp-json\/wp\/v2\/supertag?post=66023"}],"curies":[{"name":"wp","href":"https:\/\/api.w.org\/{rel}","templated":true}]}}