{"id":66151,"date":"2016-06-01T10:00:07","date_gmt":"2016-06-01T08:00:07","guid":{"rendered":"http:\/\/hudo.com\/si\/2016\/06\/01\/nad-slovenijo-se-zgrinjajo-crni-oblaki-oecd-sloveniji-napovedal-nizjo-gospodarsko-rast\/"},"modified":"2016-06-02T09:56:38","modified_gmt":"2016-06-02T07:56:38","slug":"nad-slovenijo-se-zgrinjajo-crni-oblaki-oecd-sloveniji-napovedal-nizjo-gospodarsko-rast","status":"publish","type":"post","link":"https:\/\/hudo.com\/si\/aktualno\/nad-slovenijo-se-zgrinjajo-crni-oblaki-oecd-sloveniji-napovedal-nizjo-gospodarsko-rast\/","title":{"rendered":"Nad Slovenijo se zgrinjajo \u010drni oblaki: OECD Sloveniji napovedal ni\u017ejo gospodarsko rast"},"content":{"rendered":"<p>Organizacija za ekonomsko sodelovanje in razvoj (OECD) Sloveniji za letos napoveduje 1,5-odstotno rast BDP, kar je 0,4 odstotne to\u010dke manj od napovedi iz novembra lani. Prihodnje leto naj bi se gospodarska rast pospe\u0161ila na 2,3 odstotka, tudi to pa je 0,4 odstotne to\u010dke manj, kot je OECD napovedoval novembra. Tudi OECD, podobno kot druge doma\u010de<\/p>\n","protected":false},"excerpt":{"rendered":"<p>Organizacija za ekonomsko sodelovanje in razvoj (OECD) Sloveniji za letos napoveduje 1,5-odstotno rast BDP, kar je 0,4 odstotne to\u010dke manj od napovedi iz novembra lani. Prihodnje leto naj bi se gospodarska rast pospe\u0161ila na 2,3 odstotka, tudi to pa je 0,4 odstotne to\u010dke manj, kot je OECD napovedoval novembra. Tudi OECD, podobno kot druge doma\u010de<\/p>\n","protected":false},"author":1,"featured_media":0,"comment_status":"closed","ping_status":"closed","sticky":false,"template":"","format":"standard","meta":{"footnotes":""},"categories":[1179],"tags":[],"source":[1710],"supertag":[],"acf":[],"yoast_head":"<!-- This site is optimized with the Yoast SEO plugin v21.3 - https:\/\/yoast.com\/wordpress\/plugins\/seo\/ -->\n<title>Nad Slovenijo se zgrinjajo \u010drni oblaki: OECD Sloveniji napovedal ni\u017ejo gospodarsko rast - Hudo Slovenija<\/title>\n<meta name=\"robots\" content=\"index, follow, max-snippet:-1, max-image-preview:large, max-video-preview:-1\" \/>\n<link rel=\"canonical\" href=\"https:\/\/hudo.com\/si\/aktualno\/nad-slovenijo-se-zgrinjajo-crni-oblaki-oecd-sloveniji-napovedal-nizjo-gospodarsko-rast\/\" \/>\n<meta property=\"og:locale\" content=\"sl_SI\" \/>\n<meta property=\"og:type\" content=\"article\" \/>\n<meta property=\"og:title\" content=\"Nad Slovenijo se zgrinjajo \u010drni oblaki: OECD Sloveniji napovedal ni\u017ejo gospodarsko rast - Hudo Slovenija\" \/>\n<meta property=\"og:description\" content=\"Organizacija za ekonomsko sodelovanje in razvoj (OECD) Sloveniji za letos napoveduje 1,5-odstotno rast BDP, kar je 0,4 odstotne to\u010dke manj od napovedi iz novembra lani. Prihodnje leto naj bi se gospodarska rast pospe\u0161ila na 2,3 odstotka, tudi to pa je 0,4 odstotne to\u010dke manj, kot je OECD napovedoval novembra. Tudi OECD, podobno kot druge doma\u010de\" \/>\n<meta property=\"og:url\" content=\"https:\/\/hudo.com\/si\/aktualno\/nad-slovenijo-se-zgrinjajo-crni-oblaki-oecd-sloveniji-napovedal-nizjo-gospodarsko-rast\/\" \/>\n<meta property=\"og:site_name\" content=\"Hudo Slovenija\" \/>\n<meta property=\"article:publisher\" content=\"https:\/\/www.facebook.com\/hudo.si\" \/>\n<meta property=\"article:published_time\" content=\"2016-06-01T08:00:07+00:00\" \/>\n<meta property=\"article:modified_time\" content=\"2016-06-02T07:56:38+00:00\" \/>\n<meta property=\"og:image\" content=\"https:\/\/hudo.com\/si\/wp-content\/uploads\/sites\/2\/2016\/06\/Evropska-komisija-Gospodarstvo-v-Sloveniji-bo-x161e-naprej-katastrofalno-01.jpg\" \/>\n\t<meta property=\"og:image:width\" content=\"1627\" \/>\n\t<meta property=\"og:image:height\" content=\"1080\" \/>\n\t<meta property=\"og:image:type\" content=\"image\/jpeg\" \/>\n<meta name=\"author\" content=\"hudo\" \/>\n<meta name=\"twitter:card\" content=\"summary_large_image\" \/>\n<meta name=\"twitter:creator\" content=\"@hudo_si\" \/>\n<meta name=\"twitter:site\" content=\"@hudo_si\" \/>\n<meta name=\"twitter:label1\" content=\"Written by\" \/>\n\t<meta name=\"twitter:data1\" content=\"hudo\" \/>\n<script type=\"application\/ld+json\" class=\"yoast-schema-graph\">{\"@context\":\"https:\/\/schema.org\",\"@graph\":[{\"@type\":\"Article\",\"@id\":\"https:\/\/hudo.com\/si\/aktualno\/nad-slovenijo-se-zgrinjajo-crni-oblaki-oecd-sloveniji-napovedal-nizjo-gospodarsko-rast\/#article\",\"isPartOf\":{\"@id\":\"https:\/\/hudo.com\/si\/aktualno\/nad-slovenijo-se-zgrinjajo-crni-oblaki-oecd-sloveniji-napovedal-nizjo-gospodarsko-rast\/\"},\"author\":{\"name\":\"hudo\",\"@id\":\"https:\/\/hudo.com\/si\/#\/schema\/person\/601cf3379633985b20f7e50f2bb47707\"},\"headline\":\"Nad Slovenijo se zgrinjajo \u010drni oblaki: OECD Sloveniji napovedal ni\u017ejo gospodarsko rast\",\"datePublished\":\"2016-06-01T08:00:07+00:00\",\"dateModified\":\"2016-06-02T07:56:38+00:00\",\"mainEntityOfPage\":{\"@id\":\"https:\/\/hudo.com\/si\/aktualno\/nad-slovenijo-se-zgrinjajo-crni-oblaki-oecd-sloveniji-napovedal-nizjo-gospodarsko-rast\/\"},\"wordCount\":69,\"publisher\":{\"@id\":\"https:\/\/hudo.com\/si\/#organization\"},\"articleSection\":[\"Aktualno\"],\"inLanguage\":\"sl-SI\"},{\"@type\":\"WebPage\",\"@id\":\"https:\/\/hudo.com\/si\/aktualno\/nad-slovenijo-se-zgrinjajo-crni-oblaki-oecd-sloveniji-napovedal-nizjo-gospodarsko-rast\/\",\"url\":\"https:\/\/hudo.com\/si\/aktualno\/nad-slovenijo-se-zgrinjajo-crni-oblaki-oecd-sloveniji-napovedal-nizjo-gospodarsko-rast\/\",\"name\":\"Nad Slovenijo se zgrinjajo \u010drni oblaki: OECD Sloveniji napovedal ni\u017ejo gospodarsko rast - Hudo Slovenija\",\"isPartOf\":{\"@id\":\"https:\/\/hudo.com\/si\/#website\"},\"datePublished\":\"2016-06-01T08:00:07+00:00\",\"dateModified\":\"2016-06-02T07:56:38+00:00\",\"breadcrumb\":{\"@id\":\"https:\/\/hudo.com\/si\/aktualno\/nad-slovenijo-se-zgrinjajo-crni-oblaki-oecd-sloveniji-napovedal-nizjo-gospodarsko-rast\/#breadcrumb\"},\"inLanguage\":\"sl-SI\",\"potentialAction\":[{\"@type\":\"ReadAction\",\"target\":[\"https:\/\/hudo.com\/si\/aktualno\/nad-slovenijo-se-zgrinjajo-crni-oblaki-oecd-sloveniji-napovedal-nizjo-gospodarsko-rast\/\"]}]},{\"@type\":\"BreadcrumbList\",\"@id\":\"https:\/\/hudo.com\/si\/aktualno\/nad-slovenijo-se-zgrinjajo-crni-oblaki-oecd-sloveniji-napovedal-nizjo-gospodarsko-rast\/#breadcrumb\",\"itemListElement\":[{\"@type\":\"ListItem\",\"position\":1,\"name\":\"Home\",\"item\":\"https:\/\/hudo.com\/si\/\"},{\"@type\":\"ListItem\",\"position\":2,\"name\":\"Nad Slovenijo se zgrinjajo \u010drni oblaki: OECD Sloveniji napovedal ni\u017ejo gospodarsko rast\"}]},{\"@type\":\"WebSite\",\"@id\":\"https:\/\/hudo.com\/si\/#website\",\"url\":\"https:\/\/hudo.com\/si\/\",\"name\":\"Hudo Slovenija\",\"description\":\"Vse novice iz Slovenije in sveta\",\"publisher\":{\"@id\":\"https:\/\/hudo.com\/si\/#organization\"},\"potentialAction\":[{\"@type\":\"SearchAction\",\"target\":{\"@type\":\"EntryPoint\",\"urlTemplate\":\"https:\/\/hudo.com\/si\/?s={search_term_string}\"},\"query-input\":\"required name=search_term_string\"}],\"inLanguage\":\"sl-SI\"},{\"@type\":\"Organization\",\"@id\":\"https:\/\/hudo.com\/si\/#organization\",\"name\":\"VSN Media\",\"url\":\"https:\/\/hudo.com\/si\/\",\"logo\":{\"@type\":\"ImageObject\",\"inLanguage\":\"sl-SI\",\"@id\":\"https:\/\/hudo.com\/si\/#\/schema\/logo\/image\/\",\"url\":\"https:\/\/hudo.com\/si\/wp-content\/uploads\/sites\/2\/2021\/03\/hudo-app-2.png\",\"contentUrl\":\"https:\/\/hudo.com\/si\/wp-content\/uploads\/sites\/2\/2021\/03\/hudo-app-2.png\",\"width\":2185,\"height\":2167,\"caption\":\"VSN Media\"},\"image\":{\"@id\":\"https:\/\/hudo.com\/si\/#\/schema\/logo\/image\/\"},\"sameAs\":[\"https:\/\/www.facebook.com\/hudo.si\",\"https:\/\/twitter.com\/hudo_si\"]},{\"@type\":\"Person\",\"@id\":\"https:\/\/hudo.com\/si\/#\/schema\/person\/601cf3379633985b20f7e50f2bb47707\",\"name\":\"hudo\",\"image\":{\"@type\":\"ImageObject\",\"inLanguage\":\"sl-SI\",\"@id\":\"https:\/\/hudo.com\/si\/#\/schema\/person\/image\/\",\"url\":\"https:\/\/secure.gravatar.com\/avatar\/c4ca25fa72cace7a696b52ff5db9e095?s=96&d=mm&r=g\",\"contentUrl\":\"https:\/\/secure.gravatar.com\/avatar\/c4ca25fa72cace7a696b52ff5db9e095?s=96&d=mm&r=g\",\"caption\":\"hudo\"},\"url\":\"https:\/\/hudo.com\/si\/author\/hudo\/\"}]}<\/script>\n<!-- \/ Yoast SEO plugin. -->","yoast_head_json":{"title":"Nad Slovenijo se zgrinjajo \u010drni oblaki: OECD Sloveniji napovedal ni\u017ejo gospodarsko rast - Hudo Slovenija","robots":{"index":"index","follow":"follow","max-snippet":"max-snippet:-1","max-image-preview":"max-image-preview:large","max-video-preview":"max-video-preview:-1"},"canonical":"https:\/\/hudo.com\/si\/aktualno\/nad-slovenijo-se-zgrinjajo-crni-oblaki-oecd-sloveniji-napovedal-nizjo-gospodarsko-rast\/","og_locale":"sl_SI","og_type":"article","og_title":"Nad Slovenijo se zgrinjajo \u010drni oblaki: OECD Sloveniji napovedal ni\u017ejo gospodarsko rast - Hudo Slovenija","og_description":"Organizacija za ekonomsko sodelovanje in razvoj (OECD) Sloveniji za letos napoveduje 1,5-odstotno rast BDP, kar je 0,4 odstotne to\u010dke manj od napovedi iz novembra lani. Prihodnje leto naj bi se gospodarska rast pospe\u0161ila na 2,3 odstotka, tudi to pa je 0,4 odstotne to\u010dke manj, kot je OECD napovedoval novembra. Tudi OECD, podobno kot druge doma\u010de","og_url":"https:\/\/hudo.com\/si\/aktualno\/nad-slovenijo-se-zgrinjajo-crni-oblaki-oecd-sloveniji-napovedal-nizjo-gospodarsko-rast\/","og_site_name":"Hudo Slovenija","article_publisher":"https:\/\/www.facebook.com\/hudo.si","article_published_time":"2016-06-01T08:00:07+00:00","article_modified_time":"2016-06-02T07:56:38+00:00","og_image":[{"width":1627,"height":1080,"url":"https:\/\/hudo.com\/si\/wp-content\/uploads\/sites\/2\/2016\/06\/Evropska-komisija-Gospodarstvo-v-Sloveniji-bo-x161e-naprej-katastrofalno-01.jpg","type":"image\/jpeg"}],"author":"hudo","twitter_card":"summary_large_image","twitter_creator":"@hudo_si","twitter_site":"@hudo_si","twitter_misc":{"Written by":"hudo"},"schema":{"@context":"https:\/\/schema.org","@graph":[{"@type":"Article","@id":"https:\/\/hudo.com\/si\/aktualno\/nad-slovenijo-se-zgrinjajo-crni-oblaki-oecd-sloveniji-napovedal-nizjo-gospodarsko-rast\/#article","isPartOf":{"@id":"https:\/\/hudo.com\/si\/aktualno\/nad-slovenijo-se-zgrinjajo-crni-oblaki-oecd-sloveniji-napovedal-nizjo-gospodarsko-rast\/"},"author":{"name":"hudo","@id":"https:\/\/hudo.com\/si\/#\/schema\/person\/601cf3379633985b20f7e50f2bb47707"},"headline":"Nad Slovenijo se zgrinjajo \u010drni oblaki: OECD Sloveniji napovedal ni\u017ejo gospodarsko rast","datePublished":"2016-06-01T08:00:07+00:00","dateModified":"2016-06-02T07:56:38+00:00","mainEntityOfPage":{"@id":"https:\/\/hudo.com\/si\/aktualno\/nad-slovenijo-se-zgrinjajo-crni-oblaki-oecd-sloveniji-napovedal-nizjo-gospodarsko-rast\/"},"wordCount":69,"publisher":{"@id":"https:\/\/hudo.com\/si\/#organization"},"articleSection":["Aktualno"],"inLanguage":"sl-SI"},{"@type":"WebPage","@id":"https:\/\/hudo.com\/si\/aktualno\/nad-slovenijo-se-zgrinjajo-crni-oblaki-oecd-sloveniji-napovedal-nizjo-gospodarsko-rast\/","url":"https:\/\/hudo.com\/si\/aktualno\/nad-slovenijo-se-zgrinjajo-crni-oblaki-oecd-sloveniji-napovedal-nizjo-gospodarsko-rast\/","name":"Nad Slovenijo se zgrinjajo \u010drni oblaki: OECD Sloveniji napovedal ni\u017ejo gospodarsko rast - Hudo Slovenija","isPartOf":{"@id":"https:\/\/hudo.com\/si\/#website"},"datePublished":"2016-06-01T08:00:07+00:00","dateModified":"2016-06-02T07:56:38+00:00","breadcrumb":{"@id":"https:\/\/hudo.com\/si\/aktualno\/nad-slovenijo-se-zgrinjajo-crni-oblaki-oecd-sloveniji-napovedal-nizjo-gospodarsko-rast\/#breadcrumb"},"inLanguage":"sl-SI","potentialAction":[{"@type":"ReadAction","target":["https:\/\/hudo.com\/si\/aktualno\/nad-slovenijo-se-zgrinjajo-crni-oblaki-oecd-sloveniji-napovedal-nizjo-gospodarsko-rast\/"]}]},{"@type":"BreadcrumbList","@id":"https:\/\/hudo.com\/si\/aktualno\/nad-slovenijo-se-zgrinjajo-crni-oblaki-oecd-sloveniji-napovedal-nizjo-gospodarsko-rast\/#breadcrumb","itemListElement":[{"@type":"ListItem","position":1,"name":"Home","item":"https:\/\/hudo.com\/si\/"},{"@type":"ListItem","position":2,"name":"Nad Slovenijo se zgrinjajo \u010drni oblaki: OECD Sloveniji napovedal ni\u017ejo gospodarsko rast"}]},{"@type":"WebSite","@id":"https:\/\/hudo.com\/si\/#website","url":"https:\/\/hudo.com\/si\/","name":"Hudo Slovenija","description":"Vse novice iz Slovenije in sveta","publisher":{"@id":"https:\/\/hudo.com\/si\/#organization"},"potentialAction":[{"@type":"SearchAction","target":{"@type":"EntryPoint","urlTemplate":"https:\/\/hudo.com\/si\/?s={search_term_string}"},"query-input":"required name=search_term_string"}],"inLanguage":"sl-SI"},{"@type":"Organization","@id":"https:\/\/hudo.com\/si\/#organization","name":"VSN Media","url":"https:\/\/hudo.com\/si\/","logo":{"@type":"ImageObject","inLanguage":"sl-SI","@id":"https:\/\/hudo.com\/si\/#\/schema\/logo\/image\/","url":"https:\/\/hudo.com\/si\/wp-content\/uploads\/sites\/2\/2021\/03\/hudo-app-2.png","contentUrl":"https:\/\/hudo.com\/si\/wp-content\/uploads\/sites\/2\/2021\/03\/hudo-app-2.png","width":2185,"height":2167,"caption":"VSN Media"},"image":{"@id":"https:\/\/hudo.com\/si\/#\/schema\/logo\/image\/"},"sameAs":["https:\/\/www.facebook.com\/hudo.si","https:\/\/twitter.com\/hudo_si"]},{"@type":"Person","@id":"https:\/\/hudo.com\/si\/#\/schema\/person\/601cf3379633985b20f7e50f2bb47707","name":"hudo","image":{"@type":"ImageObject","inLanguage":"sl-SI","@id":"https:\/\/hudo.com\/si\/#\/schema\/person\/image\/","url":"https:\/\/secure.gravatar.com\/avatar\/c4ca25fa72cace7a696b52ff5db9e095?s=96&d=mm&r=g","contentUrl":"https:\/\/secure.gravatar.com\/avatar\/c4ca25fa72cace7a696b52ff5db9e095?s=96&d=mm&r=g","caption":"hudo"},"url":"https:\/\/hudo.com\/si\/author\/hudo\/"}]}},"amp_enabled":true,"_links":{"self":[{"href":"https:\/\/hudo.com\/si\/wp-json\/wp\/v2\/posts\/66151"}],"collection":[{"href":"https:\/\/hudo.com\/si\/wp-json\/wp\/v2\/posts"}],"about":[{"href":"https:\/\/hudo.com\/si\/wp-json\/wp\/v2\/types\/post"}],"author":[{"embeddable":true,"href":"https:\/\/hudo.com\/si\/wp-json\/wp\/v2\/users\/1"}],"replies":[{"embeddable":true,"href":"https:\/\/hudo.com\/si\/wp-json\/wp\/v2\/comments?post=66151"}],"version-history":[{"count":1,"href":"https:\/\/hudo.com\/si\/wp-json\/wp\/v2\/posts\/66151\/revisions"}],"predecessor-version":[{"id":66311,"href":"https:\/\/hudo.com\/si\/wp-json\/wp\/v2\/posts\/66151\/revisions\/66311"}],"wp:attachment":[{"href":"https:\/\/hudo.com\/si\/wp-json\/wp\/v2\/media?parent=66151"}],"wp:term":[{"taxonomy":"category","embeddable":true,"href":"https:\/\/hudo.com\/si\/wp-json\/wp\/v2\/categories?post=66151"},{"taxonomy":"post_tag","embeddable":true,"href":"https:\/\/hudo.com\/si\/wp-json\/wp\/v2\/tags?post=66151"},{"taxonomy":"source","embeddable":true,"href":"https:\/\/hudo.com\/si\/wp-json\/wp\/v2\/source?post=66151"},{"taxonomy":"supertag","embeddable":true,"href":"https:\/\/hudo.com\/si\/wp-json\/wp\/v2\/supertag?post=66151"}],"curies":[{"name":"wp","href":"https:\/\/api.w.org\/{rel}","templated":true}]}}