{"id":66159,"date":"2016-06-01T10:00:00","date_gmt":"2016-06-01T08:00:00","guid":{"rendered":"http:\/\/hudo.com\/si\/2016\/06\/01\/vrnimo-ime-neznanemu-junaku\/"},"modified":"2016-06-02T06:31:03","modified_gmt":"2016-06-02T04:31:03","slug":"vrnimo-ime-neznanemu-junaku","status":"publish","type":"post","link":"https:\/\/hudo.com\/si\/aktualno\/vrnimo-ime-neznanemu-junaku\/","title":{"rendered":"Vrnimo ime neznanemu junaku"},"content":{"rendered":"<p>Kategorija: Slovenija Wed, 01 Jun 2016 12:00:00 +0200  Vtis, da je slovensko osamosvojitev izvedla politi\u010dna elita, je napa\u010den. Osamosvojitev je izvedlo ljudstvo. Najprej z jasno izra\u017eeno voljo na plebiscitu, potem z naj\u0161ir\u0161im odporom proti agresiji jugoslovanske vojske. Oglasite se nam na naslov neznani.junak@delo.si. ***Sredi vojne je v kraju Moste v dana\u0161nji ob\u010dini Komenda obti\u010dal tank jugoslovanske armade. Ob samem za\u010detku vojne, 27. junija okrog treh pono\u010di, je tank zapustil vrhni\u0161ko voja\u0161nico, potem pa se je skkozi Ljubljano, \u010crnu\u010de, Trzin in Menge\u0161 prebijal proti mednarodonemu letali\u0161\u010du. In kot je navada pri okupacijah, naj bi dve tankovski koloni \u2013 druga se je proti Brniku prebijala prek \u0160entvida \u2013 zasedli letali\u0161\u010de. Kak\u0161nih osem kilometrov pred ciljem se je tank na cesti, ki povezuje Menge\u0161 in Brnik, pokvaril, posadka pa ga je zapustila. Potem so se okrog tanka za\u010deli zbirati doma\u010dini. Jekleno po\u0161ast so\u00a0&#8230;<\/p>\n","protected":false},"excerpt":{"rendered":"<p>Kategorija: Slovenija Wed, 01 Jun 2016 12:00:00 +0200  Vtis, da je slovensko osamosvojitev izvedla politi\u010dna elita, je napa\u010den. Osamosvojitev je izvedlo ljudstvo. Najprej z jasno izra\u017eeno voljo na plebiscitu, potem z naj\u0161ir\u0161im odporom proti agresiji jugoslovanske vojske. Oglasite se nam na naslov neznani.junak@delo.si. ***Sredi vojne je v kraju Moste v dana\u0161nji ob\u010dini Komenda obti\u010dal tank jugoslovanske armade. Ob samem za\u010detku vojne, 27. junija okrog treh pono\u010di, je tank zapustil vrhni\u0161ko voja\u0161nico, potem pa se je skkozi Ljubljano, \u010crnu\u010de, Trzin in Menge\u0161 prebijal proti mednarodonemu letali\u0161\u010du. In kot je navada pri okupacijah, naj bi dve tankovski koloni \u2013 druga se je proti Brniku prebijala prek \u0160entvida \u2013 zasedli letali\u0161\u010de. Kak\u0161nih osem kilometrov pred ciljem se je tank na cesti, ki povezuje Menge\u0161 in Brnik, pokvaril, posadka pa ga je zapustila. Potem so se okrog tanka za\u010deli zbirati doma\u010dini. Jekleno po\u0161ast so\u00a0&#8230;<\/p>\n","protected":false},"author":1,"featured_media":0,"comment_status":"closed","ping_status":"closed","sticky":false,"template":"","format":"standard","meta":{"footnotes":""},"categories":[1179],"tags":[],"source":[4511],"supertag":[],"acf":[],"yoast_head":"<!-- This site is optimized with the Yoast SEO plugin v21.3 - https:\/\/yoast.com\/wordpress\/plugins\/seo\/ -->\n<title>Vrnimo ime neznanemu junaku - Hudo Slovenija<\/title>\n<meta name=\"robots\" content=\"index, follow, max-snippet:-1, max-image-preview:large, max-video-preview:-1\" \/>\n<link rel=\"canonical\" href=\"https:\/\/hudo.com\/si\/aktualno\/vrnimo-ime-neznanemu-junaku\/\" \/>\n<meta property=\"og:locale\" content=\"sl_SI\" \/>\n<meta property=\"og:type\" content=\"article\" \/>\n<meta property=\"og:title\" content=\"Vrnimo ime neznanemu junaku - Hudo Slovenija\" \/>\n<meta property=\"og:description\" content=\"Kategorija: Slovenija Wed, 01 Jun 2016 12:00:00 +0200 Vtis, da je slovensko osamosvojitev izvedla politi\u010dna elita, je napa\u010den. Osamosvojitev je izvedlo ljudstvo. Najprej z jasno izra\u017eeno voljo na plebiscitu, potem z naj\u0161ir\u0161im odporom proti agresiji jugoslovanske vojske. Oglasite se nam na naslov neznani.junak@delo.si. ***Sredi vojne je v kraju Moste v dana\u0161nji ob\u010dini Komenda obti\u010dal tank jugoslovanske armade. Ob samem za\u010detku vojne, 27. junija okrog treh pono\u010di, je tank zapustil vrhni\u0161ko voja\u0161nico, potem pa se je skkozi Ljubljano, \u010crnu\u010de, Trzin in Menge\u0161 prebijal proti mednarodonemu letali\u0161\u010du. In kot je navada pri okupacijah, naj bi dve tankovski koloni \u2013 druga se je proti Brniku prebijala prek \u0160entvida \u2013 zasedli letali\u0161\u010de. Kak\u0161nih osem kilometrov pred ciljem se je tank na cesti, ki povezuje Menge\u0161 in Brnik, pokvaril, posadka pa ga je zapustila. Potem so se okrog tanka za\u010deli zbirati doma\u010dini. Jekleno po\u0161ast so\u00a0...\" \/>\n<meta property=\"og:url\" content=\"https:\/\/hudo.com\/si\/aktualno\/vrnimo-ime-neznanemu-junaku\/\" \/>\n<meta property=\"og:site_name\" content=\"Hudo Slovenija\" \/>\n<meta property=\"article:publisher\" content=\"https:\/\/www.facebook.com\/hudo.si\" \/>\n<meta property=\"article:published_time\" content=\"2016-06-01T08:00:00+00:00\" \/>\n<meta property=\"article:modified_time\" content=\"2016-06-02T04:31:03+00:00\" \/>\n<meta property=\"og:image\" content=\"https:\/\/hudo.com\/si\/wp-content\/uploads\/sites\/2\/2016\/06\/480x290_djvu_49398_popaj_vojna.jpeg\" \/>\n\t<meta property=\"og:image:width\" content=\"480\" \/>\n\t<meta property=\"og:image:height\" content=\"290\" \/>\n\t<meta property=\"og:image:type\" content=\"image\/jpeg\" \/>\n<meta name=\"author\" content=\"hudo\" \/>\n<meta name=\"twitter:card\" content=\"summary_large_image\" \/>\n<meta name=\"twitter:creator\" content=\"@hudo_si\" \/>\n<meta name=\"twitter:site\" content=\"@hudo_si\" \/>\n<meta name=\"twitter:label1\" content=\"Written by\" \/>\n\t<meta name=\"twitter:data1\" content=\"hudo\" \/>\n\t<meta name=\"twitter:label2\" content=\"Est. reading time\" \/>\n\t<meta name=\"twitter:data2\" content=\"1 minuta\" \/>\n<script type=\"application\/ld+json\" class=\"yoast-schema-graph\">{\"@context\":\"https:\/\/schema.org\",\"@graph\":[{\"@type\":\"Article\",\"@id\":\"https:\/\/hudo.com\/si\/aktualno\/vrnimo-ime-neznanemu-junaku\/#article\",\"isPartOf\":{\"@id\":\"https:\/\/hudo.com\/si\/aktualno\/vrnimo-ime-neznanemu-junaku\/\"},\"author\":{\"name\":\"hudo\",\"@id\":\"https:\/\/hudo.com\/si\/#\/schema\/person\/601cf3379633985b20f7e50f2bb47707\"},\"headline\":\"Vrnimo ime neznanemu junaku\",\"datePublished\":\"2016-06-01T08:00:00+00:00\",\"dateModified\":\"2016-06-02T04:31:03+00:00\",\"mainEntityOfPage\":{\"@id\":\"https:\/\/hudo.com\/si\/aktualno\/vrnimo-ime-neznanemu-junaku\/\"},\"wordCount\":159,\"publisher\":{\"@id\":\"https:\/\/hudo.com\/si\/#organization\"},\"articleSection\":[\"Aktualno\"],\"inLanguage\":\"sl-SI\"},{\"@type\":\"WebPage\",\"@id\":\"https:\/\/hudo.com\/si\/aktualno\/vrnimo-ime-neznanemu-junaku\/\",\"url\":\"https:\/\/hudo.com\/si\/aktualno\/vrnimo-ime-neznanemu-junaku\/\",\"name\":\"Vrnimo ime neznanemu junaku - Hudo Slovenija\",\"isPartOf\":{\"@id\":\"https:\/\/hudo.com\/si\/#website\"},\"datePublished\":\"2016-06-01T08:00:00+00:00\",\"dateModified\":\"2016-06-02T04:31:03+00:00\",\"breadcrumb\":{\"@id\":\"https:\/\/hudo.com\/si\/aktualno\/vrnimo-ime-neznanemu-junaku\/#breadcrumb\"},\"inLanguage\":\"sl-SI\",\"potentialAction\":[{\"@type\":\"ReadAction\",\"target\":[\"https:\/\/hudo.com\/si\/aktualno\/vrnimo-ime-neznanemu-junaku\/\"]}]},{\"@type\":\"BreadcrumbList\",\"@id\":\"https:\/\/hudo.com\/si\/aktualno\/vrnimo-ime-neznanemu-junaku\/#breadcrumb\",\"itemListElement\":[{\"@type\":\"ListItem\",\"position\":1,\"name\":\"Home\",\"item\":\"https:\/\/hudo.com\/si\/\"},{\"@type\":\"ListItem\",\"position\":2,\"name\":\"Vrnimo ime neznanemu junaku\"}]},{\"@type\":\"WebSite\",\"@id\":\"https:\/\/hudo.com\/si\/#website\",\"url\":\"https:\/\/hudo.com\/si\/\",\"name\":\"Hudo Slovenija\",\"description\":\"Vse novice iz Slovenije in sveta\",\"publisher\":{\"@id\":\"https:\/\/hudo.com\/si\/#organization\"},\"potentialAction\":[{\"@type\":\"SearchAction\",\"target\":{\"@type\":\"EntryPoint\",\"urlTemplate\":\"https:\/\/hudo.com\/si\/?s={search_term_string}\"},\"query-input\":\"required name=search_term_string\"}],\"inLanguage\":\"sl-SI\"},{\"@type\":\"Organization\",\"@id\":\"https:\/\/hudo.com\/si\/#organization\",\"name\":\"VSN Media\",\"url\":\"https:\/\/hudo.com\/si\/\",\"logo\":{\"@type\":\"ImageObject\",\"inLanguage\":\"sl-SI\",\"@id\":\"https:\/\/hudo.com\/si\/#\/schema\/logo\/image\/\",\"url\":\"https:\/\/hudo.com\/si\/wp-content\/uploads\/sites\/2\/2021\/03\/hudo-app-2.png\",\"contentUrl\":\"https:\/\/hudo.com\/si\/wp-content\/uploads\/sites\/2\/2021\/03\/hudo-app-2.png\",\"width\":2185,\"height\":2167,\"caption\":\"VSN Media\"},\"image\":{\"@id\":\"https:\/\/hudo.com\/si\/#\/schema\/logo\/image\/\"},\"sameAs\":[\"https:\/\/www.facebook.com\/hudo.si\",\"https:\/\/twitter.com\/hudo_si\"]},{\"@type\":\"Person\",\"@id\":\"https:\/\/hudo.com\/si\/#\/schema\/person\/601cf3379633985b20f7e50f2bb47707\",\"name\":\"hudo\",\"image\":{\"@type\":\"ImageObject\",\"inLanguage\":\"sl-SI\",\"@id\":\"https:\/\/hudo.com\/si\/#\/schema\/person\/image\/\",\"url\":\"https:\/\/secure.gravatar.com\/avatar\/c4ca25fa72cace7a696b52ff5db9e095?s=96&d=mm&r=g\",\"contentUrl\":\"https:\/\/secure.gravatar.com\/avatar\/c4ca25fa72cace7a696b52ff5db9e095?s=96&d=mm&r=g\",\"caption\":\"hudo\"},\"url\":\"https:\/\/hudo.com\/si\/author\/hudo\/\"}]}<\/script>\n<!-- \/ Yoast SEO plugin. -->","yoast_head_json":{"title":"Vrnimo ime neznanemu junaku - Hudo Slovenija","robots":{"index":"index","follow":"follow","max-snippet":"max-snippet:-1","max-image-preview":"max-image-preview:large","max-video-preview":"max-video-preview:-1"},"canonical":"https:\/\/hudo.com\/si\/aktualno\/vrnimo-ime-neznanemu-junaku\/","og_locale":"sl_SI","og_type":"article","og_title":"Vrnimo ime neznanemu junaku - Hudo Slovenija","og_description":"Kategorija: Slovenija Wed, 01 Jun 2016 12:00:00 +0200 Vtis, da je slovensko osamosvojitev izvedla politi\u010dna elita, je napa\u010den. Osamosvojitev je izvedlo ljudstvo. Najprej z jasno izra\u017eeno voljo na plebiscitu, potem z naj\u0161ir\u0161im odporom proti agresiji jugoslovanske vojske. Oglasite se nam na naslov neznani.junak@delo.si. ***Sredi vojne je v kraju Moste v dana\u0161nji ob\u010dini Komenda obti\u010dal tank jugoslovanske armade. Ob samem za\u010detku vojne, 27. junija okrog treh pono\u010di, je tank zapustil vrhni\u0161ko voja\u0161nico, potem pa se je skkozi Ljubljano, \u010crnu\u010de, Trzin in Menge\u0161 prebijal proti mednarodonemu letali\u0161\u010du. In kot je navada pri okupacijah, naj bi dve tankovski koloni \u2013 druga se je proti Brniku prebijala prek \u0160entvida \u2013 zasedli letali\u0161\u010de. Kak\u0161nih osem kilometrov pred ciljem se je tank na cesti, ki povezuje Menge\u0161 in Brnik, pokvaril, posadka pa ga je zapustila. Potem so se okrog tanka za\u010deli zbirati doma\u010dini. Jekleno po\u0161ast so\u00a0...","og_url":"https:\/\/hudo.com\/si\/aktualno\/vrnimo-ime-neznanemu-junaku\/","og_site_name":"Hudo Slovenija","article_publisher":"https:\/\/www.facebook.com\/hudo.si","article_published_time":"2016-06-01T08:00:00+00:00","article_modified_time":"2016-06-02T04:31:03+00:00","og_image":[{"width":480,"height":290,"url":"https:\/\/hudo.com\/si\/wp-content\/uploads\/sites\/2\/2016\/06\/480x290_djvu_49398_popaj_vojna.jpeg","type":"image\/jpeg"}],"author":"hudo","twitter_card":"summary_large_image","twitter_creator":"@hudo_si","twitter_site":"@hudo_si","twitter_misc":{"Written by":"hudo","Est. reading time":"1 minuta"},"schema":{"@context":"https:\/\/schema.org","@graph":[{"@type":"Article","@id":"https:\/\/hudo.com\/si\/aktualno\/vrnimo-ime-neznanemu-junaku\/#article","isPartOf":{"@id":"https:\/\/hudo.com\/si\/aktualno\/vrnimo-ime-neznanemu-junaku\/"},"author":{"name":"hudo","@id":"https:\/\/hudo.com\/si\/#\/schema\/person\/601cf3379633985b20f7e50f2bb47707"},"headline":"Vrnimo ime neznanemu junaku","datePublished":"2016-06-01T08:00:00+00:00","dateModified":"2016-06-02T04:31:03+00:00","mainEntityOfPage":{"@id":"https:\/\/hudo.com\/si\/aktualno\/vrnimo-ime-neznanemu-junaku\/"},"wordCount":159,"publisher":{"@id":"https:\/\/hudo.com\/si\/#organization"},"articleSection":["Aktualno"],"inLanguage":"sl-SI"},{"@type":"WebPage","@id":"https:\/\/hudo.com\/si\/aktualno\/vrnimo-ime-neznanemu-junaku\/","url":"https:\/\/hudo.com\/si\/aktualno\/vrnimo-ime-neznanemu-junaku\/","name":"Vrnimo ime neznanemu junaku - Hudo Slovenija","isPartOf":{"@id":"https:\/\/hudo.com\/si\/#website"},"datePublished":"2016-06-01T08:00:00+00:00","dateModified":"2016-06-02T04:31:03+00:00","breadcrumb":{"@id":"https:\/\/hudo.com\/si\/aktualno\/vrnimo-ime-neznanemu-junaku\/#breadcrumb"},"inLanguage":"sl-SI","potentialAction":[{"@type":"ReadAction","target":["https:\/\/hudo.com\/si\/aktualno\/vrnimo-ime-neznanemu-junaku\/"]}]},{"@type":"BreadcrumbList","@id":"https:\/\/hudo.com\/si\/aktualno\/vrnimo-ime-neznanemu-junaku\/#breadcrumb","itemListElement":[{"@type":"ListItem","position":1,"name":"Home","item":"https:\/\/hudo.com\/si\/"},{"@type":"ListItem","position":2,"name":"Vrnimo ime neznanemu junaku"}]},{"@type":"WebSite","@id":"https:\/\/hudo.com\/si\/#website","url":"https:\/\/hudo.com\/si\/","name":"Hudo Slovenija","description":"Vse novice iz Slovenije in sveta","publisher":{"@id":"https:\/\/hudo.com\/si\/#organization"},"potentialAction":[{"@type":"SearchAction","target":{"@type":"EntryPoint","urlTemplate":"https:\/\/hudo.com\/si\/?s={search_term_string}"},"query-input":"required name=search_term_string"}],"inLanguage":"sl-SI"},{"@type":"Organization","@id":"https:\/\/hudo.com\/si\/#organization","name":"VSN Media","url":"https:\/\/hudo.com\/si\/","logo":{"@type":"ImageObject","inLanguage":"sl-SI","@id":"https:\/\/hudo.com\/si\/#\/schema\/logo\/image\/","url":"https:\/\/hudo.com\/si\/wp-content\/uploads\/sites\/2\/2021\/03\/hudo-app-2.png","contentUrl":"https:\/\/hudo.com\/si\/wp-content\/uploads\/sites\/2\/2021\/03\/hudo-app-2.png","width":2185,"height":2167,"caption":"VSN Media"},"image":{"@id":"https:\/\/hudo.com\/si\/#\/schema\/logo\/image\/"},"sameAs":["https:\/\/www.facebook.com\/hudo.si","https:\/\/twitter.com\/hudo_si"]},{"@type":"Person","@id":"https:\/\/hudo.com\/si\/#\/schema\/person\/601cf3379633985b20f7e50f2bb47707","name":"hudo","image":{"@type":"ImageObject","inLanguage":"sl-SI","@id":"https:\/\/hudo.com\/si\/#\/schema\/person\/image\/","url":"https:\/\/secure.gravatar.com\/avatar\/c4ca25fa72cace7a696b52ff5db9e095?s=96&d=mm&r=g","contentUrl":"https:\/\/secure.gravatar.com\/avatar\/c4ca25fa72cace7a696b52ff5db9e095?s=96&d=mm&r=g","caption":"hudo"},"url":"https:\/\/hudo.com\/si\/author\/hudo\/"}]}},"amp_enabled":true,"_links":{"self":[{"href":"https:\/\/hudo.com\/si\/wp-json\/wp\/v2\/posts\/66159"}],"collection":[{"href":"https:\/\/hudo.com\/si\/wp-json\/wp\/v2\/posts"}],"about":[{"href":"https:\/\/hudo.com\/si\/wp-json\/wp\/v2\/types\/post"}],"author":[{"embeddable":true,"href":"https:\/\/hudo.com\/si\/wp-json\/wp\/v2\/users\/1"}],"replies":[{"embeddable":true,"href":"https:\/\/hudo.com\/si\/wp-json\/wp\/v2\/comments?post=66159"}],"version-history":[{"count":1,"href":"https:\/\/hudo.com\/si\/wp-json\/wp\/v2\/posts\/66159\/revisions"}],"predecessor-version":[{"id":66314,"href":"https:\/\/hudo.com\/si\/wp-json\/wp\/v2\/posts\/66159\/revisions\/66314"}],"wp:attachment":[{"href":"https:\/\/hudo.com\/si\/wp-json\/wp\/v2\/media?parent=66159"}],"wp:term":[{"taxonomy":"category","embeddable":true,"href":"https:\/\/hudo.com\/si\/wp-json\/wp\/v2\/categories?post=66159"},{"taxonomy":"post_tag","embeddable":true,"href":"https:\/\/hudo.com\/si\/wp-json\/wp\/v2\/tags?post=66159"},{"taxonomy":"source","embeddable":true,"href":"https:\/\/hudo.com\/si\/wp-json\/wp\/v2\/source?post=66159"},{"taxonomy":"supertag","embeddable":true,"href":"https:\/\/hudo.com\/si\/wp-json\/wp\/v2\/supertag?post=66159"}],"curies":[{"name":"wp","href":"https:\/\/api.w.org\/{rel}","templated":true}]}}