{"id":66771,"date":"2016-06-02T11:21:25","date_gmt":"2016-06-02T09:21:25","guid":{"rendered":"http:\/\/hudo.com\/si\/?p=66771"},"modified":"2016-06-02T14:34:09","modified_gmt":"2016-06-02T12:34:09","slug":"poglejte-kaksno-razdejanje-za-sabo-pustile-poplave-v-franciji-nemciji","status":"publish","type":"post","link":"https:\/\/hudo.com\/si\/aktualno\/poglejte-kaksno-razdejanje-za-sabo-pustile-poplave-v-franciji-nemciji\/","title":{"rendered":"Poglejte kak\u0161no razdejanje so za sabo pustile poplave v Franciji in Nem\u010diji"},"content":{"rendered":"<div class=\"text\">\n<div class=\"text\">\n<p>Hude poplave v bavarski upravni regiji Spodnja Bavarska so terjale pet \u017eivljenj, potem ko so danes na\u0161li mrtvega 75-letnega mo\u0161kega v mestu Simbach am Inn, ki so ga pogre\u0161ali, poro\u010da nem\u0161ka tiskovna agencija dpa. V nekaterih krajih okro\u017eja Rottal-Inn so danes \u017ee za\u010deli s \u010drpanjem poplavnih vod iz stavb.<\/p>\n<p>Oblasti opozarjajo na mo\u017enost nadaljnjega nara\u0161\u010danja voda zaradi neviht, ki so po prvih ocenah doslej povzro\u010dile za ve\u010d kot 10 milijonov evrov \u0161kode.<\/p>\n<p>V Franciji je zaradi poplav svoje domove moralo zapustiti okoli 5500 ljudi. Po besedah francoskega premierja Manuela Vallsa razmere ostajajo napete. Po vsej verjetnosti bodo potrebne nove evakuacije. Od za\u010detka neurij v nedeljo, ki so prizadela predvsem osrednji severni del Francije, so morali gasilci posredovati ve\u010d kot 10.500-krat. V Parizu je do danes znova narasel vodostaj Sene, zato so ni\u017eje le\u017ee\u010de ceste ob bregovih reke zaprte.<\/p>\n<\/div>\n<h2>Francija<\/h2>\n<div id='gallery-1' class='gallery galleryid-66771 gallery-columns-3 gallery-size-thumbnail'><figure class='gallery-item'>\n\t\t\t<div class='gallery-icon landscape'>\n\t\t\t\t<a href='https:\/\/hudo.com\/si\/aktualno\/poglejte-kaksno-razdejanje-za-sabo-pustile-poplave-v-franciji-nemciji\/attachment\/general-atmosphere-after-the-flood-along-seine-river-in-paris\/'><img loading=\"lazy\" decoding=\"async\" width=\"150\" height=\"150\" src=\"https:\/\/hudo.com\/si\/wp-content\/uploads\/sites\/2\/2016\/06\/profimedia-0288393425-150x150.jpg\" class=\"attachment-thumbnail size-thumbnail\" alt=\"\" aria-describedby=\"gallery-1-66782\" srcset=\"https:\/\/hudo.com\/si\/wp-content\/uploads\/sites\/2\/2016\/06\/profimedia-0288393425-150x150.jpg 150w, https:\/\/hudo.com\/si\/wp-content\/uploads\/sites\/2\/2016\/06\/profimedia-0288393425-60x60.jpg 60w\" sizes=\"(max-width: 150px) 100vw, 150px\" \/><\/a>\n\t\t\t<\/div>\n\t\t\t\t<figcaption class='wp-caption-text gallery-caption' id='gallery-1-66782'>\n\t\t\t\tFoto: Profimedia\n\t\t\t\t<\/figcaption><\/figure><figure class='gallery-item'>\n\t\t\t<div class='gallery-icon landscape'>\n\t\t\t\t<a href='https:\/\/hudo.com\/si\/aktualno\/poglejte-kaksno-razdejanje-za-sabo-pustile-poplave-v-franciji-nemciji\/attachment\/general-atmosphere-after-the-flood-along-seine-river-in-paris-2\/'><img loading=\"lazy\" decoding=\"async\" width=\"150\" height=\"150\" src=\"https:\/\/hudo.com\/si\/wp-content\/uploads\/sites\/2\/2016\/06\/profimedia-0288393455-150x150.jpg\" class=\"attachment-thumbnail size-thumbnail\" alt=\"\" aria-describedby=\"gallery-1-66783\" srcset=\"https:\/\/hudo.com\/si\/wp-content\/uploads\/sites\/2\/2016\/06\/profimedia-0288393455-150x150.jpg 150w, https:\/\/hudo.com\/si\/wp-content\/uploads\/sites\/2\/2016\/06\/profimedia-0288393455-60x60.jpg 60w\" sizes=\"(max-width: 150px) 100vw, 150px\" \/><\/a>\n\t\t\t<\/div>\n\t\t\t\t<figcaption class='wp-caption-text gallery-caption' id='gallery-1-66783'>\n\t\t\t\tFoto: Profimedia\n\t\t\t\t<\/figcaption><\/figure><figure class='gallery-item'>\n\t\t\t<div class='gallery-icon landscape'>\n\t\t\t\t<a href='https:\/\/hudo.com\/si\/aktualno\/poglejte-kaksno-razdejanje-za-sabo-pustile-poplave-v-franciji-nemciji\/attachment\/general-atmosphere-after-the-flood-along-seine-river-in-paris-3\/'><img loading=\"lazy\" decoding=\"async\" width=\"150\" height=\"150\" src=\"https:\/\/hudo.com\/si\/wp-content\/uploads\/sites\/2\/2016\/06\/profimedia-0288393527-150x150.jpg\" class=\"attachment-thumbnail size-thumbnail\" alt=\"\" aria-describedby=\"gallery-1-66784\" srcset=\"https:\/\/hudo.com\/si\/wp-content\/uploads\/sites\/2\/2016\/06\/profimedia-0288393527-150x150.jpg 150w, https:\/\/hudo.com\/si\/wp-content\/uploads\/sites\/2\/2016\/06\/profimedia-0288393527-60x60.jpg 60w\" sizes=\"(max-width: 150px) 100vw, 150px\" \/><\/a>\n\t\t\t<\/div>\n\t\t\t\t<figcaption class='wp-caption-text gallery-caption' id='gallery-1-66784'>\n\t\t\t\tFoto: Profimedia\n\t\t\t\t<\/figcaption><\/figure><figure class='gallery-item'>\n\t\t\t<div class='gallery-icon portrait'>\n\t\t\t\t<a href='https:\/\/hudo.com\/si\/aktualno\/poglejte-kaksno-razdejanje-za-sabo-pustile-poplave-v-franciji-nemciji\/attachment\/paris-crue-de-la-seine\/'><img loading=\"lazy\" decoding=\"async\" width=\"150\" height=\"150\" src=\"https:\/\/hudo.com\/si\/wp-content\/uploads\/sites\/2\/2016\/06\/profimedia-0288398590-150x150.jpg\" class=\"attachment-thumbnail size-thumbnail\" alt=\"\" aria-describedby=\"gallery-1-66785\" srcset=\"https:\/\/hudo.com\/si\/wp-content\/uploads\/sites\/2\/2016\/06\/profimedia-0288398590-150x150.jpg 150w, https:\/\/hudo.com\/si\/wp-content\/uploads\/sites\/2\/2016\/06\/profimedia-0288398590-60x60.jpg 60w\" sizes=\"(max-width: 150px) 100vw, 150px\" \/><\/a>\n\t\t\t<\/div>\n\t\t\t\t<figcaption class='wp-caption-text gallery-caption' id='gallery-1-66785'>\n\t\t\t\tFoto: Profimedia\n\t\t\t\t<\/figcaption><\/figure><figure class='gallery-item'>\n\t\t\t<div class='gallery-icon landscape'>\n\t\t\t\t<a href='https:\/\/hudo.com\/si\/aktualno\/poglejte-kaksno-razdejanje-za-sabo-pustile-poplave-v-franciji-nemciji\/attachment\/inondations-dans-lyonne\/'><img loading=\"lazy\" decoding=\"async\" width=\"150\" height=\"150\" src=\"https:\/\/hudo.com\/si\/wp-content\/uploads\/sites\/2\/2016\/06\/profimedia-0288402310-150x150.jpg\" class=\"attachment-thumbnail size-thumbnail\" alt=\"\" aria-describedby=\"gallery-1-66786\" srcset=\"https:\/\/hudo.com\/si\/wp-content\/uploads\/sites\/2\/2016\/06\/profimedia-0288402310-150x150.jpg 150w, https:\/\/hudo.com\/si\/wp-content\/uploads\/sites\/2\/2016\/06\/profimedia-0288402310-60x60.jpg 60w\" sizes=\"(max-width: 150px) 100vw, 150px\" \/><\/a>\n\t\t\t<\/div>\n\t\t\t\t<figcaption class='wp-caption-text gallery-caption' id='gallery-1-66786'>\n\t\t\t\tFoto: Profimedia\n\t\t\t\t<\/figcaption><\/figure><figure class='gallery-item'>\n\t\t\t<div class='gallery-icon landscape'>\n\t\t\t\t<a href='https:\/\/hudo.com\/si\/aktualno\/poglejte-kaksno-razdejanje-za-sabo-pustile-poplave-v-franciji-nemciji\/attachment\/inondations-dans-lyonne-2\/'><img loading=\"lazy\" decoding=\"async\" width=\"150\" height=\"150\" src=\"https:\/\/hudo.com\/si\/wp-content\/uploads\/sites\/2\/2016\/06\/profimedia-0288402318-150x150.jpg\" class=\"attachment-thumbnail size-thumbnail\" alt=\"\" aria-describedby=\"gallery-1-66787\" srcset=\"https:\/\/hudo.com\/si\/wp-content\/uploads\/sites\/2\/2016\/06\/profimedia-0288402318-150x150.jpg 150w, https:\/\/hudo.com\/si\/wp-content\/uploads\/sites\/2\/2016\/06\/profimedia-0288402318-60x60.jpg 60w\" sizes=\"(max-width: 150px) 100vw, 150px\" \/><\/a>\n\t\t\t<\/div>\n\t\t\t\t<figcaption class='wp-caption-text gallery-caption' id='gallery-1-66787'>\n\t\t\t\tFoto: Profimedia\n\t\t\t\t<\/figcaption><\/figure><figure class='gallery-item'>\n\t\t\t<div class='gallery-icon landscape'>\n\t\t\t\t<a href='https:\/\/hudo.com\/si\/aktualno\/poglejte-kaksno-razdejanje-za-sabo-pustile-poplave-v-franciji-nemciji\/attachment\/france-seine-river-overflowed-embankments-in-paris\/'><img loading=\"lazy\" decoding=\"async\" width=\"150\" height=\"150\" src=\"https:\/\/hudo.com\/si\/wp-content\/uploads\/sites\/2\/2016\/06\/profimedia-0288406357-150x150.jpg\" class=\"attachment-thumbnail size-thumbnail\" alt=\"\" aria-describedby=\"gallery-1-66788\" srcset=\"https:\/\/hudo.com\/si\/wp-content\/uploads\/sites\/2\/2016\/06\/profimedia-0288406357-150x150.jpg 150w, https:\/\/hudo.com\/si\/wp-content\/uploads\/sites\/2\/2016\/06\/profimedia-0288406357-60x60.jpg 60w\" sizes=\"(max-width: 150px) 100vw, 150px\" \/><\/a>\n\t\t\t<\/div>\n\t\t\t\t<figcaption class='wp-caption-text gallery-caption' id='gallery-1-66788'>\n\t\t\t\tFoto: Profimedia\n\t\t\t\t<\/figcaption><\/figure><figure class='gallery-item'>\n\t\t\t<div class='gallery-icon landscape'>\n\t\t\t\t<a href='https:\/\/hudo.com\/si\/aktualno\/poglejte-kaksno-razdejanje-za-sabo-pustile-poplave-v-franciji-nemciji\/attachment\/is-paris-threatened-by-flood-of-the-century\/'><img loading=\"lazy\" decoding=\"async\" width=\"150\" height=\"150\" src=\"https:\/\/hudo.com\/si\/wp-content\/uploads\/sites\/2\/2016\/06\/profimedia-0288411718-150x150.jpg\" class=\"attachment-thumbnail size-thumbnail\" alt=\"\" aria-describedby=\"gallery-1-66789\" srcset=\"https:\/\/hudo.com\/si\/wp-content\/uploads\/sites\/2\/2016\/06\/profimedia-0288411718-150x150.jpg 150w, https:\/\/hudo.com\/si\/wp-content\/uploads\/sites\/2\/2016\/06\/profimedia-0288411718-60x60.jpg 60w\" sizes=\"(max-width: 150px) 100vw, 150px\" \/><\/a>\n\t\t\t<\/div>\n\t\t\t\t<figcaption class='wp-caption-text gallery-caption' id='gallery-1-66789'>\n\t\t\t\tFoto: Profimedia\n\t\t\t\t<\/figcaption><\/figure><figure class='gallery-item'>\n\t\t\t<div class='gallery-icon portrait'>\n\t\t\t\t<a href='https:\/\/hudo.com\/si\/aktualno\/poglejte-kaksno-razdejanje-za-sabo-pustile-poplave-v-franciji-nemciji\/attachment\/is-paris-threatened-by-flood-of-the-century-2\/'><img loading=\"lazy\" decoding=\"async\" width=\"150\" height=\"150\" src=\"https:\/\/hudo.com\/si\/wp-content\/uploads\/sites\/2\/2016\/06\/profimedia-0288411726-150x150.jpg\" class=\"attachment-thumbnail size-thumbnail\" alt=\"\" aria-describedby=\"gallery-1-66790\" srcset=\"https:\/\/hudo.com\/si\/wp-content\/uploads\/sites\/2\/2016\/06\/profimedia-0288411726-150x150.jpg 150w, https:\/\/hudo.com\/si\/wp-content\/uploads\/sites\/2\/2016\/06\/profimedia-0288411726-60x60.jpg 60w\" sizes=\"(max-width: 150px) 100vw, 150px\" \/><\/a>\n\t\t\t<\/div>\n\t\t\t\t<figcaption class='wp-caption-text gallery-caption' id='gallery-1-66790'>\n\t\t\t\tFoto: Profimedia\n\t\t\t\t<\/figcaption><\/figure>\n\t\t<\/div>\n\n<h2>Nem\u010dija<\/h2>\n<div id='gallery-2' class='gallery galleryid-66771 gallery-columns-3 gallery-size-thumbnail'><figure class='gallery-item'>\n\t\t\t<div class='gallery-icon landscape'>\n\t\t\t\t<a href='https:\/\/hudo.com\/si\/aktualno\/poglejte-kaksno-razdejanje-za-sabo-pustile-poplave-v-franciji-nemciji\/attachment\/flooding-damage-at-simbach-at-the-inn\/'><img loading=\"lazy\" decoding=\"async\" width=\"150\" height=\"150\" src=\"https:\/\/hudo.com\/si\/wp-content\/uploads\/sites\/2\/2016\/06\/profimedia-0288528373-150x150.jpg\" class=\"attachment-thumbnail size-thumbnail\" alt=\"\" aria-describedby=\"gallery-2-66772\" srcset=\"https:\/\/hudo.com\/si\/wp-content\/uploads\/sites\/2\/2016\/06\/profimedia-0288528373-150x150.jpg 150w, https:\/\/hudo.com\/si\/wp-content\/uploads\/sites\/2\/2016\/06\/profimedia-0288528373-60x60.jpg 60w\" sizes=\"(max-width: 150px) 100vw, 150px\" \/><\/a>\n\t\t\t<\/div>\n\t\t\t\t<figcaption class='wp-caption-text gallery-caption' id='gallery-2-66772'>\n\t\t\t\tFoto: Profimedia\n\t\t\t\t<\/figcaption><\/figure><figure class='gallery-item'>\n\t\t\t<div class='gallery-icon landscape'>\n\t\t\t\t<a href='https:\/\/hudo.com\/si\/aktualno\/poglejte-kaksno-razdejanje-za-sabo-pustile-poplave-v-franciji-nemciji\/attachment\/flooding-damage-at-simbach-at-the-inn-2\/'><img loading=\"lazy\" decoding=\"async\" width=\"150\" height=\"150\" src=\"https:\/\/hudo.com\/si\/wp-content\/uploads\/sites\/2\/2016\/06\/profimedia-0288528375-150x150.jpg\" class=\"attachment-thumbnail size-thumbnail\" alt=\"\" aria-describedby=\"gallery-2-66773\" srcset=\"https:\/\/hudo.com\/si\/wp-content\/uploads\/sites\/2\/2016\/06\/profimedia-0288528375-150x150.jpg 150w, https:\/\/hudo.com\/si\/wp-content\/uploads\/sites\/2\/2016\/06\/profimedia-0288528375-60x60.jpg 60w\" sizes=\"(max-width: 150px) 100vw, 150px\" \/><\/a>\n\t\t\t<\/div>\n\t\t\t\t<figcaption class='wp-caption-text gallery-caption' id='gallery-2-66773'>\n\t\t\t\tFoto: Profimedia\n\t\t\t\t<\/figcaption><\/figure><figure class='gallery-item'>\n\t\t\t<div class='gallery-icon landscape'>\n\t\t\t\t<a href='https:\/\/hudo.com\/si\/aktualno\/poglejte-kaksno-razdejanje-za-sabo-pustile-poplave-v-franciji-nemciji\/attachment\/flooding-damage-at-simbach-at-the-inn-3\/'><img loading=\"lazy\" decoding=\"async\" width=\"150\" height=\"150\" src=\"https:\/\/hudo.com\/si\/wp-content\/uploads\/sites\/2\/2016\/06\/profimedia-0288528378-150x150.jpg\" class=\"attachment-thumbnail size-thumbnail\" alt=\"\" aria-describedby=\"gallery-2-66774\" srcset=\"https:\/\/hudo.com\/si\/wp-content\/uploads\/sites\/2\/2016\/06\/profimedia-0288528378-150x150.jpg 150w, https:\/\/hudo.com\/si\/wp-content\/uploads\/sites\/2\/2016\/06\/profimedia-0288528378-60x60.jpg 60w\" sizes=\"(max-width: 150px) 100vw, 150px\" \/><\/a>\n\t\t\t<\/div>\n\t\t\t\t<figcaption class='wp-caption-text gallery-caption' id='gallery-2-66774'>\n\t\t\t\tFoto: Profimedia\n\t\t\t\t<\/figcaption><\/figure><figure class='gallery-item'>\n\t\t\t<div class='gallery-icon portrait'>\n\t\t\t\t<a href='https:\/\/hudo.com\/si\/aktualno\/poglejte-kaksno-razdejanje-za-sabo-pustile-poplave-v-franciji-nemciji\/attachment\/flooding-damage-at-simbach-at-the-inn-4\/'><img loading=\"lazy\" decoding=\"async\" width=\"150\" height=\"150\" src=\"https:\/\/hudo.com\/si\/wp-content\/uploads\/sites\/2\/2016\/06\/profimedia-0288528405-150x150.jpg\" class=\"attachment-thumbnail size-thumbnail\" alt=\"\" aria-describedby=\"gallery-2-66775\" srcset=\"https:\/\/hudo.com\/si\/wp-content\/uploads\/sites\/2\/2016\/06\/profimedia-0288528405-150x150.jpg 150w, https:\/\/hudo.com\/si\/wp-content\/uploads\/sites\/2\/2016\/06\/profimedia-0288528405-60x60.jpg 60w\" sizes=\"(max-width: 150px) 100vw, 150px\" \/><\/a>\n\t\t\t<\/div>\n\t\t\t\t<figcaption class='wp-caption-text gallery-caption' id='gallery-2-66775'>\n\t\t\t\tFoto: Profimedia\n\t\t\t\t<\/figcaption><\/figure><figure class='gallery-item'>\n\t\t\t<div class='gallery-icon landscape'>\n\t\t\t\t<a href='https:\/\/hudo.com\/si\/aktualno\/poglejte-kaksno-razdejanje-za-sabo-pustile-poplave-v-franciji-nemciji\/attachment\/flooding-damage-at-simbach-at-the-inn-5\/'><img loading=\"lazy\" decoding=\"async\" width=\"150\" height=\"150\" src=\"https:\/\/hudo.com\/si\/wp-content\/uploads\/sites\/2\/2016\/06\/profimedia-0288528409-150x150.jpg\" class=\"attachment-thumbnail size-thumbnail\" alt=\"\" aria-describedby=\"gallery-2-66776\" srcset=\"https:\/\/hudo.com\/si\/wp-content\/uploads\/sites\/2\/2016\/06\/profimedia-0288528409-150x150.jpg 150w, https:\/\/hudo.com\/si\/wp-content\/uploads\/sites\/2\/2016\/06\/profimedia-0288528409-60x60.jpg 60w\" sizes=\"(max-width: 150px) 100vw, 150px\" \/><\/a>\n\t\t\t<\/div>\n\t\t\t\t<figcaption class='wp-caption-text gallery-caption' id='gallery-2-66776'>\n\t\t\t\tFoto: Profimedia\n\t\t\t\t<\/figcaption><\/figure><figure class='gallery-item'>\n\t\t\t<div class='gallery-icon landscape'>\n\t\t\t\t<a href='https:\/\/hudo.com\/si\/aktualno\/poglejte-kaksno-razdejanje-za-sabo-pustile-poplave-v-franciji-nemciji\/attachment\/flooding-damage-at-simbach-at-the-inn-6\/'><img loading=\"lazy\" decoding=\"async\" width=\"150\" height=\"150\" src=\"https:\/\/hudo.com\/si\/wp-content\/uploads\/sites\/2\/2016\/06\/profimedia-0288528415-150x150.jpg\" class=\"attachment-thumbnail size-thumbnail\" alt=\"\" aria-describedby=\"gallery-2-66777\" srcset=\"https:\/\/hudo.com\/si\/wp-content\/uploads\/sites\/2\/2016\/06\/profimedia-0288528415-150x150.jpg 150w, https:\/\/hudo.com\/si\/wp-content\/uploads\/sites\/2\/2016\/06\/profimedia-0288528415-60x60.jpg 60w\" sizes=\"(max-width: 150px) 100vw, 150px\" \/><\/a>\n\t\t\t<\/div>\n\t\t\t\t<figcaption class='wp-caption-text gallery-caption' id='gallery-2-66777'>\n\t\t\t\tFoto: Profimedia\n\t\t\t\t<\/figcaption><\/figure><figure class='gallery-item'>\n\t\t\t<div class='gallery-icon landscape'>\n\t\t\t\t<a href='https:\/\/hudo.com\/si\/aktualno\/poglejte-kaksno-razdejanje-za-sabo-pustile-poplave-v-franciji-nemciji\/attachment\/flooding-damage-at-simbach-at-the-inn-7\/'><img loading=\"lazy\" decoding=\"async\" width=\"150\" height=\"150\" src=\"https:\/\/hudo.com\/si\/wp-content\/uploads\/sites\/2\/2016\/06\/profimedia-0288528425-150x150.jpg\" class=\"attachment-thumbnail size-thumbnail\" alt=\"\" aria-describedby=\"gallery-2-66778\" srcset=\"https:\/\/hudo.com\/si\/wp-content\/uploads\/sites\/2\/2016\/06\/profimedia-0288528425-150x150.jpg 150w, https:\/\/hudo.com\/si\/wp-content\/uploads\/sites\/2\/2016\/06\/profimedia-0288528425-60x60.jpg 60w\" sizes=\"(max-width: 150px) 100vw, 150px\" \/><\/a>\n\t\t\t<\/div>\n\t\t\t\t<figcaption class='wp-caption-text gallery-caption' id='gallery-2-66778'>\n\t\t\t\tFoto: Profimedia\n\t\t\t\t<\/figcaption><\/figure>\n\t\t<\/div>\n\n<\/div>\n","protected":false},"excerpt":{"rendered":"<p>Zaradi mo\u010dnega de\u017eevja, ki je v zadnjih dneh zajelo Francijo in Nem\u010dijo in spro\u017eilo poplave, se tudi danes spopadajo z naraslimi vodami in posledicami. V Nem\u010diji so ponekod za\u010deli \u010drpati vodo iz stavb, pogre\u0161ajo pa \u0161e eno osebo. V Franciji je moralo domove zaradi poplav zapustiti ve\u010d tiso\u010d ljudi, verjetno pa bodo potrebne \u0161e nove evakuacije.<\/p>\n","protected":false},"author":5,"featured_media":66792,"comment_status":"closed","ping_status":"closed","sticky":false,"template":"","format":"standard","meta":{"footnotes":""},"categories":[1179],"tags":[2018,3628,5405],"source":[4511],"supertag":[],"acf":[],"yoast_head":"<!-- This site is optimized with the Yoast SEO plugin v21.3 - https:\/\/yoast.com\/wordpress\/plugins\/seo\/ -->\n<title>Poglejte kak\u0161no razdejanje so za sabo pustile poplave v Franciji in Nem\u010diji - Hudo Slovenija<\/title>\n<meta name=\"robots\" content=\"index, follow, max-snippet:-1, max-image-preview:large, max-video-preview:-1\" \/>\n<link rel=\"canonical\" href=\"https:\/\/hudo.com\/si\/aktualno\/poglejte-kaksno-razdejanje-za-sabo-pustile-poplave-v-franciji-nemciji\/\" \/>\n<meta property=\"og:locale\" content=\"sl_SI\" \/>\n<meta property=\"og:type\" content=\"article\" \/>\n<meta property=\"og:title\" content=\"Poglejte kak\u0161no razdejanje so za sabo pustile poplave v Franciji in Nem\u010diji - Hudo Slovenija\" \/>\n<meta property=\"og:description\" content=\"Zaradi mo\u010dnega de\u017eevja, ki je v zadnjih dneh zajelo Francijo in Nem\u010dijo in spro\u017eilo poplave, se tudi danes spopadajo z naraslimi vodami in posledicami. V Nem\u010diji so ponekod za\u010deli \u010drpati vodo iz stavb, pogre\u0161ajo pa \u0161e eno osebo. V Franciji je moralo domove zaradi poplav zapustiti ve\u010d tiso\u010d ljudi, verjetno pa bodo potrebne \u0161e nove evakuacije.\" \/>\n<meta property=\"og:url\" content=\"https:\/\/hudo.com\/si\/aktualno\/poglejte-kaksno-razdejanje-za-sabo-pustile-poplave-v-franciji-nemciji\/\" \/>\n<meta property=\"og:site_name\" content=\"Hudo Slovenija\" \/>\n<meta property=\"article:publisher\" content=\"https:\/\/www.facebook.com\/hudo.si\" \/>\n<meta property=\"article:published_time\" content=\"2016-06-02T09:21:25+00:00\" \/>\n<meta property=\"article:modified_time\" content=\"2016-06-02T12:34:09+00:00\" \/>\n<meta property=\"og:image\" content=\"https:\/\/hudo.com\/si\/wp-content\/uploads\/sites\/2\/2016\/06\/profimedia-0288406169.jpg\" \/>\n\t<meta property=\"og:image:width\" content=\"1250\" \/>\n\t<meta property=\"og:image:height\" content=\"840\" \/>\n\t<meta property=\"og:image:type\" content=\"image\/jpeg\" \/>\n<meta name=\"author\" content=\"A. G., STA\" \/>\n<meta name=\"twitter:card\" content=\"summary_large_image\" \/>\n<meta name=\"twitter:creator\" content=\"@hudo_si\" \/>\n<meta name=\"twitter:site\" content=\"@hudo_si\" \/>\n<meta name=\"twitter:label1\" content=\"Written by\" \/>\n\t<meta name=\"twitter:data1\" content=\"A. G., STA\" \/>\n\t<meta name=\"twitter:label2\" content=\"Est. reading time\" \/>\n\t<meta name=\"twitter:data2\" content=\"1 minuta\" \/>\n<script type=\"application\/ld+json\" class=\"yoast-schema-graph\">{\"@context\":\"https:\/\/schema.org\",\"@graph\":[{\"@type\":\"Article\",\"@id\":\"https:\/\/hudo.com\/si\/aktualno\/poglejte-kaksno-razdejanje-za-sabo-pustile-poplave-v-franciji-nemciji\/#article\",\"isPartOf\":{\"@id\":\"https:\/\/hudo.com\/si\/aktualno\/poglejte-kaksno-razdejanje-za-sabo-pustile-poplave-v-franciji-nemciji\/\"},\"author\":{\"name\":\"A. G., STA\",\"@id\":\"https:\/\/hudo.com\/si\/#\/schema\/person\/2391667a63ea075ba94f2f2dc6b77537\"},\"headline\":\"Poglejte kak\u0161no razdejanje so za sabo pustile poplave v Franciji in Nem\u010diji\",\"datePublished\":\"2016-06-02T09:21:25+00:00\",\"dateModified\":\"2016-06-02T12:34:09+00:00\",\"mainEntityOfPage\":{\"@id\":\"https:\/\/hudo.com\/si\/aktualno\/poglejte-kaksno-razdejanje-za-sabo-pustile-poplave-v-franciji-nemciji\/\"},\"wordCount\":171,\"publisher\":{\"@id\":\"https:\/\/hudo.com\/si\/#organization\"},\"keywords\":[\"francija\",\"nem\u010dija\",\"poplave\"],\"articleSection\":[\"Aktualno\"],\"inLanguage\":\"sl-SI\"},{\"@type\":\"WebPage\",\"@id\":\"https:\/\/hudo.com\/si\/aktualno\/poglejte-kaksno-razdejanje-za-sabo-pustile-poplave-v-franciji-nemciji\/\",\"url\":\"https:\/\/hudo.com\/si\/aktualno\/poglejte-kaksno-razdejanje-za-sabo-pustile-poplave-v-franciji-nemciji\/\",\"name\":\"Poglejte kak\u0161no razdejanje so za sabo pustile poplave v Franciji in Nem\u010diji - Hudo Slovenija\",\"isPartOf\":{\"@id\":\"https:\/\/hudo.com\/si\/#website\"},\"datePublished\":\"2016-06-02T09:21:25+00:00\",\"dateModified\":\"2016-06-02T12:34:09+00:00\",\"breadcrumb\":{\"@id\":\"https:\/\/hudo.com\/si\/aktualno\/poglejte-kaksno-razdejanje-za-sabo-pustile-poplave-v-franciji-nemciji\/#breadcrumb\"},\"inLanguage\":\"sl-SI\",\"potentialAction\":[{\"@type\":\"ReadAction\",\"target\":[\"https:\/\/hudo.com\/si\/aktualno\/poglejte-kaksno-razdejanje-za-sabo-pustile-poplave-v-franciji-nemciji\/\"]}]},{\"@type\":\"BreadcrumbList\",\"@id\":\"https:\/\/hudo.com\/si\/aktualno\/poglejte-kaksno-razdejanje-za-sabo-pustile-poplave-v-franciji-nemciji\/#breadcrumb\",\"itemListElement\":[{\"@type\":\"ListItem\",\"position\":1,\"name\":\"Home\",\"item\":\"https:\/\/hudo.com\/si\/\"},{\"@type\":\"ListItem\",\"position\":2,\"name\":\"Poglejte kak\u0161no razdejanje so za sabo pustile poplave v Franciji in Nem\u010diji\"}]},{\"@type\":\"WebSite\",\"@id\":\"https:\/\/hudo.com\/si\/#website\",\"url\":\"https:\/\/hudo.com\/si\/\",\"name\":\"Hudo Slovenija\",\"description\":\"Vse novice iz Slovenije in sveta\",\"publisher\":{\"@id\":\"https:\/\/hudo.com\/si\/#organization\"},\"potentialAction\":[{\"@type\":\"SearchAction\",\"target\":{\"@type\":\"EntryPoint\",\"urlTemplate\":\"https:\/\/hudo.com\/si\/?s={search_term_string}\"},\"query-input\":\"required name=search_term_string\"}],\"inLanguage\":\"sl-SI\"},{\"@type\":\"Organization\",\"@id\":\"https:\/\/hudo.com\/si\/#organization\",\"name\":\"VSN Media\",\"url\":\"https:\/\/hudo.com\/si\/\",\"logo\":{\"@type\":\"ImageObject\",\"inLanguage\":\"sl-SI\",\"@id\":\"https:\/\/hudo.com\/si\/#\/schema\/logo\/image\/\",\"url\":\"https:\/\/hudo.com\/si\/wp-content\/uploads\/sites\/2\/2021\/03\/hudo-app-2.png\",\"contentUrl\":\"https:\/\/hudo.com\/si\/wp-content\/uploads\/sites\/2\/2021\/03\/hudo-app-2.png\",\"width\":2185,\"height\":2167,\"caption\":\"VSN Media\"},\"image\":{\"@id\":\"https:\/\/hudo.com\/si\/#\/schema\/logo\/image\/\"},\"sameAs\":[\"https:\/\/www.facebook.com\/hudo.si\",\"https:\/\/twitter.com\/hudo_si\"]},{\"@type\":\"Person\",\"@id\":\"https:\/\/hudo.com\/si\/#\/schema\/person\/2391667a63ea075ba94f2f2dc6b77537\",\"name\":\"A. G., STA\",\"image\":{\"@type\":\"ImageObject\",\"inLanguage\":\"sl-SI\",\"@id\":\"https:\/\/hudo.com\/si\/#\/schema\/person\/image\/\",\"url\":\"https:\/\/secure.gravatar.com\/avatar\/e13d22ac3e442658d5025fbbe6238a79?s=96&d=mm&r=g\",\"contentUrl\":\"https:\/\/secure.gravatar.com\/avatar\/e13d22ac3e442658d5025fbbe6238a79?s=96&d=mm&r=g\",\"caption\":\"A. G., STA\"},\"url\":\"https:\/\/hudo.com\/si\/author\/alenka\/\"}]}<\/script>\n<!-- \/ Yoast SEO plugin. -->","yoast_head_json":{"title":"Poglejte kak\u0161no razdejanje so za sabo pustile poplave v Franciji in Nem\u010diji - Hudo Slovenija","robots":{"index":"index","follow":"follow","max-snippet":"max-snippet:-1","max-image-preview":"max-image-preview:large","max-video-preview":"max-video-preview:-1"},"canonical":"https:\/\/hudo.com\/si\/aktualno\/poglejte-kaksno-razdejanje-za-sabo-pustile-poplave-v-franciji-nemciji\/","og_locale":"sl_SI","og_type":"article","og_title":"Poglejte kak\u0161no razdejanje so za sabo pustile poplave v Franciji in Nem\u010diji - Hudo Slovenija","og_description":"Zaradi mo\u010dnega de\u017eevja, ki je v zadnjih dneh zajelo Francijo in Nem\u010dijo in spro\u017eilo poplave, se tudi danes spopadajo z naraslimi vodami in posledicami. V Nem\u010diji so ponekod za\u010deli \u010drpati vodo iz stavb, pogre\u0161ajo pa \u0161e eno osebo. V Franciji je moralo domove zaradi poplav zapustiti ve\u010d tiso\u010d ljudi, verjetno pa bodo potrebne \u0161e nove evakuacije.","og_url":"https:\/\/hudo.com\/si\/aktualno\/poglejte-kaksno-razdejanje-za-sabo-pustile-poplave-v-franciji-nemciji\/","og_site_name":"Hudo Slovenija","article_publisher":"https:\/\/www.facebook.com\/hudo.si","article_published_time":"2016-06-02T09:21:25+00:00","article_modified_time":"2016-06-02T12:34:09+00:00","og_image":[{"width":1250,"height":840,"url":"https:\/\/hudo.com\/si\/wp-content\/uploads\/sites\/2\/2016\/06\/profimedia-0288406169.jpg","type":"image\/jpeg"}],"author":"A. G., STA","twitter_card":"summary_large_image","twitter_creator":"@hudo_si","twitter_site":"@hudo_si","twitter_misc":{"Written by":"A. G., STA","Est. reading time":"1 minuta"},"schema":{"@context":"https:\/\/schema.org","@graph":[{"@type":"Article","@id":"https:\/\/hudo.com\/si\/aktualno\/poglejte-kaksno-razdejanje-za-sabo-pustile-poplave-v-franciji-nemciji\/#article","isPartOf":{"@id":"https:\/\/hudo.com\/si\/aktualno\/poglejte-kaksno-razdejanje-za-sabo-pustile-poplave-v-franciji-nemciji\/"},"author":{"name":"A. G., STA","@id":"https:\/\/hudo.com\/si\/#\/schema\/person\/2391667a63ea075ba94f2f2dc6b77537"},"headline":"Poglejte kak\u0161no razdejanje so za sabo pustile poplave v Franciji in Nem\u010diji","datePublished":"2016-06-02T09:21:25+00:00","dateModified":"2016-06-02T12:34:09+00:00","mainEntityOfPage":{"@id":"https:\/\/hudo.com\/si\/aktualno\/poglejte-kaksno-razdejanje-za-sabo-pustile-poplave-v-franciji-nemciji\/"},"wordCount":171,"publisher":{"@id":"https:\/\/hudo.com\/si\/#organization"},"keywords":["francija","nem\u010dija","poplave"],"articleSection":["Aktualno"],"inLanguage":"sl-SI"},{"@type":"WebPage","@id":"https:\/\/hudo.com\/si\/aktualno\/poglejte-kaksno-razdejanje-za-sabo-pustile-poplave-v-franciji-nemciji\/","url":"https:\/\/hudo.com\/si\/aktualno\/poglejte-kaksno-razdejanje-za-sabo-pustile-poplave-v-franciji-nemciji\/","name":"Poglejte kak\u0161no razdejanje so za sabo pustile poplave v Franciji in Nem\u010diji - Hudo Slovenija","isPartOf":{"@id":"https:\/\/hudo.com\/si\/#website"},"datePublished":"2016-06-02T09:21:25+00:00","dateModified":"2016-06-02T12:34:09+00:00","breadcrumb":{"@id":"https:\/\/hudo.com\/si\/aktualno\/poglejte-kaksno-razdejanje-za-sabo-pustile-poplave-v-franciji-nemciji\/#breadcrumb"},"inLanguage":"sl-SI","potentialAction":[{"@type":"ReadAction","target":["https:\/\/hudo.com\/si\/aktualno\/poglejte-kaksno-razdejanje-za-sabo-pustile-poplave-v-franciji-nemciji\/"]}]},{"@type":"BreadcrumbList","@id":"https:\/\/hudo.com\/si\/aktualno\/poglejte-kaksno-razdejanje-za-sabo-pustile-poplave-v-franciji-nemciji\/#breadcrumb","itemListElement":[{"@type":"ListItem","position":1,"name":"Home","item":"https:\/\/hudo.com\/si\/"},{"@type":"ListItem","position":2,"name":"Poglejte kak\u0161no razdejanje so za sabo pustile poplave v Franciji in Nem\u010diji"}]},{"@type":"WebSite","@id":"https:\/\/hudo.com\/si\/#website","url":"https:\/\/hudo.com\/si\/","name":"Hudo Slovenija","description":"Vse novice iz Slovenije in sveta","publisher":{"@id":"https:\/\/hudo.com\/si\/#organization"},"potentialAction":[{"@type":"SearchAction","target":{"@type":"EntryPoint","urlTemplate":"https:\/\/hudo.com\/si\/?s={search_term_string}"},"query-input":"required name=search_term_string"}],"inLanguage":"sl-SI"},{"@type":"Organization","@id":"https:\/\/hudo.com\/si\/#organization","name":"VSN Media","url":"https:\/\/hudo.com\/si\/","logo":{"@type":"ImageObject","inLanguage":"sl-SI","@id":"https:\/\/hudo.com\/si\/#\/schema\/logo\/image\/","url":"https:\/\/hudo.com\/si\/wp-content\/uploads\/sites\/2\/2021\/03\/hudo-app-2.png","contentUrl":"https:\/\/hudo.com\/si\/wp-content\/uploads\/sites\/2\/2021\/03\/hudo-app-2.png","width":2185,"height":2167,"caption":"VSN Media"},"image":{"@id":"https:\/\/hudo.com\/si\/#\/schema\/logo\/image\/"},"sameAs":["https:\/\/www.facebook.com\/hudo.si","https:\/\/twitter.com\/hudo_si"]},{"@type":"Person","@id":"https:\/\/hudo.com\/si\/#\/schema\/person\/2391667a63ea075ba94f2f2dc6b77537","name":"A. G., STA","image":{"@type":"ImageObject","inLanguage":"sl-SI","@id":"https:\/\/hudo.com\/si\/#\/schema\/person\/image\/","url":"https:\/\/secure.gravatar.com\/avatar\/e13d22ac3e442658d5025fbbe6238a79?s=96&d=mm&r=g","contentUrl":"https:\/\/secure.gravatar.com\/avatar\/e13d22ac3e442658d5025fbbe6238a79?s=96&d=mm&r=g","caption":"A. G., STA"},"url":"https:\/\/hudo.com\/si\/author\/alenka\/"}]}},"amp_enabled":true,"_links":{"self":[{"href":"https:\/\/hudo.com\/si\/wp-json\/wp\/v2\/posts\/66771"}],"collection":[{"href":"https:\/\/hudo.com\/si\/wp-json\/wp\/v2\/posts"}],"about":[{"href":"https:\/\/hudo.com\/si\/wp-json\/wp\/v2\/types\/post"}],"author":[{"embeddable":true,"href":"https:\/\/hudo.com\/si\/wp-json\/wp\/v2\/users\/5"}],"replies":[{"embeddable":true,"href":"https:\/\/hudo.com\/si\/wp-json\/wp\/v2\/comments?post=66771"}],"version-history":[{"count":2,"href":"https:\/\/hudo.com\/si\/wp-json\/wp\/v2\/posts\/66771\/revisions"}],"predecessor-version":[{"id":67035,"href":"https:\/\/hudo.com\/si\/wp-json\/wp\/v2\/posts\/66771\/revisions\/67035"}],"wp:featuredmedia":[{"embeddable":true,"href":"https:\/\/hudo.com\/si\/wp-json\/wp\/v2\/media\/66792"}],"wp:attachment":[{"href":"https:\/\/hudo.com\/si\/wp-json\/wp\/v2\/media?parent=66771"}],"wp:term":[{"taxonomy":"category","embeddable":true,"href":"https:\/\/hudo.com\/si\/wp-json\/wp\/v2\/categories?post=66771"},{"taxonomy":"post_tag","embeddable":true,"href":"https:\/\/hudo.com\/si\/wp-json\/wp\/v2\/tags?post=66771"},{"taxonomy":"source","embeddable":true,"href":"https:\/\/hudo.com\/si\/wp-json\/wp\/v2\/source?post=66771"},{"taxonomy":"supertag","embeddable":true,"href":"https:\/\/hudo.com\/si\/wp-json\/wp\/v2\/supertag?post=66771"}],"curies":[{"name":"wp","href":"https:\/\/api.w.org\/{rel}","templated":true}]}}