{"id":68693,"date":"2016-06-04T13:25:00","date_gmt":"2016-06-04T11:25:00","guid":{"rendered":"http:\/\/hudo.com\/si\/2016\/06\/04\/marquez-s-prvega-mesta-v-barceloni\/"},"modified":"2016-06-05T15:51:27","modified_gmt":"2016-06-05T13:51:27","slug":"marquez-s-prvega-mesta-v-barceloni","status":"publish","type":"post","link":"https:\/\/hudo.com\/si\/aktualno\/marquez-s-prvega-mesta-v-barceloni\/","title":{"rendered":"Marquez s prvega mesta v Barceloni"},"content":{"rendered":"<p>Nedeljsko sedmo dirko svetovnega prvenstva v motociklizmu bo v elitnem razredu motoGP za\u010del \u0160panec Marc Marquez (Hond). V kvalifikacijah je v Barceloni premagal rojaka Jorgeja Lorenza (Yamaha). Tretji \u010das je dosegel \u0161e en \u0160panec Dani Pedrosa (Honda).  Za \u0161pansko trojico bo iz prve vrste na dirki, ki jo je v veliki meri zaznamovala tudi tragi\u010dna nesre\u010da doma\u010dega dirka\u010da Luisa Saloma na petkovem treningu, za\u010del \u0161e en doma\u010din.  \u010cetrti \u010das je nekoliko presenetljivo dosegel Hector Barbera (Ducati), ki tako visoko ni bil \u017ee od leta 2012, petega pa prvi ne\u0161panski voznik, italijanski veteran Valentino Rossi (Yamaha). Le pet tiso\u010dink pa je manjkalo, da bi bilo kar prvih pet v kvalifikacijah \u0160pnacev, toliko je namre\u010d za Rossijem zaostal \u0161esti Maverick Vinales (Suzuki). Marquez je bil za tretji &#8220;pole position&#8221; v sezoni prepri\u010dljiv in je kot edini postavil \u010das pod 1:44 minute na novi konfiguraciji dirkali\u0161\u010da Montmello.  Dirka\u010di v Barceloni na treningih, kvalifikacijah, pa tudi na dirki, vozijo na nekoliko spremenjeni konfiguraciji steze; po petkovi nesre\u010di Saloma na treningu, po kateri je 25-letni dirka\u010d v bolni\u0161nici umrl, so traso spremenili, tako da dirka\u010di vozijo po progi, kakr\u0161no sicer uporabljajo v formuli 1. Vodstvo tekmovanja se je v petek zve\u010der po posvetu z dirka\u010di in ekipami namre\u010d odlo\u010dilo, da bodo dirke kljub smrtni nesre\u010di izvedli, vendar zaradi varnosti na spremenjeni trasi. V elitnem razredu motoGP je po prvih \u0161estih dirkah sezone v vodstvu Lorenzo s 115 to\u010dkami, deset manj jih ima Marquez, nekoliko ve\u010dji pa je zaostanek Rossija, ki ima 78 to\u010dk. \u010cetrti v SP je Pedrosa s 66.\u0160port<\/p>\n","protected":false},"excerpt":{"rendered":"<p>Nedeljsko sedmo dirko svetovnega prvenstva v motociklizmu bo v elitnem razredu motoGP za\u010del \u0160panec Marc Marquez (Hond). V kvalifikacijah je v Barceloni premagal rojaka Jorgeja Lorenza (Yamaha). Tretji \u010das je dosegel \u0161e en \u0160panec Dani Pedrosa (Honda).  Za \u0161pansko trojico bo iz prve vrste na dirki, ki jo je v veliki meri zaznamovala tudi tragi\u010dna nesre\u010da doma\u010dega dirka\u010da Luisa Saloma na petkovem treningu, za\u010del \u0161e en doma\u010din.  \u010cetrti \u010das je nekoliko presenetljivo dosegel Hector Barbera (Ducati), ki tako visoko ni bil \u017ee od leta 2012, petega pa prvi ne\u0161panski voznik, italijanski veteran Valentino Rossi (Yamaha). Le pet tiso\u010dink pa je manjkalo, da bi bilo kar prvih pet v kvalifikacijah \u0160pnacev, toliko je namre\u010d za Rossijem zaostal \u0161esti Maverick Vinales (Suzuki). Marquez je bil za tretji &#8220;pole position&#8221; v sezoni prepri\u010dljiv in je kot edini postavil \u010das pod 1:44 minute na novi konfiguraciji dirkali\u0161\u010da Montmello.  Dirka\u010di v Barceloni na treningih, kvalifikacijah, pa tudi na dirki, vozijo na nekoliko spremenjeni konfiguraciji steze; po petkovi nesre\u010di Saloma na treningu, po kateri je 25-letni dirka\u010d v bolni\u0161nici umrl, so traso spremenili, tako da dirka\u010di vozijo po progi, kakr\u0161no sicer uporabljajo v formuli 1. Vodstvo tekmovanja se je v petek zve\u010der po posvetu z dirka\u010di in ekipami namre\u010d odlo\u010dilo, da bodo dirke kljub smrtni nesre\u010di izvedli, vendar zaradi varnosti na spremenjeni trasi. V elitnem razredu motoGP je po prvih \u0161estih dirkah sezone v vodstvu Lorenzo s 115 to\u010dkami, deset manj jih ima Marquez, nekoliko ve\u010dji pa je zaostanek Rossija, ki ima 78 to\u010dk. \u010cetrti v SP je Pedrosa s 66.\u0160port<\/p>\n","protected":false},"author":1,"featured_media":0,"comment_status":"closed","ping_status":"closed","sticky":false,"template":"","format":"standard","meta":{"footnotes":""},"categories":[1179],"tags":[],"source":[1711],"supertag":[],"acf":[],"yoast_head":"<!-- This site is optimized with the Yoast SEO plugin v21.3 - https:\/\/yoast.com\/wordpress\/plugins\/seo\/ -->\n<title>Marquez s prvega mesta v Barceloni - Hudo Slovenija<\/title>\n<meta name=\"robots\" content=\"index, follow, max-snippet:-1, max-image-preview:large, max-video-preview:-1\" \/>\n<link rel=\"canonical\" href=\"https:\/\/hudo.com\/si\/aktualno\/marquez-s-prvega-mesta-v-barceloni\/\" \/>\n<meta property=\"og:locale\" content=\"sl_SI\" \/>\n<meta property=\"og:type\" content=\"article\" \/>\n<meta property=\"og:title\" content=\"Marquez s prvega mesta v Barceloni - Hudo Slovenija\" \/>\n<meta property=\"og:description\" content=\"Nedeljsko sedmo dirko svetovnega prvenstva v motociklizmu bo v elitnem razredu motoGP za\u010del \u0160panec Marc Marquez (Hond). V kvalifikacijah je v Barceloni premagal rojaka Jorgeja Lorenza (Yamaha). Tretji \u010das je dosegel \u0161e en \u0160panec Dani Pedrosa (Honda). Za \u0161pansko trojico bo iz prve vrste na dirki, ki jo je v veliki meri zaznamovala tudi tragi\u010dna nesre\u010da doma\u010dega dirka\u010da Luisa Saloma na petkovem treningu, za\u010del \u0161e en doma\u010din. \u010cetrti \u010das je nekoliko presenetljivo dosegel Hector Barbera (Ducati), ki tako visoko ni bil \u017ee od leta 2012, petega pa prvi ne\u0161panski voznik, italijanski veteran Valentino Rossi (Yamaha). Le pet tiso\u010dink pa je manjkalo, da bi bilo kar prvih pet v kvalifikacijah \u0160pnacev, toliko je namre\u010d za Rossijem zaostal \u0161esti Maverick Vinales (Suzuki). Marquez je bil za tretji &quot;pole position&quot; v sezoni prepri\u010dljiv in je kot edini postavil \u010das pod 1:44 minute na novi konfiguraciji dirkali\u0161\u010da Montmello. Dirka\u010di v Barceloni na treningih, kvalifikacijah, pa tudi na dirki, vozijo na nekoliko spremenjeni konfiguraciji steze; po petkovi nesre\u010di Saloma na treningu, po kateri je 25-letni dirka\u010d v bolni\u0161nici umrl, so traso spremenili, tako da dirka\u010di vozijo po progi, kakr\u0161no sicer uporabljajo v formuli 1. Vodstvo tekmovanja se je v petek zve\u010der po posvetu z dirka\u010di in ekipami namre\u010d odlo\u010dilo, da bodo dirke kljub smrtni nesre\u010di izvedli, vendar zaradi varnosti na spremenjeni trasi. V elitnem razredu motoGP je po prvih \u0161estih dirkah sezone v vodstvu Lorenzo s 115 to\u010dkami, deset manj jih ima Marquez, nekoliko ve\u010dji pa je zaostanek Rossija, ki ima 78 to\u010dk. \u010cetrti v SP je Pedrosa s 66.\u0160port\" \/>\n<meta property=\"og:url\" content=\"https:\/\/hudo.com\/si\/aktualno\/marquez-s-prvega-mesta-v-barceloni\/\" \/>\n<meta property=\"og:site_name\" content=\"Hudo Slovenija\" \/>\n<meta property=\"article:publisher\" content=\"https:\/\/www.facebook.com\/hudo.si\" \/>\n<meta property=\"article:published_time\" content=\"2016-06-04T11:25:00+00:00\" \/>\n<meta property=\"article:modified_time\" content=\"2016-06-05T13:51:27+00:00\" \/>\n<meta property=\"og:image\" content=\"https:\/\/hudo.com\/si\/wp-content\/uploads\/sites\/2\/2016\/06\/05344242-300.jpg\" \/>\n\t<meta property=\"og:image:width\" content=\"450\" \/>\n\t<meta property=\"og:image:height\" content=\"329\" \/>\n\t<meta property=\"og:image:type\" content=\"image\/jpeg\" \/>\n<meta name=\"author\" content=\"hudo\" \/>\n<meta name=\"twitter:card\" content=\"summary_large_image\" \/>\n<meta name=\"twitter:creator\" content=\"@hudo_si\" \/>\n<meta name=\"twitter:site\" content=\"@hudo_si\" \/>\n<meta name=\"twitter:label1\" content=\"Written by\" \/>\n\t<meta name=\"twitter:data1\" content=\"hudo\" \/>\n\t<meta name=\"twitter:label2\" content=\"Est. reading time\" \/>\n\t<meta name=\"twitter:data2\" content=\"1 minuta\" \/>\n<script type=\"application\/ld+json\" class=\"yoast-schema-graph\">{\"@context\":\"https:\/\/schema.org\",\"@graph\":[{\"@type\":\"Article\",\"@id\":\"https:\/\/hudo.com\/si\/aktualno\/marquez-s-prvega-mesta-v-barceloni\/#article\",\"isPartOf\":{\"@id\":\"https:\/\/hudo.com\/si\/aktualno\/marquez-s-prvega-mesta-v-barceloni\/\"},\"author\":{\"name\":\"hudo\",\"@id\":\"https:\/\/hudo.com\/si\/#\/schema\/person\/601cf3379633985b20f7e50f2bb47707\"},\"headline\":\"Marquez s prvega mesta v Barceloni\",\"datePublished\":\"2016-06-04T11:25:00+00:00\",\"dateModified\":\"2016-06-05T13:51:27+00:00\",\"mainEntityOfPage\":{\"@id\":\"https:\/\/hudo.com\/si\/aktualno\/marquez-s-prvega-mesta-v-barceloni\/\"},\"wordCount\":279,\"publisher\":{\"@id\":\"https:\/\/hudo.com\/si\/#organization\"},\"articleSection\":[\"Aktualno\"],\"inLanguage\":\"sl-SI\"},{\"@type\":\"WebPage\",\"@id\":\"https:\/\/hudo.com\/si\/aktualno\/marquez-s-prvega-mesta-v-barceloni\/\",\"url\":\"https:\/\/hudo.com\/si\/aktualno\/marquez-s-prvega-mesta-v-barceloni\/\",\"name\":\"Marquez s prvega mesta v Barceloni - Hudo Slovenija\",\"isPartOf\":{\"@id\":\"https:\/\/hudo.com\/si\/#website\"},\"datePublished\":\"2016-06-04T11:25:00+00:00\",\"dateModified\":\"2016-06-05T13:51:27+00:00\",\"breadcrumb\":{\"@id\":\"https:\/\/hudo.com\/si\/aktualno\/marquez-s-prvega-mesta-v-barceloni\/#breadcrumb\"},\"inLanguage\":\"sl-SI\",\"potentialAction\":[{\"@type\":\"ReadAction\",\"target\":[\"https:\/\/hudo.com\/si\/aktualno\/marquez-s-prvega-mesta-v-barceloni\/\"]}]},{\"@type\":\"BreadcrumbList\",\"@id\":\"https:\/\/hudo.com\/si\/aktualno\/marquez-s-prvega-mesta-v-barceloni\/#breadcrumb\",\"itemListElement\":[{\"@type\":\"ListItem\",\"position\":1,\"name\":\"Home\",\"item\":\"https:\/\/hudo.com\/si\/\"},{\"@type\":\"ListItem\",\"position\":2,\"name\":\"Marquez s prvega mesta v Barceloni\"}]},{\"@type\":\"WebSite\",\"@id\":\"https:\/\/hudo.com\/si\/#website\",\"url\":\"https:\/\/hudo.com\/si\/\",\"name\":\"Hudo Slovenija\",\"description\":\"Vse novice iz Slovenije in sveta\",\"publisher\":{\"@id\":\"https:\/\/hudo.com\/si\/#organization\"},\"potentialAction\":[{\"@type\":\"SearchAction\",\"target\":{\"@type\":\"EntryPoint\",\"urlTemplate\":\"https:\/\/hudo.com\/si\/?s={search_term_string}\"},\"query-input\":\"required name=search_term_string\"}],\"inLanguage\":\"sl-SI\"},{\"@type\":\"Organization\",\"@id\":\"https:\/\/hudo.com\/si\/#organization\",\"name\":\"VSN Media\",\"url\":\"https:\/\/hudo.com\/si\/\",\"logo\":{\"@type\":\"ImageObject\",\"inLanguage\":\"sl-SI\",\"@id\":\"https:\/\/hudo.com\/si\/#\/schema\/logo\/image\/\",\"url\":\"https:\/\/hudo.com\/si\/wp-content\/uploads\/sites\/2\/2021\/03\/hudo-app-2.png\",\"contentUrl\":\"https:\/\/hudo.com\/si\/wp-content\/uploads\/sites\/2\/2021\/03\/hudo-app-2.png\",\"width\":2185,\"height\":2167,\"caption\":\"VSN Media\"},\"image\":{\"@id\":\"https:\/\/hudo.com\/si\/#\/schema\/logo\/image\/\"},\"sameAs\":[\"https:\/\/www.facebook.com\/hudo.si\",\"https:\/\/twitter.com\/hudo_si\"]},{\"@type\":\"Person\",\"@id\":\"https:\/\/hudo.com\/si\/#\/schema\/person\/601cf3379633985b20f7e50f2bb47707\",\"name\":\"hudo\",\"image\":{\"@type\":\"ImageObject\",\"inLanguage\":\"sl-SI\",\"@id\":\"https:\/\/hudo.com\/si\/#\/schema\/person\/image\/\",\"url\":\"https:\/\/secure.gravatar.com\/avatar\/c4ca25fa72cace7a696b52ff5db9e095?s=96&d=mm&r=g\",\"contentUrl\":\"https:\/\/secure.gravatar.com\/avatar\/c4ca25fa72cace7a696b52ff5db9e095?s=96&d=mm&r=g\",\"caption\":\"hudo\"},\"url\":\"https:\/\/hudo.com\/si\/author\/hudo\/\"}]}<\/script>\n<!-- \/ Yoast SEO plugin. -->","yoast_head_json":{"title":"Marquez s prvega mesta v Barceloni - Hudo Slovenija","robots":{"index":"index","follow":"follow","max-snippet":"max-snippet:-1","max-image-preview":"max-image-preview:large","max-video-preview":"max-video-preview:-1"},"canonical":"https:\/\/hudo.com\/si\/aktualno\/marquez-s-prvega-mesta-v-barceloni\/","og_locale":"sl_SI","og_type":"article","og_title":"Marquez s prvega mesta v Barceloni - Hudo Slovenija","og_description":"Nedeljsko sedmo dirko svetovnega prvenstva v motociklizmu bo v elitnem razredu motoGP za\u010del \u0160panec Marc Marquez (Hond). V kvalifikacijah je v Barceloni premagal rojaka Jorgeja Lorenza (Yamaha). Tretji \u010das je dosegel \u0161e en \u0160panec Dani Pedrosa (Honda). Za \u0161pansko trojico bo iz prve vrste na dirki, ki jo je v veliki meri zaznamovala tudi tragi\u010dna nesre\u010da doma\u010dega dirka\u010da Luisa Saloma na petkovem treningu, za\u010del \u0161e en doma\u010din. \u010cetrti \u010das je nekoliko presenetljivo dosegel Hector Barbera (Ducati), ki tako visoko ni bil \u017ee od leta 2012, petega pa prvi ne\u0161panski voznik, italijanski veteran Valentino Rossi (Yamaha). Le pet tiso\u010dink pa je manjkalo, da bi bilo kar prvih pet v kvalifikacijah \u0160pnacev, toliko je namre\u010d za Rossijem zaostal \u0161esti Maverick Vinales (Suzuki). Marquez je bil za tretji \"pole position\" v sezoni prepri\u010dljiv in je kot edini postavil \u010das pod 1:44 minute na novi konfiguraciji dirkali\u0161\u010da Montmello. Dirka\u010di v Barceloni na treningih, kvalifikacijah, pa tudi na dirki, vozijo na nekoliko spremenjeni konfiguraciji steze; po petkovi nesre\u010di Saloma na treningu, po kateri je 25-letni dirka\u010d v bolni\u0161nici umrl, so traso spremenili, tako da dirka\u010di vozijo po progi, kakr\u0161no sicer uporabljajo v formuli 1. Vodstvo tekmovanja se je v petek zve\u010der po posvetu z dirka\u010di in ekipami namre\u010d odlo\u010dilo, da bodo dirke kljub smrtni nesre\u010di izvedli, vendar zaradi varnosti na spremenjeni trasi. V elitnem razredu motoGP je po prvih \u0161estih dirkah sezone v vodstvu Lorenzo s 115 to\u010dkami, deset manj jih ima Marquez, nekoliko ve\u010dji pa je zaostanek Rossija, ki ima 78 to\u010dk. \u010cetrti v SP je Pedrosa s 66.\u0160port","og_url":"https:\/\/hudo.com\/si\/aktualno\/marquez-s-prvega-mesta-v-barceloni\/","og_site_name":"Hudo Slovenija","article_publisher":"https:\/\/www.facebook.com\/hudo.si","article_published_time":"2016-06-04T11:25:00+00:00","article_modified_time":"2016-06-05T13:51:27+00:00","og_image":[{"width":450,"height":329,"url":"https:\/\/hudo.com\/si\/wp-content\/uploads\/sites\/2\/2016\/06\/05344242-300.jpg","type":"image\/jpeg"}],"author":"hudo","twitter_card":"summary_large_image","twitter_creator":"@hudo_si","twitter_site":"@hudo_si","twitter_misc":{"Written by":"hudo","Est. reading time":"1 minuta"},"schema":{"@context":"https:\/\/schema.org","@graph":[{"@type":"Article","@id":"https:\/\/hudo.com\/si\/aktualno\/marquez-s-prvega-mesta-v-barceloni\/#article","isPartOf":{"@id":"https:\/\/hudo.com\/si\/aktualno\/marquez-s-prvega-mesta-v-barceloni\/"},"author":{"name":"hudo","@id":"https:\/\/hudo.com\/si\/#\/schema\/person\/601cf3379633985b20f7e50f2bb47707"},"headline":"Marquez s prvega mesta v Barceloni","datePublished":"2016-06-04T11:25:00+00:00","dateModified":"2016-06-05T13:51:27+00:00","mainEntityOfPage":{"@id":"https:\/\/hudo.com\/si\/aktualno\/marquez-s-prvega-mesta-v-barceloni\/"},"wordCount":279,"publisher":{"@id":"https:\/\/hudo.com\/si\/#organization"},"articleSection":["Aktualno"],"inLanguage":"sl-SI"},{"@type":"WebPage","@id":"https:\/\/hudo.com\/si\/aktualno\/marquez-s-prvega-mesta-v-barceloni\/","url":"https:\/\/hudo.com\/si\/aktualno\/marquez-s-prvega-mesta-v-barceloni\/","name":"Marquez s prvega mesta v Barceloni - Hudo Slovenija","isPartOf":{"@id":"https:\/\/hudo.com\/si\/#website"},"datePublished":"2016-06-04T11:25:00+00:00","dateModified":"2016-06-05T13:51:27+00:00","breadcrumb":{"@id":"https:\/\/hudo.com\/si\/aktualno\/marquez-s-prvega-mesta-v-barceloni\/#breadcrumb"},"inLanguage":"sl-SI","potentialAction":[{"@type":"ReadAction","target":["https:\/\/hudo.com\/si\/aktualno\/marquez-s-prvega-mesta-v-barceloni\/"]}]},{"@type":"BreadcrumbList","@id":"https:\/\/hudo.com\/si\/aktualno\/marquez-s-prvega-mesta-v-barceloni\/#breadcrumb","itemListElement":[{"@type":"ListItem","position":1,"name":"Home","item":"https:\/\/hudo.com\/si\/"},{"@type":"ListItem","position":2,"name":"Marquez s prvega mesta v Barceloni"}]},{"@type":"WebSite","@id":"https:\/\/hudo.com\/si\/#website","url":"https:\/\/hudo.com\/si\/","name":"Hudo Slovenija","description":"Vse novice iz Slovenije in sveta","publisher":{"@id":"https:\/\/hudo.com\/si\/#organization"},"potentialAction":[{"@type":"SearchAction","target":{"@type":"EntryPoint","urlTemplate":"https:\/\/hudo.com\/si\/?s={search_term_string}"},"query-input":"required name=search_term_string"}],"inLanguage":"sl-SI"},{"@type":"Organization","@id":"https:\/\/hudo.com\/si\/#organization","name":"VSN Media","url":"https:\/\/hudo.com\/si\/","logo":{"@type":"ImageObject","inLanguage":"sl-SI","@id":"https:\/\/hudo.com\/si\/#\/schema\/logo\/image\/","url":"https:\/\/hudo.com\/si\/wp-content\/uploads\/sites\/2\/2021\/03\/hudo-app-2.png","contentUrl":"https:\/\/hudo.com\/si\/wp-content\/uploads\/sites\/2\/2021\/03\/hudo-app-2.png","width":2185,"height":2167,"caption":"VSN Media"},"image":{"@id":"https:\/\/hudo.com\/si\/#\/schema\/logo\/image\/"},"sameAs":["https:\/\/www.facebook.com\/hudo.si","https:\/\/twitter.com\/hudo_si"]},{"@type":"Person","@id":"https:\/\/hudo.com\/si\/#\/schema\/person\/601cf3379633985b20f7e50f2bb47707","name":"hudo","image":{"@type":"ImageObject","inLanguage":"sl-SI","@id":"https:\/\/hudo.com\/si\/#\/schema\/person\/image\/","url":"https:\/\/secure.gravatar.com\/avatar\/c4ca25fa72cace7a696b52ff5db9e095?s=96&d=mm&r=g","contentUrl":"https:\/\/secure.gravatar.com\/avatar\/c4ca25fa72cace7a696b52ff5db9e095?s=96&d=mm&r=g","caption":"hudo"},"url":"https:\/\/hudo.com\/si\/author\/hudo\/"}]}},"amp_enabled":true,"_links":{"self":[{"href":"https:\/\/hudo.com\/si\/wp-json\/wp\/v2\/posts\/68693"}],"collection":[{"href":"https:\/\/hudo.com\/si\/wp-json\/wp\/v2\/posts"}],"about":[{"href":"https:\/\/hudo.com\/si\/wp-json\/wp\/v2\/types\/post"}],"author":[{"embeddable":true,"href":"https:\/\/hudo.com\/si\/wp-json\/wp\/v2\/users\/1"}],"replies":[{"embeddable":true,"href":"https:\/\/hudo.com\/si\/wp-json\/wp\/v2\/comments?post=68693"}],"version-history":[{"count":1,"href":"https:\/\/hudo.com\/si\/wp-json\/wp\/v2\/posts\/68693\/revisions"}],"predecessor-version":[{"id":68771,"href":"https:\/\/hudo.com\/si\/wp-json\/wp\/v2\/posts\/68693\/revisions\/68771"}],"wp:attachment":[{"href":"https:\/\/hudo.com\/si\/wp-json\/wp\/v2\/media?parent=68693"}],"wp:term":[{"taxonomy":"category","embeddable":true,"href":"https:\/\/hudo.com\/si\/wp-json\/wp\/v2\/categories?post=68693"},{"taxonomy":"post_tag","embeddable":true,"href":"https:\/\/hudo.com\/si\/wp-json\/wp\/v2\/tags?post=68693"},{"taxonomy":"source","embeddable":true,"href":"https:\/\/hudo.com\/si\/wp-json\/wp\/v2\/source?post=68693"},{"taxonomy":"supertag","embeddable":true,"href":"https:\/\/hudo.com\/si\/wp-json\/wp\/v2\/supertag?post=68693"}],"curies":[{"name":"wp","href":"https:\/\/api.w.org\/{rel}","templated":true}]}}