{"id":70087,"date":"2016-06-06T20:12:00","date_gmt":"2016-06-06T18:12:00","guid":{"rendered":"http:\/\/hudo.com\/si\/2016\/06\/06\/venko-prispeval-dve-od-stirih-tock-za-zagreb\/"},"modified":"2016-06-07T06:21:00","modified_gmt":"2016-06-07T04:21:00","slug":"venko-prispeval-dve-od-stirih-tock-za-zagreb","status":"publish","type":"post","link":"https:\/\/hudo.com\/si\/aktualno\/venko-prispeval-dve-od-stirih-tock-za-zagreb\/","title":{"rendered":"Venko prispeval dve od \u0161tirih to\u010dk za Zagreb"},"content":{"rendered":"<p>Kategorija: Drugi \u0161porti Mon, 06 Jun 2016 22:12:00 +0200  Slavonski Brod &#8211; Slovenski boksar Alja\u017e Venko se je le teden dni po odmevnem finalu dr\u017eavnega prvenstva na Ravnah, v katerem je z 1:2 po to\u010dkah izgubil z Ljubljan\u010danom Andrejem Bakovi\u0107em, znova povzpel v ring &#8211; in ga tokrat zapustil dvignjenih rok. V tretjem krogu tako imenovane premier lige na Hrva\u0161kem je namre\u010d minulo soboto v Slavonskem Brodu za mo\u0161tvo Zagreba, ki je sicer s 4:14 klonilo pred vrsto Slavonije, prispeval dve od \u0161tirih to\u010dk, potem ko je v obra\u010dunu srednje kategorije (do 75 kg) po soglasni sodni\u0161ki odlo\u010ditvi premagal Kre\u0161imirja Majcna. \u00bb\u010ceprav se mi je malo poznala utrujenost od vo\u017enje in dr\u017eavnega prvenstva, na katerem sem imel tri te\u017eke dvoboje, sem prikazal dober boks, zato sem zadovoljen,\u00ab je sporo\u010dil Venko in dodal, da je zagreb\u0161ka zasedba do\u017eivela prvi leto\u0161nji poraz\u00a0&#8230;<\/p>\n","protected":false},"excerpt":{"rendered":"<p>Kategorija: Drugi \u0161porti Mon, 06 Jun 2016 22:12:00 +0200  Slavonski Brod &#8211; Slovenski boksar Alja\u017e Venko se je le teden dni po odmevnem finalu dr\u017eavnega prvenstva na Ravnah, v katerem je z 1:2 po to\u010dkah izgubil z Ljubljan\u010danom Andrejem Bakovi\u0107em, znova povzpel v ring &#8211; in ga tokrat zapustil dvignjenih rok. V tretjem krogu tako imenovane premier lige na Hrva\u0161kem je namre\u010d minulo soboto v Slavonskem Brodu za mo\u0161tvo Zagreba, ki je sicer s 4:14 klonilo pred vrsto Slavonije, prispeval dve od \u0161tirih to\u010dk, potem ko je v obra\u010dunu srednje kategorije (do 75 kg) po soglasni sodni\u0161ki odlo\u010ditvi premagal Kre\u0161imirja Majcna. \u00bb\u010ceprav se mi je malo poznala utrujenost od vo\u017enje in dr\u017eavnega prvenstva, na katerem sem imel tri te\u017eke dvoboje, sem prikazal dober boks, zato sem zadovoljen,\u00ab je sporo\u010dil Venko in dodal, da je zagreb\u0161ka zasedba do\u017eivela prvi leto\u0161nji poraz\u00a0&#8230;<\/p>\n","protected":false},"author":1,"featured_media":0,"comment_status":"closed","ping_status":"closed","sticky":false,"template":"","format":"standard","meta":{"footnotes":""},"categories":[1179],"tags":[],"source":[4511],"supertag":[],"acf":[],"yoast_head":"<!-- This site is optimized with the Yoast SEO plugin v21.3 - https:\/\/yoast.com\/wordpress\/plugins\/seo\/ -->\n<title>Venko prispeval dve od \u0161tirih to\u010dk za Zagreb - Hudo Slovenija<\/title>\n<meta name=\"robots\" content=\"index, follow, max-snippet:-1, max-image-preview:large, max-video-preview:-1\" \/>\n<link rel=\"canonical\" href=\"https:\/\/hudo.com\/si\/aktualno\/venko-prispeval-dve-od-stirih-tock-za-zagreb\/\" \/>\n<meta property=\"og:locale\" content=\"sl_SI\" \/>\n<meta property=\"og:type\" content=\"article\" \/>\n<meta property=\"og:title\" content=\"Venko prispeval dve od \u0161tirih to\u010dk za Zagreb - Hudo Slovenija\" \/>\n<meta property=\"og:description\" content=\"Kategorija: Drugi \u0161porti Mon, 06 Jun 2016 22:12:00 +0200 Slavonski Brod - Slovenski boksar Alja\u017e Venko se je le teden dni po odmevnem finalu dr\u017eavnega prvenstva na Ravnah, v katerem je z 1:2 po to\u010dkah izgubil z Ljubljan\u010danom Andrejem Bakovi\u0107em, znova povzpel v ring - in ga tokrat zapustil dvignjenih rok. V tretjem krogu tako imenovane premier lige na Hrva\u0161kem je namre\u010d minulo soboto v Slavonskem Brodu za mo\u0161tvo Zagreba, ki je sicer s 4:14 klonilo pred vrsto Slavonije, prispeval dve od \u0161tirih to\u010dk, potem ko je v obra\u010dunu srednje kategorije (do 75 kg) po soglasni sodni\u0161ki odlo\u010ditvi premagal Kre\u0161imirja Majcna. \u00bb\u010ceprav se mi je malo poznala utrujenost od vo\u017enje in dr\u017eavnega prvenstva, na katerem sem imel tri te\u017eke dvoboje, sem prikazal dober boks, zato sem zadovoljen,\u00ab je sporo\u010dil Venko in dodal, da je zagreb\u0161ka zasedba do\u017eivela prvi leto\u0161nji poraz\u00a0...\" \/>\n<meta property=\"og:url\" content=\"https:\/\/hudo.com\/si\/aktualno\/venko-prispeval-dve-od-stirih-tock-za-zagreb\/\" \/>\n<meta property=\"og:site_name\" content=\"Hudo Slovenija\" \/>\n<meta property=\"article:publisher\" content=\"https:\/\/www.facebook.com\/hudo.si\" \/>\n<meta property=\"article:published_time\" content=\"2016-06-06T18:12:00+00:00\" \/>\n<meta property=\"article:modified_time\" content=\"2016-06-07T04:21:00+00:00\" \/>\n<meta property=\"og:image\" content=\"https:\/\/hudo.com\/si\/wp-content\/uploads\/sites\/2\/2016\/06\/480x290_djvu_2091601_janezp_regent-boks.jpeg\" \/>\n\t<meta property=\"og:image:width\" content=\"480\" \/>\n\t<meta property=\"og:image:height\" content=\"290\" \/>\n\t<meta property=\"og:image:type\" content=\"image\/jpeg\" \/>\n<meta name=\"author\" content=\"hudo\" \/>\n<meta name=\"twitter:card\" content=\"summary_large_image\" \/>\n<meta name=\"twitter:creator\" content=\"@hudo_si\" \/>\n<meta name=\"twitter:site\" content=\"@hudo_si\" \/>\n<meta name=\"twitter:label1\" content=\"Written by\" \/>\n\t<meta name=\"twitter:data1\" content=\"hudo\" \/>\n\t<meta name=\"twitter:label2\" content=\"Est. reading time\" \/>\n\t<meta name=\"twitter:data2\" content=\"1 minuta\" \/>\n<script type=\"application\/ld+json\" class=\"yoast-schema-graph\">{\"@context\":\"https:\/\/schema.org\",\"@graph\":[{\"@type\":\"Article\",\"@id\":\"https:\/\/hudo.com\/si\/aktualno\/venko-prispeval-dve-od-stirih-tock-za-zagreb\/#article\",\"isPartOf\":{\"@id\":\"https:\/\/hudo.com\/si\/aktualno\/venko-prispeval-dve-od-stirih-tock-za-zagreb\/\"},\"author\":{\"name\":\"hudo\",\"@id\":\"https:\/\/hudo.com\/si\/#\/schema\/person\/601cf3379633985b20f7e50f2bb47707\"},\"headline\":\"Venko prispeval dve od \u0161tirih to\u010dk za Zagreb\",\"datePublished\":\"2016-06-06T18:12:00+00:00\",\"dateModified\":\"2016-06-07T04:21:00+00:00\",\"mainEntityOfPage\":{\"@id\":\"https:\/\/hudo.com\/si\/aktualno\/venko-prispeval-dve-od-stirih-tock-za-zagreb\/\"},\"wordCount\":160,\"publisher\":{\"@id\":\"https:\/\/hudo.com\/si\/#organization\"},\"articleSection\":[\"Aktualno\"],\"inLanguage\":\"sl-SI\"},{\"@type\":\"WebPage\",\"@id\":\"https:\/\/hudo.com\/si\/aktualno\/venko-prispeval-dve-od-stirih-tock-za-zagreb\/\",\"url\":\"https:\/\/hudo.com\/si\/aktualno\/venko-prispeval-dve-od-stirih-tock-za-zagreb\/\",\"name\":\"Venko prispeval dve od \u0161tirih to\u010dk za Zagreb - Hudo Slovenija\",\"isPartOf\":{\"@id\":\"https:\/\/hudo.com\/si\/#website\"},\"datePublished\":\"2016-06-06T18:12:00+00:00\",\"dateModified\":\"2016-06-07T04:21:00+00:00\",\"breadcrumb\":{\"@id\":\"https:\/\/hudo.com\/si\/aktualno\/venko-prispeval-dve-od-stirih-tock-za-zagreb\/#breadcrumb\"},\"inLanguage\":\"sl-SI\",\"potentialAction\":[{\"@type\":\"ReadAction\",\"target\":[\"https:\/\/hudo.com\/si\/aktualno\/venko-prispeval-dve-od-stirih-tock-za-zagreb\/\"]}]},{\"@type\":\"BreadcrumbList\",\"@id\":\"https:\/\/hudo.com\/si\/aktualno\/venko-prispeval-dve-od-stirih-tock-za-zagreb\/#breadcrumb\",\"itemListElement\":[{\"@type\":\"ListItem\",\"position\":1,\"name\":\"Home\",\"item\":\"https:\/\/hudo.com\/si\/\"},{\"@type\":\"ListItem\",\"position\":2,\"name\":\"Venko prispeval dve od \u0161tirih to\u010dk za Zagreb\"}]},{\"@type\":\"WebSite\",\"@id\":\"https:\/\/hudo.com\/si\/#website\",\"url\":\"https:\/\/hudo.com\/si\/\",\"name\":\"Hudo Slovenija\",\"description\":\"Vse novice iz Slovenije in sveta\",\"publisher\":{\"@id\":\"https:\/\/hudo.com\/si\/#organization\"},\"potentialAction\":[{\"@type\":\"SearchAction\",\"target\":{\"@type\":\"EntryPoint\",\"urlTemplate\":\"https:\/\/hudo.com\/si\/?s={search_term_string}\"},\"query-input\":\"required name=search_term_string\"}],\"inLanguage\":\"sl-SI\"},{\"@type\":\"Organization\",\"@id\":\"https:\/\/hudo.com\/si\/#organization\",\"name\":\"VSN Media\",\"url\":\"https:\/\/hudo.com\/si\/\",\"logo\":{\"@type\":\"ImageObject\",\"inLanguage\":\"sl-SI\",\"@id\":\"https:\/\/hudo.com\/si\/#\/schema\/logo\/image\/\",\"url\":\"https:\/\/hudo.com\/si\/wp-content\/uploads\/sites\/2\/2021\/03\/hudo-app-2.png\",\"contentUrl\":\"https:\/\/hudo.com\/si\/wp-content\/uploads\/sites\/2\/2021\/03\/hudo-app-2.png\",\"width\":2185,\"height\":2167,\"caption\":\"VSN Media\"},\"image\":{\"@id\":\"https:\/\/hudo.com\/si\/#\/schema\/logo\/image\/\"},\"sameAs\":[\"https:\/\/www.facebook.com\/hudo.si\",\"https:\/\/twitter.com\/hudo_si\"]},{\"@type\":\"Person\",\"@id\":\"https:\/\/hudo.com\/si\/#\/schema\/person\/601cf3379633985b20f7e50f2bb47707\",\"name\":\"hudo\",\"image\":{\"@type\":\"ImageObject\",\"inLanguage\":\"sl-SI\",\"@id\":\"https:\/\/hudo.com\/si\/#\/schema\/person\/image\/\",\"url\":\"https:\/\/secure.gravatar.com\/avatar\/c4ca25fa72cace7a696b52ff5db9e095?s=96&d=mm&r=g\",\"contentUrl\":\"https:\/\/secure.gravatar.com\/avatar\/c4ca25fa72cace7a696b52ff5db9e095?s=96&d=mm&r=g\",\"caption\":\"hudo\"},\"url\":\"https:\/\/hudo.com\/si\/author\/hudo\/\"}]}<\/script>\n<!-- \/ Yoast SEO plugin. -->","yoast_head_json":{"title":"Venko prispeval dve od \u0161tirih to\u010dk za Zagreb - Hudo Slovenija","robots":{"index":"index","follow":"follow","max-snippet":"max-snippet:-1","max-image-preview":"max-image-preview:large","max-video-preview":"max-video-preview:-1"},"canonical":"https:\/\/hudo.com\/si\/aktualno\/venko-prispeval-dve-od-stirih-tock-za-zagreb\/","og_locale":"sl_SI","og_type":"article","og_title":"Venko prispeval dve od \u0161tirih to\u010dk za Zagreb - Hudo Slovenija","og_description":"Kategorija: Drugi \u0161porti Mon, 06 Jun 2016 22:12:00 +0200 Slavonski Brod - Slovenski boksar Alja\u017e Venko se je le teden dni po odmevnem finalu dr\u017eavnega prvenstva na Ravnah, v katerem je z 1:2 po to\u010dkah izgubil z Ljubljan\u010danom Andrejem Bakovi\u0107em, znova povzpel v ring - in ga tokrat zapustil dvignjenih rok. V tretjem krogu tako imenovane premier lige na Hrva\u0161kem je namre\u010d minulo soboto v Slavonskem Brodu za mo\u0161tvo Zagreba, ki je sicer s 4:14 klonilo pred vrsto Slavonije, prispeval dve od \u0161tirih to\u010dk, potem ko je v obra\u010dunu srednje kategorije (do 75 kg) po soglasni sodni\u0161ki odlo\u010ditvi premagal Kre\u0161imirja Majcna. \u00bb\u010ceprav se mi je malo poznala utrujenost od vo\u017enje in dr\u017eavnega prvenstva, na katerem sem imel tri te\u017eke dvoboje, sem prikazal dober boks, zato sem zadovoljen,\u00ab je sporo\u010dil Venko in dodal, da je zagreb\u0161ka zasedba do\u017eivela prvi leto\u0161nji poraz\u00a0...","og_url":"https:\/\/hudo.com\/si\/aktualno\/venko-prispeval-dve-od-stirih-tock-za-zagreb\/","og_site_name":"Hudo Slovenija","article_publisher":"https:\/\/www.facebook.com\/hudo.si","article_published_time":"2016-06-06T18:12:00+00:00","article_modified_time":"2016-06-07T04:21:00+00:00","og_image":[{"width":480,"height":290,"url":"https:\/\/hudo.com\/si\/wp-content\/uploads\/sites\/2\/2016\/06\/480x290_djvu_2091601_janezp_regent-boks.jpeg","type":"image\/jpeg"}],"author":"hudo","twitter_card":"summary_large_image","twitter_creator":"@hudo_si","twitter_site":"@hudo_si","twitter_misc":{"Written by":"hudo","Est. reading time":"1 minuta"},"schema":{"@context":"https:\/\/schema.org","@graph":[{"@type":"Article","@id":"https:\/\/hudo.com\/si\/aktualno\/venko-prispeval-dve-od-stirih-tock-za-zagreb\/#article","isPartOf":{"@id":"https:\/\/hudo.com\/si\/aktualno\/venko-prispeval-dve-od-stirih-tock-za-zagreb\/"},"author":{"name":"hudo","@id":"https:\/\/hudo.com\/si\/#\/schema\/person\/601cf3379633985b20f7e50f2bb47707"},"headline":"Venko prispeval dve od \u0161tirih to\u010dk za Zagreb","datePublished":"2016-06-06T18:12:00+00:00","dateModified":"2016-06-07T04:21:00+00:00","mainEntityOfPage":{"@id":"https:\/\/hudo.com\/si\/aktualno\/venko-prispeval-dve-od-stirih-tock-za-zagreb\/"},"wordCount":160,"publisher":{"@id":"https:\/\/hudo.com\/si\/#organization"},"articleSection":["Aktualno"],"inLanguage":"sl-SI"},{"@type":"WebPage","@id":"https:\/\/hudo.com\/si\/aktualno\/venko-prispeval-dve-od-stirih-tock-za-zagreb\/","url":"https:\/\/hudo.com\/si\/aktualno\/venko-prispeval-dve-od-stirih-tock-za-zagreb\/","name":"Venko prispeval dve od \u0161tirih to\u010dk za Zagreb - Hudo Slovenija","isPartOf":{"@id":"https:\/\/hudo.com\/si\/#website"},"datePublished":"2016-06-06T18:12:00+00:00","dateModified":"2016-06-07T04:21:00+00:00","breadcrumb":{"@id":"https:\/\/hudo.com\/si\/aktualno\/venko-prispeval-dve-od-stirih-tock-za-zagreb\/#breadcrumb"},"inLanguage":"sl-SI","potentialAction":[{"@type":"ReadAction","target":["https:\/\/hudo.com\/si\/aktualno\/venko-prispeval-dve-od-stirih-tock-za-zagreb\/"]}]},{"@type":"BreadcrumbList","@id":"https:\/\/hudo.com\/si\/aktualno\/venko-prispeval-dve-od-stirih-tock-za-zagreb\/#breadcrumb","itemListElement":[{"@type":"ListItem","position":1,"name":"Home","item":"https:\/\/hudo.com\/si\/"},{"@type":"ListItem","position":2,"name":"Venko prispeval dve od \u0161tirih to\u010dk za Zagreb"}]},{"@type":"WebSite","@id":"https:\/\/hudo.com\/si\/#website","url":"https:\/\/hudo.com\/si\/","name":"Hudo Slovenija","description":"Vse novice iz Slovenije in sveta","publisher":{"@id":"https:\/\/hudo.com\/si\/#organization"},"potentialAction":[{"@type":"SearchAction","target":{"@type":"EntryPoint","urlTemplate":"https:\/\/hudo.com\/si\/?s={search_term_string}"},"query-input":"required name=search_term_string"}],"inLanguage":"sl-SI"},{"@type":"Organization","@id":"https:\/\/hudo.com\/si\/#organization","name":"VSN Media","url":"https:\/\/hudo.com\/si\/","logo":{"@type":"ImageObject","inLanguage":"sl-SI","@id":"https:\/\/hudo.com\/si\/#\/schema\/logo\/image\/","url":"https:\/\/hudo.com\/si\/wp-content\/uploads\/sites\/2\/2021\/03\/hudo-app-2.png","contentUrl":"https:\/\/hudo.com\/si\/wp-content\/uploads\/sites\/2\/2021\/03\/hudo-app-2.png","width":2185,"height":2167,"caption":"VSN Media"},"image":{"@id":"https:\/\/hudo.com\/si\/#\/schema\/logo\/image\/"},"sameAs":["https:\/\/www.facebook.com\/hudo.si","https:\/\/twitter.com\/hudo_si"]},{"@type":"Person","@id":"https:\/\/hudo.com\/si\/#\/schema\/person\/601cf3379633985b20f7e50f2bb47707","name":"hudo","image":{"@type":"ImageObject","inLanguage":"sl-SI","@id":"https:\/\/hudo.com\/si\/#\/schema\/person\/image\/","url":"https:\/\/secure.gravatar.com\/avatar\/c4ca25fa72cace7a696b52ff5db9e095?s=96&d=mm&r=g","contentUrl":"https:\/\/secure.gravatar.com\/avatar\/c4ca25fa72cace7a696b52ff5db9e095?s=96&d=mm&r=g","caption":"hudo"},"url":"https:\/\/hudo.com\/si\/author\/hudo\/"}]}},"amp_enabled":true,"_links":{"self":[{"href":"https:\/\/hudo.com\/si\/wp-json\/wp\/v2\/posts\/70087"}],"collection":[{"href":"https:\/\/hudo.com\/si\/wp-json\/wp\/v2\/posts"}],"about":[{"href":"https:\/\/hudo.com\/si\/wp-json\/wp\/v2\/types\/post"}],"author":[{"embeddable":true,"href":"https:\/\/hudo.com\/si\/wp-json\/wp\/v2\/users\/1"}],"replies":[{"embeddable":true,"href":"https:\/\/hudo.com\/si\/wp-json\/wp\/v2\/comments?post=70087"}],"version-history":[{"count":1,"href":"https:\/\/hudo.com\/si\/wp-json\/wp\/v2\/posts\/70087\/revisions"}],"predecessor-version":[{"id":70146,"href":"https:\/\/hudo.com\/si\/wp-json\/wp\/v2\/posts\/70087\/revisions\/70146"}],"wp:attachment":[{"href":"https:\/\/hudo.com\/si\/wp-json\/wp\/v2\/media?parent=70087"}],"wp:term":[{"taxonomy":"category","embeddable":true,"href":"https:\/\/hudo.com\/si\/wp-json\/wp\/v2\/categories?post=70087"},{"taxonomy":"post_tag","embeddable":true,"href":"https:\/\/hudo.com\/si\/wp-json\/wp\/v2\/tags?post=70087"},{"taxonomy":"source","embeddable":true,"href":"https:\/\/hudo.com\/si\/wp-json\/wp\/v2\/source?post=70087"},{"taxonomy":"supertag","embeddable":true,"href":"https:\/\/hudo.com\/si\/wp-json\/wp\/v2\/supertag?post=70087"}],"curies":[{"name":"wp","href":"https:\/\/api.w.org\/{rel}","templated":true}]}}