{"id":71105,"date":"2016-06-09T05:11:55","date_gmt":"2016-06-09T03:11:55","guid":{"rendered":"http:\/\/hudo.com\/si\/?p=71105"},"modified":"2016-06-17T11:30:28","modified_gmt":"2016-06-17T09:30:28","slug":"tako-se-je-stil-adele-spreminjal-skozi-leta-foto","status":"publish","type":"post","link":"https:\/\/hudo.com\/si\/vip\/tako-se-je-stil-adele-spreminjal-skozi-leta-foto\/","title":{"rendered":"Tako se je stil Adele spreminjal skozi leta (foto)"},"content":{"rendered":"<section class=\"slideshow\">\n<figure>\n\t\t\t\t\t<img loading=\"lazy\" decoding=\"async\" width=\"660\" height=\"320\" src=\"data:image\/gif;base64,R0lGODlhAQABAAAAACH5BAEKAAEALAAAAAABAAEAAAICTAEAOw==\" class=\"lazyload\" data-src=\"http:\/\/zenska.hudo.com\/files\/2016\/06\/profimedia-0275270734-320x155.jpg\" data-srcset=\"http:\/\/zenska.hudo.com\/files\/2016\/06\/profimedia-0275270734-660x320.jpg 660w,http:\/\/zenska.hudo.com\/files\/2016\/06\/profimedia-0275270734-320x155.jpg 330w\" sizes=\"(max-width: 660px) 100vw, 660px\"\/><figcaption>Adele februarja letos (Foto: Profimedia)<\/figcaption><\/figure>\n<figure>\n\t\t\t\t\t<img loading=\"lazy\" decoding=\"async\" width=\"660\" height=\"320\" src=\"data:image\/gif;base64,R0lGODlhAQABAAAAACH5BAEKAAEALAAAAAABAAEAAAICTAEAOw==\" class=\"lazyload\" data-src=\"http:\/\/zenska.hudo.com\/files\/2016\/06\/profimedia-0274263381-320x155.jpg\" data-srcset=\"http:\/\/zenska.hudo.com\/files\/2016\/06\/profimedia-0274263381-660x320.jpg 660w,http:\/\/zenska.hudo.com\/files\/2016\/06\/profimedia-0274263381-320x155.jpg 330w\" sizes=\"(max-width: 660px) 100vw, 660px\"\/><figcaption>Adele februarja letos (Foto: Profimedia)<\/figcaption><\/figure>\n<figure>\n\t\t\t\t\t<img loading=\"lazy\" decoding=\"async\" width=\"660\" height=\"320\" src=\"data:image\/gif;base64,R0lGODlhAQABAAAAACH5BAEKAAEALAAAAAABAAEAAAICTAEAOw==\" class=\"lazyload\" data-src=\"http:\/\/zenska.hudo.com\/files\/2016\/06\/profimedia-0266722371-320x155.jpg\" data-srcset=\"http:\/\/zenska.hudo.com\/files\/2016\/06\/profimedia-0266722371-660x320.jpg 660w,http:\/\/zenska.hudo.com\/files\/2016\/06\/profimedia-0266722371-320x155.jpg 330w\" sizes=\"(max-width: 660px) 100vw, 660px\"\/><figcaption>Adele leta 2015 (Foto: Profimedia)<\/figcaption><\/figure>\n<figure>\n\t\t\t\t\t<img loading=\"lazy\" decoding=\"async\" width=\"660\" height=\"320\" src=\"data:image\/gif;base64,R0lGODlhAQABAAAAACH5BAEKAAEALAAAAAABAAEAAAICTAEAOw==\" class=\"lazyload\" data-src=\"http:\/\/zenska.hudo.com\/files\/2016\/06\/profimedia-0263385841-320x155.jpg\" data-srcset=\"http:\/\/zenska.hudo.com\/files\/2016\/06\/profimedia-0263385841-660x320.jpg 660w,http:\/\/zenska.hudo.com\/files\/2016\/06\/profimedia-0263385841-320x155.jpg 330w\" sizes=\"(max-width: 660px) 100vw, 660px\"\/><figcaption>Adele leta 2012 (Foto: Profimedia)<\/figcaption><\/figure>\n<figure>\n\t\t\t\t\t<img loading=\"lazy\" decoding=\"async\" width=\"660\" height=\"320\" src=\"data:image\/gif;base64,R0lGODlhAQABAAAAACH5BAEKAAEALAAAAAABAAEAAAICTAEAOw==\" class=\"lazyload\" data-src=\"http:\/\/zenska.hudo.com\/files\/2016\/06\/profimedia-0208475390-320x155.jpg\" data-srcset=\"http:\/\/zenska.hudo.com\/files\/2016\/06\/profimedia-0208475390-660x320.jpg 660w,http:\/\/zenska.hudo.com\/files\/2016\/06\/profimedia-0208475390-320x155.jpg 330w\" sizes=\"(max-width: 660px) 100vw, 660px\"\/><figcaption>Adele leta 2014 (Foto: Profimedia)<\/figcaption><\/figure>\n<figure>\n\t\t\t\t\t<img loading=\"lazy\" decoding=\"async\" width=\"660\" height=\"320\" src=\"data:image\/gif;base64,R0lGODlhAQABAAAAACH5BAEKAAEALAAAAAABAAEAAAICTAEAOw==\" class=\"lazyload\" data-src=\"http:\/\/zenska.hudo.com\/files\/2016\/06\/profimedia-0180061449-320x155.jpg\" data-srcset=\"http:\/\/zenska.hudo.com\/files\/2016\/06\/profimedia-0180061449-660x320.jpg 660w,http:\/\/zenska.hudo.com\/files\/2016\/06\/profimedia-0180061449-320x155.jpg 330w\" sizes=\"(max-width: 660px) 100vw, 660px\"\/><figcaption>Adele leta 2013 (Foto: Profimedia)<\/figcaption><\/figure>\n<figure>\n\t\t\t\t\t<img loading=\"lazy\" decoding=\"async\" width=\"660\" height=\"320\" src=\"data:image\/gif;base64,R0lGODlhAQABAAAAACH5BAEKAAEALAAAAAABAAEAAAICTAEAOw==\" class=\"lazyload\" data-src=\"http:\/\/zenska.hudo.com\/files\/2016\/06\/profimedia-0170973024-320x155.jpg\" data-srcset=\"http:\/\/zenska.hudo.com\/files\/2016\/06\/profimedia-0170973024-660x320.jpg 660w,http:\/\/zenska.hudo.com\/files\/2016\/06\/profimedia-0170973024-320x155.jpg 330w\" sizes=\"(max-width: 660px) 100vw, 660px\"\/><figcaption>Adele leta 2013 (Foto: Profimedia)<\/figcaption><\/figure>\n<\/section>\n","protected":false},"excerpt":{"rendered":"<p>Ena najve\u010djih pevk dana\u0161njega \u010dasa je prehodila dolgo pot, od kar je bila \u010disto obi\u010dajno britansko dekle, do danes, ko je zvezda, ki ji ni para. Poglejte si njeno nevejetno stilsko preobrazbo.<\/p>\n","protected":false},"author":1,"featured_media":0,"comment_status":"closed","ping_status":"closed","sticky":false,"template":"","format":"standard","meta":{"footnotes":""},"categories":[1093],"tags":[2657,2650],"source":[1346,1345,1334],"supertag":[],"acf":[],"yoast_head":"<!-- This site is optimized with the Yoast SEO plugin v21.3 - https:\/\/yoast.com\/wordpress\/plugins\/seo\/ -->\n<title>Tako se je stil Adele spreminjal skozi leta (foto) - Hudo Slovenija<\/title>\n<meta name=\"robots\" content=\"index, follow, max-snippet:-1, max-image-preview:large, max-video-preview:-1\" \/>\n<link rel=\"canonical\" href=\"https:\/\/hudo.com\/si\/vip\/tako-se-je-stil-adele-spreminjal-skozi-leta-foto\/\" \/>\n<meta property=\"og:locale\" content=\"sl_SI\" \/>\n<meta property=\"og:type\" content=\"article\" \/>\n<meta property=\"og:title\" content=\"Tako se je stil Adele spreminjal skozi leta (foto) - Hudo Slovenija\" \/>\n<meta property=\"og:description\" content=\"Ena najve\u010djih pevk dana\u0161njega \u010dasa je prehodila dolgo pot, od kar je bila \u010disto obi\u010dajno britansko dekle, do danes, ko je zvezda, ki ji ni para. Poglejte si njeno nevejetno stilsko preobrazbo.\" \/>\n<meta property=\"og:url\" content=\"https:\/\/hudo.com\/si\/vip\/tako-se-je-stil-adele-spreminjal-skozi-leta-foto\/\" \/>\n<meta property=\"og:site_name\" content=\"Hudo Slovenija\" \/>\n<meta property=\"article:publisher\" content=\"https:\/\/www.facebook.com\/hudo.si\" \/>\n<meta property=\"article:published_time\" content=\"2016-06-09T03:11:55+00:00\" \/>\n<meta property=\"article:modified_time\" content=\"2016-06-17T09:30:28+00:00\" \/>\n<meta property=\"og:image\" content=\"https:\/\/hudo.com\/si\/wp-content\/uploads\/sites\/2\/2016\/06\/profimedia-0026741050.jpg\" \/>\n\t<meta property=\"og:image:width\" content=\"1222\" \/>\n\t<meta property=\"og:image:height\" content=\"1250\" \/>\n\t<meta property=\"og:image:type\" content=\"image\/jpeg\" \/>\n<meta name=\"author\" content=\"hudo\" \/>\n<meta name=\"twitter:card\" content=\"summary_large_image\" \/>\n<meta name=\"twitter:creator\" content=\"@hudo_si\" \/>\n<meta name=\"twitter:site\" content=\"@hudo_si\" \/>\n<meta name=\"twitter:label1\" content=\"Written by\" \/>\n\t<meta name=\"twitter:data1\" content=\"hudo\" \/>\n<script type=\"application\/ld+json\" class=\"yoast-schema-graph\">{\"@context\":\"https:\/\/schema.org\",\"@graph\":[{\"@type\":\"Article\",\"@id\":\"https:\/\/hudo.com\/si\/vip\/tako-se-je-stil-adele-spreminjal-skozi-leta-foto\/#article\",\"isPartOf\":{\"@id\":\"https:\/\/hudo.com\/si\/vip\/tako-se-je-stil-adele-spreminjal-skozi-leta-foto\/\"},\"author\":{\"name\":\"hudo\",\"@id\":\"https:\/\/hudo.com\/si\/#\/schema\/person\/601cf3379633985b20f7e50f2bb47707\"},\"headline\":\"Tako se je stil Adele spreminjal skozi leta (foto)\",\"datePublished\":\"2016-06-09T03:11:55+00:00\",\"dateModified\":\"2016-06-17T09:30:28+00:00\",\"mainEntityOfPage\":{\"@id\":\"https:\/\/hudo.com\/si\/vip\/tako-se-je-stil-adele-spreminjal-skozi-leta-foto\/\"},\"wordCount\":39,\"publisher\":{\"@id\":\"https:\/\/hudo.com\/si\/#organization\"},\"keywords\":[\"Adele\",\"stil zvezdnic\"],\"articleSection\":[\"VIP\"],\"inLanguage\":\"sl-SI\"},{\"@type\":\"WebPage\",\"@id\":\"https:\/\/hudo.com\/si\/vip\/tako-se-je-stil-adele-spreminjal-skozi-leta-foto\/\",\"url\":\"https:\/\/hudo.com\/si\/vip\/tako-se-je-stil-adele-spreminjal-skozi-leta-foto\/\",\"name\":\"Tako se je stil Adele spreminjal skozi leta (foto) - Hudo Slovenija\",\"isPartOf\":{\"@id\":\"https:\/\/hudo.com\/si\/#website\"},\"datePublished\":\"2016-06-09T03:11:55+00:00\",\"dateModified\":\"2016-06-17T09:30:28+00:00\",\"breadcrumb\":{\"@id\":\"https:\/\/hudo.com\/si\/vip\/tako-se-je-stil-adele-spreminjal-skozi-leta-foto\/#breadcrumb\"},\"inLanguage\":\"sl-SI\",\"potentialAction\":[{\"@type\":\"ReadAction\",\"target\":[\"https:\/\/hudo.com\/si\/vip\/tako-se-je-stil-adele-spreminjal-skozi-leta-foto\/\"]}]},{\"@type\":\"BreadcrumbList\",\"@id\":\"https:\/\/hudo.com\/si\/vip\/tako-se-je-stil-adele-spreminjal-skozi-leta-foto\/#breadcrumb\",\"itemListElement\":[{\"@type\":\"ListItem\",\"position\":1,\"name\":\"Home\",\"item\":\"https:\/\/hudo.com\/si\/\"},{\"@type\":\"ListItem\",\"position\":2,\"name\":\"Tako se je stil Adele spreminjal skozi leta (foto)\"}]},{\"@type\":\"WebSite\",\"@id\":\"https:\/\/hudo.com\/si\/#website\",\"url\":\"https:\/\/hudo.com\/si\/\",\"name\":\"Hudo Slovenija\",\"description\":\"Vse novice iz Slovenije in sveta\",\"publisher\":{\"@id\":\"https:\/\/hudo.com\/si\/#organization\"},\"potentialAction\":[{\"@type\":\"SearchAction\",\"target\":{\"@type\":\"EntryPoint\",\"urlTemplate\":\"https:\/\/hudo.com\/si\/?s={search_term_string}\"},\"query-input\":\"required name=search_term_string\"}],\"inLanguage\":\"sl-SI\"},{\"@type\":\"Organization\",\"@id\":\"https:\/\/hudo.com\/si\/#organization\",\"name\":\"VSN Media\",\"url\":\"https:\/\/hudo.com\/si\/\",\"logo\":{\"@type\":\"ImageObject\",\"inLanguage\":\"sl-SI\",\"@id\":\"https:\/\/hudo.com\/si\/#\/schema\/logo\/image\/\",\"url\":\"https:\/\/hudo.com\/si\/wp-content\/uploads\/sites\/2\/2021\/03\/hudo-app-2.png\",\"contentUrl\":\"https:\/\/hudo.com\/si\/wp-content\/uploads\/sites\/2\/2021\/03\/hudo-app-2.png\",\"width\":2185,\"height\":2167,\"caption\":\"VSN Media\"},\"image\":{\"@id\":\"https:\/\/hudo.com\/si\/#\/schema\/logo\/image\/\"},\"sameAs\":[\"https:\/\/www.facebook.com\/hudo.si\",\"https:\/\/twitter.com\/hudo_si\"]},{\"@type\":\"Person\",\"@id\":\"https:\/\/hudo.com\/si\/#\/schema\/person\/601cf3379633985b20f7e50f2bb47707\",\"name\":\"hudo\",\"image\":{\"@type\":\"ImageObject\",\"inLanguage\":\"sl-SI\",\"@id\":\"https:\/\/hudo.com\/si\/#\/schema\/person\/image\/\",\"url\":\"https:\/\/secure.gravatar.com\/avatar\/c4ca25fa72cace7a696b52ff5db9e095?s=96&d=mm&r=g\",\"contentUrl\":\"https:\/\/secure.gravatar.com\/avatar\/c4ca25fa72cace7a696b52ff5db9e095?s=96&d=mm&r=g\",\"caption\":\"hudo\"},\"url\":\"https:\/\/hudo.com\/si\/author\/hudo\/\"}]}<\/script>\n<!-- \/ Yoast SEO plugin. -->","yoast_head_json":{"title":"Tako se je stil Adele spreminjal skozi leta (foto) - Hudo Slovenija","robots":{"index":"index","follow":"follow","max-snippet":"max-snippet:-1","max-image-preview":"max-image-preview:large","max-video-preview":"max-video-preview:-1"},"canonical":"https:\/\/hudo.com\/si\/vip\/tako-se-je-stil-adele-spreminjal-skozi-leta-foto\/","og_locale":"sl_SI","og_type":"article","og_title":"Tako se je stil Adele spreminjal skozi leta (foto) - Hudo Slovenija","og_description":"Ena najve\u010djih pevk dana\u0161njega \u010dasa je prehodila dolgo pot, od kar je bila \u010disto obi\u010dajno britansko dekle, do danes, ko je zvezda, ki ji ni para. Poglejte si njeno nevejetno stilsko preobrazbo.","og_url":"https:\/\/hudo.com\/si\/vip\/tako-se-je-stil-adele-spreminjal-skozi-leta-foto\/","og_site_name":"Hudo Slovenija","article_publisher":"https:\/\/www.facebook.com\/hudo.si","article_published_time":"2016-06-09T03:11:55+00:00","article_modified_time":"2016-06-17T09:30:28+00:00","og_image":[{"width":1222,"height":1250,"url":"https:\/\/hudo.com\/si\/wp-content\/uploads\/sites\/2\/2016\/06\/profimedia-0026741050.jpg","type":"image\/jpeg"}],"author":"hudo","twitter_card":"summary_large_image","twitter_creator":"@hudo_si","twitter_site":"@hudo_si","twitter_misc":{"Written by":"hudo"},"schema":{"@context":"https:\/\/schema.org","@graph":[{"@type":"Article","@id":"https:\/\/hudo.com\/si\/vip\/tako-se-je-stil-adele-spreminjal-skozi-leta-foto\/#article","isPartOf":{"@id":"https:\/\/hudo.com\/si\/vip\/tako-se-je-stil-adele-spreminjal-skozi-leta-foto\/"},"author":{"name":"hudo","@id":"https:\/\/hudo.com\/si\/#\/schema\/person\/601cf3379633985b20f7e50f2bb47707"},"headline":"Tako se je stil Adele spreminjal skozi leta (foto)","datePublished":"2016-06-09T03:11:55+00:00","dateModified":"2016-06-17T09:30:28+00:00","mainEntityOfPage":{"@id":"https:\/\/hudo.com\/si\/vip\/tako-se-je-stil-adele-spreminjal-skozi-leta-foto\/"},"wordCount":39,"publisher":{"@id":"https:\/\/hudo.com\/si\/#organization"},"keywords":["Adele","stil zvezdnic"],"articleSection":["VIP"],"inLanguage":"sl-SI"},{"@type":"WebPage","@id":"https:\/\/hudo.com\/si\/vip\/tako-se-je-stil-adele-spreminjal-skozi-leta-foto\/","url":"https:\/\/hudo.com\/si\/vip\/tako-se-je-stil-adele-spreminjal-skozi-leta-foto\/","name":"Tako se je stil Adele spreminjal skozi leta (foto) - Hudo Slovenija","isPartOf":{"@id":"https:\/\/hudo.com\/si\/#website"},"datePublished":"2016-06-09T03:11:55+00:00","dateModified":"2016-06-17T09:30:28+00:00","breadcrumb":{"@id":"https:\/\/hudo.com\/si\/vip\/tako-se-je-stil-adele-spreminjal-skozi-leta-foto\/#breadcrumb"},"inLanguage":"sl-SI","potentialAction":[{"@type":"ReadAction","target":["https:\/\/hudo.com\/si\/vip\/tako-se-je-stil-adele-spreminjal-skozi-leta-foto\/"]}]},{"@type":"BreadcrumbList","@id":"https:\/\/hudo.com\/si\/vip\/tako-se-je-stil-adele-spreminjal-skozi-leta-foto\/#breadcrumb","itemListElement":[{"@type":"ListItem","position":1,"name":"Home","item":"https:\/\/hudo.com\/si\/"},{"@type":"ListItem","position":2,"name":"Tako se je stil Adele spreminjal skozi leta (foto)"}]},{"@type":"WebSite","@id":"https:\/\/hudo.com\/si\/#website","url":"https:\/\/hudo.com\/si\/","name":"Hudo Slovenija","description":"Vse novice iz Slovenije in sveta","publisher":{"@id":"https:\/\/hudo.com\/si\/#organization"},"potentialAction":[{"@type":"SearchAction","target":{"@type":"EntryPoint","urlTemplate":"https:\/\/hudo.com\/si\/?s={search_term_string}"},"query-input":"required name=search_term_string"}],"inLanguage":"sl-SI"},{"@type":"Organization","@id":"https:\/\/hudo.com\/si\/#organization","name":"VSN Media","url":"https:\/\/hudo.com\/si\/","logo":{"@type":"ImageObject","inLanguage":"sl-SI","@id":"https:\/\/hudo.com\/si\/#\/schema\/logo\/image\/","url":"https:\/\/hudo.com\/si\/wp-content\/uploads\/sites\/2\/2021\/03\/hudo-app-2.png","contentUrl":"https:\/\/hudo.com\/si\/wp-content\/uploads\/sites\/2\/2021\/03\/hudo-app-2.png","width":2185,"height":2167,"caption":"VSN Media"},"image":{"@id":"https:\/\/hudo.com\/si\/#\/schema\/logo\/image\/"},"sameAs":["https:\/\/www.facebook.com\/hudo.si","https:\/\/twitter.com\/hudo_si"]},{"@type":"Person","@id":"https:\/\/hudo.com\/si\/#\/schema\/person\/601cf3379633985b20f7e50f2bb47707","name":"hudo","image":{"@type":"ImageObject","inLanguage":"sl-SI","@id":"https:\/\/hudo.com\/si\/#\/schema\/person\/image\/","url":"https:\/\/secure.gravatar.com\/avatar\/c4ca25fa72cace7a696b52ff5db9e095?s=96&d=mm&r=g","contentUrl":"https:\/\/secure.gravatar.com\/avatar\/c4ca25fa72cace7a696b52ff5db9e095?s=96&d=mm&r=g","caption":"hudo"},"url":"https:\/\/hudo.com\/si\/author\/hudo\/"}]}},"amp_enabled":true,"_links":{"self":[{"href":"https:\/\/hudo.com\/si\/wp-json\/wp\/v2\/posts\/71105"}],"collection":[{"href":"https:\/\/hudo.com\/si\/wp-json\/wp\/v2\/posts"}],"about":[{"href":"https:\/\/hudo.com\/si\/wp-json\/wp\/v2\/types\/post"}],"author":[{"embeddable":true,"href":"https:\/\/hudo.com\/si\/wp-json\/wp\/v2\/users\/1"}],"replies":[{"embeddable":true,"href":"https:\/\/hudo.com\/si\/wp-json\/wp\/v2\/comments?post=71105"}],"version-history":[{"count":0,"href":"https:\/\/hudo.com\/si\/wp-json\/wp\/v2\/posts\/71105\/revisions"}],"wp:attachment":[{"href":"https:\/\/hudo.com\/si\/wp-json\/wp\/v2\/media?parent=71105"}],"wp:term":[{"taxonomy":"category","embeddable":true,"href":"https:\/\/hudo.com\/si\/wp-json\/wp\/v2\/categories?post=71105"},{"taxonomy":"post_tag","embeddable":true,"href":"https:\/\/hudo.com\/si\/wp-json\/wp\/v2\/tags?post=71105"},{"taxonomy":"source","embeddable":true,"href":"https:\/\/hudo.com\/si\/wp-json\/wp\/v2\/source?post=71105"},{"taxonomy":"supertag","embeddable":true,"href":"https:\/\/hudo.com\/si\/wp-json\/wp\/v2\/supertag?post=71105"}],"curies":[{"name":"wp","href":"https:\/\/api.w.org\/{rel}","templated":true}]}}