{"id":71184,"date":"2016-06-08T12:03:57","date_gmt":"2016-06-08T10:03:57","guid":{"rendered":"http:\/\/hudo.com\/si\/?p=71184"},"modified":"2016-06-08T13:29:56","modified_gmt":"2016-06-08T11:29:56","slug":"nov-dan-nov-teroristicni-napad-ponovno-eksplodirala-bomba-v-turciji","status":"publish","type":"post","link":"https:\/\/hudo.com\/si\/aktualno\/nov-dan-nov-teroristicni-napad-ponovno-eksplodirala-bomba-v-turciji\/","title":{"rendered":"Nov dan, nov teroristi\u010dni napad: Ponovno eksplodirala bomba v Tur\u010diji"},"content":{"rendered":"<div class=\"text\">\n<div class=\"text\">\n<p>&#8220;Odlo\u010dno se bomo borili proti njim, tako v mestnih sredi\u0161\u010dih kot na pode\u017eelju,&#8221; je dejal Yildirim. Po njegovih navedbah je v dana\u0161nji eksploziji umrl en policist in dva civilista, okoli 30 ljudi pa je ranjenih.<\/p>\n<p>Silovita eksplozija je zdrobila okna mnogih hi\u0161 v okolici. Na posnetkih s kraja dogodka je videti gost \u010drn dim, ki se vije iz ru\u0161evin policijske postaje, navaja francoska tiskovna agencija AFP.<\/p>\n<p>\u017de v torek je mo\u010dna eksplozija odjeknila v zgodovinskem delu Istanbula. V eksploziji, ki je zveri\u017eila policijski avtobus, je umrlo 11 oseb, med njimi \u0161est policistov, najmanj 36 je bilo ranjenih.<\/p>\n<p>Tur\u0161ki predsednik Recep Tayyip Erdogan je \u017ee ta napad pripisal PKK in poudaril, da se bodo \u0161e naprej vztrajno borili proti teroristom, ter dodal, da mora biti Tur\u010dija ves \u010das pripravljena na napad.<\/p>\n<p>V zadnjem \u010dasu so napade v Tur\u010diji izvedli tako kurdski borci kot tudi islamski skrajne\u017ei ter skrajni levi\u010darji, izpostavlja AFP. Po zadnjih dveh krvavih napadih v Istanbulu je v Tur\u010diji razgla\u0161ena najvi\u0161ja stopnja varnostne ogro\u017eenosti.<\/p>\n<p>Napad sredi marca, ki je terjal pet \u017eivljenj, \u0161e 36 ljudi pa je bilo ranjenih, je izvedla skrajna skupina Islamska dr\u017eava (IS). Tudi za napad sredi januarja, ki je zahteval \u017eivljenja 11 nem\u0161kih turistov, naj bi izvedla IS.<\/p>\n<p>Kot navaja AFP, je bilo od za\u010detka oboro\u017eenega upora PKK leta 1984 v Tur\u010diji ubitih preko 40.000 ljudi. PKK je sprva zahtevala neodvisno kurdsko dr\u017eavo, njene zahteve pa so se skozi leta zo\u017eile na ve\u010djo avtonomijo in kulturne pravice.<\/p>\n<\/div>\n<\/div>\n","protected":false},"excerpt":{"rendered":"<p>Policijsko postajo v tur\u0161kem mestu Midyat na prete\u017eno kurdskem jugovzhodu dr\u017eave v bli\u017eini meje s Sirijo je danes pretresla eksplozija avtomobila bombe, v kateri sta bila po poro\u010danju medijev ubita dva policista, ve\u010d ljudi je ranjenih. Tur\u0161ki mediji napad pripisujejo prepovedani kurdski delavski stranki (PKK).<\/p>\n","protected":false},"author":5,"featured_media":71185,"comment_status":"closed","ping_status":"closed","sticky":false,"template":"","format":"standard","meta":{"footnotes":""},"categories":[1179],"tags":[3090,2346,1887],"source":[4511],"supertag":[7150],"acf":[],"yoast_head":"<!-- This site is optimized with the Yoast SEO plugin v21.3 - https:\/\/yoast.com\/wordpress\/plugins\/seo\/ -->\n<title>Nov dan, nov teroristi\u010dni napad: Ponovno eksplodirala bomba v Tur\u010diji - Hudo Slovenija<\/title>\n<meta name=\"robots\" content=\"index, follow, max-snippet:-1, max-image-preview:large, max-video-preview:-1\" \/>\n<link rel=\"canonical\" href=\"https:\/\/hudo.com\/si\/aktualno\/nov-dan-nov-teroristicni-napad-ponovno-eksplodirala-bomba-v-turciji\/\" \/>\n<meta property=\"og:locale\" content=\"sl_SI\" \/>\n<meta property=\"og:type\" content=\"article\" \/>\n<meta property=\"og:title\" content=\"Nov dan, nov teroristi\u010dni napad: Ponovno eksplodirala bomba v Tur\u010diji - Hudo Slovenija\" \/>\n<meta property=\"og:description\" content=\"Policijsko postajo v tur\u0161kem mestu Midyat na prete\u017eno kurdskem jugovzhodu dr\u017eave v bli\u017eini meje s Sirijo je danes pretresla eksplozija avtomobila bombe, v kateri sta bila po poro\u010danju medijev ubita dva policista, ve\u010d ljudi je ranjenih. Tur\u0161ki mediji napad pripisujejo prepovedani kurdski delavski stranki (PKK).\" \/>\n<meta property=\"og:url\" content=\"https:\/\/hudo.com\/si\/aktualno\/nov-dan-nov-teroristicni-napad-ponovno-eksplodirala-bomba-v-turciji\/\" \/>\n<meta property=\"og:site_name\" content=\"Hudo Slovenija\" \/>\n<meta property=\"article:publisher\" content=\"https:\/\/www.facebook.com\/hudo.si\" \/>\n<meta property=\"article:published_time\" content=\"2016-06-08T10:03:57+00:00\" \/>\n<meta property=\"article:modified_time\" content=\"2016-06-08T11:29:56+00:00\" \/>\n<meta property=\"og:image\" content=\"https:\/\/hudo.com\/si\/wp-content\/uploads\/sites\/2\/2016\/06\/profimedia-0148156542.jpg\" \/>\n\t<meta property=\"og:image:width\" content=\"1250\" \/>\n\t<meta property=\"og:image:height\" content=\"834\" \/>\n\t<meta property=\"og:image:type\" content=\"image\/jpeg\" \/>\n<meta name=\"author\" content=\"A. G., STA\" \/>\n<meta name=\"twitter:card\" content=\"summary_large_image\" \/>\n<meta name=\"twitter:creator\" content=\"@hudo_si\" \/>\n<meta name=\"twitter:site\" content=\"@hudo_si\" \/>\n<meta name=\"twitter:label1\" content=\"Written by\" \/>\n\t<meta name=\"twitter:data1\" content=\"A. G., STA\" \/>\n\t<meta name=\"twitter:label2\" content=\"Est. reading time\" \/>\n\t<meta name=\"twitter:data2\" content=\"1 minuta\" \/>\n<script type=\"application\/ld+json\" class=\"yoast-schema-graph\">{\"@context\":\"https:\/\/schema.org\",\"@graph\":[{\"@type\":\"Article\",\"@id\":\"https:\/\/hudo.com\/si\/aktualno\/nov-dan-nov-teroristicni-napad-ponovno-eksplodirala-bomba-v-turciji\/#article\",\"isPartOf\":{\"@id\":\"https:\/\/hudo.com\/si\/aktualno\/nov-dan-nov-teroristicni-napad-ponovno-eksplodirala-bomba-v-turciji\/\"},\"author\":{\"name\":\"A. G., STA\",\"@id\":\"https:\/\/hudo.com\/si\/#\/schema\/person\/2391667a63ea075ba94f2f2dc6b77537\"},\"headline\":\"Nov dan, nov teroristi\u010dni napad: Ponovno eksplodirala bomba v Tur\u010diji\",\"datePublished\":\"2016-06-08T10:03:57+00:00\",\"dateModified\":\"2016-06-08T11:29:56+00:00\",\"mainEntityOfPage\":{\"@id\":\"https:\/\/hudo.com\/si\/aktualno\/nov-dan-nov-teroristicni-napad-ponovno-eksplodirala-bomba-v-turciji\/\"},\"wordCount\":271,\"publisher\":{\"@id\":\"https:\/\/hudo.com\/si\/#organization\"},\"keywords\":[\"nasilje\",\"terorizem\",\"tur\u010dija\"],\"articleSection\":[\"Aktualno\"],\"inLanguage\":\"sl-SI\"},{\"@type\":\"WebPage\",\"@id\":\"https:\/\/hudo.com\/si\/aktualno\/nov-dan-nov-teroristicni-napad-ponovno-eksplodirala-bomba-v-turciji\/\",\"url\":\"https:\/\/hudo.com\/si\/aktualno\/nov-dan-nov-teroristicni-napad-ponovno-eksplodirala-bomba-v-turciji\/\",\"name\":\"Nov dan, nov teroristi\u010dni napad: Ponovno eksplodirala bomba v Tur\u010diji - Hudo Slovenija\",\"isPartOf\":{\"@id\":\"https:\/\/hudo.com\/si\/#website\"},\"datePublished\":\"2016-06-08T10:03:57+00:00\",\"dateModified\":\"2016-06-08T11:29:56+00:00\",\"breadcrumb\":{\"@id\":\"https:\/\/hudo.com\/si\/aktualno\/nov-dan-nov-teroristicni-napad-ponovno-eksplodirala-bomba-v-turciji\/#breadcrumb\"},\"inLanguage\":\"sl-SI\",\"potentialAction\":[{\"@type\":\"ReadAction\",\"target\":[\"https:\/\/hudo.com\/si\/aktualno\/nov-dan-nov-teroristicni-napad-ponovno-eksplodirala-bomba-v-turciji\/\"]}]},{\"@type\":\"BreadcrumbList\",\"@id\":\"https:\/\/hudo.com\/si\/aktualno\/nov-dan-nov-teroristicni-napad-ponovno-eksplodirala-bomba-v-turciji\/#breadcrumb\",\"itemListElement\":[{\"@type\":\"ListItem\",\"position\":1,\"name\":\"Home\",\"item\":\"https:\/\/hudo.com\/si\/\"},{\"@type\":\"ListItem\",\"position\":2,\"name\":\"Nov dan, nov teroristi\u010dni napad: Ponovno eksplodirala bomba v Tur\u010diji\"}]},{\"@type\":\"WebSite\",\"@id\":\"https:\/\/hudo.com\/si\/#website\",\"url\":\"https:\/\/hudo.com\/si\/\",\"name\":\"Hudo Slovenija\",\"description\":\"Vse novice iz Slovenije in sveta\",\"publisher\":{\"@id\":\"https:\/\/hudo.com\/si\/#organization\"},\"potentialAction\":[{\"@type\":\"SearchAction\",\"target\":{\"@type\":\"EntryPoint\",\"urlTemplate\":\"https:\/\/hudo.com\/si\/?s={search_term_string}\"},\"query-input\":\"required name=search_term_string\"}],\"inLanguage\":\"sl-SI\"},{\"@type\":\"Organization\",\"@id\":\"https:\/\/hudo.com\/si\/#organization\",\"name\":\"VSN Media\",\"url\":\"https:\/\/hudo.com\/si\/\",\"logo\":{\"@type\":\"ImageObject\",\"inLanguage\":\"sl-SI\",\"@id\":\"https:\/\/hudo.com\/si\/#\/schema\/logo\/image\/\",\"url\":\"https:\/\/hudo.com\/si\/wp-content\/uploads\/sites\/2\/2021\/03\/hudo-app-2.png\",\"contentUrl\":\"https:\/\/hudo.com\/si\/wp-content\/uploads\/sites\/2\/2021\/03\/hudo-app-2.png\",\"width\":2185,\"height\":2167,\"caption\":\"VSN Media\"},\"image\":{\"@id\":\"https:\/\/hudo.com\/si\/#\/schema\/logo\/image\/\"},\"sameAs\":[\"https:\/\/www.facebook.com\/hudo.si\",\"https:\/\/twitter.com\/hudo_si\"]},{\"@type\":\"Person\",\"@id\":\"https:\/\/hudo.com\/si\/#\/schema\/person\/2391667a63ea075ba94f2f2dc6b77537\",\"name\":\"A. G., STA\",\"image\":{\"@type\":\"ImageObject\",\"inLanguage\":\"sl-SI\",\"@id\":\"https:\/\/hudo.com\/si\/#\/schema\/person\/image\/\",\"url\":\"https:\/\/secure.gravatar.com\/avatar\/e13d22ac3e442658d5025fbbe6238a79?s=96&d=mm&r=g\",\"contentUrl\":\"https:\/\/secure.gravatar.com\/avatar\/e13d22ac3e442658d5025fbbe6238a79?s=96&d=mm&r=g\",\"caption\":\"A. G., STA\"},\"url\":\"https:\/\/hudo.com\/si\/author\/alenka\/\"}]}<\/script>\n<!-- \/ Yoast SEO plugin. -->","yoast_head_json":{"title":"Nov dan, nov teroristi\u010dni napad: Ponovno eksplodirala bomba v Tur\u010diji - Hudo Slovenija","robots":{"index":"index","follow":"follow","max-snippet":"max-snippet:-1","max-image-preview":"max-image-preview:large","max-video-preview":"max-video-preview:-1"},"canonical":"https:\/\/hudo.com\/si\/aktualno\/nov-dan-nov-teroristicni-napad-ponovno-eksplodirala-bomba-v-turciji\/","og_locale":"sl_SI","og_type":"article","og_title":"Nov dan, nov teroristi\u010dni napad: Ponovno eksplodirala bomba v Tur\u010diji - Hudo Slovenija","og_description":"Policijsko postajo v tur\u0161kem mestu Midyat na prete\u017eno kurdskem jugovzhodu dr\u017eave v bli\u017eini meje s Sirijo je danes pretresla eksplozija avtomobila bombe, v kateri sta bila po poro\u010danju medijev ubita dva policista, ve\u010d ljudi je ranjenih. Tur\u0161ki mediji napad pripisujejo prepovedani kurdski delavski stranki (PKK).","og_url":"https:\/\/hudo.com\/si\/aktualno\/nov-dan-nov-teroristicni-napad-ponovno-eksplodirala-bomba-v-turciji\/","og_site_name":"Hudo Slovenija","article_publisher":"https:\/\/www.facebook.com\/hudo.si","article_published_time":"2016-06-08T10:03:57+00:00","article_modified_time":"2016-06-08T11:29:56+00:00","og_image":[{"width":1250,"height":834,"url":"https:\/\/hudo.com\/si\/wp-content\/uploads\/sites\/2\/2016\/06\/profimedia-0148156542.jpg","type":"image\/jpeg"}],"author":"A. G., STA","twitter_card":"summary_large_image","twitter_creator":"@hudo_si","twitter_site":"@hudo_si","twitter_misc":{"Written by":"A. G., STA","Est. reading time":"1 minuta"},"schema":{"@context":"https:\/\/schema.org","@graph":[{"@type":"Article","@id":"https:\/\/hudo.com\/si\/aktualno\/nov-dan-nov-teroristicni-napad-ponovno-eksplodirala-bomba-v-turciji\/#article","isPartOf":{"@id":"https:\/\/hudo.com\/si\/aktualno\/nov-dan-nov-teroristicni-napad-ponovno-eksplodirala-bomba-v-turciji\/"},"author":{"name":"A. G., STA","@id":"https:\/\/hudo.com\/si\/#\/schema\/person\/2391667a63ea075ba94f2f2dc6b77537"},"headline":"Nov dan, nov teroristi\u010dni napad: Ponovno eksplodirala bomba v Tur\u010diji","datePublished":"2016-06-08T10:03:57+00:00","dateModified":"2016-06-08T11:29:56+00:00","mainEntityOfPage":{"@id":"https:\/\/hudo.com\/si\/aktualno\/nov-dan-nov-teroristicni-napad-ponovno-eksplodirala-bomba-v-turciji\/"},"wordCount":271,"publisher":{"@id":"https:\/\/hudo.com\/si\/#organization"},"keywords":["nasilje","terorizem","tur\u010dija"],"articleSection":["Aktualno"],"inLanguage":"sl-SI"},{"@type":"WebPage","@id":"https:\/\/hudo.com\/si\/aktualno\/nov-dan-nov-teroristicni-napad-ponovno-eksplodirala-bomba-v-turciji\/","url":"https:\/\/hudo.com\/si\/aktualno\/nov-dan-nov-teroristicni-napad-ponovno-eksplodirala-bomba-v-turciji\/","name":"Nov dan, nov teroristi\u010dni napad: Ponovno eksplodirala bomba v Tur\u010diji - Hudo Slovenija","isPartOf":{"@id":"https:\/\/hudo.com\/si\/#website"},"datePublished":"2016-06-08T10:03:57+00:00","dateModified":"2016-06-08T11:29:56+00:00","breadcrumb":{"@id":"https:\/\/hudo.com\/si\/aktualno\/nov-dan-nov-teroristicni-napad-ponovno-eksplodirala-bomba-v-turciji\/#breadcrumb"},"inLanguage":"sl-SI","potentialAction":[{"@type":"ReadAction","target":["https:\/\/hudo.com\/si\/aktualno\/nov-dan-nov-teroristicni-napad-ponovno-eksplodirala-bomba-v-turciji\/"]}]},{"@type":"BreadcrumbList","@id":"https:\/\/hudo.com\/si\/aktualno\/nov-dan-nov-teroristicni-napad-ponovno-eksplodirala-bomba-v-turciji\/#breadcrumb","itemListElement":[{"@type":"ListItem","position":1,"name":"Home","item":"https:\/\/hudo.com\/si\/"},{"@type":"ListItem","position":2,"name":"Nov dan, nov teroristi\u010dni napad: Ponovno eksplodirala bomba v Tur\u010diji"}]},{"@type":"WebSite","@id":"https:\/\/hudo.com\/si\/#website","url":"https:\/\/hudo.com\/si\/","name":"Hudo Slovenija","description":"Vse novice iz Slovenije in sveta","publisher":{"@id":"https:\/\/hudo.com\/si\/#organization"},"potentialAction":[{"@type":"SearchAction","target":{"@type":"EntryPoint","urlTemplate":"https:\/\/hudo.com\/si\/?s={search_term_string}"},"query-input":"required name=search_term_string"}],"inLanguage":"sl-SI"},{"@type":"Organization","@id":"https:\/\/hudo.com\/si\/#organization","name":"VSN Media","url":"https:\/\/hudo.com\/si\/","logo":{"@type":"ImageObject","inLanguage":"sl-SI","@id":"https:\/\/hudo.com\/si\/#\/schema\/logo\/image\/","url":"https:\/\/hudo.com\/si\/wp-content\/uploads\/sites\/2\/2021\/03\/hudo-app-2.png","contentUrl":"https:\/\/hudo.com\/si\/wp-content\/uploads\/sites\/2\/2021\/03\/hudo-app-2.png","width":2185,"height":2167,"caption":"VSN Media"},"image":{"@id":"https:\/\/hudo.com\/si\/#\/schema\/logo\/image\/"},"sameAs":["https:\/\/www.facebook.com\/hudo.si","https:\/\/twitter.com\/hudo_si"]},{"@type":"Person","@id":"https:\/\/hudo.com\/si\/#\/schema\/person\/2391667a63ea075ba94f2f2dc6b77537","name":"A. G., STA","image":{"@type":"ImageObject","inLanguage":"sl-SI","@id":"https:\/\/hudo.com\/si\/#\/schema\/person\/image\/","url":"https:\/\/secure.gravatar.com\/avatar\/e13d22ac3e442658d5025fbbe6238a79?s=96&d=mm&r=g","contentUrl":"https:\/\/secure.gravatar.com\/avatar\/e13d22ac3e442658d5025fbbe6238a79?s=96&d=mm&r=g","caption":"A. G., STA"},"url":"https:\/\/hudo.com\/si\/author\/alenka\/"}]}},"amp_enabled":true,"_links":{"self":[{"href":"https:\/\/hudo.com\/si\/wp-json\/wp\/v2\/posts\/71184"}],"collection":[{"href":"https:\/\/hudo.com\/si\/wp-json\/wp\/v2\/posts"}],"about":[{"href":"https:\/\/hudo.com\/si\/wp-json\/wp\/v2\/types\/post"}],"author":[{"embeddable":true,"href":"https:\/\/hudo.com\/si\/wp-json\/wp\/v2\/users\/5"}],"replies":[{"embeddable":true,"href":"https:\/\/hudo.com\/si\/wp-json\/wp\/v2\/comments?post=71184"}],"version-history":[{"count":2,"href":"https:\/\/hudo.com\/si\/wp-json\/wp\/v2\/posts\/71184\/revisions"}],"predecessor-version":[{"id":71279,"href":"https:\/\/hudo.com\/si\/wp-json\/wp\/v2\/posts\/71184\/revisions\/71279"}],"wp:featuredmedia":[{"embeddable":true,"href":"https:\/\/hudo.com\/si\/wp-json\/wp\/v2\/media\/71185"}],"wp:attachment":[{"href":"https:\/\/hudo.com\/si\/wp-json\/wp\/v2\/media?parent=71184"}],"wp:term":[{"taxonomy":"category","embeddable":true,"href":"https:\/\/hudo.com\/si\/wp-json\/wp\/v2\/categories?post=71184"},{"taxonomy":"post_tag","embeddable":true,"href":"https:\/\/hudo.com\/si\/wp-json\/wp\/v2\/tags?post=71184"},{"taxonomy":"source","embeddable":true,"href":"https:\/\/hudo.com\/si\/wp-json\/wp\/v2\/source?post=71184"},{"taxonomy":"supertag","embeddable":true,"href":"https:\/\/hudo.com\/si\/wp-json\/wp\/v2\/supertag?post=71184"}],"curies":[{"name":"wp","href":"https:\/\/api.w.org\/{rel}","templated":true}]}}