{"id":71344,"date":"2016-06-08T17:49:25","date_gmt":"2016-06-08T15:49:25","guid":{"rendered":"http:\/\/hudo.com\/si\/2016\/06\/08\/zakaj-vsi-verjamemo-da-je-korenje-zdravo-za-oci\/"},"modified":"2016-06-21T08:38:53","modified_gmt":"2016-06-21T06:38:53","slug":"zakaj-vsi-verjamemo-da-je-korenje-zdravo-za-oci","status":"publish","type":"post","link":"https:\/\/hudo.com\/si\/zdrav-duh-telo\/zakaj-vsi-verjamemo-da-je-korenje-zdravo-za-oci\/","title":{"rendered":"Zakaj vsi verjamemo, da je korenje zdravo za o\u010di"},"content":{"rendered":"<p>Mnoga na videz zdravorazumska prepri\u010danja o zdravi prehrani izvirajo iz zgodovinskih prodajnih strategij. Sve\u017e pomaran\u010dni sok baje pijemo, ker leta 1908 v Kaliforniji naiso vedeli kam z obilno letino pomaran\u010d. Ogla\u0161evalska agencija je najve\u010djemu pridelovalcu Sunkist ponudila re\u0161itev: na trg po\u0161ljimo\u00a0cenene ocejevalnike in za\u010dnimo ogla\u0161evati koristnost pitja pomaran\u010dnega soka za otroke.<\/p>\n<p><a href=\"http:\/\/moski.hudo.com\/moje-zdravje\/zakaj-vsi-verjamemo-da-je-korenje-zdravo-za-oci\/galerija\/sok\/\" rel=\"attachment wp-att-200471\"><img loading=\"lazy\" decoding=\"async\" class=\"alignnone size-large wp-image-200471\" src=\"http:\/\/moski.hudo.com\/wp-content\/uploads\/2016\/06\/sok-393x554.jpg\" alt=\"sok\" width=\"393\" height=\"554\" srcset=\"http:\/\/moski.hudo.com\/wp-content\/uploads\/2016\/06\/sok-320x451.jpg 320w, http:\/\/moski.hudo.com\/wp-content\/uploads\/2016\/06\/sok.jpg 393w\" sizes=\"(max-width: 393px) 100vw, 393px\" \/><\/a><\/p>\n<p>Amerika je ponorela in \u0161e danes je pomaran\u010dni sok stalnica &#8211; nujno seveda sve\u017ee stisnjen.<\/p>\n<h2>Korenje za no\u010dni\u00a0vid<\/h2>\n<p>Zgodba o tem, zakaj vsi Zemljani verjamemo v to, da od korenja bolje vidimo, je \u0161e bolj zanimiva. <span style=\"text-decoration: underline;\"><a href=\"http:\/\/www.smithsonianmag.com\/arts-culture\/a-wwii-propaganda-campaign-popularized-the-myth-that-carrots-help-you-see-in-the-dark-28812484\/?no-ist\">Zgodovinarji pravijo<\/a><\/span>, da gre takole:<\/p>\n<p>Med drugo svetovno vojno so v Veliki Britaniji pono\u010di izklapljali elektriko, da bi piloti Luftwaffe te\u017eje videli cilje za bombardiranje. Britanski voja\u0161ki piloti pa so Nemce kljub temi sestreljevali, \u0161e preden so pre\u010dkali Rokavski preliv &#8211; le kako je to mogo\u010de? Britanci so namre\u010d \u017ee imeli radarje na letalih. Da pa bi zmedli Nemce, je britanski propagandi aparat za\u010del \u0161iriti zgodbo o tem, da njihovi piloti prisegajo na korenje za bolj\u0161i vid v temi. <strong>Vitamin A, ki ga vsebuje, naj bi jim namre\u010d dajal no\u010dni vid!<\/strong><\/p>\n<p><a href=\"http:\/\/moski.hudo.com\/moje-zdravje\/zakaj-vsi-verjamemo-da-je-korenje-zdravo-za-oci\/galerija\/korenje\/\" rel=\"attachment wp-att-200470\"><img loading=\"lazy\" decoding=\"async\" class=\"alignnone size-large wp-image-200470\" src=\"http:\/\/moski.hudo.com\/wp-content\/uploads\/2016\/06\/korenje-497x611.jpg\" alt=\"korenje\" width=\"497\" height=\"611\" srcset=\"http:\/\/moski.hudo.com\/wp-content\/uploads\/2016\/06\/korenje-320x393.jpg 320w, http:\/\/moski.hudo.com\/wp-content\/uploads\/2016\/06\/korenje.jpg 497w\" sizes=\"(max-width: 497px) 100vw, 497px\" \/><\/a><\/p>\n<p>Da bi v \u010dasu no\u010dnih izklopov elektrike bolje videli, so za\u010deli korenje jesti takoreko\u010d vsi Angle\u017ei in mit o\u00a0zelenjavi, ki izbolj\u0161a no\u010dni vid,\u00a0se je ukoreninil do te mere, da so ga znanstveniki za\u010deli podkrepljevati z raziskavami o tem, kako lahko beta karoten in vitamin A blagodejno delujeta na o\u010di.<\/p>\n","protected":false},"excerpt":{"rendered":"<p>Ni \u010dloveka, ki ne bi vedel, da je &#8216;korenje dobro za vid&#8217;. Vas zanima, od kod izvira to prepri\u010danje?<\/p>\n","protected":false},"author":1,"featured_media":0,"comment_status":"closed","ping_status":"closed","sticky":false,"template":"","format":"standard","meta":{"footnotes":""},"categories":[1],"tags":[2722,1645],"source":[1549,1518],"supertag":[],"acf":[],"yoast_head":"<!-- This site is optimized with the Yoast SEO plugin v21.3 - https:\/\/yoast.com\/wordpress\/plugins\/seo\/ -->\n<title>Zakaj vsi verjamemo, da je korenje zdravo za o\u010di - Hudo Slovenija<\/title>\n<meta name=\"robots\" content=\"index, follow, max-snippet:-1, max-image-preview:large, max-video-preview:-1\" \/>\n<link rel=\"canonical\" href=\"https:\/\/hudo.com\/si\/zdrav-duh-telo\/zakaj-vsi-verjamemo-da-je-korenje-zdravo-za-oci\/\" \/>\n<meta property=\"og:locale\" content=\"sl_SI\" \/>\n<meta property=\"og:type\" content=\"article\" \/>\n<meta property=\"og:title\" content=\"Zakaj vsi verjamemo, da je korenje zdravo za o\u010di - Hudo Slovenija\" \/>\n<meta property=\"og:description\" content=\"Ni \u010dloveka, ki ne bi vedel, da je &#039;korenje dobro za vid&#039;. Vas zanima, od kod izvira to prepri\u010danje?\" \/>\n<meta property=\"og:url\" content=\"https:\/\/hudo.com\/si\/zdrav-duh-telo\/zakaj-vsi-verjamemo-da-je-korenje-zdravo-za-oci\/\" \/>\n<meta property=\"og:site_name\" content=\"Hudo Slovenija\" \/>\n<meta property=\"article:publisher\" content=\"https:\/\/www.facebook.com\/hudo.si\" \/>\n<meta property=\"article:published_time\" content=\"2016-06-08T15:49:25+00:00\" \/>\n<meta property=\"article:modified_time\" content=\"2016-06-21T06:38:53+00:00\" \/>\n<meta property=\"og:image\" content=\"https:\/\/hudo.com\/si\/wp-content\/uploads\/sites\/2\/2016\/06\/thinkstockphotos-147707508.jpg\" \/>\n\t<meta property=\"og:image:width\" content=\"725\" \/>\n\t<meta property=\"og:image:height\" content=\"482\" \/>\n\t<meta property=\"og:image:type\" content=\"image\/jpeg\" \/>\n<meta name=\"author\" content=\"hudo\" \/>\n<meta name=\"twitter:card\" content=\"summary_large_image\" \/>\n<meta name=\"twitter:creator\" content=\"@hudo_si\" \/>\n<meta name=\"twitter:site\" content=\"@hudo_si\" \/>\n<meta name=\"twitter:label1\" content=\"Written by\" \/>\n\t<meta name=\"twitter:data1\" content=\"hudo\" \/>\n\t<meta name=\"twitter:label2\" content=\"Est. reading time\" \/>\n\t<meta name=\"twitter:data2\" content=\"1 minuta\" \/>\n<script type=\"application\/ld+json\" class=\"yoast-schema-graph\">{\"@context\":\"https:\/\/schema.org\",\"@graph\":[{\"@type\":\"Article\",\"@id\":\"https:\/\/hudo.com\/si\/zdrav-duh-telo\/zakaj-vsi-verjamemo-da-je-korenje-zdravo-za-oci\/#article\",\"isPartOf\":{\"@id\":\"https:\/\/hudo.com\/si\/zdrav-duh-telo\/zakaj-vsi-verjamemo-da-je-korenje-zdravo-za-oci\/\"},\"author\":{\"name\":\"hudo\",\"@id\":\"https:\/\/hudo.com\/si\/#\/schema\/person\/601cf3379633985b20f7e50f2bb47707\"},\"headline\":\"Zakaj vsi verjamemo, da je korenje zdravo za o\u010di\",\"datePublished\":\"2016-06-08T15:49:25+00:00\",\"dateModified\":\"2016-06-21T06:38:53+00:00\",\"mainEntityOfPage\":{\"@id\":\"https:\/\/hudo.com\/si\/zdrav-duh-telo\/zakaj-vsi-verjamemo-da-je-korenje-zdravo-za-oci\/\"},\"wordCount\":265,\"publisher\":{\"@id\":\"https:\/\/hudo.com\/si\/#organization\"},\"keywords\":[\"zelenjava\",\"znanstvene zanimivosti\"],\"articleSection\":[\"Zdrav duh &amp; telo\"],\"inLanguage\":\"sl-SI\"},{\"@type\":\"WebPage\",\"@id\":\"https:\/\/hudo.com\/si\/zdrav-duh-telo\/zakaj-vsi-verjamemo-da-je-korenje-zdravo-za-oci\/\",\"url\":\"https:\/\/hudo.com\/si\/zdrav-duh-telo\/zakaj-vsi-verjamemo-da-je-korenje-zdravo-za-oci\/\",\"name\":\"Zakaj vsi verjamemo, da je korenje zdravo za o\u010di - Hudo Slovenija\",\"isPartOf\":{\"@id\":\"https:\/\/hudo.com\/si\/#website\"},\"datePublished\":\"2016-06-08T15:49:25+00:00\",\"dateModified\":\"2016-06-21T06:38:53+00:00\",\"breadcrumb\":{\"@id\":\"https:\/\/hudo.com\/si\/zdrav-duh-telo\/zakaj-vsi-verjamemo-da-je-korenje-zdravo-za-oci\/#breadcrumb\"},\"inLanguage\":\"sl-SI\",\"potentialAction\":[{\"@type\":\"ReadAction\",\"target\":[\"https:\/\/hudo.com\/si\/zdrav-duh-telo\/zakaj-vsi-verjamemo-da-je-korenje-zdravo-za-oci\/\"]}]},{\"@type\":\"BreadcrumbList\",\"@id\":\"https:\/\/hudo.com\/si\/zdrav-duh-telo\/zakaj-vsi-verjamemo-da-je-korenje-zdravo-za-oci\/#breadcrumb\",\"itemListElement\":[{\"@type\":\"ListItem\",\"position\":1,\"name\":\"Home\",\"item\":\"https:\/\/hudo.com\/si\/\"},{\"@type\":\"ListItem\",\"position\":2,\"name\":\"Zakaj vsi verjamemo, da je korenje zdravo za o\u010di\"}]},{\"@type\":\"WebSite\",\"@id\":\"https:\/\/hudo.com\/si\/#website\",\"url\":\"https:\/\/hudo.com\/si\/\",\"name\":\"Hudo Slovenija\",\"description\":\"Vse novice iz Slovenije in sveta\",\"publisher\":{\"@id\":\"https:\/\/hudo.com\/si\/#organization\"},\"potentialAction\":[{\"@type\":\"SearchAction\",\"target\":{\"@type\":\"EntryPoint\",\"urlTemplate\":\"https:\/\/hudo.com\/si\/?s={search_term_string}\"},\"query-input\":\"required name=search_term_string\"}],\"inLanguage\":\"sl-SI\"},{\"@type\":\"Organization\",\"@id\":\"https:\/\/hudo.com\/si\/#organization\",\"name\":\"VSN Media\",\"url\":\"https:\/\/hudo.com\/si\/\",\"logo\":{\"@type\":\"ImageObject\",\"inLanguage\":\"sl-SI\",\"@id\":\"https:\/\/hudo.com\/si\/#\/schema\/logo\/image\/\",\"url\":\"https:\/\/hudo.com\/si\/wp-content\/uploads\/sites\/2\/2021\/03\/hudo-app-2.png\",\"contentUrl\":\"https:\/\/hudo.com\/si\/wp-content\/uploads\/sites\/2\/2021\/03\/hudo-app-2.png\",\"width\":2185,\"height\":2167,\"caption\":\"VSN Media\"},\"image\":{\"@id\":\"https:\/\/hudo.com\/si\/#\/schema\/logo\/image\/\"},\"sameAs\":[\"https:\/\/www.facebook.com\/hudo.si\",\"https:\/\/twitter.com\/hudo_si\"]},{\"@type\":\"Person\",\"@id\":\"https:\/\/hudo.com\/si\/#\/schema\/person\/601cf3379633985b20f7e50f2bb47707\",\"name\":\"hudo\",\"image\":{\"@type\":\"ImageObject\",\"inLanguage\":\"sl-SI\",\"@id\":\"https:\/\/hudo.com\/si\/#\/schema\/person\/image\/\",\"url\":\"https:\/\/secure.gravatar.com\/avatar\/c4ca25fa72cace7a696b52ff5db9e095?s=96&d=mm&r=g\",\"contentUrl\":\"https:\/\/secure.gravatar.com\/avatar\/c4ca25fa72cace7a696b52ff5db9e095?s=96&d=mm&r=g\",\"caption\":\"hudo\"},\"url\":\"https:\/\/hudo.com\/si\/author\/hudo\/\"}]}<\/script>\n<!-- \/ Yoast SEO plugin. -->","yoast_head_json":{"title":"Zakaj vsi verjamemo, da je korenje zdravo za o\u010di - Hudo Slovenija","robots":{"index":"index","follow":"follow","max-snippet":"max-snippet:-1","max-image-preview":"max-image-preview:large","max-video-preview":"max-video-preview:-1"},"canonical":"https:\/\/hudo.com\/si\/zdrav-duh-telo\/zakaj-vsi-verjamemo-da-je-korenje-zdravo-za-oci\/","og_locale":"sl_SI","og_type":"article","og_title":"Zakaj vsi verjamemo, da je korenje zdravo za o\u010di - Hudo Slovenija","og_description":"Ni \u010dloveka, ki ne bi vedel, da je 'korenje dobro za vid'. Vas zanima, od kod izvira to prepri\u010danje?","og_url":"https:\/\/hudo.com\/si\/zdrav-duh-telo\/zakaj-vsi-verjamemo-da-je-korenje-zdravo-za-oci\/","og_site_name":"Hudo Slovenija","article_publisher":"https:\/\/www.facebook.com\/hudo.si","article_published_time":"2016-06-08T15:49:25+00:00","article_modified_time":"2016-06-21T06:38:53+00:00","og_image":[{"width":725,"height":482,"url":"https:\/\/hudo.com\/si\/wp-content\/uploads\/sites\/2\/2016\/06\/thinkstockphotos-147707508.jpg","type":"image\/jpeg"}],"author":"hudo","twitter_card":"summary_large_image","twitter_creator":"@hudo_si","twitter_site":"@hudo_si","twitter_misc":{"Written by":"hudo","Est. reading time":"1 minuta"},"schema":{"@context":"https:\/\/schema.org","@graph":[{"@type":"Article","@id":"https:\/\/hudo.com\/si\/zdrav-duh-telo\/zakaj-vsi-verjamemo-da-je-korenje-zdravo-za-oci\/#article","isPartOf":{"@id":"https:\/\/hudo.com\/si\/zdrav-duh-telo\/zakaj-vsi-verjamemo-da-je-korenje-zdravo-za-oci\/"},"author":{"name":"hudo","@id":"https:\/\/hudo.com\/si\/#\/schema\/person\/601cf3379633985b20f7e50f2bb47707"},"headline":"Zakaj vsi verjamemo, da je korenje zdravo za o\u010di","datePublished":"2016-06-08T15:49:25+00:00","dateModified":"2016-06-21T06:38:53+00:00","mainEntityOfPage":{"@id":"https:\/\/hudo.com\/si\/zdrav-duh-telo\/zakaj-vsi-verjamemo-da-je-korenje-zdravo-za-oci\/"},"wordCount":265,"publisher":{"@id":"https:\/\/hudo.com\/si\/#organization"},"keywords":["zelenjava","znanstvene zanimivosti"],"articleSection":["Zdrav duh &amp; telo"],"inLanguage":"sl-SI"},{"@type":"WebPage","@id":"https:\/\/hudo.com\/si\/zdrav-duh-telo\/zakaj-vsi-verjamemo-da-je-korenje-zdravo-za-oci\/","url":"https:\/\/hudo.com\/si\/zdrav-duh-telo\/zakaj-vsi-verjamemo-da-je-korenje-zdravo-za-oci\/","name":"Zakaj vsi verjamemo, da je korenje zdravo za o\u010di - Hudo Slovenija","isPartOf":{"@id":"https:\/\/hudo.com\/si\/#website"},"datePublished":"2016-06-08T15:49:25+00:00","dateModified":"2016-06-21T06:38:53+00:00","breadcrumb":{"@id":"https:\/\/hudo.com\/si\/zdrav-duh-telo\/zakaj-vsi-verjamemo-da-je-korenje-zdravo-za-oci\/#breadcrumb"},"inLanguage":"sl-SI","potentialAction":[{"@type":"ReadAction","target":["https:\/\/hudo.com\/si\/zdrav-duh-telo\/zakaj-vsi-verjamemo-da-je-korenje-zdravo-za-oci\/"]}]},{"@type":"BreadcrumbList","@id":"https:\/\/hudo.com\/si\/zdrav-duh-telo\/zakaj-vsi-verjamemo-da-je-korenje-zdravo-za-oci\/#breadcrumb","itemListElement":[{"@type":"ListItem","position":1,"name":"Home","item":"https:\/\/hudo.com\/si\/"},{"@type":"ListItem","position":2,"name":"Zakaj vsi verjamemo, da je korenje zdravo za o\u010di"}]},{"@type":"WebSite","@id":"https:\/\/hudo.com\/si\/#website","url":"https:\/\/hudo.com\/si\/","name":"Hudo Slovenija","description":"Vse novice iz Slovenije in sveta","publisher":{"@id":"https:\/\/hudo.com\/si\/#organization"},"potentialAction":[{"@type":"SearchAction","target":{"@type":"EntryPoint","urlTemplate":"https:\/\/hudo.com\/si\/?s={search_term_string}"},"query-input":"required name=search_term_string"}],"inLanguage":"sl-SI"},{"@type":"Organization","@id":"https:\/\/hudo.com\/si\/#organization","name":"VSN Media","url":"https:\/\/hudo.com\/si\/","logo":{"@type":"ImageObject","inLanguage":"sl-SI","@id":"https:\/\/hudo.com\/si\/#\/schema\/logo\/image\/","url":"https:\/\/hudo.com\/si\/wp-content\/uploads\/sites\/2\/2021\/03\/hudo-app-2.png","contentUrl":"https:\/\/hudo.com\/si\/wp-content\/uploads\/sites\/2\/2021\/03\/hudo-app-2.png","width":2185,"height":2167,"caption":"VSN Media"},"image":{"@id":"https:\/\/hudo.com\/si\/#\/schema\/logo\/image\/"},"sameAs":["https:\/\/www.facebook.com\/hudo.si","https:\/\/twitter.com\/hudo_si"]},{"@type":"Person","@id":"https:\/\/hudo.com\/si\/#\/schema\/person\/601cf3379633985b20f7e50f2bb47707","name":"hudo","image":{"@type":"ImageObject","inLanguage":"sl-SI","@id":"https:\/\/hudo.com\/si\/#\/schema\/person\/image\/","url":"https:\/\/secure.gravatar.com\/avatar\/c4ca25fa72cace7a696b52ff5db9e095?s=96&d=mm&r=g","contentUrl":"https:\/\/secure.gravatar.com\/avatar\/c4ca25fa72cace7a696b52ff5db9e095?s=96&d=mm&r=g","caption":"hudo"},"url":"https:\/\/hudo.com\/si\/author\/hudo\/"}]}},"amp_enabled":true,"_links":{"self":[{"href":"https:\/\/hudo.com\/si\/wp-json\/wp\/v2\/posts\/71344"}],"collection":[{"href":"https:\/\/hudo.com\/si\/wp-json\/wp\/v2\/posts"}],"about":[{"href":"https:\/\/hudo.com\/si\/wp-json\/wp\/v2\/types\/post"}],"author":[{"embeddable":true,"href":"https:\/\/hudo.com\/si\/wp-json\/wp\/v2\/users\/1"}],"replies":[{"embeddable":true,"href":"https:\/\/hudo.com\/si\/wp-json\/wp\/v2\/comments?post=71344"}],"version-history":[{"count":0,"href":"https:\/\/hudo.com\/si\/wp-json\/wp\/v2\/posts\/71344\/revisions"}],"wp:attachment":[{"href":"https:\/\/hudo.com\/si\/wp-json\/wp\/v2\/media?parent=71344"}],"wp:term":[{"taxonomy":"category","embeddable":true,"href":"https:\/\/hudo.com\/si\/wp-json\/wp\/v2\/categories?post=71344"},{"taxonomy":"post_tag","embeddable":true,"href":"https:\/\/hudo.com\/si\/wp-json\/wp\/v2\/tags?post=71344"},{"taxonomy":"source","embeddable":true,"href":"https:\/\/hudo.com\/si\/wp-json\/wp\/v2\/source?post=71344"},{"taxonomy":"supertag","embeddable":true,"href":"https:\/\/hudo.com\/si\/wp-json\/wp\/v2\/supertag?post=71344"}],"curies":[{"name":"wp","href":"https:\/\/api.w.org\/{rel}","templated":true}]}}