{"id":71450,"date":"2016-06-08T12:50:00","date_gmt":"2016-06-08T10:50:00","guid":{"rendered":"http:\/\/hudo.com\/si\/2016\/06\/08\/smucarji-prelivajo-znoj-pod-massijevo-taktirko\/"},"modified":"2016-06-09T07:36:30","modified_gmt":"2016-06-09T05:36:30","slug":"smucarji-prelivajo-znoj-pod-massijevo-taktirko","status":"publish","type":"post","link":"https:\/\/hudo.com\/si\/aktualno\/smucarji-prelivajo-znoj-pod-massijevo-taktirko\/","title":{"rendered":"Smu\u010darji prelivajo znoj pod Massijevo taktirko"},"content":{"rendered":"<p>Kategorija: Drugi \u0161porti Wed, 08 Jun 2016 14:50:00 +0200  \u0160empeter pri Gorici &#8211; Tako kot v preteklih sezonah najuspe\u0161nej\u0161a slovenska alpska smu\u010darka Tina Maze so se tudi \u010dlani slovenske mo\u0161ke smu\u010darske reprezentance za nekaj tednov preselili na Gori\u0161ko, kjer pod vodstvom trenerja Andree Massija krepijo svojo telesno pripravljenost, klju\u010dno za zimsko sezono. \u0160tiritedenski sklop kondicijskih priprav so v Gorici opravili \u017ee lani, letos pa Bo\u0161tjan Kline, \u0160tefan Hadalin, Rok Perko, \u017dan Kranjec, Martin \u010cater, Miha Hrobat, \u017dan Gro\u0161elj, Jakob \u0160pik, Alja\u017e Dvornik in Du\u0161an Sen\u010dar vadijo pod budnim Massijevim o\u010desom, pomaga mu kondicijska trenerka Nika Radjenovi\u010d. Da bodo priprave naporne in intenzivne, so reprezentanti po lanskoletnih izku\u0161njah tudi pri\u010dakovali. Po Massijevih besedah so nekateri \u017ee pri\u0161li bolje pripravljeni od drugih, kljub temu pa sta bila prva dva tedna zanje izjemno naporna. \u00bbDanes zjutraj smo bili na pe\u0161\u010deni pla\u017ei v\u00a0&#8230;<\/p>\n","protected":false},"excerpt":{"rendered":"<p>Kategorija: Drugi \u0161porti Wed, 08 Jun 2016 14:50:00 +0200  \u0160empeter pri Gorici &#8211; Tako kot v preteklih sezonah najuspe\u0161nej\u0161a slovenska alpska smu\u010darka Tina Maze so se tudi \u010dlani slovenske mo\u0161ke smu\u010darske reprezentance za nekaj tednov preselili na Gori\u0161ko, kjer pod vodstvom trenerja Andree Massija krepijo svojo telesno pripravljenost, klju\u010dno za zimsko sezono. \u0160tiritedenski sklop kondicijskih priprav so v Gorici opravili \u017ee lani, letos pa Bo\u0161tjan Kline, \u0160tefan Hadalin, Rok Perko, \u017dan Kranjec, Martin \u010cater, Miha Hrobat, \u017dan Gro\u0161elj, Jakob \u0160pik, Alja\u017e Dvornik in Du\u0161an Sen\u010dar vadijo pod budnim Massijevim o\u010desom, pomaga mu kondicijska trenerka Nika Radjenovi\u010d. Da bodo priprave naporne in intenzivne, so reprezentanti po lanskoletnih izku\u0161njah tudi pri\u010dakovali. Po Massijevih besedah so nekateri \u017ee pri\u0161li bolje pripravljeni od drugih, kljub temu pa sta bila prva dva tedna zanje izjemno naporna. \u00bbDanes zjutraj smo bili na pe\u0161\u010deni pla\u017ei v\u00a0&#8230;<\/p>\n","protected":false},"author":1,"featured_media":0,"comment_status":"closed","ping_status":"closed","sticky":false,"template":"","format":"standard","meta":{"footnotes":""},"categories":[1179],"tags":[],"source":[4511],"supertag":[],"acf":[],"yoast_head":"<!-- This site is optimized with the Yoast SEO plugin v21.3 - https:\/\/yoast.com\/wordpress\/plugins\/seo\/ -->\n<title>Smu\u010darji prelivajo znoj pod Massijevo taktirko - Hudo Slovenija<\/title>\n<meta name=\"robots\" content=\"index, follow, max-snippet:-1, max-image-preview:large, max-video-preview:-1\" \/>\n<link rel=\"canonical\" href=\"https:\/\/hudo.com\/si\/aktualno\/smucarji-prelivajo-znoj-pod-massijevo-taktirko\/\" \/>\n<meta property=\"og:locale\" content=\"sl_SI\" \/>\n<meta property=\"og:type\" content=\"article\" \/>\n<meta property=\"og:title\" content=\"Smu\u010darji prelivajo znoj pod Massijevo taktirko - Hudo Slovenija\" \/>\n<meta property=\"og:description\" content=\"Kategorija: Drugi \u0161porti Wed, 08 Jun 2016 14:50:00 +0200 \u0160empeter pri Gorici - Tako kot v preteklih sezonah najuspe\u0161nej\u0161a slovenska alpska smu\u010darka Tina Maze so se tudi \u010dlani slovenske mo\u0161ke smu\u010darske reprezentance za nekaj tednov preselili na Gori\u0161ko, kjer pod vodstvom trenerja Andree Massija krepijo svojo telesno pripravljenost, klju\u010dno za zimsko sezono. \u0160tiritedenski sklop kondicijskih priprav so v Gorici opravili \u017ee lani, letos pa Bo\u0161tjan Kline, \u0160tefan Hadalin, Rok Perko, \u017dan Kranjec, Martin \u010cater, Miha Hrobat, \u017dan Gro\u0161elj, Jakob \u0160pik, Alja\u017e Dvornik in Du\u0161an Sen\u010dar vadijo pod budnim Massijevim o\u010desom, pomaga mu kondicijska trenerka Nika Radjenovi\u010d. Da bodo priprave naporne in intenzivne, so reprezentanti po lanskoletnih izku\u0161njah tudi pri\u010dakovali. Po Massijevih besedah so nekateri \u017ee pri\u0161li bolje pripravljeni od drugih, kljub temu pa sta bila prva dva tedna zanje izjemno naporna. \u00bbDanes zjutraj smo bili na pe\u0161\u010deni pla\u017ei v\u00a0...\" \/>\n<meta property=\"og:url\" content=\"https:\/\/hudo.com\/si\/aktualno\/smucarji-prelivajo-znoj-pod-massijevo-taktirko\/\" \/>\n<meta property=\"og:site_name\" content=\"Hudo Slovenija\" \/>\n<meta property=\"article:publisher\" content=\"https:\/\/www.facebook.com\/hudo.si\" \/>\n<meta property=\"article:published_time\" content=\"2016-06-08T10:50:00+00:00\" \/>\n<meta property=\"article:modified_time\" content=\"2016-06-09T05:36:30+00:00\" \/>\n<meta property=\"og:image\" content=\"https:\/\/hudo.com\/si\/wp-content\/uploads\/sites\/2\/2016\/06\/480x290_djvu_2262430_janezp_tre-Kline-Massi.jpeg\" \/>\n\t<meta property=\"og:image:width\" content=\"480\" \/>\n\t<meta property=\"og:image:height\" content=\"290\" \/>\n\t<meta property=\"og:image:type\" content=\"image\/jpeg\" \/>\n<meta name=\"author\" content=\"hudo\" \/>\n<meta name=\"twitter:card\" content=\"summary_large_image\" \/>\n<meta name=\"twitter:creator\" content=\"@hudo_si\" \/>\n<meta name=\"twitter:site\" content=\"@hudo_si\" \/>\n<meta name=\"twitter:label1\" content=\"Written by\" \/>\n\t<meta name=\"twitter:data1\" content=\"hudo\" \/>\n\t<meta name=\"twitter:label2\" content=\"Est. reading time\" \/>\n\t<meta name=\"twitter:data2\" content=\"1 minuta\" \/>\n<script type=\"application\/ld+json\" class=\"yoast-schema-graph\">{\"@context\":\"https:\/\/schema.org\",\"@graph\":[{\"@type\":\"Article\",\"@id\":\"https:\/\/hudo.com\/si\/aktualno\/smucarji-prelivajo-znoj-pod-massijevo-taktirko\/#article\",\"isPartOf\":{\"@id\":\"https:\/\/hudo.com\/si\/aktualno\/smucarji-prelivajo-znoj-pod-massijevo-taktirko\/\"},\"author\":{\"name\":\"hudo\",\"@id\":\"https:\/\/hudo.com\/si\/#\/schema\/person\/601cf3379633985b20f7e50f2bb47707\"},\"headline\":\"Smu\u010darji prelivajo znoj pod Massijevo taktirko\",\"datePublished\":\"2016-06-08T10:50:00+00:00\",\"dateModified\":\"2016-06-09T05:36:30+00:00\",\"mainEntityOfPage\":{\"@id\":\"https:\/\/hudo.com\/si\/aktualno\/smucarji-prelivajo-znoj-pod-massijevo-taktirko\/\"},\"wordCount\":159,\"publisher\":{\"@id\":\"https:\/\/hudo.com\/si\/#organization\"},\"articleSection\":[\"Aktualno\"],\"inLanguage\":\"sl-SI\"},{\"@type\":\"WebPage\",\"@id\":\"https:\/\/hudo.com\/si\/aktualno\/smucarji-prelivajo-znoj-pod-massijevo-taktirko\/\",\"url\":\"https:\/\/hudo.com\/si\/aktualno\/smucarji-prelivajo-znoj-pod-massijevo-taktirko\/\",\"name\":\"Smu\u010darji prelivajo znoj pod Massijevo taktirko - Hudo Slovenija\",\"isPartOf\":{\"@id\":\"https:\/\/hudo.com\/si\/#website\"},\"datePublished\":\"2016-06-08T10:50:00+00:00\",\"dateModified\":\"2016-06-09T05:36:30+00:00\",\"breadcrumb\":{\"@id\":\"https:\/\/hudo.com\/si\/aktualno\/smucarji-prelivajo-znoj-pod-massijevo-taktirko\/#breadcrumb\"},\"inLanguage\":\"sl-SI\",\"potentialAction\":[{\"@type\":\"ReadAction\",\"target\":[\"https:\/\/hudo.com\/si\/aktualno\/smucarji-prelivajo-znoj-pod-massijevo-taktirko\/\"]}]},{\"@type\":\"BreadcrumbList\",\"@id\":\"https:\/\/hudo.com\/si\/aktualno\/smucarji-prelivajo-znoj-pod-massijevo-taktirko\/#breadcrumb\",\"itemListElement\":[{\"@type\":\"ListItem\",\"position\":1,\"name\":\"Home\",\"item\":\"https:\/\/hudo.com\/si\/\"},{\"@type\":\"ListItem\",\"position\":2,\"name\":\"Smu\u010darji prelivajo znoj pod Massijevo taktirko\"}]},{\"@type\":\"WebSite\",\"@id\":\"https:\/\/hudo.com\/si\/#website\",\"url\":\"https:\/\/hudo.com\/si\/\",\"name\":\"Hudo Slovenija\",\"description\":\"Vse novice iz Slovenije in sveta\",\"publisher\":{\"@id\":\"https:\/\/hudo.com\/si\/#organization\"},\"potentialAction\":[{\"@type\":\"SearchAction\",\"target\":{\"@type\":\"EntryPoint\",\"urlTemplate\":\"https:\/\/hudo.com\/si\/?s={search_term_string}\"},\"query-input\":\"required name=search_term_string\"}],\"inLanguage\":\"sl-SI\"},{\"@type\":\"Organization\",\"@id\":\"https:\/\/hudo.com\/si\/#organization\",\"name\":\"VSN Media\",\"url\":\"https:\/\/hudo.com\/si\/\",\"logo\":{\"@type\":\"ImageObject\",\"inLanguage\":\"sl-SI\",\"@id\":\"https:\/\/hudo.com\/si\/#\/schema\/logo\/image\/\",\"url\":\"https:\/\/hudo.com\/si\/wp-content\/uploads\/sites\/2\/2021\/03\/hudo-app-2.png\",\"contentUrl\":\"https:\/\/hudo.com\/si\/wp-content\/uploads\/sites\/2\/2021\/03\/hudo-app-2.png\",\"width\":2185,\"height\":2167,\"caption\":\"VSN Media\"},\"image\":{\"@id\":\"https:\/\/hudo.com\/si\/#\/schema\/logo\/image\/\"},\"sameAs\":[\"https:\/\/www.facebook.com\/hudo.si\",\"https:\/\/twitter.com\/hudo_si\"]},{\"@type\":\"Person\",\"@id\":\"https:\/\/hudo.com\/si\/#\/schema\/person\/601cf3379633985b20f7e50f2bb47707\",\"name\":\"hudo\",\"image\":{\"@type\":\"ImageObject\",\"inLanguage\":\"sl-SI\",\"@id\":\"https:\/\/hudo.com\/si\/#\/schema\/person\/image\/\",\"url\":\"https:\/\/secure.gravatar.com\/avatar\/c4ca25fa72cace7a696b52ff5db9e095?s=96&d=mm&r=g\",\"contentUrl\":\"https:\/\/secure.gravatar.com\/avatar\/c4ca25fa72cace7a696b52ff5db9e095?s=96&d=mm&r=g\",\"caption\":\"hudo\"},\"url\":\"https:\/\/hudo.com\/si\/author\/hudo\/\"}]}<\/script>\n<!-- \/ Yoast SEO plugin. -->","yoast_head_json":{"title":"Smu\u010darji prelivajo znoj pod Massijevo taktirko - Hudo Slovenija","robots":{"index":"index","follow":"follow","max-snippet":"max-snippet:-1","max-image-preview":"max-image-preview:large","max-video-preview":"max-video-preview:-1"},"canonical":"https:\/\/hudo.com\/si\/aktualno\/smucarji-prelivajo-znoj-pod-massijevo-taktirko\/","og_locale":"sl_SI","og_type":"article","og_title":"Smu\u010darji prelivajo znoj pod Massijevo taktirko - Hudo Slovenija","og_description":"Kategorija: Drugi \u0161porti Wed, 08 Jun 2016 14:50:00 +0200 \u0160empeter pri Gorici - Tako kot v preteklih sezonah najuspe\u0161nej\u0161a slovenska alpska smu\u010darka Tina Maze so se tudi \u010dlani slovenske mo\u0161ke smu\u010darske reprezentance za nekaj tednov preselili na Gori\u0161ko, kjer pod vodstvom trenerja Andree Massija krepijo svojo telesno pripravljenost, klju\u010dno za zimsko sezono. \u0160tiritedenski sklop kondicijskih priprav so v Gorici opravili \u017ee lani, letos pa Bo\u0161tjan Kline, \u0160tefan Hadalin, Rok Perko, \u017dan Kranjec, Martin \u010cater, Miha Hrobat, \u017dan Gro\u0161elj, Jakob \u0160pik, Alja\u017e Dvornik in Du\u0161an Sen\u010dar vadijo pod budnim Massijevim o\u010desom, pomaga mu kondicijska trenerka Nika Radjenovi\u010d. Da bodo priprave naporne in intenzivne, so reprezentanti po lanskoletnih izku\u0161njah tudi pri\u010dakovali. Po Massijevih besedah so nekateri \u017ee pri\u0161li bolje pripravljeni od drugih, kljub temu pa sta bila prva dva tedna zanje izjemno naporna. \u00bbDanes zjutraj smo bili na pe\u0161\u010deni pla\u017ei v\u00a0...","og_url":"https:\/\/hudo.com\/si\/aktualno\/smucarji-prelivajo-znoj-pod-massijevo-taktirko\/","og_site_name":"Hudo Slovenija","article_publisher":"https:\/\/www.facebook.com\/hudo.si","article_published_time":"2016-06-08T10:50:00+00:00","article_modified_time":"2016-06-09T05:36:30+00:00","og_image":[{"width":480,"height":290,"url":"https:\/\/hudo.com\/si\/wp-content\/uploads\/sites\/2\/2016\/06\/480x290_djvu_2262430_janezp_tre-Kline-Massi.jpeg","type":"image\/jpeg"}],"author":"hudo","twitter_card":"summary_large_image","twitter_creator":"@hudo_si","twitter_site":"@hudo_si","twitter_misc":{"Written by":"hudo","Est. reading time":"1 minuta"},"schema":{"@context":"https:\/\/schema.org","@graph":[{"@type":"Article","@id":"https:\/\/hudo.com\/si\/aktualno\/smucarji-prelivajo-znoj-pod-massijevo-taktirko\/#article","isPartOf":{"@id":"https:\/\/hudo.com\/si\/aktualno\/smucarji-prelivajo-znoj-pod-massijevo-taktirko\/"},"author":{"name":"hudo","@id":"https:\/\/hudo.com\/si\/#\/schema\/person\/601cf3379633985b20f7e50f2bb47707"},"headline":"Smu\u010darji prelivajo znoj pod Massijevo taktirko","datePublished":"2016-06-08T10:50:00+00:00","dateModified":"2016-06-09T05:36:30+00:00","mainEntityOfPage":{"@id":"https:\/\/hudo.com\/si\/aktualno\/smucarji-prelivajo-znoj-pod-massijevo-taktirko\/"},"wordCount":159,"publisher":{"@id":"https:\/\/hudo.com\/si\/#organization"},"articleSection":["Aktualno"],"inLanguage":"sl-SI"},{"@type":"WebPage","@id":"https:\/\/hudo.com\/si\/aktualno\/smucarji-prelivajo-znoj-pod-massijevo-taktirko\/","url":"https:\/\/hudo.com\/si\/aktualno\/smucarji-prelivajo-znoj-pod-massijevo-taktirko\/","name":"Smu\u010darji prelivajo znoj pod Massijevo taktirko - Hudo Slovenija","isPartOf":{"@id":"https:\/\/hudo.com\/si\/#website"},"datePublished":"2016-06-08T10:50:00+00:00","dateModified":"2016-06-09T05:36:30+00:00","breadcrumb":{"@id":"https:\/\/hudo.com\/si\/aktualno\/smucarji-prelivajo-znoj-pod-massijevo-taktirko\/#breadcrumb"},"inLanguage":"sl-SI","potentialAction":[{"@type":"ReadAction","target":["https:\/\/hudo.com\/si\/aktualno\/smucarji-prelivajo-znoj-pod-massijevo-taktirko\/"]}]},{"@type":"BreadcrumbList","@id":"https:\/\/hudo.com\/si\/aktualno\/smucarji-prelivajo-znoj-pod-massijevo-taktirko\/#breadcrumb","itemListElement":[{"@type":"ListItem","position":1,"name":"Home","item":"https:\/\/hudo.com\/si\/"},{"@type":"ListItem","position":2,"name":"Smu\u010darji prelivajo znoj pod Massijevo taktirko"}]},{"@type":"WebSite","@id":"https:\/\/hudo.com\/si\/#website","url":"https:\/\/hudo.com\/si\/","name":"Hudo Slovenija","description":"Vse novice iz Slovenije in sveta","publisher":{"@id":"https:\/\/hudo.com\/si\/#organization"},"potentialAction":[{"@type":"SearchAction","target":{"@type":"EntryPoint","urlTemplate":"https:\/\/hudo.com\/si\/?s={search_term_string}"},"query-input":"required name=search_term_string"}],"inLanguage":"sl-SI"},{"@type":"Organization","@id":"https:\/\/hudo.com\/si\/#organization","name":"VSN Media","url":"https:\/\/hudo.com\/si\/","logo":{"@type":"ImageObject","inLanguage":"sl-SI","@id":"https:\/\/hudo.com\/si\/#\/schema\/logo\/image\/","url":"https:\/\/hudo.com\/si\/wp-content\/uploads\/sites\/2\/2021\/03\/hudo-app-2.png","contentUrl":"https:\/\/hudo.com\/si\/wp-content\/uploads\/sites\/2\/2021\/03\/hudo-app-2.png","width":2185,"height":2167,"caption":"VSN Media"},"image":{"@id":"https:\/\/hudo.com\/si\/#\/schema\/logo\/image\/"},"sameAs":["https:\/\/www.facebook.com\/hudo.si","https:\/\/twitter.com\/hudo_si"]},{"@type":"Person","@id":"https:\/\/hudo.com\/si\/#\/schema\/person\/601cf3379633985b20f7e50f2bb47707","name":"hudo","image":{"@type":"ImageObject","inLanguage":"sl-SI","@id":"https:\/\/hudo.com\/si\/#\/schema\/person\/image\/","url":"https:\/\/secure.gravatar.com\/avatar\/c4ca25fa72cace7a696b52ff5db9e095?s=96&d=mm&r=g","contentUrl":"https:\/\/secure.gravatar.com\/avatar\/c4ca25fa72cace7a696b52ff5db9e095?s=96&d=mm&r=g","caption":"hudo"},"url":"https:\/\/hudo.com\/si\/author\/hudo\/"}]}},"amp_enabled":true,"_links":{"self":[{"href":"https:\/\/hudo.com\/si\/wp-json\/wp\/v2\/posts\/71450"}],"collection":[{"href":"https:\/\/hudo.com\/si\/wp-json\/wp\/v2\/posts"}],"about":[{"href":"https:\/\/hudo.com\/si\/wp-json\/wp\/v2\/types\/post"}],"author":[{"embeddable":true,"href":"https:\/\/hudo.com\/si\/wp-json\/wp\/v2\/users\/1"}],"replies":[{"embeddable":true,"href":"https:\/\/hudo.com\/si\/wp-json\/wp\/v2\/comments?post=71450"}],"version-history":[{"count":1,"href":"https:\/\/hudo.com\/si\/wp-json\/wp\/v2\/posts\/71450\/revisions"}],"predecessor-version":[{"id":71528,"href":"https:\/\/hudo.com\/si\/wp-json\/wp\/v2\/posts\/71450\/revisions\/71528"}],"wp:attachment":[{"href":"https:\/\/hudo.com\/si\/wp-json\/wp\/v2\/media?parent=71450"}],"wp:term":[{"taxonomy":"category","embeddable":true,"href":"https:\/\/hudo.com\/si\/wp-json\/wp\/v2\/categories?post=71450"},{"taxonomy":"post_tag","embeddable":true,"href":"https:\/\/hudo.com\/si\/wp-json\/wp\/v2\/tags?post=71450"},{"taxonomy":"source","embeddable":true,"href":"https:\/\/hudo.com\/si\/wp-json\/wp\/v2\/source?post=71450"},{"taxonomy":"supertag","embeddable":true,"href":"https:\/\/hudo.com\/si\/wp-json\/wp\/v2\/supertag?post=71450"}],"curies":[{"name":"wp","href":"https:\/\/api.w.org\/{rel}","templated":true}]}}