{"id":71494,"date":"2016-06-08T16:15:00","date_gmt":"2016-06-08T14:15:00","guid":{"rendered":"http:\/\/hudo.com\/si\/2016\/06\/08\/foto-kdo-so-rogovci-in-kaj-je-rog\/"},"modified":"2016-06-09T14:46:12","modified_gmt":"2016-06-09T12:46:12","slug":"foto-kdo-so-rogovci-in-kaj-je-rog","status":"publish","type":"post","link":"https:\/\/hudo.com\/si\/aktualno\/foto-kdo-so-rogovci-in-kaj-je-rog\/","title":{"rendered":"FOTO: Kdo so rogovci in kaj je Rog?"},"content":{"rendered":"<p>Leta 1991 opu\u0161\u010dena tovarna koles Rog se je do danes razvila v samoniklo in samoupravno skupnost najrazli\u010dnej\u0161ih interesov. \u010cetudi so tam \u017ee deset let, \u0161e nikdar niso bili dele\u017eni tolik\u0161ne pozornosti kot v minulih dneh, od ponedeljka naprej, ko so gradbinci po dekretu ljubljanske mestne ob\u010dine \u017eeleli poru\u0161iti ve\u010dino stavb na obmo\u010dju zapu\u0161\u010dene tovarne. Malo je znanega o tem, da samoupravno skupnost Rog danes sooblikuje med 30 in 40 posameznic in posameznikov, vsak po svojih najbolj\u0161ih mo\u010deh posku\u0161ajo dati glas \u0161ibkej\u0161im, dokazujejo, da predstavljajo tisti odstotek pozabljenih in obubo\u017eanih, se upirajo kapitalu in oblasti. V teh dneh, ko je v ospredju zgolj njihov upor proti ob\u010dinski oblasti in njihovim na\u010drtom, je malo govora o tem, kak\u0161en je vsakdan v Rogu in kdo ga sooblikuje? Kdo so tisti, zaradi katerih Rog danes \u017eivi in kaj pravzaprav po\u010dnejo v tej avtonomni coni, ki jo \u010dislajo celo starej\u0161i kolegi iz streljaj oddaljene Metelkove. Slednji so se sicer prvi samooklicali za avtonomni kulturni (v\u010dasih tudi socialni) center Metelkova mesto, kar pomeni, da imajo \u0161e danes vso svobodo pri kreiranju programa, oblikovanju notranje strukture, umetni\u0161kih in tudi gradbenih intervencijah v prostor, delno so tudi ekonomsko samozadostni ampak niso neodvisni. &#8220;Rog pa je neodvisen in je po mojem mnenju prava avtonomna cona, saj je tam bolj pomembna notranja organiziranost, solidarnost, povezanost, ne pa kakovosten kulturni program, ki je sofinanciran. Menim tudi, da je zaradi tega Rog bolj enoten kot Metelkova. In Metelkovci bi se lahko na primeru Roga marsikaj nau\u010dili,&#8221; je povedala Nata\u0161a Serec, predsednica Avtonomnega kulturnega centra Metelkova. Kaj je pravzaprav tisto, kar po\u010dnejo v Rogu, si lahko pogledate v pri\u010dujo\u010di fotogaleriji. Ve\u010d o tem, zakaj tega, kar po\u010dnejo v Rogu, ne morejo po\u010deti v katerem koli drugem prostoru, pa v jutri\u0161nji tiskani izdaji Ve\u010dera.Slovenija<\/p>\n","protected":false},"excerpt":{"rendered":"<p>Leta 1991 opu\u0161\u010dena tovarna koles Rog se je do danes razvila v samoniklo in samoupravno skupnost najrazli\u010dnej\u0161ih interesov. \u010cetudi so tam \u017ee deset let, \u0161e nikdar niso bili dele\u017eni tolik\u0161ne pozornosti kot v minulih dneh, od ponedeljka naprej, ko so gradbinci po dekretu ljubljanske mestne ob\u010dine \u017eeleli poru\u0161iti ve\u010dino stavb na obmo\u010dju zapu\u0161\u010dene tovarne. Malo je znanega o tem, da samoupravno skupnost Rog danes sooblikuje med 30 in 40 posameznic in posameznikov, vsak po svojih najbolj\u0161ih mo\u010deh posku\u0161ajo dati glas \u0161ibkej\u0161im, dokazujejo, da predstavljajo tisti odstotek pozabljenih in obubo\u017eanih, se upirajo kapitalu in oblasti. V teh dneh, ko je v ospredju zgolj njihov upor proti ob\u010dinski oblasti in njihovim na\u010drtom, je malo govora o tem, kak\u0161en je vsakdan v Rogu in kdo ga sooblikuje? Kdo so tisti, zaradi katerih Rog danes \u017eivi in kaj pravzaprav po\u010dnejo v tej avtonomni coni, ki jo \u010dislajo celo starej\u0161i kolegi iz streljaj oddaljene Metelkove. Slednji so se sicer prvi samooklicali za avtonomni kulturni (v\u010dasih tudi socialni) center Metelkova mesto, kar pomeni, da imajo \u0161e danes vso svobodo pri kreiranju programa, oblikovanju notranje strukture, umetni\u0161kih in tudi gradbenih intervencijah v prostor, delno so tudi ekonomsko samozadostni ampak niso neodvisni. &#8220;Rog pa je neodvisen in je po mojem mnenju prava avtonomna cona, saj je tam bolj pomembna notranja organiziranost, solidarnost, povezanost, ne pa kakovosten kulturni program, ki je sofinanciran. Menim tudi, da je zaradi tega Rog bolj enoten kot Metelkova. In Metelkovci bi se lahko na primeru Roga marsikaj nau\u010dili,&#8221; je povedala Nata\u0161a Serec, predsednica Avtonomnega kulturnega centra Metelkova. Kaj je pravzaprav tisto, kar po\u010dnejo v Rogu, si lahko pogledate v pri\u010dujo\u010di fotogaleriji. Ve\u010d o tem, zakaj tega, kar po\u010dnejo v Rogu, ne morejo po\u010deti v katerem koli drugem prostoru, pa v jutri\u0161nji tiskani izdaji Ve\u010dera.Slovenija<\/p>\n","protected":false},"author":1,"featured_media":0,"comment_status":"closed","ping_status":"closed","sticky":false,"template":"","format":"standard","meta":{"footnotes":""},"categories":[1179],"tags":[],"source":[1711],"supertag":[],"acf":[],"yoast_head":"<!-- This site is optimized with the Yoast SEO plugin v21.3 - https:\/\/yoast.com\/wordpress\/plugins\/seo\/ -->\n<title>FOTO: Kdo so rogovci in kaj je Rog? - Hudo Slovenija<\/title>\n<meta name=\"robots\" content=\"index, follow, max-snippet:-1, max-image-preview:large, max-video-preview:-1\" \/>\n<link rel=\"canonical\" href=\"https:\/\/hudo.com\/si\/aktualno\/foto-kdo-so-rogovci-in-kaj-je-rog\/\" \/>\n<meta property=\"og:locale\" content=\"sl_SI\" \/>\n<meta property=\"og:type\" content=\"article\" \/>\n<meta property=\"og:title\" content=\"FOTO: Kdo so rogovci in kaj je Rog? - Hudo Slovenija\" \/>\n<meta property=\"og:description\" content=\"Leta 1991 opu\u0161\u010dena tovarna koles Rog se je do danes razvila v samoniklo in samoupravno skupnost najrazli\u010dnej\u0161ih interesov. \u010cetudi so tam \u017ee deset let, \u0161e nikdar niso bili dele\u017eni tolik\u0161ne pozornosti kot v minulih dneh, od ponedeljka naprej, ko so gradbinci po dekretu ljubljanske mestne ob\u010dine \u017eeleli poru\u0161iti ve\u010dino stavb na obmo\u010dju zapu\u0161\u010dene tovarne. Malo je znanega o tem, da samoupravno skupnost Rog danes sooblikuje med 30 in 40 posameznic in posameznikov, vsak po svojih najbolj\u0161ih mo\u010deh posku\u0161ajo dati glas \u0161ibkej\u0161im, dokazujejo, da predstavljajo tisti odstotek pozabljenih in obubo\u017eanih, se upirajo kapitalu in oblasti. V teh dneh, ko je v ospredju zgolj njihov upor proti ob\u010dinski oblasti in njihovim na\u010drtom, je malo govora o tem, kak\u0161en je vsakdan v Rogu in kdo ga sooblikuje? Kdo so tisti, zaradi katerih Rog danes \u017eivi in kaj pravzaprav po\u010dnejo v tej avtonomni coni, ki jo \u010dislajo celo starej\u0161i kolegi iz streljaj oddaljene Metelkove. Slednji so se sicer prvi samooklicali za avtonomni kulturni (v\u010dasih tudi socialni) center Metelkova mesto, kar pomeni, da imajo \u0161e danes vso svobodo pri kreiranju programa, oblikovanju notranje strukture, umetni\u0161kih in tudi gradbenih intervencijah v prostor, delno so tudi ekonomsko samozadostni ampak niso neodvisni. &quot;Rog pa je neodvisen in je po mojem mnenju prava avtonomna cona, saj je tam bolj pomembna notranja organiziranost, solidarnost, povezanost, ne pa kakovosten kulturni program, ki je sofinanciran. Menim tudi, da je zaradi tega Rog bolj enoten kot Metelkova. In Metelkovci bi se lahko na primeru Roga marsikaj nau\u010dili,&quot; je povedala Nata\u0161a Serec, predsednica Avtonomnega kulturnega centra Metelkova. Kaj je pravzaprav tisto, kar po\u010dnejo v Rogu, si lahko pogledate v pri\u010dujo\u010di fotogaleriji. Ve\u010d o tem, zakaj tega, kar po\u010dnejo v Rogu, ne morejo po\u010deti v katerem koli drugem prostoru, pa v jutri\u0161nji tiskani izdaji Ve\u010dera.Slovenija\" \/>\n<meta property=\"og:url\" content=\"https:\/\/hudo.com\/si\/aktualno\/foto-kdo-so-rogovci-in-kaj-je-rog\/\" \/>\n<meta property=\"og:site_name\" content=\"Hudo Slovenija\" \/>\n<meta property=\"article:publisher\" content=\"https:\/\/www.facebook.com\/hudo.si\" \/>\n<meta property=\"article:published_time\" content=\"2016-06-08T14:15:00+00:00\" \/>\n<meta property=\"article:modified_time\" content=\"2016-06-09T12:46:12+00:00\" \/>\n<meta property=\"og:image\" content=\"https:\/\/hudo.com\/si\/wp-content\/uploads\/sites\/2\/2016\/06\/r9-300.jpg\" \/>\n\t<meta property=\"og:image:width\" content=\"450\" \/>\n\t<meta property=\"og:image:height\" content=\"300\" \/>\n\t<meta property=\"og:image:type\" content=\"image\/jpeg\" \/>\n<meta name=\"author\" content=\"hudo\" \/>\n<meta name=\"twitter:card\" content=\"summary_large_image\" \/>\n<meta name=\"twitter:creator\" content=\"@hudo_si\" \/>\n<meta name=\"twitter:site\" content=\"@hudo_si\" \/>\n<meta name=\"twitter:label1\" content=\"Written by\" \/>\n\t<meta name=\"twitter:data1\" content=\"hudo\" \/>\n\t<meta name=\"twitter:label2\" content=\"Est. reading time\" \/>\n\t<meta name=\"twitter:data2\" content=\"2 minuti\" \/>\n<script type=\"application\/ld+json\" class=\"yoast-schema-graph\">{\"@context\":\"https:\/\/schema.org\",\"@graph\":[{\"@type\":\"Article\",\"@id\":\"https:\/\/hudo.com\/si\/aktualno\/foto-kdo-so-rogovci-in-kaj-je-rog\/#article\",\"isPartOf\":{\"@id\":\"https:\/\/hudo.com\/si\/aktualno\/foto-kdo-so-rogovci-in-kaj-je-rog\/\"},\"author\":{\"name\":\"hudo\",\"@id\":\"https:\/\/hudo.com\/si\/#\/schema\/person\/601cf3379633985b20f7e50f2bb47707\"},\"headline\":\"FOTO: Kdo so rogovci in kaj je Rog?\",\"datePublished\":\"2016-06-08T14:15:00+00:00\",\"dateModified\":\"2016-06-09T12:46:12+00:00\",\"mainEntityOfPage\":{\"@id\":\"https:\/\/hudo.com\/si\/aktualno\/foto-kdo-so-rogovci-in-kaj-je-rog\/\"},\"wordCount\":327,\"publisher\":{\"@id\":\"https:\/\/hudo.com\/si\/#organization\"},\"articleSection\":[\"Aktualno\"],\"inLanguage\":\"sl-SI\"},{\"@type\":\"WebPage\",\"@id\":\"https:\/\/hudo.com\/si\/aktualno\/foto-kdo-so-rogovci-in-kaj-je-rog\/\",\"url\":\"https:\/\/hudo.com\/si\/aktualno\/foto-kdo-so-rogovci-in-kaj-je-rog\/\",\"name\":\"FOTO: Kdo so rogovci in kaj je Rog? - Hudo Slovenija\",\"isPartOf\":{\"@id\":\"https:\/\/hudo.com\/si\/#website\"},\"datePublished\":\"2016-06-08T14:15:00+00:00\",\"dateModified\":\"2016-06-09T12:46:12+00:00\",\"breadcrumb\":{\"@id\":\"https:\/\/hudo.com\/si\/aktualno\/foto-kdo-so-rogovci-in-kaj-je-rog\/#breadcrumb\"},\"inLanguage\":\"sl-SI\",\"potentialAction\":[{\"@type\":\"ReadAction\",\"target\":[\"https:\/\/hudo.com\/si\/aktualno\/foto-kdo-so-rogovci-in-kaj-je-rog\/\"]}]},{\"@type\":\"BreadcrumbList\",\"@id\":\"https:\/\/hudo.com\/si\/aktualno\/foto-kdo-so-rogovci-in-kaj-je-rog\/#breadcrumb\",\"itemListElement\":[{\"@type\":\"ListItem\",\"position\":1,\"name\":\"Home\",\"item\":\"https:\/\/hudo.com\/si\/\"},{\"@type\":\"ListItem\",\"position\":2,\"name\":\"FOTO: Kdo so rogovci in kaj je Rog?\"}]},{\"@type\":\"WebSite\",\"@id\":\"https:\/\/hudo.com\/si\/#website\",\"url\":\"https:\/\/hudo.com\/si\/\",\"name\":\"Hudo Slovenija\",\"description\":\"Vse novice iz Slovenije in sveta\",\"publisher\":{\"@id\":\"https:\/\/hudo.com\/si\/#organization\"},\"potentialAction\":[{\"@type\":\"SearchAction\",\"target\":{\"@type\":\"EntryPoint\",\"urlTemplate\":\"https:\/\/hudo.com\/si\/?s={search_term_string}\"},\"query-input\":\"required name=search_term_string\"}],\"inLanguage\":\"sl-SI\"},{\"@type\":\"Organization\",\"@id\":\"https:\/\/hudo.com\/si\/#organization\",\"name\":\"VSN Media\",\"url\":\"https:\/\/hudo.com\/si\/\",\"logo\":{\"@type\":\"ImageObject\",\"inLanguage\":\"sl-SI\",\"@id\":\"https:\/\/hudo.com\/si\/#\/schema\/logo\/image\/\",\"url\":\"https:\/\/hudo.com\/si\/wp-content\/uploads\/sites\/2\/2021\/03\/hudo-app-2.png\",\"contentUrl\":\"https:\/\/hudo.com\/si\/wp-content\/uploads\/sites\/2\/2021\/03\/hudo-app-2.png\",\"width\":2185,\"height\":2167,\"caption\":\"VSN Media\"},\"image\":{\"@id\":\"https:\/\/hudo.com\/si\/#\/schema\/logo\/image\/\"},\"sameAs\":[\"https:\/\/www.facebook.com\/hudo.si\",\"https:\/\/twitter.com\/hudo_si\"]},{\"@type\":\"Person\",\"@id\":\"https:\/\/hudo.com\/si\/#\/schema\/person\/601cf3379633985b20f7e50f2bb47707\",\"name\":\"hudo\",\"image\":{\"@type\":\"ImageObject\",\"inLanguage\":\"sl-SI\",\"@id\":\"https:\/\/hudo.com\/si\/#\/schema\/person\/image\/\",\"url\":\"https:\/\/secure.gravatar.com\/avatar\/c4ca25fa72cace7a696b52ff5db9e095?s=96&d=mm&r=g\",\"contentUrl\":\"https:\/\/secure.gravatar.com\/avatar\/c4ca25fa72cace7a696b52ff5db9e095?s=96&d=mm&r=g\",\"caption\":\"hudo\"},\"url\":\"https:\/\/hudo.com\/si\/author\/hudo\/\"}]}<\/script>\n<!-- \/ Yoast SEO plugin. -->","yoast_head_json":{"title":"FOTO: Kdo so rogovci in kaj je Rog? - Hudo Slovenija","robots":{"index":"index","follow":"follow","max-snippet":"max-snippet:-1","max-image-preview":"max-image-preview:large","max-video-preview":"max-video-preview:-1"},"canonical":"https:\/\/hudo.com\/si\/aktualno\/foto-kdo-so-rogovci-in-kaj-je-rog\/","og_locale":"sl_SI","og_type":"article","og_title":"FOTO: Kdo so rogovci in kaj je Rog? - Hudo Slovenija","og_description":"Leta 1991 opu\u0161\u010dena tovarna koles Rog se je do danes razvila v samoniklo in samoupravno skupnost najrazli\u010dnej\u0161ih interesov. \u010cetudi so tam \u017ee deset let, \u0161e nikdar niso bili dele\u017eni tolik\u0161ne pozornosti kot v minulih dneh, od ponedeljka naprej, ko so gradbinci po dekretu ljubljanske mestne ob\u010dine \u017eeleli poru\u0161iti ve\u010dino stavb na obmo\u010dju zapu\u0161\u010dene tovarne. Malo je znanega o tem, da samoupravno skupnost Rog danes sooblikuje med 30 in 40 posameznic in posameznikov, vsak po svojih najbolj\u0161ih mo\u010deh posku\u0161ajo dati glas \u0161ibkej\u0161im, dokazujejo, da predstavljajo tisti odstotek pozabljenih in obubo\u017eanih, se upirajo kapitalu in oblasti. V teh dneh, ko je v ospredju zgolj njihov upor proti ob\u010dinski oblasti in njihovim na\u010drtom, je malo govora o tem, kak\u0161en je vsakdan v Rogu in kdo ga sooblikuje? Kdo so tisti, zaradi katerih Rog danes \u017eivi in kaj pravzaprav po\u010dnejo v tej avtonomni coni, ki jo \u010dislajo celo starej\u0161i kolegi iz streljaj oddaljene Metelkove. Slednji so se sicer prvi samooklicali za avtonomni kulturni (v\u010dasih tudi socialni) center Metelkova mesto, kar pomeni, da imajo \u0161e danes vso svobodo pri kreiranju programa, oblikovanju notranje strukture, umetni\u0161kih in tudi gradbenih intervencijah v prostor, delno so tudi ekonomsko samozadostni ampak niso neodvisni. \"Rog pa je neodvisen in je po mojem mnenju prava avtonomna cona, saj je tam bolj pomembna notranja organiziranost, solidarnost, povezanost, ne pa kakovosten kulturni program, ki je sofinanciran. Menim tudi, da je zaradi tega Rog bolj enoten kot Metelkova. In Metelkovci bi se lahko na primeru Roga marsikaj nau\u010dili,\" je povedala Nata\u0161a Serec, predsednica Avtonomnega kulturnega centra Metelkova. Kaj je pravzaprav tisto, kar po\u010dnejo v Rogu, si lahko pogledate v pri\u010dujo\u010di fotogaleriji. Ve\u010d o tem, zakaj tega, kar po\u010dnejo v Rogu, ne morejo po\u010deti v katerem koli drugem prostoru, pa v jutri\u0161nji tiskani izdaji Ve\u010dera.Slovenija","og_url":"https:\/\/hudo.com\/si\/aktualno\/foto-kdo-so-rogovci-in-kaj-je-rog\/","og_site_name":"Hudo Slovenija","article_publisher":"https:\/\/www.facebook.com\/hudo.si","article_published_time":"2016-06-08T14:15:00+00:00","article_modified_time":"2016-06-09T12:46:12+00:00","og_image":[{"width":450,"height":300,"url":"https:\/\/hudo.com\/si\/wp-content\/uploads\/sites\/2\/2016\/06\/r9-300.jpg","type":"image\/jpeg"}],"author":"hudo","twitter_card":"summary_large_image","twitter_creator":"@hudo_si","twitter_site":"@hudo_si","twitter_misc":{"Written by":"hudo","Est. reading time":"2 minuti"},"schema":{"@context":"https:\/\/schema.org","@graph":[{"@type":"Article","@id":"https:\/\/hudo.com\/si\/aktualno\/foto-kdo-so-rogovci-in-kaj-je-rog\/#article","isPartOf":{"@id":"https:\/\/hudo.com\/si\/aktualno\/foto-kdo-so-rogovci-in-kaj-je-rog\/"},"author":{"name":"hudo","@id":"https:\/\/hudo.com\/si\/#\/schema\/person\/601cf3379633985b20f7e50f2bb47707"},"headline":"FOTO: Kdo so rogovci in kaj je Rog?","datePublished":"2016-06-08T14:15:00+00:00","dateModified":"2016-06-09T12:46:12+00:00","mainEntityOfPage":{"@id":"https:\/\/hudo.com\/si\/aktualno\/foto-kdo-so-rogovci-in-kaj-je-rog\/"},"wordCount":327,"publisher":{"@id":"https:\/\/hudo.com\/si\/#organization"},"articleSection":["Aktualno"],"inLanguage":"sl-SI"},{"@type":"WebPage","@id":"https:\/\/hudo.com\/si\/aktualno\/foto-kdo-so-rogovci-in-kaj-je-rog\/","url":"https:\/\/hudo.com\/si\/aktualno\/foto-kdo-so-rogovci-in-kaj-je-rog\/","name":"FOTO: Kdo so rogovci in kaj je Rog? - Hudo Slovenija","isPartOf":{"@id":"https:\/\/hudo.com\/si\/#website"},"datePublished":"2016-06-08T14:15:00+00:00","dateModified":"2016-06-09T12:46:12+00:00","breadcrumb":{"@id":"https:\/\/hudo.com\/si\/aktualno\/foto-kdo-so-rogovci-in-kaj-je-rog\/#breadcrumb"},"inLanguage":"sl-SI","potentialAction":[{"@type":"ReadAction","target":["https:\/\/hudo.com\/si\/aktualno\/foto-kdo-so-rogovci-in-kaj-je-rog\/"]}]},{"@type":"BreadcrumbList","@id":"https:\/\/hudo.com\/si\/aktualno\/foto-kdo-so-rogovci-in-kaj-je-rog\/#breadcrumb","itemListElement":[{"@type":"ListItem","position":1,"name":"Home","item":"https:\/\/hudo.com\/si\/"},{"@type":"ListItem","position":2,"name":"FOTO: Kdo so rogovci in kaj je Rog?"}]},{"@type":"WebSite","@id":"https:\/\/hudo.com\/si\/#website","url":"https:\/\/hudo.com\/si\/","name":"Hudo Slovenija","description":"Vse novice iz Slovenije in sveta","publisher":{"@id":"https:\/\/hudo.com\/si\/#organization"},"potentialAction":[{"@type":"SearchAction","target":{"@type":"EntryPoint","urlTemplate":"https:\/\/hudo.com\/si\/?s={search_term_string}"},"query-input":"required name=search_term_string"}],"inLanguage":"sl-SI"},{"@type":"Organization","@id":"https:\/\/hudo.com\/si\/#organization","name":"VSN Media","url":"https:\/\/hudo.com\/si\/","logo":{"@type":"ImageObject","inLanguage":"sl-SI","@id":"https:\/\/hudo.com\/si\/#\/schema\/logo\/image\/","url":"https:\/\/hudo.com\/si\/wp-content\/uploads\/sites\/2\/2021\/03\/hudo-app-2.png","contentUrl":"https:\/\/hudo.com\/si\/wp-content\/uploads\/sites\/2\/2021\/03\/hudo-app-2.png","width":2185,"height":2167,"caption":"VSN Media"},"image":{"@id":"https:\/\/hudo.com\/si\/#\/schema\/logo\/image\/"},"sameAs":["https:\/\/www.facebook.com\/hudo.si","https:\/\/twitter.com\/hudo_si"]},{"@type":"Person","@id":"https:\/\/hudo.com\/si\/#\/schema\/person\/601cf3379633985b20f7e50f2bb47707","name":"hudo","image":{"@type":"ImageObject","inLanguage":"sl-SI","@id":"https:\/\/hudo.com\/si\/#\/schema\/person\/image\/","url":"https:\/\/secure.gravatar.com\/avatar\/c4ca25fa72cace7a696b52ff5db9e095?s=96&d=mm&r=g","contentUrl":"https:\/\/secure.gravatar.com\/avatar\/c4ca25fa72cace7a696b52ff5db9e095?s=96&d=mm&r=g","caption":"hudo"},"url":"https:\/\/hudo.com\/si\/author\/hudo\/"}]}},"amp_enabled":true,"_links":{"self":[{"href":"https:\/\/hudo.com\/si\/wp-json\/wp\/v2\/posts\/71494"}],"collection":[{"href":"https:\/\/hudo.com\/si\/wp-json\/wp\/v2\/posts"}],"about":[{"href":"https:\/\/hudo.com\/si\/wp-json\/wp\/v2\/types\/post"}],"author":[{"embeddable":true,"href":"https:\/\/hudo.com\/si\/wp-json\/wp\/v2\/users\/1"}],"replies":[{"embeddable":true,"href":"https:\/\/hudo.com\/si\/wp-json\/wp\/v2\/comments?post=71494"}],"version-history":[{"count":1,"href":"https:\/\/hudo.com\/si\/wp-json\/wp\/v2\/posts\/71494\/revisions"}],"predecessor-version":[{"id":71588,"href":"https:\/\/hudo.com\/si\/wp-json\/wp\/v2\/posts\/71494\/revisions\/71588"}],"wp:attachment":[{"href":"https:\/\/hudo.com\/si\/wp-json\/wp\/v2\/media?parent=71494"}],"wp:term":[{"taxonomy":"category","embeddable":true,"href":"https:\/\/hudo.com\/si\/wp-json\/wp\/v2\/categories?post=71494"},{"taxonomy":"post_tag","embeddable":true,"href":"https:\/\/hudo.com\/si\/wp-json\/wp\/v2\/tags?post=71494"},{"taxonomy":"source","embeddable":true,"href":"https:\/\/hudo.com\/si\/wp-json\/wp\/v2\/source?post=71494"},{"taxonomy":"supertag","embeddable":true,"href":"https:\/\/hudo.com\/si\/wp-json\/wp\/v2\/supertag?post=71494"}],"curies":[{"name":"wp","href":"https:\/\/api.w.org\/{rel}","templated":true}]}}