{"id":71496,"date":"2016-06-08T16:05:00","date_gmt":"2016-06-08T14:05:00","guid":{"rendered":"http:\/\/hudo.com\/si\/2016\/06\/08\/mihevc-bo-skusal-krko-vrniti-na-stara-pota\/"},"modified":"2016-06-09T07:36:02","modified_gmt":"2016-06-09T05:36:02","slug":"mihevc-bo-skusal-krko-vrniti-na-stara-pota","status":"publish","type":"post","link":"https:\/\/hudo.com\/si\/aktualno\/mihevc-bo-skusal-krko-vrniti-na-stara-pota\/","title":{"rendered":"Mihevc bo sku\u0161al Krko vrniti na stara pota"},"content":{"rendered":"<p>Kategorija: Ko\u0161arka Wed, 08 Jun 2016 18:05:00 +0200  Novo mesto &#8211; Ko\u0161arkarski trener Dejan Mihevc, ki je v sezoni 2014\/15 zasedbo Tajfuna senzacionalno popeljal do naslova dr\u017eavnega prvaka, bo v prihajajo\u010di sezoni sed\u00e9l na klopi pokalnega zmagovalca Krke. V Novem mestu so se odlo\u010dili hitro in odlo\u010dno ukrepati po neuspehu v ligi Nova KBM, v kateri so obti\u010dali v polfinalu proti poznej\u0161emu \u0161ampionu Heliosu. Mladi, 38-letni \u0160entjur\u010dan bo na vro\u010dem stol\u010dku zamenjal Vladimirja Anzulovi\u0107a, ki je kot dotedanji pomo\u010dnik v za\u010detku leto\u0161njega leta nasledil Ivana Veli\u0107a. Mihevc je trenersko pot za\u010del v mlaj\u0161ih selekcijah doma\u010dega kluba in kot pomo\u010dnik ve\u010d trenerjem \u010dlanskega mo\u0161tva. Pri Ko\u0161arkarski zvezi Slovenije je deloval kot vodja reprezentanc mlaj\u0161ih starostnih kategorij in kot selektor kadetske izbrane vrste. Preizkusil se je tudi v tujini, na Otoku je vodil ekipo London Leopards in z njo postal dr\u017eavni prvak\u00a0&#8230;<\/p>\n","protected":false},"excerpt":{"rendered":"<p>Kategorija: Ko\u0161arka Wed, 08 Jun 2016 18:05:00 +0200  Novo mesto &#8211; Ko\u0161arkarski trener Dejan Mihevc, ki je v sezoni 2014\/15 zasedbo Tajfuna senzacionalno popeljal do naslova dr\u017eavnega prvaka, bo v prihajajo\u010di sezoni sed\u00e9l na klopi pokalnega zmagovalca Krke. V Novem mestu so se odlo\u010dili hitro in odlo\u010dno ukrepati po neuspehu v ligi Nova KBM, v kateri so obti\u010dali v polfinalu proti poznej\u0161emu \u0161ampionu Heliosu. Mladi, 38-letni \u0160entjur\u010dan bo na vro\u010dem stol\u010dku zamenjal Vladimirja Anzulovi\u0107a, ki je kot dotedanji pomo\u010dnik v za\u010detku leto\u0161njega leta nasledil Ivana Veli\u0107a. Mihevc je trenersko pot za\u010del v mlaj\u0161ih selekcijah doma\u010dega kluba in kot pomo\u010dnik ve\u010d trenerjem \u010dlanskega mo\u0161tva. Pri Ko\u0161arkarski zvezi Slovenije je deloval kot vodja reprezentanc mlaj\u0161ih starostnih kategorij in kot selektor kadetske izbrane vrste. Preizkusil se je tudi v tujini, na Otoku je vodil ekipo London Leopards in z njo postal dr\u017eavni prvak\u00a0&#8230;<\/p>\n","protected":false},"author":1,"featured_media":0,"comment_status":"closed","ping_status":"closed","sticky":false,"template":"","format":"standard","meta":{"footnotes":""},"categories":[1179],"tags":[],"source":[4511],"supertag":[],"acf":[],"yoast_head":"<!-- This site is optimized with the Yoast SEO plugin v21.3 - https:\/\/yoast.com\/wordpress\/plugins\/seo\/ -->\n<title>Mihevc bo sku\u0161al Krko vrniti na stara pota - Hudo Slovenija<\/title>\n<meta name=\"robots\" content=\"index, follow, max-snippet:-1, max-image-preview:large, max-video-preview:-1\" \/>\n<link rel=\"canonical\" href=\"https:\/\/hudo.com\/si\/aktualno\/mihevc-bo-skusal-krko-vrniti-na-stara-pota\/\" \/>\n<meta property=\"og:locale\" content=\"sl_SI\" \/>\n<meta property=\"og:type\" content=\"article\" \/>\n<meta property=\"og:title\" content=\"Mihevc bo sku\u0161al Krko vrniti na stara pota - Hudo Slovenija\" \/>\n<meta property=\"og:description\" content=\"Kategorija: Ko\u0161arka Wed, 08 Jun 2016 18:05:00 +0200 Novo mesto - Ko\u0161arkarski trener Dejan Mihevc, ki je v sezoni 2014\/15 zasedbo Tajfuna senzacionalno popeljal do naslova dr\u017eavnega prvaka, bo v prihajajo\u010di sezoni sed\u00e9l na klopi pokalnega zmagovalca Krke. V Novem mestu so se odlo\u010dili hitro in odlo\u010dno ukrepati po neuspehu v ligi Nova KBM, v kateri so obti\u010dali v polfinalu proti poznej\u0161emu \u0161ampionu Heliosu. Mladi, 38-letni \u0160entjur\u010dan bo na vro\u010dem stol\u010dku zamenjal Vladimirja Anzulovi\u0107a, ki je kot dotedanji pomo\u010dnik v za\u010detku leto\u0161njega leta nasledil Ivana Veli\u0107a. Mihevc je trenersko pot za\u010del v mlaj\u0161ih selekcijah doma\u010dega kluba in kot pomo\u010dnik ve\u010d trenerjem \u010dlanskega mo\u0161tva. Pri Ko\u0161arkarski zvezi Slovenije je deloval kot vodja reprezentanc mlaj\u0161ih starostnih kategorij in kot selektor kadetske izbrane vrste. Preizkusil se je tudi v tujini, na Otoku je vodil ekipo London Leopards in z njo postal dr\u017eavni prvak\u00a0...\" \/>\n<meta property=\"og:url\" content=\"https:\/\/hudo.com\/si\/aktualno\/mihevc-bo-skusal-krko-vrniti-na-stara-pota\/\" \/>\n<meta property=\"og:site_name\" content=\"Hudo Slovenija\" \/>\n<meta property=\"article:publisher\" content=\"https:\/\/www.facebook.com\/hudo.si\" \/>\n<meta property=\"article:published_time\" content=\"2016-06-08T14:05:00+00:00\" \/>\n<meta property=\"article:modified_time\" content=\"2016-06-09T05:36:02+00:00\" \/>\n<meta property=\"og:image\" content=\"https:\/\/hudo.com\/si\/wp-content\/uploads\/sites\/2\/2016\/06\/480x290_djvu_2273660_janezp_uho-Mihevc-Tajfun.jpeg\" \/>\n\t<meta property=\"og:image:width\" content=\"480\" \/>\n\t<meta property=\"og:image:height\" content=\"290\" \/>\n\t<meta property=\"og:image:type\" content=\"image\/jpeg\" \/>\n<meta name=\"author\" content=\"hudo\" \/>\n<meta name=\"twitter:card\" content=\"summary_large_image\" \/>\n<meta name=\"twitter:creator\" content=\"@hudo_si\" \/>\n<meta name=\"twitter:site\" content=\"@hudo_si\" \/>\n<meta name=\"twitter:label1\" content=\"Written by\" \/>\n\t<meta name=\"twitter:data1\" content=\"hudo\" \/>\n\t<meta name=\"twitter:label2\" content=\"Est. reading time\" \/>\n\t<meta name=\"twitter:data2\" content=\"1 minuta\" \/>\n<script type=\"application\/ld+json\" class=\"yoast-schema-graph\">{\"@context\":\"https:\/\/schema.org\",\"@graph\":[{\"@type\":\"Article\",\"@id\":\"https:\/\/hudo.com\/si\/aktualno\/mihevc-bo-skusal-krko-vrniti-na-stara-pota\/#article\",\"isPartOf\":{\"@id\":\"https:\/\/hudo.com\/si\/aktualno\/mihevc-bo-skusal-krko-vrniti-na-stara-pota\/\"},\"author\":{\"name\":\"hudo\",\"@id\":\"https:\/\/hudo.com\/si\/#\/schema\/person\/601cf3379633985b20f7e50f2bb47707\"},\"headline\":\"Mihevc bo sku\u0161al Krko vrniti na stara pota\",\"datePublished\":\"2016-06-08T14:05:00+00:00\",\"dateModified\":\"2016-06-09T05:36:02+00:00\",\"mainEntityOfPage\":{\"@id\":\"https:\/\/hudo.com\/si\/aktualno\/mihevc-bo-skusal-krko-vrniti-na-stara-pota\/\"},\"wordCount\":169,\"publisher\":{\"@id\":\"https:\/\/hudo.com\/si\/#organization\"},\"articleSection\":[\"Aktualno\"],\"inLanguage\":\"sl-SI\"},{\"@type\":\"WebPage\",\"@id\":\"https:\/\/hudo.com\/si\/aktualno\/mihevc-bo-skusal-krko-vrniti-na-stara-pota\/\",\"url\":\"https:\/\/hudo.com\/si\/aktualno\/mihevc-bo-skusal-krko-vrniti-na-stara-pota\/\",\"name\":\"Mihevc bo sku\u0161al Krko vrniti na stara pota - Hudo Slovenija\",\"isPartOf\":{\"@id\":\"https:\/\/hudo.com\/si\/#website\"},\"datePublished\":\"2016-06-08T14:05:00+00:00\",\"dateModified\":\"2016-06-09T05:36:02+00:00\",\"breadcrumb\":{\"@id\":\"https:\/\/hudo.com\/si\/aktualno\/mihevc-bo-skusal-krko-vrniti-na-stara-pota\/#breadcrumb\"},\"inLanguage\":\"sl-SI\",\"potentialAction\":[{\"@type\":\"ReadAction\",\"target\":[\"https:\/\/hudo.com\/si\/aktualno\/mihevc-bo-skusal-krko-vrniti-na-stara-pota\/\"]}]},{\"@type\":\"BreadcrumbList\",\"@id\":\"https:\/\/hudo.com\/si\/aktualno\/mihevc-bo-skusal-krko-vrniti-na-stara-pota\/#breadcrumb\",\"itemListElement\":[{\"@type\":\"ListItem\",\"position\":1,\"name\":\"Home\",\"item\":\"https:\/\/hudo.com\/si\/\"},{\"@type\":\"ListItem\",\"position\":2,\"name\":\"Mihevc bo sku\u0161al Krko vrniti na stara pota\"}]},{\"@type\":\"WebSite\",\"@id\":\"https:\/\/hudo.com\/si\/#website\",\"url\":\"https:\/\/hudo.com\/si\/\",\"name\":\"Hudo Slovenija\",\"description\":\"Vse novice iz Slovenije in sveta\",\"publisher\":{\"@id\":\"https:\/\/hudo.com\/si\/#organization\"},\"potentialAction\":[{\"@type\":\"SearchAction\",\"target\":{\"@type\":\"EntryPoint\",\"urlTemplate\":\"https:\/\/hudo.com\/si\/?s={search_term_string}\"},\"query-input\":\"required name=search_term_string\"}],\"inLanguage\":\"sl-SI\"},{\"@type\":\"Organization\",\"@id\":\"https:\/\/hudo.com\/si\/#organization\",\"name\":\"VSN Media\",\"url\":\"https:\/\/hudo.com\/si\/\",\"logo\":{\"@type\":\"ImageObject\",\"inLanguage\":\"sl-SI\",\"@id\":\"https:\/\/hudo.com\/si\/#\/schema\/logo\/image\/\",\"url\":\"https:\/\/hudo.com\/si\/wp-content\/uploads\/sites\/2\/2021\/03\/hudo-app-2.png\",\"contentUrl\":\"https:\/\/hudo.com\/si\/wp-content\/uploads\/sites\/2\/2021\/03\/hudo-app-2.png\",\"width\":2185,\"height\":2167,\"caption\":\"VSN Media\"},\"image\":{\"@id\":\"https:\/\/hudo.com\/si\/#\/schema\/logo\/image\/\"},\"sameAs\":[\"https:\/\/www.facebook.com\/hudo.si\",\"https:\/\/twitter.com\/hudo_si\"]},{\"@type\":\"Person\",\"@id\":\"https:\/\/hudo.com\/si\/#\/schema\/person\/601cf3379633985b20f7e50f2bb47707\",\"name\":\"hudo\",\"image\":{\"@type\":\"ImageObject\",\"inLanguage\":\"sl-SI\",\"@id\":\"https:\/\/hudo.com\/si\/#\/schema\/person\/image\/\",\"url\":\"https:\/\/secure.gravatar.com\/avatar\/c4ca25fa72cace7a696b52ff5db9e095?s=96&d=mm&r=g\",\"contentUrl\":\"https:\/\/secure.gravatar.com\/avatar\/c4ca25fa72cace7a696b52ff5db9e095?s=96&d=mm&r=g\",\"caption\":\"hudo\"},\"url\":\"https:\/\/hudo.com\/si\/author\/hudo\/\"}]}<\/script>\n<!-- \/ Yoast SEO plugin. -->","yoast_head_json":{"title":"Mihevc bo sku\u0161al Krko vrniti na stara pota - Hudo Slovenija","robots":{"index":"index","follow":"follow","max-snippet":"max-snippet:-1","max-image-preview":"max-image-preview:large","max-video-preview":"max-video-preview:-1"},"canonical":"https:\/\/hudo.com\/si\/aktualno\/mihevc-bo-skusal-krko-vrniti-na-stara-pota\/","og_locale":"sl_SI","og_type":"article","og_title":"Mihevc bo sku\u0161al Krko vrniti na stara pota - Hudo Slovenija","og_description":"Kategorija: Ko\u0161arka Wed, 08 Jun 2016 18:05:00 +0200 Novo mesto - Ko\u0161arkarski trener Dejan Mihevc, ki je v sezoni 2014\/15 zasedbo Tajfuna senzacionalno popeljal do naslova dr\u017eavnega prvaka, bo v prihajajo\u010di sezoni sed\u00e9l na klopi pokalnega zmagovalca Krke. V Novem mestu so se odlo\u010dili hitro in odlo\u010dno ukrepati po neuspehu v ligi Nova KBM, v kateri so obti\u010dali v polfinalu proti poznej\u0161emu \u0161ampionu Heliosu. Mladi, 38-letni \u0160entjur\u010dan bo na vro\u010dem stol\u010dku zamenjal Vladimirja Anzulovi\u0107a, ki je kot dotedanji pomo\u010dnik v za\u010detku leto\u0161njega leta nasledil Ivana Veli\u0107a. Mihevc je trenersko pot za\u010del v mlaj\u0161ih selekcijah doma\u010dega kluba in kot pomo\u010dnik ve\u010d trenerjem \u010dlanskega mo\u0161tva. Pri Ko\u0161arkarski zvezi Slovenije je deloval kot vodja reprezentanc mlaj\u0161ih starostnih kategorij in kot selektor kadetske izbrane vrste. Preizkusil se je tudi v tujini, na Otoku je vodil ekipo London Leopards in z njo postal dr\u017eavni prvak\u00a0...","og_url":"https:\/\/hudo.com\/si\/aktualno\/mihevc-bo-skusal-krko-vrniti-na-stara-pota\/","og_site_name":"Hudo Slovenija","article_publisher":"https:\/\/www.facebook.com\/hudo.si","article_published_time":"2016-06-08T14:05:00+00:00","article_modified_time":"2016-06-09T05:36:02+00:00","og_image":[{"width":480,"height":290,"url":"https:\/\/hudo.com\/si\/wp-content\/uploads\/sites\/2\/2016\/06\/480x290_djvu_2273660_janezp_uho-Mihevc-Tajfun.jpeg","type":"image\/jpeg"}],"author":"hudo","twitter_card":"summary_large_image","twitter_creator":"@hudo_si","twitter_site":"@hudo_si","twitter_misc":{"Written by":"hudo","Est. reading time":"1 minuta"},"schema":{"@context":"https:\/\/schema.org","@graph":[{"@type":"Article","@id":"https:\/\/hudo.com\/si\/aktualno\/mihevc-bo-skusal-krko-vrniti-na-stara-pota\/#article","isPartOf":{"@id":"https:\/\/hudo.com\/si\/aktualno\/mihevc-bo-skusal-krko-vrniti-na-stara-pota\/"},"author":{"name":"hudo","@id":"https:\/\/hudo.com\/si\/#\/schema\/person\/601cf3379633985b20f7e50f2bb47707"},"headline":"Mihevc bo sku\u0161al Krko vrniti na stara pota","datePublished":"2016-06-08T14:05:00+00:00","dateModified":"2016-06-09T05:36:02+00:00","mainEntityOfPage":{"@id":"https:\/\/hudo.com\/si\/aktualno\/mihevc-bo-skusal-krko-vrniti-na-stara-pota\/"},"wordCount":169,"publisher":{"@id":"https:\/\/hudo.com\/si\/#organization"},"articleSection":["Aktualno"],"inLanguage":"sl-SI"},{"@type":"WebPage","@id":"https:\/\/hudo.com\/si\/aktualno\/mihevc-bo-skusal-krko-vrniti-na-stara-pota\/","url":"https:\/\/hudo.com\/si\/aktualno\/mihevc-bo-skusal-krko-vrniti-na-stara-pota\/","name":"Mihevc bo sku\u0161al Krko vrniti na stara pota - Hudo Slovenija","isPartOf":{"@id":"https:\/\/hudo.com\/si\/#website"},"datePublished":"2016-06-08T14:05:00+00:00","dateModified":"2016-06-09T05:36:02+00:00","breadcrumb":{"@id":"https:\/\/hudo.com\/si\/aktualno\/mihevc-bo-skusal-krko-vrniti-na-stara-pota\/#breadcrumb"},"inLanguage":"sl-SI","potentialAction":[{"@type":"ReadAction","target":["https:\/\/hudo.com\/si\/aktualno\/mihevc-bo-skusal-krko-vrniti-na-stara-pota\/"]}]},{"@type":"BreadcrumbList","@id":"https:\/\/hudo.com\/si\/aktualno\/mihevc-bo-skusal-krko-vrniti-na-stara-pota\/#breadcrumb","itemListElement":[{"@type":"ListItem","position":1,"name":"Home","item":"https:\/\/hudo.com\/si\/"},{"@type":"ListItem","position":2,"name":"Mihevc bo sku\u0161al Krko vrniti na stara pota"}]},{"@type":"WebSite","@id":"https:\/\/hudo.com\/si\/#website","url":"https:\/\/hudo.com\/si\/","name":"Hudo Slovenija","description":"Vse novice iz Slovenije in sveta","publisher":{"@id":"https:\/\/hudo.com\/si\/#organization"},"potentialAction":[{"@type":"SearchAction","target":{"@type":"EntryPoint","urlTemplate":"https:\/\/hudo.com\/si\/?s={search_term_string}"},"query-input":"required name=search_term_string"}],"inLanguage":"sl-SI"},{"@type":"Organization","@id":"https:\/\/hudo.com\/si\/#organization","name":"VSN Media","url":"https:\/\/hudo.com\/si\/","logo":{"@type":"ImageObject","inLanguage":"sl-SI","@id":"https:\/\/hudo.com\/si\/#\/schema\/logo\/image\/","url":"https:\/\/hudo.com\/si\/wp-content\/uploads\/sites\/2\/2021\/03\/hudo-app-2.png","contentUrl":"https:\/\/hudo.com\/si\/wp-content\/uploads\/sites\/2\/2021\/03\/hudo-app-2.png","width":2185,"height":2167,"caption":"VSN Media"},"image":{"@id":"https:\/\/hudo.com\/si\/#\/schema\/logo\/image\/"},"sameAs":["https:\/\/www.facebook.com\/hudo.si","https:\/\/twitter.com\/hudo_si"]},{"@type":"Person","@id":"https:\/\/hudo.com\/si\/#\/schema\/person\/601cf3379633985b20f7e50f2bb47707","name":"hudo","image":{"@type":"ImageObject","inLanguage":"sl-SI","@id":"https:\/\/hudo.com\/si\/#\/schema\/person\/image\/","url":"https:\/\/secure.gravatar.com\/avatar\/c4ca25fa72cace7a696b52ff5db9e095?s=96&d=mm&r=g","contentUrl":"https:\/\/secure.gravatar.com\/avatar\/c4ca25fa72cace7a696b52ff5db9e095?s=96&d=mm&r=g","caption":"hudo"},"url":"https:\/\/hudo.com\/si\/author\/hudo\/"}]}},"amp_enabled":true,"_links":{"self":[{"href":"https:\/\/hudo.com\/si\/wp-json\/wp\/v2\/posts\/71496"}],"collection":[{"href":"https:\/\/hudo.com\/si\/wp-json\/wp\/v2\/posts"}],"about":[{"href":"https:\/\/hudo.com\/si\/wp-json\/wp\/v2\/types\/post"}],"author":[{"embeddable":true,"href":"https:\/\/hudo.com\/si\/wp-json\/wp\/v2\/users\/1"}],"replies":[{"embeddable":true,"href":"https:\/\/hudo.com\/si\/wp-json\/wp\/v2\/comments?post=71496"}],"version-history":[{"count":1,"href":"https:\/\/hudo.com\/si\/wp-json\/wp\/v2\/posts\/71496\/revisions"}],"predecessor-version":[{"id":71589,"href":"https:\/\/hudo.com\/si\/wp-json\/wp\/v2\/posts\/71496\/revisions\/71589"}],"wp:attachment":[{"href":"https:\/\/hudo.com\/si\/wp-json\/wp\/v2\/media?parent=71496"}],"wp:term":[{"taxonomy":"category","embeddable":true,"href":"https:\/\/hudo.com\/si\/wp-json\/wp\/v2\/categories?post=71496"},{"taxonomy":"post_tag","embeddable":true,"href":"https:\/\/hudo.com\/si\/wp-json\/wp\/v2\/tags?post=71496"},{"taxonomy":"source","embeddable":true,"href":"https:\/\/hudo.com\/si\/wp-json\/wp\/v2\/source?post=71496"},{"taxonomy":"supertag","embeddable":true,"href":"https:\/\/hudo.com\/si\/wp-json\/wp\/v2\/supertag?post=71496"}],"curies":[{"name":"wp","href":"https:\/\/api.w.org\/{rel}","templated":true}]}}