{"id":71763,"date":"2016-06-09T07:00:00","date_gmt":"2016-06-09T05:00:00","guid":{"rendered":"http:\/\/hudo.com\/si\/2016\/06\/09\/marit-bjorgen-in-petra-majdic-znova-hudi-tekmici\/"},"modified":"2016-06-10T03:37:44","modified_gmt":"2016-06-10T01:37:44","slug":"marit-bjorgen-in-petra-majdic-znova-hudi-tekmici","status":"publish","type":"post","link":"https:\/\/hudo.com\/si\/aktualno\/marit-bjorgen-in-petra-majdic-znova-hudi-tekmici\/","title":{"rendered":"Marit Bj\u00f8rgen in Petra Majdi\u010d znova hudi tekmici"},"content":{"rendered":"<p>Kategorija: Drugi \u0161porti Thu, 09 Jun 2016 09:00:00 +0200  Ljubljana \u2013 Predstavniki Oberstdorfa, Trondheima in Planice, ki se potegujejo za izvedbo svetovnega prvenstva v nordijskem smu\u010danju leta 2021, so na kongresu Mednarodne smu\u010darske zveze (FIS) v Cancunu \u017ee predstavili svoje kandidature. Zdaj nestrpno \u010dakajo glasovanje, ki bo danes zve\u010der po tamkaj\u0161njem \u010dasu oziroma pono\u010di po na\u0161em. V vseh taborih so optimisti\u010dni in verjamejo, da bodo izbrali prav njih. V Oberstdorfu ob mo\u010dnem nem\u0161kem gospodarstvu veliko stavijo tudi na to, da kandidirajo \u017ee peti\u010d (!) zapored po letih 2008, 2010, 2012 in 2014. Nadejajo se, da se jih bo 17 \u010dlanov predsedstva FIS, ki bodo v Mehiki odlo\u010dali o prireditelju nordijskega SP 2021, v petem poskusu vendarle \u00bbusmililo\u00ab. \u00bbNobenega dvoma ni, da znamo v Oberstdorfu odli\u010dno pripraviti prvenstvo, kar smo navsezadnje dokazali \u017ee v letih 1987 in 2005. Ker nas\u00a0&#8230;<\/p>\n","protected":false},"excerpt":{"rendered":"<p>Kategorija: Drugi \u0161porti Thu, 09 Jun 2016 09:00:00 +0200  Ljubljana \u2013 Predstavniki Oberstdorfa, Trondheima in Planice, ki se potegujejo za izvedbo svetovnega prvenstva v nordijskem smu\u010danju leta 2021, so na kongresu Mednarodne smu\u010darske zveze (FIS) v Cancunu \u017ee predstavili svoje kandidature. Zdaj nestrpno \u010dakajo glasovanje, ki bo danes zve\u010der po tamkaj\u0161njem \u010dasu oziroma pono\u010di po na\u0161em. V vseh taborih so optimisti\u010dni in verjamejo, da bodo izbrali prav njih. V Oberstdorfu ob mo\u010dnem nem\u0161kem gospodarstvu veliko stavijo tudi na to, da kandidirajo \u017ee peti\u010d (!) zapored po letih 2008, 2010, 2012 in 2014. Nadejajo se, da se jih bo 17 \u010dlanov predsedstva FIS, ki bodo v Mehiki odlo\u010dali o prireditelju nordijskega SP 2021, v petem poskusu vendarle \u00bbusmililo\u00ab. \u00bbNobenega dvoma ni, da znamo v Oberstdorfu odli\u010dno pripraviti prvenstvo, kar smo navsezadnje dokazali \u017ee v letih 1987 in 2005. Ker nas\u00a0&#8230;<\/p>\n","protected":false},"author":1,"featured_media":0,"comment_status":"closed","ping_status":"closed","sticky":false,"template":"","format":"standard","meta":{"footnotes":""},"categories":[1179],"tags":[],"source":[4511],"supertag":[],"acf":[],"yoast_head":"<!-- This site is optimized with the Yoast SEO plugin v21.3 - https:\/\/yoast.com\/wordpress\/plugins\/seo\/ -->\n<title>Marit Bj\u00f8rgen in Petra Majdi\u010d znova hudi tekmici - Hudo Slovenija<\/title>\n<meta name=\"robots\" content=\"index, follow, max-snippet:-1, max-image-preview:large, max-video-preview:-1\" \/>\n<link rel=\"canonical\" href=\"https:\/\/hudo.com\/si\/aktualno\/marit-bjorgen-in-petra-majdic-znova-hudi-tekmici\/\" \/>\n<meta property=\"og:locale\" content=\"sl_SI\" \/>\n<meta property=\"og:type\" content=\"article\" \/>\n<meta property=\"og:title\" content=\"Marit Bj\u00f8rgen in Petra Majdi\u010d znova hudi tekmici - Hudo Slovenija\" \/>\n<meta property=\"og:description\" content=\"Kategorija: Drugi \u0161porti Thu, 09 Jun 2016 09:00:00 +0200 Ljubljana \u2013 Predstavniki Oberstdorfa, Trondheima in Planice, ki se potegujejo za izvedbo svetovnega prvenstva v nordijskem smu\u010danju leta 2021, so na kongresu Mednarodne smu\u010darske zveze (FIS) v Cancunu \u017ee predstavili svoje kandidature. Zdaj nestrpno \u010dakajo glasovanje, ki bo danes zve\u010der po tamkaj\u0161njem \u010dasu oziroma pono\u010di po na\u0161em. V vseh taborih so optimisti\u010dni in verjamejo, da bodo izbrali prav njih. V Oberstdorfu ob mo\u010dnem nem\u0161kem gospodarstvu veliko stavijo tudi na to, da kandidirajo \u017ee peti\u010d (!) zapored po letih 2008, 2010, 2012 in 2014. Nadejajo se, da se jih bo 17 \u010dlanov predsedstva FIS, ki bodo v Mehiki odlo\u010dali o prireditelju nordijskega SP 2021, v petem poskusu vendarle \u00bbusmililo\u00ab. \u00bbNobenega dvoma ni, da znamo v Oberstdorfu odli\u010dno pripraviti prvenstvo, kar smo navsezadnje dokazali \u017ee v letih 1987 in 2005. Ker nas\u00a0...\" \/>\n<meta property=\"og:url\" content=\"https:\/\/hudo.com\/si\/aktualno\/marit-bjorgen-in-petra-majdic-znova-hudi-tekmici\/\" \/>\n<meta property=\"og:site_name\" content=\"Hudo Slovenija\" \/>\n<meta property=\"article:publisher\" content=\"https:\/\/www.facebook.com\/hudo.si\" \/>\n<meta property=\"article:published_time\" content=\"2016-06-09T05:00:00+00:00\" \/>\n<meta property=\"article:modified_time\" content=\"2016-06-10T01:37:44+00:00\" \/>\n<meta property=\"og:image\" content=\"https:\/\/hudo.com\/si\/wp-content\/uploads\/sites\/2\/2016\/06\/480x290_Sport__djvu_2291811_mihas_t_hires1.jpeg\" \/>\n\t<meta property=\"og:image:width\" content=\"480\" \/>\n\t<meta property=\"og:image:height\" content=\"290\" \/>\n\t<meta property=\"og:image:type\" content=\"image\/jpeg\" \/>\n<meta name=\"author\" content=\"hudo\" \/>\n<meta name=\"twitter:card\" content=\"summary_large_image\" \/>\n<meta name=\"twitter:creator\" content=\"@hudo_si\" \/>\n<meta name=\"twitter:site\" content=\"@hudo_si\" \/>\n<meta name=\"twitter:label1\" content=\"Written by\" \/>\n\t<meta name=\"twitter:data1\" content=\"hudo\" \/>\n\t<meta name=\"twitter:label2\" content=\"Est. reading time\" \/>\n\t<meta name=\"twitter:data2\" content=\"1 minuta\" \/>\n<script type=\"application\/ld+json\" class=\"yoast-schema-graph\">{\"@context\":\"https:\/\/schema.org\",\"@graph\":[{\"@type\":\"Article\",\"@id\":\"https:\/\/hudo.com\/si\/aktualno\/marit-bjorgen-in-petra-majdic-znova-hudi-tekmici\/#article\",\"isPartOf\":{\"@id\":\"https:\/\/hudo.com\/si\/aktualno\/marit-bjorgen-in-petra-majdic-znova-hudi-tekmici\/\"},\"author\":{\"name\":\"hudo\",\"@id\":\"https:\/\/hudo.com\/si\/#\/schema\/person\/601cf3379633985b20f7e50f2bb47707\"},\"headline\":\"Marit Bj\u00f8rgen in Petra Majdi\u010d znova hudi tekmici\",\"datePublished\":\"2016-06-09T05:00:00+00:00\",\"dateModified\":\"2016-06-10T01:37:44+00:00\",\"mainEntityOfPage\":{\"@id\":\"https:\/\/hudo.com\/si\/aktualno\/marit-bjorgen-in-petra-majdic-znova-hudi-tekmici\/\"},\"wordCount\":144,\"publisher\":{\"@id\":\"https:\/\/hudo.com\/si\/#organization\"},\"articleSection\":[\"Aktualno\"],\"inLanguage\":\"sl-SI\"},{\"@type\":\"WebPage\",\"@id\":\"https:\/\/hudo.com\/si\/aktualno\/marit-bjorgen-in-petra-majdic-znova-hudi-tekmici\/\",\"url\":\"https:\/\/hudo.com\/si\/aktualno\/marit-bjorgen-in-petra-majdic-znova-hudi-tekmici\/\",\"name\":\"Marit Bj\u00f8rgen in Petra Majdi\u010d znova hudi tekmici - Hudo Slovenija\",\"isPartOf\":{\"@id\":\"https:\/\/hudo.com\/si\/#website\"},\"datePublished\":\"2016-06-09T05:00:00+00:00\",\"dateModified\":\"2016-06-10T01:37:44+00:00\",\"breadcrumb\":{\"@id\":\"https:\/\/hudo.com\/si\/aktualno\/marit-bjorgen-in-petra-majdic-znova-hudi-tekmici\/#breadcrumb\"},\"inLanguage\":\"sl-SI\",\"potentialAction\":[{\"@type\":\"ReadAction\",\"target\":[\"https:\/\/hudo.com\/si\/aktualno\/marit-bjorgen-in-petra-majdic-znova-hudi-tekmici\/\"]}]},{\"@type\":\"BreadcrumbList\",\"@id\":\"https:\/\/hudo.com\/si\/aktualno\/marit-bjorgen-in-petra-majdic-znova-hudi-tekmici\/#breadcrumb\",\"itemListElement\":[{\"@type\":\"ListItem\",\"position\":1,\"name\":\"Home\",\"item\":\"https:\/\/hudo.com\/si\/\"},{\"@type\":\"ListItem\",\"position\":2,\"name\":\"Marit Bj\u00f8rgen in Petra Majdi\u010d znova hudi tekmici\"}]},{\"@type\":\"WebSite\",\"@id\":\"https:\/\/hudo.com\/si\/#website\",\"url\":\"https:\/\/hudo.com\/si\/\",\"name\":\"Hudo Slovenija\",\"description\":\"Vse novice iz Slovenije in sveta\",\"publisher\":{\"@id\":\"https:\/\/hudo.com\/si\/#organization\"},\"potentialAction\":[{\"@type\":\"SearchAction\",\"target\":{\"@type\":\"EntryPoint\",\"urlTemplate\":\"https:\/\/hudo.com\/si\/?s={search_term_string}\"},\"query-input\":\"required name=search_term_string\"}],\"inLanguage\":\"sl-SI\"},{\"@type\":\"Organization\",\"@id\":\"https:\/\/hudo.com\/si\/#organization\",\"name\":\"VSN Media\",\"url\":\"https:\/\/hudo.com\/si\/\",\"logo\":{\"@type\":\"ImageObject\",\"inLanguage\":\"sl-SI\",\"@id\":\"https:\/\/hudo.com\/si\/#\/schema\/logo\/image\/\",\"url\":\"https:\/\/hudo.com\/si\/wp-content\/uploads\/sites\/2\/2021\/03\/hudo-app-2.png\",\"contentUrl\":\"https:\/\/hudo.com\/si\/wp-content\/uploads\/sites\/2\/2021\/03\/hudo-app-2.png\",\"width\":2185,\"height\":2167,\"caption\":\"VSN Media\"},\"image\":{\"@id\":\"https:\/\/hudo.com\/si\/#\/schema\/logo\/image\/\"},\"sameAs\":[\"https:\/\/www.facebook.com\/hudo.si\",\"https:\/\/twitter.com\/hudo_si\"]},{\"@type\":\"Person\",\"@id\":\"https:\/\/hudo.com\/si\/#\/schema\/person\/601cf3379633985b20f7e50f2bb47707\",\"name\":\"hudo\",\"image\":{\"@type\":\"ImageObject\",\"inLanguage\":\"sl-SI\",\"@id\":\"https:\/\/hudo.com\/si\/#\/schema\/person\/image\/\",\"url\":\"https:\/\/secure.gravatar.com\/avatar\/c4ca25fa72cace7a696b52ff5db9e095?s=96&d=mm&r=g\",\"contentUrl\":\"https:\/\/secure.gravatar.com\/avatar\/c4ca25fa72cace7a696b52ff5db9e095?s=96&d=mm&r=g\",\"caption\":\"hudo\"},\"url\":\"https:\/\/hudo.com\/si\/author\/hudo\/\"}]}<\/script>\n<!-- \/ Yoast SEO plugin. -->","yoast_head_json":{"title":"Marit Bj\u00f8rgen in Petra Majdi\u010d znova hudi tekmici - Hudo Slovenija","robots":{"index":"index","follow":"follow","max-snippet":"max-snippet:-1","max-image-preview":"max-image-preview:large","max-video-preview":"max-video-preview:-1"},"canonical":"https:\/\/hudo.com\/si\/aktualno\/marit-bjorgen-in-petra-majdic-znova-hudi-tekmici\/","og_locale":"sl_SI","og_type":"article","og_title":"Marit Bj\u00f8rgen in Petra Majdi\u010d znova hudi tekmici - Hudo Slovenija","og_description":"Kategorija: Drugi \u0161porti Thu, 09 Jun 2016 09:00:00 +0200 Ljubljana \u2013 Predstavniki Oberstdorfa, Trondheima in Planice, ki se potegujejo za izvedbo svetovnega prvenstva v nordijskem smu\u010danju leta 2021, so na kongresu Mednarodne smu\u010darske zveze (FIS) v Cancunu \u017ee predstavili svoje kandidature. Zdaj nestrpno \u010dakajo glasovanje, ki bo danes zve\u010der po tamkaj\u0161njem \u010dasu oziroma pono\u010di po na\u0161em. V vseh taborih so optimisti\u010dni in verjamejo, da bodo izbrali prav njih. V Oberstdorfu ob mo\u010dnem nem\u0161kem gospodarstvu veliko stavijo tudi na to, da kandidirajo \u017ee peti\u010d (!) zapored po letih 2008, 2010, 2012 in 2014. Nadejajo se, da se jih bo 17 \u010dlanov predsedstva FIS, ki bodo v Mehiki odlo\u010dali o prireditelju nordijskega SP 2021, v petem poskusu vendarle \u00bbusmililo\u00ab. \u00bbNobenega dvoma ni, da znamo v Oberstdorfu odli\u010dno pripraviti prvenstvo, kar smo navsezadnje dokazali \u017ee v letih 1987 in 2005. Ker nas\u00a0...","og_url":"https:\/\/hudo.com\/si\/aktualno\/marit-bjorgen-in-petra-majdic-znova-hudi-tekmici\/","og_site_name":"Hudo Slovenija","article_publisher":"https:\/\/www.facebook.com\/hudo.si","article_published_time":"2016-06-09T05:00:00+00:00","article_modified_time":"2016-06-10T01:37:44+00:00","og_image":[{"width":480,"height":290,"url":"https:\/\/hudo.com\/si\/wp-content\/uploads\/sites\/2\/2016\/06\/480x290_Sport__djvu_2291811_mihas_t_hires1.jpeg","type":"image\/jpeg"}],"author":"hudo","twitter_card":"summary_large_image","twitter_creator":"@hudo_si","twitter_site":"@hudo_si","twitter_misc":{"Written by":"hudo","Est. reading time":"1 minuta"},"schema":{"@context":"https:\/\/schema.org","@graph":[{"@type":"Article","@id":"https:\/\/hudo.com\/si\/aktualno\/marit-bjorgen-in-petra-majdic-znova-hudi-tekmici\/#article","isPartOf":{"@id":"https:\/\/hudo.com\/si\/aktualno\/marit-bjorgen-in-petra-majdic-znova-hudi-tekmici\/"},"author":{"name":"hudo","@id":"https:\/\/hudo.com\/si\/#\/schema\/person\/601cf3379633985b20f7e50f2bb47707"},"headline":"Marit Bj\u00f8rgen in Petra Majdi\u010d znova hudi tekmici","datePublished":"2016-06-09T05:00:00+00:00","dateModified":"2016-06-10T01:37:44+00:00","mainEntityOfPage":{"@id":"https:\/\/hudo.com\/si\/aktualno\/marit-bjorgen-in-petra-majdic-znova-hudi-tekmici\/"},"wordCount":144,"publisher":{"@id":"https:\/\/hudo.com\/si\/#organization"},"articleSection":["Aktualno"],"inLanguage":"sl-SI"},{"@type":"WebPage","@id":"https:\/\/hudo.com\/si\/aktualno\/marit-bjorgen-in-petra-majdic-znova-hudi-tekmici\/","url":"https:\/\/hudo.com\/si\/aktualno\/marit-bjorgen-in-petra-majdic-znova-hudi-tekmici\/","name":"Marit Bj\u00f8rgen in Petra Majdi\u010d znova hudi tekmici - Hudo Slovenija","isPartOf":{"@id":"https:\/\/hudo.com\/si\/#website"},"datePublished":"2016-06-09T05:00:00+00:00","dateModified":"2016-06-10T01:37:44+00:00","breadcrumb":{"@id":"https:\/\/hudo.com\/si\/aktualno\/marit-bjorgen-in-petra-majdic-znova-hudi-tekmici\/#breadcrumb"},"inLanguage":"sl-SI","potentialAction":[{"@type":"ReadAction","target":["https:\/\/hudo.com\/si\/aktualno\/marit-bjorgen-in-petra-majdic-znova-hudi-tekmici\/"]}]},{"@type":"BreadcrumbList","@id":"https:\/\/hudo.com\/si\/aktualno\/marit-bjorgen-in-petra-majdic-znova-hudi-tekmici\/#breadcrumb","itemListElement":[{"@type":"ListItem","position":1,"name":"Home","item":"https:\/\/hudo.com\/si\/"},{"@type":"ListItem","position":2,"name":"Marit Bj\u00f8rgen in Petra Majdi\u010d znova hudi tekmici"}]},{"@type":"WebSite","@id":"https:\/\/hudo.com\/si\/#website","url":"https:\/\/hudo.com\/si\/","name":"Hudo Slovenija","description":"Vse novice iz Slovenije in sveta","publisher":{"@id":"https:\/\/hudo.com\/si\/#organization"},"potentialAction":[{"@type":"SearchAction","target":{"@type":"EntryPoint","urlTemplate":"https:\/\/hudo.com\/si\/?s={search_term_string}"},"query-input":"required name=search_term_string"}],"inLanguage":"sl-SI"},{"@type":"Organization","@id":"https:\/\/hudo.com\/si\/#organization","name":"VSN Media","url":"https:\/\/hudo.com\/si\/","logo":{"@type":"ImageObject","inLanguage":"sl-SI","@id":"https:\/\/hudo.com\/si\/#\/schema\/logo\/image\/","url":"https:\/\/hudo.com\/si\/wp-content\/uploads\/sites\/2\/2021\/03\/hudo-app-2.png","contentUrl":"https:\/\/hudo.com\/si\/wp-content\/uploads\/sites\/2\/2021\/03\/hudo-app-2.png","width":2185,"height":2167,"caption":"VSN Media"},"image":{"@id":"https:\/\/hudo.com\/si\/#\/schema\/logo\/image\/"},"sameAs":["https:\/\/www.facebook.com\/hudo.si","https:\/\/twitter.com\/hudo_si"]},{"@type":"Person","@id":"https:\/\/hudo.com\/si\/#\/schema\/person\/601cf3379633985b20f7e50f2bb47707","name":"hudo","image":{"@type":"ImageObject","inLanguage":"sl-SI","@id":"https:\/\/hudo.com\/si\/#\/schema\/person\/image\/","url":"https:\/\/secure.gravatar.com\/avatar\/c4ca25fa72cace7a696b52ff5db9e095?s=96&d=mm&r=g","contentUrl":"https:\/\/secure.gravatar.com\/avatar\/c4ca25fa72cace7a696b52ff5db9e095?s=96&d=mm&r=g","caption":"hudo"},"url":"https:\/\/hudo.com\/si\/author\/hudo\/"}]}},"amp_enabled":true,"_links":{"self":[{"href":"https:\/\/hudo.com\/si\/wp-json\/wp\/v2\/posts\/71763"}],"collection":[{"href":"https:\/\/hudo.com\/si\/wp-json\/wp\/v2\/posts"}],"about":[{"href":"https:\/\/hudo.com\/si\/wp-json\/wp\/v2\/types\/post"}],"author":[{"embeddable":true,"href":"https:\/\/hudo.com\/si\/wp-json\/wp\/v2\/users\/1"}],"replies":[{"embeddable":true,"href":"https:\/\/hudo.com\/si\/wp-json\/wp\/v2\/comments?post=71763"}],"version-history":[{"count":1,"href":"https:\/\/hudo.com\/si\/wp-json\/wp\/v2\/posts\/71763\/revisions"}],"predecessor-version":[{"id":71923,"href":"https:\/\/hudo.com\/si\/wp-json\/wp\/v2\/posts\/71763\/revisions\/71923"}],"wp:attachment":[{"href":"https:\/\/hudo.com\/si\/wp-json\/wp\/v2\/media?parent=71763"}],"wp:term":[{"taxonomy":"category","embeddable":true,"href":"https:\/\/hudo.com\/si\/wp-json\/wp\/v2\/categories?post=71763"},{"taxonomy":"post_tag","embeddable":true,"href":"https:\/\/hudo.com\/si\/wp-json\/wp\/v2\/tags?post=71763"},{"taxonomy":"source","embeddable":true,"href":"https:\/\/hudo.com\/si\/wp-json\/wp\/v2\/source?post=71763"},{"taxonomy":"supertag","embeddable":true,"href":"https:\/\/hudo.com\/si\/wp-json\/wp\/v2\/supertag?post=71763"}],"curies":[{"name":"wp","href":"https:\/\/api.w.org\/{rel}","templated":true}]}}