{"id":71777,"date":"2016-06-09T06:42:00","date_gmt":"2016-06-09T04:42:00","guid":{"rendered":"http:\/\/hudo.com\/si\/2016\/06\/09\/sloveniji-protestna-nota-zaradi-poziva-k-priznanju-kosova\/"},"modified":"2016-06-09T10:16:34","modified_gmt":"2016-06-09T08:16:34","slug":"sloveniji-protestna-nota-zaradi-poziva-k-priznanju-kosova","status":"publish","type":"post","link":"https:\/\/hudo.com\/si\/aktualno\/sloveniji-protestna-nota-zaradi-poziva-k-priznanju-kosova\/","title":{"rendered":"Sloveniji protestna nota zaradi poziva k priznanju Kosova"},"content":{"rendered":"<p>Kategorija: Sose\u0161\u010dina Thu, 09 Jun 2016 08:42:00 +0200  Beograd &#8211; Srbsko zunanje ministrstvu je slovenskemu veleposlaniku v Beogradu Vladimirju Gaspari\u010du izro\u010dilo protestno noto zaradi izjave predsednika republike Boruta Pahorja, ki je pozval k priznanju neodvisnosti Kosova in njegovemu \u010dlanstvu v vseh mednarodnih organizacijah. Pahor je to sporo\u010dil v torek, ko je Slovenijo obiskal kosovski predsednik Hashim Thaci. Po poro\u010danju srbske tiskovne agencije Tanjug so s srbskega zunanjega ministrstva sporo\u010dili, \u00bbda se ni zgodilo prvi\u010d, da slovenski politiki pozvajo k priznanju enostransko razgla\u0161ene neodvisnosti Kosova, kar ogro\u017ea najvi\u0161je interese Srbije.\u00ab Slovenski strani je uradni Beograd tudi sporo\u010dil, naj se v bodo\u010de vzdr\u017ei tovrstnih izjav, ki neposredno \u0161kodujejo odnosom in zaupanju med Slovenijo in Srbijo. Hkrati pa tak\u0161ni pozivi izpodkopavajo prizadevanja, ki jih Srbija in Evropska unija vlagata za statusno nevtralni dialog med Beogradom in Pri\u0161tino, kar da je edini legitimni okvir za\u00a0&#8230;<\/p>\n","protected":false},"excerpt":{"rendered":"<p>Kategorija: Sose\u0161\u010dina Thu, 09 Jun 2016 08:42:00 +0200  Beograd &#8211; Srbsko zunanje ministrstvu je slovenskemu veleposlaniku v Beogradu Vladimirju Gaspari\u010du izro\u010dilo protestno noto zaradi izjave predsednika republike Boruta Pahorja, ki je pozval k priznanju neodvisnosti Kosova in njegovemu \u010dlanstvu v vseh mednarodnih organizacijah. Pahor je to sporo\u010dil v torek, ko je Slovenijo obiskal kosovski predsednik Hashim Thaci. Po poro\u010danju srbske tiskovne agencije Tanjug so s srbskega zunanjega ministrstva sporo\u010dili, \u00bbda se ni zgodilo prvi\u010d, da slovenski politiki pozvajo k priznanju enostransko razgla\u0161ene neodvisnosti Kosova, kar ogro\u017ea najvi\u0161je interese Srbije.\u00ab Slovenski strani je uradni Beograd tudi sporo\u010dil, naj se v bodo\u010de vzdr\u017ei tovrstnih izjav, ki neposredno \u0161kodujejo odnosom in zaupanju med Slovenijo in Srbijo. Hkrati pa tak\u0161ni pozivi izpodkopavajo prizadevanja, ki jih Srbija in Evropska unija vlagata za statusno nevtralni dialog med Beogradom in Pri\u0161tino, kar da je edini legitimni okvir za\u00a0&#8230;<\/p>\n","protected":false},"author":1,"featured_media":0,"comment_status":"closed","ping_status":"closed","sticky":false,"template":"","format":"standard","meta":{"footnotes":""},"categories":[1179],"tags":[],"source":[4511],"supertag":[],"acf":[],"yoast_head":"<!-- This site is optimized with the Yoast SEO plugin v21.3 - https:\/\/yoast.com\/wordpress\/plugins\/seo\/ -->\n<title>Sloveniji protestna nota zaradi poziva k priznanju Kosova - Hudo Slovenija<\/title>\n<meta name=\"robots\" content=\"index, follow, max-snippet:-1, max-image-preview:large, max-video-preview:-1\" \/>\n<link rel=\"canonical\" href=\"https:\/\/hudo.com\/si\/aktualno\/sloveniji-protestna-nota-zaradi-poziva-k-priznanju-kosova\/\" \/>\n<meta property=\"og:locale\" content=\"sl_SI\" \/>\n<meta property=\"og:type\" content=\"article\" \/>\n<meta property=\"og:title\" content=\"Sloveniji protestna nota zaradi poziva k priznanju Kosova - Hudo Slovenija\" \/>\n<meta property=\"og:description\" content=\"Kategorija: Sose\u0161\u010dina Thu, 09 Jun 2016 08:42:00 +0200 Beograd - Srbsko zunanje ministrstvu je slovenskemu veleposlaniku v Beogradu Vladimirju Gaspari\u010du izro\u010dilo protestno noto zaradi izjave predsednika republike Boruta Pahorja, ki je pozval k priznanju neodvisnosti Kosova in njegovemu \u010dlanstvu v vseh mednarodnih organizacijah. Pahor je to sporo\u010dil v torek, ko je Slovenijo obiskal kosovski predsednik Hashim Thaci. Po poro\u010danju srbske tiskovne agencije Tanjug so s srbskega zunanjega ministrstva sporo\u010dili, \u00bbda se ni zgodilo prvi\u010d, da slovenski politiki pozvajo k priznanju enostransko razgla\u0161ene neodvisnosti Kosova, kar ogro\u017ea najvi\u0161je interese Srbije.\u00ab Slovenski strani je uradni Beograd tudi sporo\u010dil, naj se v bodo\u010de vzdr\u017ei tovrstnih izjav, ki neposredno \u0161kodujejo odnosom in zaupanju med Slovenijo in Srbijo. Hkrati pa tak\u0161ni pozivi izpodkopavajo prizadevanja, ki jih Srbija in Evropska unija vlagata za statusno nevtralni dialog med Beogradom in Pri\u0161tino, kar da je edini legitimni okvir za\u00a0...\" \/>\n<meta property=\"og:url\" content=\"https:\/\/hudo.com\/si\/aktualno\/sloveniji-protestna-nota-zaradi-poziva-k-priznanju-kosova\/\" \/>\n<meta property=\"og:site_name\" content=\"Hudo Slovenija\" \/>\n<meta property=\"article:publisher\" content=\"https:\/\/www.facebook.com\/hudo.si\" \/>\n<meta property=\"article:published_time\" content=\"2016-06-09T04:42:00+00:00\" \/>\n<meta property=\"article:modified_time\" content=\"2016-06-09T08:16:34+00:00\" \/>\n<meta property=\"og:image\" content=\"https:\/\/hudo.com\/si\/wp-content\/uploads\/sites\/2\/2016\/06\/480x290_djvu_2233177_cakaricn_bsa-Borut-Pahor.jpeg\" \/>\n\t<meta property=\"og:image:width\" content=\"480\" \/>\n\t<meta property=\"og:image:height\" content=\"290\" \/>\n\t<meta property=\"og:image:type\" content=\"image\/jpeg\" \/>\n<meta name=\"author\" content=\"hudo\" \/>\n<meta name=\"twitter:card\" content=\"summary_large_image\" \/>\n<meta name=\"twitter:creator\" content=\"@hudo_si\" \/>\n<meta name=\"twitter:site\" content=\"@hudo_si\" \/>\n<meta name=\"twitter:label1\" content=\"Written by\" \/>\n\t<meta name=\"twitter:data1\" content=\"hudo\" \/>\n\t<meta name=\"twitter:label2\" content=\"Est. reading time\" \/>\n\t<meta name=\"twitter:data2\" content=\"1 minuta\" \/>\n<script type=\"application\/ld+json\" class=\"yoast-schema-graph\">{\"@context\":\"https:\/\/schema.org\",\"@graph\":[{\"@type\":\"Article\",\"@id\":\"https:\/\/hudo.com\/si\/aktualno\/sloveniji-protestna-nota-zaradi-poziva-k-priznanju-kosova\/#article\",\"isPartOf\":{\"@id\":\"https:\/\/hudo.com\/si\/aktualno\/sloveniji-protestna-nota-zaradi-poziva-k-priznanju-kosova\/\"},\"author\":{\"name\":\"hudo\",\"@id\":\"https:\/\/hudo.com\/si\/#\/schema\/person\/601cf3379633985b20f7e50f2bb47707\"},\"headline\":\"Sloveniji protestna nota zaradi poziva k priznanju Kosova\",\"datePublished\":\"2016-06-09T04:42:00+00:00\",\"dateModified\":\"2016-06-09T08:16:34+00:00\",\"mainEntityOfPage\":{\"@id\":\"https:\/\/hudo.com\/si\/aktualno\/sloveniji-protestna-nota-zaradi-poziva-k-priznanju-kosova\/\"},\"wordCount\":159,\"publisher\":{\"@id\":\"https:\/\/hudo.com\/si\/#organization\"},\"articleSection\":[\"Aktualno\"],\"inLanguage\":\"sl-SI\"},{\"@type\":\"WebPage\",\"@id\":\"https:\/\/hudo.com\/si\/aktualno\/sloveniji-protestna-nota-zaradi-poziva-k-priznanju-kosova\/\",\"url\":\"https:\/\/hudo.com\/si\/aktualno\/sloveniji-protestna-nota-zaradi-poziva-k-priznanju-kosova\/\",\"name\":\"Sloveniji protestna nota zaradi poziva k priznanju Kosova - Hudo Slovenija\",\"isPartOf\":{\"@id\":\"https:\/\/hudo.com\/si\/#website\"},\"datePublished\":\"2016-06-09T04:42:00+00:00\",\"dateModified\":\"2016-06-09T08:16:34+00:00\",\"breadcrumb\":{\"@id\":\"https:\/\/hudo.com\/si\/aktualno\/sloveniji-protestna-nota-zaradi-poziva-k-priznanju-kosova\/#breadcrumb\"},\"inLanguage\":\"sl-SI\",\"potentialAction\":[{\"@type\":\"ReadAction\",\"target\":[\"https:\/\/hudo.com\/si\/aktualno\/sloveniji-protestna-nota-zaradi-poziva-k-priznanju-kosova\/\"]}]},{\"@type\":\"BreadcrumbList\",\"@id\":\"https:\/\/hudo.com\/si\/aktualno\/sloveniji-protestna-nota-zaradi-poziva-k-priznanju-kosova\/#breadcrumb\",\"itemListElement\":[{\"@type\":\"ListItem\",\"position\":1,\"name\":\"Home\",\"item\":\"https:\/\/hudo.com\/si\/\"},{\"@type\":\"ListItem\",\"position\":2,\"name\":\"Sloveniji protestna nota zaradi poziva k priznanju Kosova\"}]},{\"@type\":\"WebSite\",\"@id\":\"https:\/\/hudo.com\/si\/#website\",\"url\":\"https:\/\/hudo.com\/si\/\",\"name\":\"Hudo Slovenija\",\"description\":\"Vse novice iz Slovenije in sveta\",\"publisher\":{\"@id\":\"https:\/\/hudo.com\/si\/#organization\"},\"potentialAction\":[{\"@type\":\"SearchAction\",\"target\":{\"@type\":\"EntryPoint\",\"urlTemplate\":\"https:\/\/hudo.com\/si\/?s={search_term_string}\"},\"query-input\":\"required name=search_term_string\"}],\"inLanguage\":\"sl-SI\"},{\"@type\":\"Organization\",\"@id\":\"https:\/\/hudo.com\/si\/#organization\",\"name\":\"VSN Media\",\"url\":\"https:\/\/hudo.com\/si\/\",\"logo\":{\"@type\":\"ImageObject\",\"inLanguage\":\"sl-SI\",\"@id\":\"https:\/\/hudo.com\/si\/#\/schema\/logo\/image\/\",\"url\":\"https:\/\/hudo.com\/si\/wp-content\/uploads\/sites\/2\/2021\/03\/hudo-app-2.png\",\"contentUrl\":\"https:\/\/hudo.com\/si\/wp-content\/uploads\/sites\/2\/2021\/03\/hudo-app-2.png\",\"width\":2185,\"height\":2167,\"caption\":\"VSN Media\"},\"image\":{\"@id\":\"https:\/\/hudo.com\/si\/#\/schema\/logo\/image\/\"},\"sameAs\":[\"https:\/\/www.facebook.com\/hudo.si\",\"https:\/\/twitter.com\/hudo_si\"]},{\"@type\":\"Person\",\"@id\":\"https:\/\/hudo.com\/si\/#\/schema\/person\/601cf3379633985b20f7e50f2bb47707\",\"name\":\"hudo\",\"image\":{\"@type\":\"ImageObject\",\"inLanguage\":\"sl-SI\",\"@id\":\"https:\/\/hudo.com\/si\/#\/schema\/person\/image\/\",\"url\":\"https:\/\/secure.gravatar.com\/avatar\/c4ca25fa72cace7a696b52ff5db9e095?s=96&d=mm&r=g\",\"contentUrl\":\"https:\/\/secure.gravatar.com\/avatar\/c4ca25fa72cace7a696b52ff5db9e095?s=96&d=mm&r=g\",\"caption\":\"hudo\"},\"url\":\"https:\/\/hudo.com\/si\/author\/hudo\/\"}]}<\/script>\n<!-- \/ Yoast SEO plugin. -->","yoast_head_json":{"title":"Sloveniji protestna nota zaradi poziva k priznanju Kosova - Hudo Slovenija","robots":{"index":"index","follow":"follow","max-snippet":"max-snippet:-1","max-image-preview":"max-image-preview:large","max-video-preview":"max-video-preview:-1"},"canonical":"https:\/\/hudo.com\/si\/aktualno\/sloveniji-protestna-nota-zaradi-poziva-k-priznanju-kosova\/","og_locale":"sl_SI","og_type":"article","og_title":"Sloveniji protestna nota zaradi poziva k priznanju Kosova - Hudo Slovenija","og_description":"Kategorija: Sose\u0161\u010dina Thu, 09 Jun 2016 08:42:00 +0200 Beograd - Srbsko zunanje ministrstvu je slovenskemu veleposlaniku v Beogradu Vladimirju Gaspari\u010du izro\u010dilo protestno noto zaradi izjave predsednika republike Boruta Pahorja, ki je pozval k priznanju neodvisnosti Kosova in njegovemu \u010dlanstvu v vseh mednarodnih organizacijah. Pahor je to sporo\u010dil v torek, ko je Slovenijo obiskal kosovski predsednik Hashim Thaci. Po poro\u010danju srbske tiskovne agencije Tanjug so s srbskega zunanjega ministrstva sporo\u010dili, \u00bbda se ni zgodilo prvi\u010d, da slovenski politiki pozvajo k priznanju enostransko razgla\u0161ene neodvisnosti Kosova, kar ogro\u017ea najvi\u0161je interese Srbije.\u00ab Slovenski strani je uradni Beograd tudi sporo\u010dil, naj se v bodo\u010de vzdr\u017ei tovrstnih izjav, ki neposredno \u0161kodujejo odnosom in zaupanju med Slovenijo in Srbijo. Hkrati pa tak\u0161ni pozivi izpodkopavajo prizadevanja, ki jih Srbija in Evropska unija vlagata za statusno nevtralni dialog med Beogradom in Pri\u0161tino, kar da je edini legitimni okvir za\u00a0...","og_url":"https:\/\/hudo.com\/si\/aktualno\/sloveniji-protestna-nota-zaradi-poziva-k-priznanju-kosova\/","og_site_name":"Hudo Slovenija","article_publisher":"https:\/\/www.facebook.com\/hudo.si","article_published_time":"2016-06-09T04:42:00+00:00","article_modified_time":"2016-06-09T08:16:34+00:00","og_image":[{"width":480,"height":290,"url":"https:\/\/hudo.com\/si\/wp-content\/uploads\/sites\/2\/2016\/06\/480x290_djvu_2233177_cakaricn_bsa-Borut-Pahor.jpeg","type":"image\/jpeg"}],"author":"hudo","twitter_card":"summary_large_image","twitter_creator":"@hudo_si","twitter_site":"@hudo_si","twitter_misc":{"Written by":"hudo","Est. reading time":"1 minuta"},"schema":{"@context":"https:\/\/schema.org","@graph":[{"@type":"Article","@id":"https:\/\/hudo.com\/si\/aktualno\/sloveniji-protestna-nota-zaradi-poziva-k-priznanju-kosova\/#article","isPartOf":{"@id":"https:\/\/hudo.com\/si\/aktualno\/sloveniji-protestna-nota-zaradi-poziva-k-priznanju-kosova\/"},"author":{"name":"hudo","@id":"https:\/\/hudo.com\/si\/#\/schema\/person\/601cf3379633985b20f7e50f2bb47707"},"headline":"Sloveniji protestna nota zaradi poziva k priznanju Kosova","datePublished":"2016-06-09T04:42:00+00:00","dateModified":"2016-06-09T08:16:34+00:00","mainEntityOfPage":{"@id":"https:\/\/hudo.com\/si\/aktualno\/sloveniji-protestna-nota-zaradi-poziva-k-priznanju-kosova\/"},"wordCount":159,"publisher":{"@id":"https:\/\/hudo.com\/si\/#organization"},"articleSection":["Aktualno"],"inLanguage":"sl-SI"},{"@type":"WebPage","@id":"https:\/\/hudo.com\/si\/aktualno\/sloveniji-protestna-nota-zaradi-poziva-k-priznanju-kosova\/","url":"https:\/\/hudo.com\/si\/aktualno\/sloveniji-protestna-nota-zaradi-poziva-k-priznanju-kosova\/","name":"Sloveniji protestna nota zaradi poziva k priznanju Kosova - Hudo Slovenija","isPartOf":{"@id":"https:\/\/hudo.com\/si\/#website"},"datePublished":"2016-06-09T04:42:00+00:00","dateModified":"2016-06-09T08:16:34+00:00","breadcrumb":{"@id":"https:\/\/hudo.com\/si\/aktualno\/sloveniji-protestna-nota-zaradi-poziva-k-priznanju-kosova\/#breadcrumb"},"inLanguage":"sl-SI","potentialAction":[{"@type":"ReadAction","target":["https:\/\/hudo.com\/si\/aktualno\/sloveniji-protestna-nota-zaradi-poziva-k-priznanju-kosova\/"]}]},{"@type":"BreadcrumbList","@id":"https:\/\/hudo.com\/si\/aktualno\/sloveniji-protestna-nota-zaradi-poziva-k-priznanju-kosova\/#breadcrumb","itemListElement":[{"@type":"ListItem","position":1,"name":"Home","item":"https:\/\/hudo.com\/si\/"},{"@type":"ListItem","position":2,"name":"Sloveniji protestna nota zaradi poziva k priznanju Kosova"}]},{"@type":"WebSite","@id":"https:\/\/hudo.com\/si\/#website","url":"https:\/\/hudo.com\/si\/","name":"Hudo Slovenija","description":"Vse novice iz Slovenije in sveta","publisher":{"@id":"https:\/\/hudo.com\/si\/#organization"},"potentialAction":[{"@type":"SearchAction","target":{"@type":"EntryPoint","urlTemplate":"https:\/\/hudo.com\/si\/?s={search_term_string}"},"query-input":"required name=search_term_string"}],"inLanguage":"sl-SI"},{"@type":"Organization","@id":"https:\/\/hudo.com\/si\/#organization","name":"VSN Media","url":"https:\/\/hudo.com\/si\/","logo":{"@type":"ImageObject","inLanguage":"sl-SI","@id":"https:\/\/hudo.com\/si\/#\/schema\/logo\/image\/","url":"https:\/\/hudo.com\/si\/wp-content\/uploads\/sites\/2\/2021\/03\/hudo-app-2.png","contentUrl":"https:\/\/hudo.com\/si\/wp-content\/uploads\/sites\/2\/2021\/03\/hudo-app-2.png","width":2185,"height":2167,"caption":"VSN Media"},"image":{"@id":"https:\/\/hudo.com\/si\/#\/schema\/logo\/image\/"},"sameAs":["https:\/\/www.facebook.com\/hudo.si","https:\/\/twitter.com\/hudo_si"]},{"@type":"Person","@id":"https:\/\/hudo.com\/si\/#\/schema\/person\/601cf3379633985b20f7e50f2bb47707","name":"hudo","image":{"@type":"ImageObject","inLanguage":"sl-SI","@id":"https:\/\/hudo.com\/si\/#\/schema\/person\/image\/","url":"https:\/\/secure.gravatar.com\/avatar\/c4ca25fa72cace7a696b52ff5db9e095?s=96&d=mm&r=g","contentUrl":"https:\/\/secure.gravatar.com\/avatar\/c4ca25fa72cace7a696b52ff5db9e095?s=96&d=mm&r=g","caption":"hudo"},"url":"https:\/\/hudo.com\/si\/author\/hudo\/"}]}},"amp_enabled":true,"_links":{"self":[{"href":"https:\/\/hudo.com\/si\/wp-json\/wp\/v2\/posts\/71777"}],"collection":[{"href":"https:\/\/hudo.com\/si\/wp-json\/wp\/v2\/posts"}],"about":[{"href":"https:\/\/hudo.com\/si\/wp-json\/wp\/v2\/types\/post"}],"author":[{"embeddable":true,"href":"https:\/\/hudo.com\/si\/wp-json\/wp\/v2\/users\/1"}],"replies":[{"embeddable":true,"href":"https:\/\/hudo.com\/si\/wp-json\/wp\/v2\/comments?post=71777"}],"version-history":[{"count":1,"href":"https:\/\/hudo.com\/si\/wp-json\/wp\/v2\/posts\/71777\/revisions"}],"predecessor-version":[{"id":71930,"href":"https:\/\/hudo.com\/si\/wp-json\/wp\/v2\/posts\/71777\/revisions\/71930"}],"wp:attachment":[{"href":"https:\/\/hudo.com\/si\/wp-json\/wp\/v2\/media?parent=71777"}],"wp:term":[{"taxonomy":"category","embeddable":true,"href":"https:\/\/hudo.com\/si\/wp-json\/wp\/v2\/categories?post=71777"},{"taxonomy":"post_tag","embeddable":true,"href":"https:\/\/hudo.com\/si\/wp-json\/wp\/v2\/tags?post=71777"},{"taxonomy":"source","embeddable":true,"href":"https:\/\/hudo.com\/si\/wp-json\/wp\/v2\/source?post=71777"},{"taxonomy":"supertag","embeddable":true,"href":"https:\/\/hudo.com\/si\/wp-json\/wp\/v2\/supertag?post=71777"}],"curies":[{"name":"wp","href":"https:\/\/api.w.org\/{rel}","templated":true}]}}