{"id":72040,"date":"2016-06-09T07:40:00","date_gmt":"2016-06-09T05:40:00","guid":{"rendered":"http:\/\/hudo.com\/si\/2016\/06\/09\/vlak-trcil-v-konja\/"},"modified":"2016-06-09T07:40:00","modified_gmt":"2016-06-09T05:40:00","slug":"vlak-trcil-v-konja","status":"publish","type":"post","link":"https:\/\/hudo.com\/si\/aktualno\/vlak-trcil-v-konja\/","title":{"rendered":"Vlak tr\u010dil v konja"},"content":{"rendered":"<p>Kategorija: Kronika Thu, 09 Jun 2016 09:40:00 +0200  Lo\u010de \u2212 Med Spodnjimi La\u017eami in Zbelovsko goro je na obmo\u010dju Policijske postaje Slovenske Konjice na \u017eelezni\u0161ki progi med Celjem in Mariborom v\u010deraj zjutraj malo po osmi uri vlak tr\u010dil v konja, ki je stal na \u017eelezni\u0161kih tirih. Vlak je pripeljal iz smeri Ponikve oziroma Celja, tr\u010denje na te\u017eko dostopnem delu \u017eelezni\u0161ke proge pa je bilo tako silovito, da je konj na kraju tr\u010denja poginil. Kadaver je oble\u017eal na tirih in posredovati so morali gasilci iz Slovenskih Konjic. Poginulega konja so z vitlom odvlekli do ceste in ga predali de\u017eurnemu higieniku veterinarsko-higienske slu\u017ebe. Na vlaku je po oceni policistov za 50.000 evrov \u0161kode. Policisti danes o nesre\u010di \u0161e zbirajo obvestila zaradi suma storitve kaznivega dejanja ogro\u017eanje javnega prometa.<\/p>\n","protected":false},"excerpt":{"rendered":"<p>Kategorija: Kronika Thu, 09 Jun 2016 09:40:00 +0200  Lo\u010de \u2212 Med Spodnjimi La\u017eami in Zbelovsko goro je na obmo\u010dju Policijske postaje Slovenske Konjice na \u017eelezni\u0161ki progi med Celjem in Mariborom v\u010deraj zjutraj malo po osmi uri vlak tr\u010dil v konja, ki je stal na \u017eelezni\u0161kih tirih. Vlak je pripeljal iz smeri Ponikve oziroma Celja, tr\u010denje na te\u017eko dostopnem delu \u017eelezni\u0161ke proge pa je bilo tako silovito, da je konj na kraju tr\u010denja poginil. Kadaver je oble\u017eal na tirih in posredovati so morali gasilci iz Slovenskih Konjic. Poginulega konja so z vitlom odvlekli do ceste in ga predali de\u017eurnemu higieniku veterinarsko-higienske slu\u017ebe. Na vlaku je po oceni policistov za 50.000 evrov \u0161kode. Policisti danes o nesre\u010di \u0161e zbirajo obvestila zaradi suma storitve kaznivega dejanja ogro\u017eanje javnega prometa.<\/p>\n","protected":false},"author":1,"featured_media":0,"comment_status":"closed","ping_status":"closed","sticky":false,"template":"","format":"standard","meta":{"footnotes":""},"categories":[1179],"tags":[],"source":[4511],"supertag":[],"acf":[],"yoast_head":"<!-- This site is optimized with the Yoast SEO plugin v21.3 - https:\/\/yoast.com\/wordpress\/plugins\/seo\/ -->\n<title>Vlak tr\u010dil v konja - Hudo Slovenija<\/title>\n<meta name=\"robots\" content=\"index, follow, max-snippet:-1, max-image-preview:large, max-video-preview:-1\" \/>\n<link rel=\"canonical\" href=\"https:\/\/hudo.com\/si\/aktualno\/vlak-trcil-v-konja\/\" \/>\n<meta property=\"og:locale\" content=\"sl_SI\" \/>\n<meta property=\"og:type\" content=\"article\" \/>\n<meta property=\"og:title\" content=\"Vlak tr\u010dil v konja - Hudo Slovenija\" \/>\n<meta property=\"og:description\" content=\"Kategorija: Kronika Thu, 09 Jun 2016 09:40:00 +0200 Lo\u010de \u2212 Med Spodnjimi La\u017eami in Zbelovsko goro je na obmo\u010dju Policijske postaje Slovenske Konjice na \u017eelezni\u0161ki progi med Celjem in Mariborom v\u010deraj zjutraj malo po osmi uri vlak tr\u010dil v konja, ki je stal na \u017eelezni\u0161kih tirih. Vlak je pripeljal iz smeri Ponikve oziroma Celja, tr\u010denje na te\u017eko dostopnem delu \u017eelezni\u0161ke proge pa je bilo tako silovito, da je konj na kraju tr\u010denja poginil. Kadaver je oble\u017eal na tirih in posredovati so morali gasilci iz Slovenskih Konjic. Poginulega konja so z vitlom odvlekli do ceste in ga predali de\u017eurnemu higieniku veterinarsko-higienske slu\u017ebe. Na vlaku je po oceni policistov za 50.000 evrov \u0161kode. Policisti danes o nesre\u010di \u0161e zbirajo obvestila zaradi suma storitve kaznivega dejanja ogro\u017eanje javnega prometa.\" \/>\n<meta property=\"og:url\" content=\"https:\/\/hudo.com\/si\/aktualno\/vlak-trcil-v-konja\/\" \/>\n<meta property=\"og:site_name\" content=\"Hudo Slovenija\" \/>\n<meta property=\"article:publisher\" content=\"https:\/\/www.facebook.com\/hudo.si\" \/>\n<meta property=\"article:published_time\" content=\"2016-06-09T05:40:00+00:00\" \/>\n<meta property=\"og:image\" content=\"https:\/\/hudo.com\/si\/wp-content\/uploads\/sites\/2\/2016\/06\/480x290_djvu_2221956_piano_dja-albino-medved.jpeg\" \/>\n\t<meta property=\"og:image:width\" content=\"480\" \/>\n\t<meta property=\"og:image:height\" content=\"290\" \/>\n\t<meta property=\"og:image:type\" content=\"image\/jpeg\" \/>\n<meta name=\"author\" content=\"hudo\" \/>\n<meta name=\"twitter:card\" content=\"summary_large_image\" \/>\n<meta name=\"twitter:creator\" content=\"@hudo_si\" \/>\n<meta name=\"twitter:site\" content=\"@hudo_si\" \/>\n<meta name=\"twitter:label1\" content=\"Written by\" \/>\n\t<meta name=\"twitter:data1\" content=\"hudo\" \/>\n\t<meta name=\"twitter:label2\" content=\"Est. reading time\" \/>\n\t<meta name=\"twitter:data2\" content=\"1 minuta\" \/>\n<script type=\"application\/ld+json\" class=\"yoast-schema-graph\">{\"@context\":\"https:\/\/schema.org\",\"@graph\":[{\"@type\":\"Article\",\"@id\":\"https:\/\/hudo.com\/si\/aktualno\/vlak-trcil-v-konja\/#article\",\"isPartOf\":{\"@id\":\"https:\/\/hudo.com\/si\/aktualno\/vlak-trcil-v-konja\/\"},\"author\":{\"name\":\"hudo\",\"@id\":\"https:\/\/hudo.com\/si\/#\/schema\/person\/601cf3379633985b20f7e50f2bb47707\"},\"headline\":\"Vlak tr\u010dil v konja\",\"datePublished\":\"2016-06-09T05:40:00+00:00\",\"dateModified\":\"2016-06-09T05:40:00+00:00\",\"mainEntityOfPage\":{\"@id\":\"https:\/\/hudo.com\/si\/aktualno\/vlak-trcil-v-konja\/\"},\"wordCount\":141,\"publisher\":{\"@id\":\"https:\/\/hudo.com\/si\/#organization\"},\"articleSection\":[\"Aktualno\"],\"inLanguage\":\"sl-SI\"},{\"@type\":\"WebPage\",\"@id\":\"https:\/\/hudo.com\/si\/aktualno\/vlak-trcil-v-konja\/\",\"url\":\"https:\/\/hudo.com\/si\/aktualno\/vlak-trcil-v-konja\/\",\"name\":\"Vlak tr\u010dil v konja - Hudo Slovenija\",\"isPartOf\":{\"@id\":\"https:\/\/hudo.com\/si\/#website\"},\"datePublished\":\"2016-06-09T05:40:00+00:00\",\"dateModified\":\"2016-06-09T05:40:00+00:00\",\"breadcrumb\":{\"@id\":\"https:\/\/hudo.com\/si\/aktualno\/vlak-trcil-v-konja\/#breadcrumb\"},\"inLanguage\":\"sl-SI\",\"potentialAction\":[{\"@type\":\"ReadAction\",\"target\":[\"https:\/\/hudo.com\/si\/aktualno\/vlak-trcil-v-konja\/\"]}]},{\"@type\":\"BreadcrumbList\",\"@id\":\"https:\/\/hudo.com\/si\/aktualno\/vlak-trcil-v-konja\/#breadcrumb\",\"itemListElement\":[{\"@type\":\"ListItem\",\"position\":1,\"name\":\"Home\",\"item\":\"https:\/\/hudo.com\/si\/\"},{\"@type\":\"ListItem\",\"position\":2,\"name\":\"Vlak tr\u010dil v konja\"}]},{\"@type\":\"WebSite\",\"@id\":\"https:\/\/hudo.com\/si\/#website\",\"url\":\"https:\/\/hudo.com\/si\/\",\"name\":\"Hudo Slovenija\",\"description\":\"Vse novice iz Slovenije in sveta\",\"publisher\":{\"@id\":\"https:\/\/hudo.com\/si\/#organization\"},\"potentialAction\":[{\"@type\":\"SearchAction\",\"target\":{\"@type\":\"EntryPoint\",\"urlTemplate\":\"https:\/\/hudo.com\/si\/?s={search_term_string}\"},\"query-input\":\"required name=search_term_string\"}],\"inLanguage\":\"sl-SI\"},{\"@type\":\"Organization\",\"@id\":\"https:\/\/hudo.com\/si\/#organization\",\"name\":\"VSN Media\",\"url\":\"https:\/\/hudo.com\/si\/\",\"logo\":{\"@type\":\"ImageObject\",\"inLanguage\":\"sl-SI\",\"@id\":\"https:\/\/hudo.com\/si\/#\/schema\/logo\/image\/\",\"url\":\"https:\/\/hudo.com\/si\/wp-content\/uploads\/sites\/2\/2021\/03\/hudo-app-2.png\",\"contentUrl\":\"https:\/\/hudo.com\/si\/wp-content\/uploads\/sites\/2\/2021\/03\/hudo-app-2.png\",\"width\":2185,\"height\":2167,\"caption\":\"VSN Media\"},\"image\":{\"@id\":\"https:\/\/hudo.com\/si\/#\/schema\/logo\/image\/\"},\"sameAs\":[\"https:\/\/www.facebook.com\/hudo.si\",\"https:\/\/twitter.com\/hudo_si\"]},{\"@type\":\"Person\",\"@id\":\"https:\/\/hudo.com\/si\/#\/schema\/person\/601cf3379633985b20f7e50f2bb47707\",\"name\":\"hudo\",\"image\":{\"@type\":\"ImageObject\",\"inLanguage\":\"sl-SI\",\"@id\":\"https:\/\/hudo.com\/si\/#\/schema\/person\/image\/\",\"url\":\"https:\/\/secure.gravatar.com\/avatar\/c4ca25fa72cace7a696b52ff5db9e095?s=96&d=mm&r=g\",\"contentUrl\":\"https:\/\/secure.gravatar.com\/avatar\/c4ca25fa72cace7a696b52ff5db9e095?s=96&d=mm&r=g\",\"caption\":\"hudo\"},\"url\":\"https:\/\/hudo.com\/si\/author\/hudo\/\"}]}<\/script>\n<!-- \/ Yoast SEO plugin. -->","yoast_head_json":{"title":"Vlak tr\u010dil v konja - Hudo Slovenija","robots":{"index":"index","follow":"follow","max-snippet":"max-snippet:-1","max-image-preview":"max-image-preview:large","max-video-preview":"max-video-preview:-1"},"canonical":"https:\/\/hudo.com\/si\/aktualno\/vlak-trcil-v-konja\/","og_locale":"sl_SI","og_type":"article","og_title":"Vlak tr\u010dil v konja - Hudo Slovenija","og_description":"Kategorija: Kronika Thu, 09 Jun 2016 09:40:00 +0200 Lo\u010de \u2212 Med Spodnjimi La\u017eami in Zbelovsko goro je na obmo\u010dju Policijske postaje Slovenske Konjice na \u017eelezni\u0161ki progi med Celjem in Mariborom v\u010deraj zjutraj malo po osmi uri vlak tr\u010dil v konja, ki je stal na \u017eelezni\u0161kih tirih. Vlak je pripeljal iz smeri Ponikve oziroma Celja, tr\u010denje na te\u017eko dostopnem delu \u017eelezni\u0161ke proge pa je bilo tako silovito, da je konj na kraju tr\u010denja poginil. Kadaver je oble\u017eal na tirih in posredovati so morali gasilci iz Slovenskih Konjic. Poginulega konja so z vitlom odvlekli do ceste in ga predali de\u017eurnemu higieniku veterinarsko-higienske slu\u017ebe. Na vlaku je po oceni policistov za 50.000 evrov \u0161kode. Policisti danes o nesre\u010di \u0161e zbirajo obvestila zaradi suma storitve kaznivega dejanja ogro\u017eanje javnega prometa.","og_url":"https:\/\/hudo.com\/si\/aktualno\/vlak-trcil-v-konja\/","og_site_name":"Hudo Slovenija","article_publisher":"https:\/\/www.facebook.com\/hudo.si","article_published_time":"2016-06-09T05:40:00+00:00","og_image":[{"width":480,"height":290,"url":"https:\/\/hudo.com\/si\/wp-content\/uploads\/sites\/2\/2016\/06\/480x290_djvu_2221956_piano_dja-albino-medved.jpeg","type":"image\/jpeg"}],"author":"hudo","twitter_card":"summary_large_image","twitter_creator":"@hudo_si","twitter_site":"@hudo_si","twitter_misc":{"Written by":"hudo","Est. reading time":"1 minuta"},"schema":{"@context":"https:\/\/schema.org","@graph":[{"@type":"Article","@id":"https:\/\/hudo.com\/si\/aktualno\/vlak-trcil-v-konja\/#article","isPartOf":{"@id":"https:\/\/hudo.com\/si\/aktualno\/vlak-trcil-v-konja\/"},"author":{"name":"hudo","@id":"https:\/\/hudo.com\/si\/#\/schema\/person\/601cf3379633985b20f7e50f2bb47707"},"headline":"Vlak tr\u010dil v konja","datePublished":"2016-06-09T05:40:00+00:00","dateModified":"2016-06-09T05:40:00+00:00","mainEntityOfPage":{"@id":"https:\/\/hudo.com\/si\/aktualno\/vlak-trcil-v-konja\/"},"wordCount":141,"publisher":{"@id":"https:\/\/hudo.com\/si\/#organization"},"articleSection":["Aktualno"],"inLanguage":"sl-SI"},{"@type":"WebPage","@id":"https:\/\/hudo.com\/si\/aktualno\/vlak-trcil-v-konja\/","url":"https:\/\/hudo.com\/si\/aktualno\/vlak-trcil-v-konja\/","name":"Vlak tr\u010dil v konja - Hudo Slovenija","isPartOf":{"@id":"https:\/\/hudo.com\/si\/#website"},"datePublished":"2016-06-09T05:40:00+00:00","dateModified":"2016-06-09T05:40:00+00:00","breadcrumb":{"@id":"https:\/\/hudo.com\/si\/aktualno\/vlak-trcil-v-konja\/#breadcrumb"},"inLanguage":"sl-SI","potentialAction":[{"@type":"ReadAction","target":["https:\/\/hudo.com\/si\/aktualno\/vlak-trcil-v-konja\/"]}]},{"@type":"BreadcrumbList","@id":"https:\/\/hudo.com\/si\/aktualno\/vlak-trcil-v-konja\/#breadcrumb","itemListElement":[{"@type":"ListItem","position":1,"name":"Home","item":"https:\/\/hudo.com\/si\/"},{"@type":"ListItem","position":2,"name":"Vlak tr\u010dil v konja"}]},{"@type":"WebSite","@id":"https:\/\/hudo.com\/si\/#website","url":"https:\/\/hudo.com\/si\/","name":"Hudo Slovenija","description":"Vse novice iz Slovenije in sveta","publisher":{"@id":"https:\/\/hudo.com\/si\/#organization"},"potentialAction":[{"@type":"SearchAction","target":{"@type":"EntryPoint","urlTemplate":"https:\/\/hudo.com\/si\/?s={search_term_string}"},"query-input":"required name=search_term_string"}],"inLanguage":"sl-SI"},{"@type":"Organization","@id":"https:\/\/hudo.com\/si\/#organization","name":"VSN Media","url":"https:\/\/hudo.com\/si\/","logo":{"@type":"ImageObject","inLanguage":"sl-SI","@id":"https:\/\/hudo.com\/si\/#\/schema\/logo\/image\/","url":"https:\/\/hudo.com\/si\/wp-content\/uploads\/sites\/2\/2021\/03\/hudo-app-2.png","contentUrl":"https:\/\/hudo.com\/si\/wp-content\/uploads\/sites\/2\/2021\/03\/hudo-app-2.png","width":2185,"height":2167,"caption":"VSN Media"},"image":{"@id":"https:\/\/hudo.com\/si\/#\/schema\/logo\/image\/"},"sameAs":["https:\/\/www.facebook.com\/hudo.si","https:\/\/twitter.com\/hudo_si"]},{"@type":"Person","@id":"https:\/\/hudo.com\/si\/#\/schema\/person\/601cf3379633985b20f7e50f2bb47707","name":"hudo","image":{"@type":"ImageObject","inLanguage":"sl-SI","@id":"https:\/\/hudo.com\/si\/#\/schema\/person\/image\/","url":"https:\/\/secure.gravatar.com\/avatar\/c4ca25fa72cace7a696b52ff5db9e095?s=96&d=mm&r=g","contentUrl":"https:\/\/secure.gravatar.com\/avatar\/c4ca25fa72cace7a696b52ff5db9e095?s=96&d=mm&r=g","caption":"hudo"},"url":"https:\/\/hudo.com\/si\/author\/hudo\/"}]}},"amp_enabled":true,"_links":{"self":[{"href":"https:\/\/hudo.com\/si\/wp-json\/wp\/v2\/posts\/72040"}],"collection":[{"href":"https:\/\/hudo.com\/si\/wp-json\/wp\/v2\/posts"}],"about":[{"href":"https:\/\/hudo.com\/si\/wp-json\/wp\/v2\/types\/post"}],"author":[{"embeddable":true,"href":"https:\/\/hudo.com\/si\/wp-json\/wp\/v2\/users\/1"}],"replies":[{"embeddable":true,"href":"https:\/\/hudo.com\/si\/wp-json\/wp\/v2\/comments?post=72040"}],"version-history":[{"count":0,"href":"https:\/\/hudo.com\/si\/wp-json\/wp\/v2\/posts\/72040\/revisions"}],"wp:attachment":[{"href":"https:\/\/hudo.com\/si\/wp-json\/wp\/v2\/media?parent=72040"}],"wp:term":[{"taxonomy":"category","embeddable":true,"href":"https:\/\/hudo.com\/si\/wp-json\/wp\/v2\/categories?post=72040"},{"taxonomy":"post_tag","embeddable":true,"href":"https:\/\/hudo.com\/si\/wp-json\/wp\/v2\/tags?post=72040"},{"taxonomy":"source","embeddable":true,"href":"https:\/\/hudo.com\/si\/wp-json\/wp\/v2\/source?post=72040"},{"taxonomy":"supertag","embeddable":true,"href":"https:\/\/hudo.com\/si\/wp-json\/wp\/v2\/supertag?post=72040"}],"curies":[{"name":"wp","href":"https:\/\/api.w.org\/{rel}","templated":true}]}}