{"id":75927,"date":"2016-06-15T10:32:31","date_gmt":"2016-06-15T08:32:31","guid":{"rendered":"http:\/\/hudo.com\/si\/?p=75927"},"modified":"2016-06-15T10:32:31","modified_gmt":"2016-06-15T08:32:31","slug":"v-skofji-loki-vlak-trcil-v-avtomobil-voznik-umrl","status":"publish","type":"post","link":"https:\/\/hudo.com\/si\/aktualno\/v-skofji-loki-vlak-trcil-v-avtomobil-voznik-umrl\/","title":{"rendered":"V \u0160kofji Loki se je zgodila huda \u017eelezni\u0161ka nesre\u010da"},"content":{"rendered":"<div class=\"text\">\n<p>Kot so danes sporo\u010dili s Policijske prave Kranj, je v \u010dasu nesre\u010de signalizacija na prehodu delovala in naznanjala prihod vlaka. Tuje krivde za nesre\u010do pa prometni policisti po dosedanjem zbiranju podatkov niso ugotovili.<\/p>\n<p>Pred dvema tednoma se je podobna nesre\u010da, ki pa ni imela tragi\u010dnih posledic, zgodila v Podnartu, kjer je voznik tovornega vozila po\u0161kodoval zapornico, ki je naznanjala prihod vlaka. \u017de lani pa je prav v Podnartu zaradi nepravilne vo\u017enje na prehodu umrl motorist.<\/p>\n<p>Druga podobna nesre\u010da s smrtnim izidom se je zgodila pred nekaj leti v \u017dabnici, ko je kolesar zapeljal na \u017eelezni\u0161ko progo mimo spu\u0161\u010denih zapornic in prav tako umrl v tr\u010denju z vlakom.<\/p>\n<p>Policisti ob tokratni nesre\u010di zato znova opozarjajo voznike, da ima vlak prednost pred vsemi udele\u017eenci cestnega prometa. Zato je dol\u017enost udele\u017eenca, da se ustavi pred prehodom, ko svetlobni znaki naznanjajo prihod vlaka, ko se zapornice pu\u0161\u010dajo ali so \u017ee spu\u0161\u010dene in ko promet ustavlja poobla\u0161\u010deni \u017eelezni\u0161ki delavec.<\/p>\n<p>Pred nezavarovanim prehodom se je potrebno ustaviti tudi, ko se prehodu pribli\u017euje vlak, \u010deprav udele\u017eenec v cestnem prometu na to ni posebej opozorjen. Progo sme pre\u010dkati \u0161ele, ko se prepri\u010da, da se prehodu ne pribli\u017euje vlak.<\/p>\n<\/div>\n","protected":false},"excerpt":{"rendered":"<p>Na zavarovanem prehodu \u010dez \u017eelezni\u0161ko progo v Svetem Duhu v bli\u017eini \u0160kofje Loke se je v torek okoli 18. ure zgodila prometna nesre\u010da s smrtnim izidom. Tovorni vlak je tr\u010dil v avtomobil 68-letnega voznika, ki je zaradi posledic nesre\u010de nato umrl v zdravstveni ustanovi.<\/p>\n","protected":false},"author":5,"featured_media":75928,"comment_status":"closed","ping_status":"closed","sticky":false,"template":"","format":"standard","meta":{"footnotes":""},"categories":[1179],"tags":[3752,4432,2000,4157],"source":[4511],"supertag":[],"acf":[],"yoast_head":"<!-- This site is optimized with the Yoast SEO plugin v21.3 - https:\/\/yoast.com\/wordpress\/plugins\/seo\/ -->\n<title>V \u0160kofji Loki se je zgodila huda \u017eelezni\u0161ka nesre\u010da - Hudo Slovenija<\/title>\n<meta name=\"robots\" content=\"index, follow, max-snippet:-1, max-image-preview:large, max-video-preview:-1\" \/>\n<link rel=\"canonical\" href=\"https:\/\/hudo.com\/si\/aktualno\/v-skofji-loki-vlak-trcil-v-avtomobil-voznik-umrl\/\" \/>\n<meta property=\"og:locale\" content=\"sl_SI\" \/>\n<meta property=\"og:type\" content=\"article\" \/>\n<meta property=\"og:title\" content=\"V \u0160kofji Loki se je zgodila huda \u017eelezni\u0161ka nesre\u010da - Hudo Slovenija\" \/>\n<meta property=\"og:description\" content=\"Na zavarovanem prehodu \u010dez \u017eelezni\u0161ko progo v Svetem Duhu v bli\u017eini \u0160kofje Loke se je v torek okoli 18. ure zgodila prometna nesre\u010da s smrtnim izidom. Tovorni vlak je tr\u010dil v avtomobil 68-letnega voznika, ki je zaradi posledic nesre\u010de nato umrl v zdravstveni ustanovi.\" \/>\n<meta property=\"og:url\" content=\"https:\/\/hudo.com\/si\/aktualno\/v-skofji-loki-vlak-trcil-v-avtomobil-voznik-umrl\/\" \/>\n<meta property=\"og:site_name\" content=\"Hudo Slovenija\" \/>\n<meta property=\"article:publisher\" content=\"https:\/\/www.facebook.com\/hudo.si\" \/>\n<meta property=\"article:published_time\" content=\"2016-06-15T08:32:31+00:00\" \/>\n<meta property=\"og:image\" content=\"https:\/\/hudo.com\/si\/wp-content\/uploads\/sites\/2\/2016\/06\/ThinkstockPhotos-482229877.jpg\" \/>\n\t<meta property=\"og:image:width\" content=\"786\" \/>\n\t<meta property=\"og:image:height\" content=\"445\" \/>\n\t<meta property=\"og:image:type\" content=\"image\/jpeg\" \/>\n<meta name=\"author\" content=\"A. G., STA\" \/>\n<meta name=\"twitter:card\" content=\"summary_large_image\" \/>\n<meta name=\"twitter:creator\" content=\"@hudo_si\" \/>\n<meta name=\"twitter:site\" content=\"@hudo_si\" \/>\n<meta name=\"twitter:label1\" content=\"Written by\" \/>\n\t<meta name=\"twitter:data1\" content=\"A. G., STA\" \/>\n\t<meta name=\"twitter:label2\" content=\"Est. reading time\" \/>\n\t<meta name=\"twitter:data2\" content=\"1 minuta\" \/>\n<script type=\"application\/ld+json\" class=\"yoast-schema-graph\">{\"@context\":\"https:\/\/schema.org\",\"@graph\":[{\"@type\":\"Article\",\"@id\":\"https:\/\/hudo.com\/si\/aktualno\/v-skofji-loki-vlak-trcil-v-avtomobil-voznik-umrl\/#article\",\"isPartOf\":{\"@id\":\"https:\/\/hudo.com\/si\/aktualno\/v-skofji-loki-vlak-trcil-v-avtomobil-voznik-umrl\/\"},\"author\":{\"name\":\"A. G., STA\",\"@id\":\"https:\/\/hudo.com\/si\/#\/schema\/person\/2391667a63ea075ba94f2f2dc6b77537\"},\"headline\":\"V \u0160kofji Loki se je zgodila huda \u017eelezni\u0161ka nesre\u010da\",\"datePublished\":\"2016-06-15T08:32:31+00:00\",\"dateModified\":\"2016-06-15T08:32:31+00:00\",\"mainEntityOfPage\":{\"@id\":\"https:\/\/hudo.com\/si\/aktualno\/v-skofji-loki-vlak-trcil-v-avtomobil-voznik-umrl\/\"},\"wordCount\":225,\"publisher\":{\"@id\":\"https:\/\/hudo.com\/si\/#organization\"},\"keywords\":[\"nesre\u010de\",\"promet\",\"vlak\",\"\u017eeleznice\"],\"articleSection\":[\"Aktualno\"],\"inLanguage\":\"sl-SI\"},{\"@type\":\"WebPage\",\"@id\":\"https:\/\/hudo.com\/si\/aktualno\/v-skofji-loki-vlak-trcil-v-avtomobil-voznik-umrl\/\",\"url\":\"https:\/\/hudo.com\/si\/aktualno\/v-skofji-loki-vlak-trcil-v-avtomobil-voznik-umrl\/\",\"name\":\"V \u0160kofji Loki se je zgodila huda \u017eelezni\u0161ka nesre\u010da - Hudo Slovenija\",\"isPartOf\":{\"@id\":\"https:\/\/hudo.com\/si\/#website\"},\"datePublished\":\"2016-06-15T08:32:31+00:00\",\"dateModified\":\"2016-06-15T08:32:31+00:00\",\"breadcrumb\":{\"@id\":\"https:\/\/hudo.com\/si\/aktualno\/v-skofji-loki-vlak-trcil-v-avtomobil-voznik-umrl\/#breadcrumb\"},\"inLanguage\":\"sl-SI\",\"potentialAction\":[{\"@type\":\"ReadAction\",\"target\":[\"https:\/\/hudo.com\/si\/aktualno\/v-skofji-loki-vlak-trcil-v-avtomobil-voznik-umrl\/\"]}]},{\"@type\":\"BreadcrumbList\",\"@id\":\"https:\/\/hudo.com\/si\/aktualno\/v-skofji-loki-vlak-trcil-v-avtomobil-voznik-umrl\/#breadcrumb\",\"itemListElement\":[{\"@type\":\"ListItem\",\"position\":1,\"name\":\"Home\",\"item\":\"https:\/\/hudo.com\/si\/\"},{\"@type\":\"ListItem\",\"position\":2,\"name\":\"V \u0160kofji Loki se je zgodila huda \u017eelezni\u0161ka nesre\u010da\"}]},{\"@type\":\"WebSite\",\"@id\":\"https:\/\/hudo.com\/si\/#website\",\"url\":\"https:\/\/hudo.com\/si\/\",\"name\":\"Hudo Slovenija\",\"description\":\"Vse novice iz Slovenije in sveta\",\"publisher\":{\"@id\":\"https:\/\/hudo.com\/si\/#organization\"},\"potentialAction\":[{\"@type\":\"SearchAction\",\"target\":{\"@type\":\"EntryPoint\",\"urlTemplate\":\"https:\/\/hudo.com\/si\/?s={search_term_string}\"},\"query-input\":\"required name=search_term_string\"}],\"inLanguage\":\"sl-SI\"},{\"@type\":\"Organization\",\"@id\":\"https:\/\/hudo.com\/si\/#organization\",\"name\":\"VSN Media\",\"url\":\"https:\/\/hudo.com\/si\/\",\"logo\":{\"@type\":\"ImageObject\",\"inLanguage\":\"sl-SI\",\"@id\":\"https:\/\/hudo.com\/si\/#\/schema\/logo\/image\/\",\"url\":\"https:\/\/hudo.com\/si\/wp-content\/uploads\/sites\/2\/2021\/03\/hudo-app-2.png\",\"contentUrl\":\"https:\/\/hudo.com\/si\/wp-content\/uploads\/sites\/2\/2021\/03\/hudo-app-2.png\",\"width\":2185,\"height\":2167,\"caption\":\"VSN Media\"},\"image\":{\"@id\":\"https:\/\/hudo.com\/si\/#\/schema\/logo\/image\/\"},\"sameAs\":[\"https:\/\/www.facebook.com\/hudo.si\",\"https:\/\/twitter.com\/hudo_si\"]},{\"@type\":\"Person\",\"@id\":\"https:\/\/hudo.com\/si\/#\/schema\/person\/2391667a63ea075ba94f2f2dc6b77537\",\"name\":\"A. G., STA\",\"image\":{\"@type\":\"ImageObject\",\"inLanguage\":\"sl-SI\",\"@id\":\"https:\/\/hudo.com\/si\/#\/schema\/person\/image\/\",\"url\":\"https:\/\/secure.gravatar.com\/avatar\/e13d22ac3e442658d5025fbbe6238a79?s=96&d=mm&r=g\",\"contentUrl\":\"https:\/\/secure.gravatar.com\/avatar\/e13d22ac3e442658d5025fbbe6238a79?s=96&d=mm&r=g\",\"caption\":\"A. G., STA\"},\"url\":\"https:\/\/hudo.com\/si\/author\/alenka\/\"}]}<\/script>\n<!-- \/ Yoast SEO plugin. -->","yoast_head_json":{"title":"V \u0160kofji Loki se je zgodila huda \u017eelezni\u0161ka nesre\u010da - Hudo Slovenija","robots":{"index":"index","follow":"follow","max-snippet":"max-snippet:-1","max-image-preview":"max-image-preview:large","max-video-preview":"max-video-preview:-1"},"canonical":"https:\/\/hudo.com\/si\/aktualno\/v-skofji-loki-vlak-trcil-v-avtomobil-voznik-umrl\/","og_locale":"sl_SI","og_type":"article","og_title":"V \u0160kofji Loki se je zgodila huda \u017eelezni\u0161ka nesre\u010da - Hudo Slovenija","og_description":"Na zavarovanem prehodu \u010dez \u017eelezni\u0161ko progo v Svetem Duhu v bli\u017eini \u0160kofje Loke se je v torek okoli 18. ure zgodila prometna nesre\u010da s smrtnim izidom. Tovorni vlak je tr\u010dil v avtomobil 68-letnega voznika, ki je zaradi posledic nesre\u010de nato umrl v zdravstveni ustanovi.","og_url":"https:\/\/hudo.com\/si\/aktualno\/v-skofji-loki-vlak-trcil-v-avtomobil-voznik-umrl\/","og_site_name":"Hudo Slovenija","article_publisher":"https:\/\/www.facebook.com\/hudo.si","article_published_time":"2016-06-15T08:32:31+00:00","og_image":[{"width":786,"height":445,"url":"https:\/\/hudo.com\/si\/wp-content\/uploads\/sites\/2\/2016\/06\/ThinkstockPhotos-482229877.jpg","type":"image\/jpeg"}],"author":"A. G., STA","twitter_card":"summary_large_image","twitter_creator":"@hudo_si","twitter_site":"@hudo_si","twitter_misc":{"Written by":"A. G., STA","Est. reading time":"1 minuta"},"schema":{"@context":"https:\/\/schema.org","@graph":[{"@type":"Article","@id":"https:\/\/hudo.com\/si\/aktualno\/v-skofji-loki-vlak-trcil-v-avtomobil-voznik-umrl\/#article","isPartOf":{"@id":"https:\/\/hudo.com\/si\/aktualno\/v-skofji-loki-vlak-trcil-v-avtomobil-voznik-umrl\/"},"author":{"name":"A. G., STA","@id":"https:\/\/hudo.com\/si\/#\/schema\/person\/2391667a63ea075ba94f2f2dc6b77537"},"headline":"V \u0160kofji Loki se je zgodila huda \u017eelezni\u0161ka nesre\u010da","datePublished":"2016-06-15T08:32:31+00:00","dateModified":"2016-06-15T08:32:31+00:00","mainEntityOfPage":{"@id":"https:\/\/hudo.com\/si\/aktualno\/v-skofji-loki-vlak-trcil-v-avtomobil-voznik-umrl\/"},"wordCount":225,"publisher":{"@id":"https:\/\/hudo.com\/si\/#organization"},"keywords":["nesre\u010de","promet","vlak","\u017eeleznice"],"articleSection":["Aktualno"],"inLanguage":"sl-SI"},{"@type":"WebPage","@id":"https:\/\/hudo.com\/si\/aktualno\/v-skofji-loki-vlak-trcil-v-avtomobil-voznik-umrl\/","url":"https:\/\/hudo.com\/si\/aktualno\/v-skofji-loki-vlak-trcil-v-avtomobil-voznik-umrl\/","name":"V \u0160kofji Loki se je zgodila huda \u017eelezni\u0161ka nesre\u010da - Hudo Slovenija","isPartOf":{"@id":"https:\/\/hudo.com\/si\/#website"},"datePublished":"2016-06-15T08:32:31+00:00","dateModified":"2016-06-15T08:32:31+00:00","breadcrumb":{"@id":"https:\/\/hudo.com\/si\/aktualno\/v-skofji-loki-vlak-trcil-v-avtomobil-voznik-umrl\/#breadcrumb"},"inLanguage":"sl-SI","potentialAction":[{"@type":"ReadAction","target":["https:\/\/hudo.com\/si\/aktualno\/v-skofji-loki-vlak-trcil-v-avtomobil-voznik-umrl\/"]}]},{"@type":"BreadcrumbList","@id":"https:\/\/hudo.com\/si\/aktualno\/v-skofji-loki-vlak-trcil-v-avtomobil-voznik-umrl\/#breadcrumb","itemListElement":[{"@type":"ListItem","position":1,"name":"Home","item":"https:\/\/hudo.com\/si\/"},{"@type":"ListItem","position":2,"name":"V \u0160kofji Loki se je zgodila huda \u017eelezni\u0161ka nesre\u010da"}]},{"@type":"WebSite","@id":"https:\/\/hudo.com\/si\/#website","url":"https:\/\/hudo.com\/si\/","name":"Hudo Slovenija","description":"Vse novice iz Slovenije in sveta","publisher":{"@id":"https:\/\/hudo.com\/si\/#organization"},"potentialAction":[{"@type":"SearchAction","target":{"@type":"EntryPoint","urlTemplate":"https:\/\/hudo.com\/si\/?s={search_term_string}"},"query-input":"required name=search_term_string"}],"inLanguage":"sl-SI"},{"@type":"Organization","@id":"https:\/\/hudo.com\/si\/#organization","name":"VSN Media","url":"https:\/\/hudo.com\/si\/","logo":{"@type":"ImageObject","inLanguage":"sl-SI","@id":"https:\/\/hudo.com\/si\/#\/schema\/logo\/image\/","url":"https:\/\/hudo.com\/si\/wp-content\/uploads\/sites\/2\/2021\/03\/hudo-app-2.png","contentUrl":"https:\/\/hudo.com\/si\/wp-content\/uploads\/sites\/2\/2021\/03\/hudo-app-2.png","width":2185,"height":2167,"caption":"VSN Media"},"image":{"@id":"https:\/\/hudo.com\/si\/#\/schema\/logo\/image\/"},"sameAs":["https:\/\/www.facebook.com\/hudo.si","https:\/\/twitter.com\/hudo_si"]},{"@type":"Person","@id":"https:\/\/hudo.com\/si\/#\/schema\/person\/2391667a63ea075ba94f2f2dc6b77537","name":"A. G., STA","image":{"@type":"ImageObject","inLanguage":"sl-SI","@id":"https:\/\/hudo.com\/si\/#\/schema\/person\/image\/","url":"https:\/\/secure.gravatar.com\/avatar\/e13d22ac3e442658d5025fbbe6238a79?s=96&d=mm&r=g","contentUrl":"https:\/\/secure.gravatar.com\/avatar\/e13d22ac3e442658d5025fbbe6238a79?s=96&d=mm&r=g","caption":"A. G., STA"},"url":"https:\/\/hudo.com\/si\/author\/alenka\/"}]}},"amp_enabled":true,"_links":{"self":[{"href":"https:\/\/hudo.com\/si\/wp-json\/wp\/v2\/posts\/75927"}],"collection":[{"href":"https:\/\/hudo.com\/si\/wp-json\/wp\/v2\/posts"}],"about":[{"href":"https:\/\/hudo.com\/si\/wp-json\/wp\/v2\/types\/post"}],"author":[{"embeddable":true,"href":"https:\/\/hudo.com\/si\/wp-json\/wp\/v2\/users\/5"}],"replies":[{"embeddable":true,"href":"https:\/\/hudo.com\/si\/wp-json\/wp\/v2\/comments?post=75927"}],"version-history":[{"count":1,"href":"https:\/\/hudo.com\/si\/wp-json\/wp\/v2\/posts\/75927\/revisions"}],"predecessor-version":[{"id":75929,"href":"https:\/\/hudo.com\/si\/wp-json\/wp\/v2\/posts\/75927\/revisions\/75929"}],"wp:featuredmedia":[{"embeddable":true,"href":"https:\/\/hudo.com\/si\/wp-json\/wp\/v2\/media\/75928"}],"wp:attachment":[{"href":"https:\/\/hudo.com\/si\/wp-json\/wp\/v2\/media?parent=75927"}],"wp:term":[{"taxonomy":"category","embeddable":true,"href":"https:\/\/hudo.com\/si\/wp-json\/wp\/v2\/categories?post=75927"},{"taxonomy":"post_tag","embeddable":true,"href":"https:\/\/hudo.com\/si\/wp-json\/wp\/v2\/tags?post=75927"},{"taxonomy":"source","embeddable":true,"href":"https:\/\/hudo.com\/si\/wp-json\/wp\/v2\/source?post=75927"},{"taxonomy":"supertag","embeddable":true,"href":"https:\/\/hudo.com\/si\/wp-json\/wp\/v2\/supertag?post=75927"}],"curies":[{"name":"wp","href":"https:\/\/api.w.org\/{rel}","templated":true}]}}