{"id":76521,"date":"2016-06-16T04:46:37","date_gmt":"2016-06-16T02:46:37","guid":{"rendered":"http:\/\/hudo.com\/si\/2016\/06\/16\/foto-ob-lipi-sprave-poklon-padlim-in-ubitim-za-slovenijo\/"},"modified":"2016-06-16T16:26:49","modified_gmt":"2016-06-16T14:26:49","slug":"foto-ob-lipi-sprave-poklon-padlim-in-ubitim-za-slovenijo","status":"publish","type":"post","link":"https:\/\/hudo.com\/si\/aktualno\/foto-ob-lipi-sprave-poklon-padlim-in-ubitim-za-slovenijo\/","title":{"rendered":"FOTO: Ob Lipi sprave poklon padlim in ubitim za Slovenijo"},"content":{"rendered":"<p>Pri Lipi sprave na ljubljanskih \u017dalah je bila v\u010deraj spominska slovesnost ob 25. obletnici samostojnosti Slovenije, ki se je je udele\u017eil tudi predsednik republike Borut Pahor. Ta je poudaril pomen odpu\u0161\u010danja, s katerim bomo la\u017eje \u017eiveli &#8220;v eni dr\u017eavi, ki je nastala z na\u0161o enotnostjo, in tudi v eni domovini, ker si dveh ne moremo privo\u0161\u010diti&#8221;.<\/p>\n","protected":false},"excerpt":{"rendered":"<p>Pri Lipi sprave na ljubljanskih \u017dalah je bila v\u010deraj spominska slovesnost ob 25. obletnici samostojnosti Slovenije, ki se je je udele\u017eil tudi predsednik republike Borut Pahor. Ta je poudaril pomen odpu\u0161\u010danja, s katerim bomo la\u017eje \u017eiveli &#8220;v eni dr\u017eavi, ki je nastala z na\u0161o enotnostjo, in tudi v eni domovini, ker si dveh ne moremo privo\u0161\u010diti&#8221;.<\/p>\n","protected":false},"author":1,"featured_media":0,"comment_status":"closed","ping_status":"closed","sticky":false,"template":"","format":"standard","meta":{"footnotes":""},"categories":[1179],"tags":[],"source":[5113],"supertag":[],"acf":[],"yoast_head":"<!-- This site is optimized with the Yoast SEO plugin v21.3 - https:\/\/yoast.com\/wordpress\/plugins\/seo\/ -->\n<title>FOTO: Ob Lipi sprave poklon padlim in ubitim za Slovenijo - Hudo Slovenija<\/title>\n<meta name=\"robots\" content=\"index, follow, max-snippet:-1, max-image-preview:large, max-video-preview:-1\" \/>\n<link rel=\"canonical\" href=\"https:\/\/hudo.com\/si\/aktualno\/foto-ob-lipi-sprave-poklon-padlim-in-ubitim-za-slovenijo\/\" \/>\n<meta property=\"og:locale\" content=\"sl_SI\" \/>\n<meta property=\"og:type\" content=\"article\" \/>\n<meta property=\"og:title\" content=\"FOTO: Ob Lipi sprave poklon padlim in ubitim za Slovenijo - Hudo Slovenija\" \/>\n<meta property=\"og:description\" content=\"Pri Lipi sprave na ljubljanskih \u017dalah je bila v\u010deraj spominska slovesnost ob 25. obletnici samostojnosti Slovenije, ki se je je udele\u017eil tudi predsednik republike Borut Pahor. Ta je poudaril pomen odpu\u0161\u010danja, s katerim bomo la\u017eje \u017eiveli &quot;v eni dr\u017eavi, ki je nastala z na\u0161o enotnostjo, in tudi v eni domovini, ker si dveh ne moremo privo\u0161\u010diti&quot;.\" \/>\n<meta property=\"og:url\" content=\"https:\/\/hudo.com\/si\/aktualno\/foto-ob-lipi-sprave-poklon-padlim-in-ubitim-za-slovenijo\/\" \/>\n<meta property=\"og:site_name\" content=\"Hudo Slovenija\" \/>\n<meta property=\"article:publisher\" content=\"https:\/\/www.facebook.com\/hudo.si\" \/>\n<meta property=\"article:published_time\" content=\"2016-06-16T02:46:37+00:00\" \/>\n<meta property=\"article:modified_time\" content=\"2016-06-16T14:26:49+00:00\" \/>\n<meta property=\"og:image\" content=\"https:\/\/hudo.com\/si\/wp-content\/uploads\/sites\/2\/2016\/06\/zdruzeni-lipi-sprave-venec-vojaki_bobo.jpg\" \/>\n\t<meta property=\"og:image:width\" content=\"640\" \/>\n\t<meta property=\"og:image:height\" content=\"370\" \/>\n\t<meta property=\"og:image:type\" content=\"image\/jpeg\" \/>\n<meta name=\"author\" content=\"hudo\" \/>\n<meta name=\"twitter:card\" content=\"summary_large_image\" \/>\n<meta name=\"twitter:creator\" content=\"@hudo_si\" \/>\n<meta name=\"twitter:site\" content=\"@hudo_si\" \/>\n<meta name=\"twitter:label1\" content=\"Written by\" \/>\n\t<meta name=\"twitter:data1\" content=\"hudo\" \/>\n<script type=\"application\/ld+json\" class=\"yoast-schema-graph\">{\"@context\":\"https:\/\/schema.org\",\"@graph\":[{\"@type\":\"Article\",\"@id\":\"https:\/\/hudo.com\/si\/aktualno\/foto-ob-lipi-sprave-poklon-padlim-in-ubitim-za-slovenijo\/#article\",\"isPartOf\":{\"@id\":\"https:\/\/hudo.com\/si\/aktualno\/foto-ob-lipi-sprave-poklon-padlim-in-ubitim-za-slovenijo\/\"},\"author\":{\"name\":\"hudo\",\"@id\":\"https:\/\/hudo.com\/si\/#\/schema\/person\/601cf3379633985b20f7e50f2bb47707\"},\"headline\":\"FOTO: Ob Lipi sprave poklon padlim in ubitim za Slovenijo\",\"datePublished\":\"2016-06-16T02:46:37+00:00\",\"dateModified\":\"2016-06-16T14:26:49+00:00\",\"mainEntityOfPage\":{\"@id\":\"https:\/\/hudo.com\/si\/aktualno\/foto-ob-lipi-sprave-poklon-padlim-in-ubitim-za-slovenijo\/\"},\"wordCount\":72,\"publisher\":{\"@id\":\"https:\/\/hudo.com\/si\/#organization\"},\"articleSection\":[\"Aktualno\"],\"inLanguage\":\"sl-SI\"},{\"@type\":\"WebPage\",\"@id\":\"https:\/\/hudo.com\/si\/aktualno\/foto-ob-lipi-sprave-poklon-padlim-in-ubitim-za-slovenijo\/\",\"url\":\"https:\/\/hudo.com\/si\/aktualno\/foto-ob-lipi-sprave-poklon-padlim-in-ubitim-za-slovenijo\/\",\"name\":\"FOTO: Ob Lipi sprave poklon padlim in ubitim za Slovenijo - Hudo Slovenija\",\"isPartOf\":{\"@id\":\"https:\/\/hudo.com\/si\/#website\"},\"datePublished\":\"2016-06-16T02:46:37+00:00\",\"dateModified\":\"2016-06-16T14:26:49+00:00\",\"breadcrumb\":{\"@id\":\"https:\/\/hudo.com\/si\/aktualno\/foto-ob-lipi-sprave-poklon-padlim-in-ubitim-za-slovenijo\/#breadcrumb\"},\"inLanguage\":\"sl-SI\",\"potentialAction\":[{\"@type\":\"ReadAction\",\"target\":[\"https:\/\/hudo.com\/si\/aktualno\/foto-ob-lipi-sprave-poklon-padlim-in-ubitim-za-slovenijo\/\"]}]},{\"@type\":\"BreadcrumbList\",\"@id\":\"https:\/\/hudo.com\/si\/aktualno\/foto-ob-lipi-sprave-poklon-padlim-in-ubitim-za-slovenijo\/#breadcrumb\",\"itemListElement\":[{\"@type\":\"ListItem\",\"position\":1,\"name\":\"Home\",\"item\":\"https:\/\/hudo.com\/si\/\"},{\"@type\":\"ListItem\",\"position\":2,\"name\":\"FOTO: Ob Lipi sprave poklon padlim in ubitim za Slovenijo\"}]},{\"@type\":\"WebSite\",\"@id\":\"https:\/\/hudo.com\/si\/#website\",\"url\":\"https:\/\/hudo.com\/si\/\",\"name\":\"Hudo Slovenija\",\"description\":\"Vse novice iz Slovenije in sveta\",\"publisher\":{\"@id\":\"https:\/\/hudo.com\/si\/#organization\"},\"potentialAction\":[{\"@type\":\"SearchAction\",\"target\":{\"@type\":\"EntryPoint\",\"urlTemplate\":\"https:\/\/hudo.com\/si\/?s={search_term_string}\"},\"query-input\":\"required name=search_term_string\"}],\"inLanguage\":\"sl-SI\"},{\"@type\":\"Organization\",\"@id\":\"https:\/\/hudo.com\/si\/#organization\",\"name\":\"VSN Media\",\"url\":\"https:\/\/hudo.com\/si\/\",\"logo\":{\"@type\":\"ImageObject\",\"inLanguage\":\"sl-SI\",\"@id\":\"https:\/\/hudo.com\/si\/#\/schema\/logo\/image\/\",\"url\":\"https:\/\/hudo.com\/si\/wp-content\/uploads\/sites\/2\/2021\/03\/hudo-app-2.png\",\"contentUrl\":\"https:\/\/hudo.com\/si\/wp-content\/uploads\/sites\/2\/2021\/03\/hudo-app-2.png\",\"width\":2185,\"height\":2167,\"caption\":\"VSN Media\"},\"image\":{\"@id\":\"https:\/\/hudo.com\/si\/#\/schema\/logo\/image\/\"},\"sameAs\":[\"https:\/\/www.facebook.com\/hudo.si\",\"https:\/\/twitter.com\/hudo_si\"]},{\"@type\":\"Person\",\"@id\":\"https:\/\/hudo.com\/si\/#\/schema\/person\/601cf3379633985b20f7e50f2bb47707\",\"name\":\"hudo\",\"image\":{\"@type\":\"ImageObject\",\"inLanguage\":\"sl-SI\",\"@id\":\"https:\/\/hudo.com\/si\/#\/schema\/person\/image\/\",\"url\":\"https:\/\/secure.gravatar.com\/avatar\/c4ca25fa72cace7a696b52ff5db9e095?s=96&d=mm&r=g\",\"contentUrl\":\"https:\/\/secure.gravatar.com\/avatar\/c4ca25fa72cace7a696b52ff5db9e095?s=96&d=mm&r=g\",\"caption\":\"hudo\"},\"url\":\"https:\/\/hudo.com\/si\/author\/hudo\/\"}]}<\/script>\n<!-- \/ Yoast SEO plugin. -->","yoast_head_json":{"title":"FOTO: Ob Lipi sprave poklon padlim in ubitim za Slovenijo - Hudo Slovenija","robots":{"index":"index","follow":"follow","max-snippet":"max-snippet:-1","max-image-preview":"max-image-preview:large","max-video-preview":"max-video-preview:-1"},"canonical":"https:\/\/hudo.com\/si\/aktualno\/foto-ob-lipi-sprave-poklon-padlim-in-ubitim-za-slovenijo\/","og_locale":"sl_SI","og_type":"article","og_title":"FOTO: Ob Lipi sprave poklon padlim in ubitim za Slovenijo - Hudo Slovenija","og_description":"Pri Lipi sprave na ljubljanskih \u017dalah je bila v\u010deraj spominska slovesnost ob 25. obletnici samostojnosti Slovenije, ki se je je udele\u017eil tudi predsednik republike Borut Pahor. Ta je poudaril pomen odpu\u0161\u010danja, s katerim bomo la\u017eje \u017eiveli \"v eni dr\u017eavi, ki je nastala z na\u0161o enotnostjo, in tudi v eni domovini, ker si dveh ne moremo privo\u0161\u010diti\".","og_url":"https:\/\/hudo.com\/si\/aktualno\/foto-ob-lipi-sprave-poklon-padlim-in-ubitim-za-slovenijo\/","og_site_name":"Hudo Slovenija","article_publisher":"https:\/\/www.facebook.com\/hudo.si","article_published_time":"2016-06-16T02:46:37+00:00","article_modified_time":"2016-06-16T14:26:49+00:00","og_image":[{"width":640,"height":370,"url":"https:\/\/hudo.com\/si\/wp-content\/uploads\/sites\/2\/2016\/06\/zdruzeni-lipi-sprave-venec-vojaki_bobo.jpg","type":"image\/jpeg"}],"author":"hudo","twitter_card":"summary_large_image","twitter_creator":"@hudo_si","twitter_site":"@hudo_si","twitter_misc":{"Written by":"hudo"},"schema":{"@context":"https:\/\/schema.org","@graph":[{"@type":"Article","@id":"https:\/\/hudo.com\/si\/aktualno\/foto-ob-lipi-sprave-poklon-padlim-in-ubitim-za-slovenijo\/#article","isPartOf":{"@id":"https:\/\/hudo.com\/si\/aktualno\/foto-ob-lipi-sprave-poklon-padlim-in-ubitim-za-slovenijo\/"},"author":{"name":"hudo","@id":"https:\/\/hudo.com\/si\/#\/schema\/person\/601cf3379633985b20f7e50f2bb47707"},"headline":"FOTO: Ob Lipi sprave poklon padlim in ubitim za Slovenijo","datePublished":"2016-06-16T02:46:37+00:00","dateModified":"2016-06-16T14:26:49+00:00","mainEntityOfPage":{"@id":"https:\/\/hudo.com\/si\/aktualno\/foto-ob-lipi-sprave-poklon-padlim-in-ubitim-za-slovenijo\/"},"wordCount":72,"publisher":{"@id":"https:\/\/hudo.com\/si\/#organization"},"articleSection":["Aktualno"],"inLanguage":"sl-SI"},{"@type":"WebPage","@id":"https:\/\/hudo.com\/si\/aktualno\/foto-ob-lipi-sprave-poklon-padlim-in-ubitim-za-slovenijo\/","url":"https:\/\/hudo.com\/si\/aktualno\/foto-ob-lipi-sprave-poklon-padlim-in-ubitim-za-slovenijo\/","name":"FOTO: Ob Lipi sprave poklon padlim in ubitim za Slovenijo - Hudo Slovenija","isPartOf":{"@id":"https:\/\/hudo.com\/si\/#website"},"datePublished":"2016-06-16T02:46:37+00:00","dateModified":"2016-06-16T14:26:49+00:00","breadcrumb":{"@id":"https:\/\/hudo.com\/si\/aktualno\/foto-ob-lipi-sprave-poklon-padlim-in-ubitim-za-slovenijo\/#breadcrumb"},"inLanguage":"sl-SI","potentialAction":[{"@type":"ReadAction","target":["https:\/\/hudo.com\/si\/aktualno\/foto-ob-lipi-sprave-poklon-padlim-in-ubitim-za-slovenijo\/"]}]},{"@type":"BreadcrumbList","@id":"https:\/\/hudo.com\/si\/aktualno\/foto-ob-lipi-sprave-poklon-padlim-in-ubitim-za-slovenijo\/#breadcrumb","itemListElement":[{"@type":"ListItem","position":1,"name":"Home","item":"https:\/\/hudo.com\/si\/"},{"@type":"ListItem","position":2,"name":"FOTO: Ob Lipi sprave poklon padlim in ubitim za Slovenijo"}]},{"@type":"WebSite","@id":"https:\/\/hudo.com\/si\/#website","url":"https:\/\/hudo.com\/si\/","name":"Hudo Slovenija","description":"Vse novice iz Slovenije in sveta","publisher":{"@id":"https:\/\/hudo.com\/si\/#organization"},"potentialAction":[{"@type":"SearchAction","target":{"@type":"EntryPoint","urlTemplate":"https:\/\/hudo.com\/si\/?s={search_term_string}"},"query-input":"required name=search_term_string"}],"inLanguage":"sl-SI"},{"@type":"Organization","@id":"https:\/\/hudo.com\/si\/#organization","name":"VSN Media","url":"https:\/\/hudo.com\/si\/","logo":{"@type":"ImageObject","inLanguage":"sl-SI","@id":"https:\/\/hudo.com\/si\/#\/schema\/logo\/image\/","url":"https:\/\/hudo.com\/si\/wp-content\/uploads\/sites\/2\/2021\/03\/hudo-app-2.png","contentUrl":"https:\/\/hudo.com\/si\/wp-content\/uploads\/sites\/2\/2021\/03\/hudo-app-2.png","width":2185,"height":2167,"caption":"VSN Media"},"image":{"@id":"https:\/\/hudo.com\/si\/#\/schema\/logo\/image\/"},"sameAs":["https:\/\/www.facebook.com\/hudo.si","https:\/\/twitter.com\/hudo_si"]},{"@type":"Person","@id":"https:\/\/hudo.com\/si\/#\/schema\/person\/601cf3379633985b20f7e50f2bb47707","name":"hudo","image":{"@type":"ImageObject","inLanguage":"sl-SI","@id":"https:\/\/hudo.com\/si\/#\/schema\/person\/image\/","url":"https:\/\/secure.gravatar.com\/avatar\/c4ca25fa72cace7a696b52ff5db9e095?s=96&d=mm&r=g","contentUrl":"https:\/\/secure.gravatar.com\/avatar\/c4ca25fa72cace7a696b52ff5db9e095?s=96&d=mm&r=g","caption":"hudo"},"url":"https:\/\/hudo.com\/si\/author\/hudo\/"}]}},"amp_enabled":true,"_links":{"self":[{"href":"https:\/\/hudo.com\/si\/wp-json\/wp\/v2\/posts\/76521"}],"collection":[{"href":"https:\/\/hudo.com\/si\/wp-json\/wp\/v2\/posts"}],"about":[{"href":"https:\/\/hudo.com\/si\/wp-json\/wp\/v2\/types\/post"}],"author":[{"embeddable":true,"href":"https:\/\/hudo.com\/si\/wp-json\/wp\/v2\/users\/1"}],"replies":[{"embeddable":true,"href":"https:\/\/hudo.com\/si\/wp-json\/wp\/v2\/comments?post=76521"}],"version-history":[{"count":1,"href":"https:\/\/hudo.com\/si\/wp-json\/wp\/v2\/posts\/76521\/revisions"}],"predecessor-version":[{"id":76634,"href":"https:\/\/hudo.com\/si\/wp-json\/wp\/v2\/posts\/76521\/revisions\/76634"}],"wp:attachment":[{"href":"https:\/\/hudo.com\/si\/wp-json\/wp\/v2\/media?parent=76521"}],"wp:term":[{"taxonomy":"category","embeddable":true,"href":"https:\/\/hudo.com\/si\/wp-json\/wp\/v2\/categories?post=76521"},{"taxonomy":"post_tag","embeddable":true,"href":"https:\/\/hudo.com\/si\/wp-json\/wp\/v2\/tags?post=76521"},{"taxonomy":"source","embeddable":true,"href":"https:\/\/hudo.com\/si\/wp-json\/wp\/v2\/source?post=76521"},{"taxonomy":"supertag","embeddable":true,"href":"https:\/\/hudo.com\/si\/wp-json\/wp\/v2\/supertag?post=76521"}],"curies":[{"name":"wp","href":"https:\/\/api.w.org\/{rel}","templated":true}]}}