{"id":76539,"date":"2016-06-16T04:00:00","date_gmt":"2016-06-16T02:00:00","guid":{"rendered":"http:\/\/hudo.com\/si\/2016\/06\/16\/spretni-in-srecni-slovenci-gredo-v-francijo\/"},"modified":"2016-06-16T04:00:00","modified_gmt":"2016-06-16T02:00:00","slug":"spretni-in-srecni-slovenci-gredo-v-francijo","status":"publish","type":"post","link":"https:\/\/hudo.com\/si\/aktualno\/spretni-in-srecni-slovenci-gredo-v-francijo\/","title":{"rendered":"Spretni in sre\u010dni Slovenci gredo v Francijo"},"content":{"rendered":"<p>Kategorija: Rokomet Thu, 16 Jun 2016 06:00:00 +0200  Stavanger \u2013 \u00bbLepo\u00ab so se z \u017eivci svojih privr\u017eencev poigrali slovenski rokometa\u0161i. Ni manjkalo veliko, pa bi vse, kar so v Celju gradili 60 minut, z zadnjicami podrli v kon\u010dnici tekme v Stavangerju, kjer so si vseeno priigrali nastop na SP v Franciji. Na zadnji tekmi sezone so se izognili \u0161oku, ki bi v njihove vrste vnesel nemir pred skoraj\u0161njim za\u010detkom priprav za Rio. \u00bbBi, takoj,\u00ab generalni sekretar RZS Goran Cviji\u010d pred povratno kvalifikacijsko tekmo ni imel pomislekov na vpra\u0161anje, ali bi se podpisal pod poraz Slovenije s \u0161estimi goli, \u010de bi jih dosegla vsaj 19, kar bi pomenilo, da bi se skozi najo\u017eje \u0161ivankino uho prerinila na mondial. \u00bb\u0160teje samo kon\u010dni cilj, vtis gre hitro v pozabo,\u00ab je dodal mo\u017e, ki je v rokometu videl \u017ee marsikaj, tudi trenutke,\u00a0&#8230;<\/p>\n","protected":false},"excerpt":{"rendered":"<p>Kategorija: Rokomet Thu, 16 Jun 2016 06:00:00 +0200  Stavanger \u2013 \u00bbLepo\u00ab so se z \u017eivci svojih privr\u017eencev poigrali slovenski rokometa\u0161i. Ni manjkalo veliko, pa bi vse, kar so v Celju gradili 60 minut, z zadnjicami podrli v kon\u010dnici tekme v Stavangerju, kjer so si vseeno priigrali nastop na SP v Franciji. Na zadnji tekmi sezone so se izognili \u0161oku, ki bi v njihove vrste vnesel nemir pred skoraj\u0161njim za\u010detkom priprav za Rio. \u00bbBi, takoj,\u00ab generalni sekretar RZS Goran Cviji\u010d pred povratno kvalifikacijsko tekmo ni imel pomislekov na vpra\u0161anje, ali bi se podpisal pod poraz Slovenije s \u0161estimi goli, \u010de bi jih dosegla vsaj 19, kar bi pomenilo, da bi se skozi najo\u017eje \u0161ivankino uho prerinila na mondial. \u00bb\u0160teje samo kon\u010dni cilj, vtis gre hitro v pozabo,\u00ab je dodal mo\u017e, ki je v rokometu videl \u017ee marsikaj, tudi trenutke,\u00a0&#8230;<\/p>\n","protected":false},"author":1,"featured_media":0,"comment_status":"closed","ping_status":"closed","sticky":false,"template":"","format":"standard","meta":{"footnotes":""},"categories":[1179],"tags":[],"source":[4511],"supertag":[],"acf":[],"yoast_head":"<!-- This site is optimized with the Yoast SEO plugin v21.3 - https:\/\/yoast.com\/wordpress\/plugins\/seo\/ -->\n<title>Spretni in sre\u010dni Slovenci gredo v Francijo - Hudo Slovenija<\/title>\n<meta name=\"robots\" content=\"index, follow, max-snippet:-1, max-image-preview:large, max-video-preview:-1\" \/>\n<link rel=\"canonical\" href=\"https:\/\/hudo.com\/si\/aktualno\/spretni-in-srecni-slovenci-gredo-v-francijo\/\" \/>\n<meta property=\"og:locale\" content=\"sl_SI\" \/>\n<meta property=\"og:type\" content=\"article\" \/>\n<meta property=\"og:title\" content=\"Spretni in sre\u010dni Slovenci gredo v Francijo - Hudo Slovenija\" \/>\n<meta property=\"og:description\" content=\"Kategorija: Rokomet Thu, 16 Jun 2016 06:00:00 +0200 Stavanger \u2013 \u00bbLepo\u00ab so se z \u017eivci svojih privr\u017eencev poigrali slovenski rokometa\u0161i. Ni manjkalo veliko, pa bi vse, kar so v Celju gradili 60 minut, z zadnjicami podrli v kon\u010dnici tekme v Stavangerju, kjer so si vseeno priigrali nastop na SP v Franciji. Na zadnji tekmi sezone so se izognili \u0161oku, ki bi v njihove vrste vnesel nemir pred skoraj\u0161njim za\u010detkom priprav za Rio. \u00bbBi, takoj,\u00ab generalni sekretar RZS Goran Cviji\u010d pred povratno kvalifikacijsko tekmo ni imel pomislekov na vpra\u0161anje, ali bi se podpisal pod poraz Slovenije s \u0161estimi goli, \u010de bi jih dosegla vsaj 19, kar bi pomenilo, da bi se skozi najo\u017eje \u0161ivankino uho prerinila na mondial. \u00bb\u0160teje samo kon\u010dni cilj, vtis gre hitro v pozabo,\u00ab je dodal mo\u017e, ki je v rokometu videl \u017ee marsikaj, tudi trenutke,\u00a0...\" \/>\n<meta property=\"og:url\" content=\"https:\/\/hudo.com\/si\/aktualno\/spretni-in-srecni-slovenci-gredo-v-francijo\/\" \/>\n<meta property=\"og:site_name\" content=\"Hudo Slovenija\" \/>\n<meta property=\"article:publisher\" content=\"https:\/\/www.facebook.com\/hudo.si\" \/>\n<meta property=\"article:published_time\" content=\"2016-06-16T02:00:00+00:00\" \/>\n<meta property=\"og:image\" content=\"https:\/\/hudo.com\/si\/wp-content\/uploads\/sites\/2\/2016\/06\/480x290_Delo_Foto-20160611185406-54983300.jpeg\" \/>\n\t<meta property=\"og:image:width\" content=\"480\" \/>\n\t<meta property=\"og:image:height\" content=\"290\" \/>\n\t<meta property=\"og:image:type\" content=\"image\/jpeg\" \/>\n<meta name=\"author\" content=\"hudo\" \/>\n<meta name=\"twitter:card\" content=\"summary_large_image\" \/>\n<meta name=\"twitter:creator\" content=\"@hudo_si\" \/>\n<meta name=\"twitter:site\" content=\"@hudo_si\" \/>\n<meta name=\"twitter:label1\" content=\"Written by\" \/>\n\t<meta name=\"twitter:data1\" content=\"hudo\" \/>\n\t<meta name=\"twitter:label2\" content=\"Est. reading time\" \/>\n\t<meta name=\"twitter:data2\" content=\"1 minuta\" \/>\n<script type=\"application\/ld+json\" class=\"yoast-schema-graph\">{\"@context\":\"https:\/\/schema.org\",\"@graph\":[{\"@type\":\"Article\",\"@id\":\"https:\/\/hudo.com\/si\/aktualno\/spretni-in-srecni-slovenci-gredo-v-francijo\/#article\",\"isPartOf\":{\"@id\":\"https:\/\/hudo.com\/si\/aktualno\/spretni-in-srecni-slovenci-gredo-v-francijo\/\"},\"author\":{\"name\":\"hudo\",\"@id\":\"https:\/\/hudo.com\/si\/#\/schema\/person\/601cf3379633985b20f7e50f2bb47707\"},\"headline\":\"Spretni in sre\u010dni Slovenci gredo v Francijo\",\"datePublished\":\"2016-06-16T02:00:00+00:00\",\"dateModified\":\"2016-06-16T02:00:00+00:00\",\"mainEntityOfPage\":{\"@id\":\"https:\/\/hudo.com\/si\/aktualno\/spretni-in-srecni-slovenci-gredo-v-francijo\/\"},\"wordCount\":147,\"publisher\":{\"@id\":\"https:\/\/hudo.com\/si\/#organization\"},\"articleSection\":[\"Aktualno\"],\"inLanguage\":\"sl-SI\"},{\"@type\":\"WebPage\",\"@id\":\"https:\/\/hudo.com\/si\/aktualno\/spretni-in-srecni-slovenci-gredo-v-francijo\/\",\"url\":\"https:\/\/hudo.com\/si\/aktualno\/spretni-in-srecni-slovenci-gredo-v-francijo\/\",\"name\":\"Spretni in sre\u010dni Slovenci gredo v Francijo - Hudo Slovenija\",\"isPartOf\":{\"@id\":\"https:\/\/hudo.com\/si\/#website\"},\"datePublished\":\"2016-06-16T02:00:00+00:00\",\"dateModified\":\"2016-06-16T02:00:00+00:00\",\"breadcrumb\":{\"@id\":\"https:\/\/hudo.com\/si\/aktualno\/spretni-in-srecni-slovenci-gredo-v-francijo\/#breadcrumb\"},\"inLanguage\":\"sl-SI\",\"potentialAction\":[{\"@type\":\"ReadAction\",\"target\":[\"https:\/\/hudo.com\/si\/aktualno\/spretni-in-srecni-slovenci-gredo-v-francijo\/\"]}]},{\"@type\":\"BreadcrumbList\",\"@id\":\"https:\/\/hudo.com\/si\/aktualno\/spretni-in-srecni-slovenci-gredo-v-francijo\/#breadcrumb\",\"itemListElement\":[{\"@type\":\"ListItem\",\"position\":1,\"name\":\"Home\",\"item\":\"https:\/\/hudo.com\/si\/\"},{\"@type\":\"ListItem\",\"position\":2,\"name\":\"Spretni in sre\u010dni Slovenci gredo v Francijo\"}]},{\"@type\":\"WebSite\",\"@id\":\"https:\/\/hudo.com\/si\/#website\",\"url\":\"https:\/\/hudo.com\/si\/\",\"name\":\"Hudo Slovenija\",\"description\":\"Vse novice iz Slovenije in sveta\",\"publisher\":{\"@id\":\"https:\/\/hudo.com\/si\/#organization\"},\"potentialAction\":[{\"@type\":\"SearchAction\",\"target\":{\"@type\":\"EntryPoint\",\"urlTemplate\":\"https:\/\/hudo.com\/si\/?s={search_term_string}\"},\"query-input\":\"required name=search_term_string\"}],\"inLanguage\":\"sl-SI\"},{\"@type\":\"Organization\",\"@id\":\"https:\/\/hudo.com\/si\/#organization\",\"name\":\"VSN Media\",\"url\":\"https:\/\/hudo.com\/si\/\",\"logo\":{\"@type\":\"ImageObject\",\"inLanguage\":\"sl-SI\",\"@id\":\"https:\/\/hudo.com\/si\/#\/schema\/logo\/image\/\",\"url\":\"https:\/\/hudo.com\/si\/wp-content\/uploads\/sites\/2\/2021\/03\/hudo-app-2.png\",\"contentUrl\":\"https:\/\/hudo.com\/si\/wp-content\/uploads\/sites\/2\/2021\/03\/hudo-app-2.png\",\"width\":2185,\"height\":2167,\"caption\":\"VSN Media\"},\"image\":{\"@id\":\"https:\/\/hudo.com\/si\/#\/schema\/logo\/image\/\"},\"sameAs\":[\"https:\/\/www.facebook.com\/hudo.si\",\"https:\/\/twitter.com\/hudo_si\"]},{\"@type\":\"Person\",\"@id\":\"https:\/\/hudo.com\/si\/#\/schema\/person\/601cf3379633985b20f7e50f2bb47707\",\"name\":\"hudo\",\"image\":{\"@type\":\"ImageObject\",\"inLanguage\":\"sl-SI\",\"@id\":\"https:\/\/hudo.com\/si\/#\/schema\/person\/image\/\",\"url\":\"https:\/\/secure.gravatar.com\/avatar\/c4ca25fa72cace7a696b52ff5db9e095?s=96&d=mm&r=g\",\"contentUrl\":\"https:\/\/secure.gravatar.com\/avatar\/c4ca25fa72cace7a696b52ff5db9e095?s=96&d=mm&r=g\",\"caption\":\"hudo\"},\"url\":\"https:\/\/hudo.com\/si\/author\/hudo\/\"}]}<\/script>\n<!-- \/ Yoast SEO plugin. -->","yoast_head_json":{"title":"Spretni in sre\u010dni Slovenci gredo v Francijo - Hudo Slovenija","robots":{"index":"index","follow":"follow","max-snippet":"max-snippet:-1","max-image-preview":"max-image-preview:large","max-video-preview":"max-video-preview:-1"},"canonical":"https:\/\/hudo.com\/si\/aktualno\/spretni-in-srecni-slovenci-gredo-v-francijo\/","og_locale":"sl_SI","og_type":"article","og_title":"Spretni in sre\u010dni Slovenci gredo v Francijo - Hudo Slovenija","og_description":"Kategorija: Rokomet Thu, 16 Jun 2016 06:00:00 +0200 Stavanger \u2013 \u00bbLepo\u00ab so se z \u017eivci svojih privr\u017eencev poigrali slovenski rokometa\u0161i. Ni manjkalo veliko, pa bi vse, kar so v Celju gradili 60 minut, z zadnjicami podrli v kon\u010dnici tekme v Stavangerju, kjer so si vseeno priigrali nastop na SP v Franciji. Na zadnji tekmi sezone so se izognili \u0161oku, ki bi v njihove vrste vnesel nemir pred skoraj\u0161njim za\u010detkom priprav za Rio. \u00bbBi, takoj,\u00ab generalni sekretar RZS Goran Cviji\u010d pred povratno kvalifikacijsko tekmo ni imel pomislekov na vpra\u0161anje, ali bi se podpisal pod poraz Slovenije s \u0161estimi goli, \u010de bi jih dosegla vsaj 19, kar bi pomenilo, da bi se skozi najo\u017eje \u0161ivankino uho prerinila na mondial. \u00bb\u0160teje samo kon\u010dni cilj, vtis gre hitro v pozabo,\u00ab je dodal mo\u017e, ki je v rokometu videl \u017ee marsikaj, tudi trenutke,\u00a0...","og_url":"https:\/\/hudo.com\/si\/aktualno\/spretni-in-srecni-slovenci-gredo-v-francijo\/","og_site_name":"Hudo Slovenija","article_publisher":"https:\/\/www.facebook.com\/hudo.si","article_published_time":"2016-06-16T02:00:00+00:00","og_image":[{"width":480,"height":290,"url":"https:\/\/hudo.com\/si\/wp-content\/uploads\/sites\/2\/2016\/06\/480x290_Delo_Foto-20160611185406-54983300.jpeg","type":"image\/jpeg"}],"author":"hudo","twitter_card":"summary_large_image","twitter_creator":"@hudo_si","twitter_site":"@hudo_si","twitter_misc":{"Written by":"hudo","Est. reading time":"1 minuta"},"schema":{"@context":"https:\/\/schema.org","@graph":[{"@type":"Article","@id":"https:\/\/hudo.com\/si\/aktualno\/spretni-in-srecni-slovenci-gredo-v-francijo\/#article","isPartOf":{"@id":"https:\/\/hudo.com\/si\/aktualno\/spretni-in-srecni-slovenci-gredo-v-francijo\/"},"author":{"name":"hudo","@id":"https:\/\/hudo.com\/si\/#\/schema\/person\/601cf3379633985b20f7e50f2bb47707"},"headline":"Spretni in sre\u010dni Slovenci gredo v Francijo","datePublished":"2016-06-16T02:00:00+00:00","dateModified":"2016-06-16T02:00:00+00:00","mainEntityOfPage":{"@id":"https:\/\/hudo.com\/si\/aktualno\/spretni-in-srecni-slovenci-gredo-v-francijo\/"},"wordCount":147,"publisher":{"@id":"https:\/\/hudo.com\/si\/#organization"},"articleSection":["Aktualno"],"inLanguage":"sl-SI"},{"@type":"WebPage","@id":"https:\/\/hudo.com\/si\/aktualno\/spretni-in-srecni-slovenci-gredo-v-francijo\/","url":"https:\/\/hudo.com\/si\/aktualno\/spretni-in-srecni-slovenci-gredo-v-francijo\/","name":"Spretni in sre\u010dni Slovenci gredo v Francijo - Hudo Slovenija","isPartOf":{"@id":"https:\/\/hudo.com\/si\/#website"},"datePublished":"2016-06-16T02:00:00+00:00","dateModified":"2016-06-16T02:00:00+00:00","breadcrumb":{"@id":"https:\/\/hudo.com\/si\/aktualno\/spretni-in-srecni-slovenci-gredo-v-francijo\/#breadcrumb"},"inLanguage":"sl-SI","potentialAction":[{"@type":"ReadAction","target":["https:\/\/hudo.com\/si\/aktualno\/spretni-in-srecni-slovenci-gredo-v-francijo\/"]}]},{"@type":"BreadcrumbList","@id":"https:\/\/hudo.com\/si\/aktualno\/spretni-in-srecni-slovenci-gredo-v-francijo\/#breadcrumb","itemListElement":[{"@type":"ListItem","position":1,"name":"Home","item":"https:\/\/hudo.com\/si\/"},{"@type":"ListItem","position":2,"name":"Spretni in sre\u010dni Slovenci gredo v Francijo"}]},{"@type":"WebSite","@id":"https:\/\/hudo.com\/si\/#website","url":"https:\/\/hudo.com\/si\/","name":"Hudo Slovenija","description":"Vse novice iz Slovenije in sveta","publisher":{"@id":"https:\/\/hudo.com\/si\/#organization"},"potentialAction":[{"@type":"SearchAction","target":{"@type":"EntryPoint","urlTemplate":"https:\/\/hudo.com\/si\/?s={search_term_string}"},"query-input":"required name=search_term_string"}],"inLanguage":"sl-SI"},{"@type":"Organization","@id":"https:\/\/hudo.com\/si\/#organization","name":"VSN Media","url":"https:\/\/hudo.com\/si\/","logo":{"@type":"ImageObject","inLanguage":"sl-SI","@id":"https:\/\/hudo.com\/si\/#\/schema\/logo\/image\/","url":"https:\/\/hudo.com\/si\/wp-content\/uploads\/sites\/2\/2021\/03\/hudo-app-2.png","contentUrl":"https:\/\/hudo.com\/si\/wp-content\/uploads\/sites\/2\/2021\/03\/hudo-app-2.png","width":2185,"height":2167,"caption":"VSN Media"},"image":{"@id":"https:\/\/hudo.com\/si\/#\/schema\/logo\/image\/"},"sameAs":["https:\/\/www.facebook.com\/hudo.si","https:\/\/twitter.com\/hudo_si"]},{"@type":"Person","@id":"https:\/\/hudo.com\/si\/#\/schema\/person\/601cf3379633985b20f7e50f2bb47707","name":"hudo","image":{"@type":"ImageObject","inLanguage":"sl-SI","@id":"https:\/\/hudo.com\/si\/#\/schema\/person\/image\/","url":"https:\/\/secure.gravatar.com\/avatar\/c4ca25fa72cace7a696b52ff5db9e095?s=96&d=mm&r=g","contentUrl":"https:\/\/secure.gravatar.com\/avatar\/c4ca25fa72cace7a696b52ff5db9e095?s=96&d=mm&r=g","caption":"hudo"},"url":"https:\/\/hudo.com\/si\/author\/hudo\/"}]}},"amp_enabled":true,"_links":{"self":[{"href":"https:\/\/hudo.com\/si\/wp-json\/wp\/v2\/posts\/76539"}],"collection":[{"href":"https:\/\/hudo.com\/si\/wp-json\/wp\/v2\/posts"}],"about":[{"href":"https:\/\/hudo.com\/si\/wp-json\/wp\/v2\/types\/post"}],"author":[{"embeddable":true,"href":"https:\/\/hudo.com\/si\/wp-json\/wp\/v2\/users\/1"}],"replies":[{"embeddable":true,"href":"https:\/\/hudo.com\/si\/wp-json\/wp\/v2\/comments?post=76539"}],"version-history":[{"count":0,"href":"https:\/\/hudo.com\/si\/wp-json\/wp\/v2\/posts\/76539\/revisions"}],"wp:attachment":[{"href":"https:\/\/hudo.com\/si\/wp-json\/wp\/v2\/media?parent=76539"}],"wp:term":[{"taxonomy":"category","embeddable":true,"href":"https:\/\/hudo.com\/si\/wp-json\/wp\/v2\/categories?post=76539"},{"taxonomy":"post_tag","embeddable":true,"href":"https:\/\/hudo.com\/si\/wp-json\/wp\/v2\/tags?post=76539"},{"taxonomy":"source","embeddable":true,"href":"https:\/\/hudo.com\/si\/wp-json\/wp\/v2\/source?post=76539"},{"taxonomy":"supertag","embeddable":true,"href":"https:\/\/hudo.com\/si\/wp-json\/wp\/v2\/supertag?post=76539"}],"curies":[{"name":"wp","href":"https:\/\/api.w.org\/{rel}","templated":true}]}}