{"id":76578,"date":"2016-06-16T07:30:00","date_gmt":"2016-06-16T05:30:00","guid":{"rendered":"http:\/\/hudo.com\/si\/2016\/06\/16\/varnostni-svet-bo-novega-generalnega-sekretarja-zn-zacel-izbirati-21-julija\/"},"modified":"2016-06-16T07:30:00","modified_gmt":"2016-06-16T05:30:00","slug":"varnostni-svet-bo-novega-generalnega-sekretarja-zn-zacel-izbirati-21-julija","status":"publish","type":"post","link":"https:\/\/hudo.com\/si\/aktualno\/varnostni-svet-bo-novega-generalnega-sekretarja-zn-zacel-izbirati-21-julija\/","title":{"rendered":"Varnostni svet bo novega generalnega sekretarja ZN za\u010del izbirati 21. julija"},"content":{"rendered":"<p>Kategorija: Globalno Thu, 16 Jun 2016 09:30:00 +0200  New York\u00a0\u2212 Francoski veleposlanik pri Zdru\u017eenih narodih Fran\u00e7ois Delattre, ki v juniju predseduje Varnostnemu svetu Zdru\u017eenih narodov, je sporo\u010dil, da bodo \u010dlanice 21. julija za\u010dele z izbiro novega generalnega sekretarja, ki bo 1. januarja prihodnje leto zamenjal Ban Ki Muna. Med enajstimi kandidati je tudi nekdanji slovenski predsednik Danilo T\u00fcrk, pi\u0161e Slovenska tiskovna agencija. Delattre je v pismu Generalni skup\u0161\u010dini ZN sporo\u010dil, da se bo 21. julija za\u010del prvi od verjetno \u0161tevilnih krogov tajnega glasovanja. \u010clani Varnostnega sveta bodo morali pri imenu vsakega kandidata izbrati, ali podpirajo kandidaturo ali jo odsvetujejo ali pa o njej nimajo mnenja. Rezultate bodo potem pokazali kandidatom, ki se bodo sami odlo\u010dili, kako naprej, glede na podporo, ki jo imajo ali nimajo, pi\u0161e STA. Varnostni svet naj bi se o Banovem nasledniku odlo\u010dil do oktobra in ime\u00a0&#8230;<\/p>\n","protected":false},"excerpt":{"rendered":"<p>Kategorija: Globalno Thu, 16 Jun 2016 09:30:00 +0200  New York\u00a0\u2212 Francoski veleposlanik pri Zdru\u017eenih narodih Fran\u00e7ois Delattre, ki v juniju predseduje Varnostnemu svetu Zdru\u017eenih narodov, je sporo\u010dil, da bodo \u010dlanice 21. julija za\u010dele z izbiro novega generalnega sekretarja, ki bo 1. januarja prihodnje leto zamenjal Ban Ki Muna. Med enajstimi kandidati je tudi nekdanji slovenski predsednik Danilo T\u00fcrk, pi\u0161e Slovenska tiskovna agencija. Delattre je v pismu Generalni skup\u0161\u010dini ZN sporo\u010dil, da se bo 21. julija za\u010del prvi od verjetno \u0161tevilnih krogov tajnega glasovanja. \u010clani Varnostnega sveta bodo morali pri imenu vsakega kandidata izbrati, ali podpirajo kandidaturo ali jo odsvetujejo ali pa o njej nimajo mnenja. Rezultate bodo potem pokazali kandidatom, ki se bodo sami odlo\u010dili, kako naprej, glede na podporo, ki jo imajo ali nimajo, pi\u0161e STA. Varnostni svet naj bi se o Banovem nasledniku odlo\u010dil do oktobra in ime\u00a0&#8230;<\/p>\n","protected":false},"author":1,"featured_media":0,"comment_status":"closed","ping_status":"closed","sticky":false,"template":"","format":"standard","meta":{"footnotes":""},"categories":[1179],"tags":[],"source":[4511],"supertag":[],"acf":[],"yoast_head":"<!-- This site is optimized with the Yoast SEO plugin v21.3 - https:\/\/yoast.com\/wordpress\/plugins\/seo\/ -->\n<title>Varnostni svet bo novega generalnega sekretarja ZN za\u010del izbirati 21. julija - Hudo Slovenija<\/title>\n<meta name=\"robots\" content=\"index, follow, max-snippet:-1, max-image-preview:large, max-video-preview:-1\" \/>\n<link rel=\"canonical\" href=\"https:\/\/hudo.com\/si\/aktualno\/varnostni-svet-bo-novega-generalnega-sekretarja-zn-zacel-izbirati-21-julija\/\" \/>\n<meta property=\"og:locale\" content=\"sl_SI\" \/>\n<meta property=\"og:type\" content=\"article\" \/>\n<meta property=\"og:title\" content=\"Varnostni svet bo novega generalnega sekretarja ZN za\u010del izbirati 21. julija - Hudo Slovenija\" \/>\n<meta property=\"og:description\" content=\"Kategorija: Globalno Thu, 16 Jun 2016 09:30:00 +0200 New York\u00a0\u2212 Francoski veleposlanik pri Zdru\u017eenih narodih Fran\u00e7ois Delattre, ki v juniju predseduje Varnostnemu svetu Zdru\u017eenih narodov, je sporo\u010dil, da bodo \u010dlanice 21. julija za\u010dele z izbiro novega generalnega sekretarja, ki bo 1. januarja prihodnje leto zamenjal Ban Ki Muna. Med enajstimi kandidati je tudi nekdanji slovenski predsednik Danilo T\u00fcrk, pi\u0161e Slovenska tiskovna agencija. Delattre je v pismu Generalni skup\u0161\u010dini ZN sporo\u010dil, da se bo 21. julija za\u010del prvi od verjetno \u0161tevilnih krogov tajnega glasovanja. \u010clani Varnostnega sveta bodo morali pri imenu vsakega kandidata izbrati, ali podpirajo kandidaturo ali jo odsvetujejo ali pa o njej nimajo mnenja. Rezultate bodo potem pokazali kandidatom, ki se bodo sami odlo\u010dili, kako naprej, glede na podporo, ki jo imajo ali nimajo, pi\u0161e STA. Varnostni svet naj bi se o Banovem nasledniku odlo\u010dil do oktobra in ime\u00a0...\" \/>\n<meta property=\"og:url\" content=\"https:\/\/hudo.com\/si\/aktualno\/varnostni-svet-bo-novega-generalnega-sekretarja-zn-zacel-izbirati-21-julija\/\" \/>\n<meta property=\"og:site_name\" content=\"Hudo Slovenija\" \/>\n<meta property=\"article:publisher\" content=\"https:\/\/www.facebook.com\/hudo.si\" \/>\n<meta property=\"article:published_time\" content=\"2016-06-16T05:30:00+00:00\" \/>\n<meta property=\"og:image\" content=\"https:\/\/hudo.com\/si\/wp-content\/uploads\/sites\/2\/2016\/06\/480x290_AP_Pictures-20160412154135-44364600.jpeg\" \/>\n\t<meta property=\"og:image:width\" content=\"480\" \/>\n\t<meta property=\"og:image:height\" content=\"290\" \/>\n\t<meta property=\"og:image:type\" content=\"image\/jpeg\" \/>\n<meta name=\"author\" content=\"hudo\" \/>\n<meta name=\"twitter:card\" content=\"summary_large_image\" \/>\n<meta name=\"twitter:creator\" content=\"@hudo_si\" \/>\n<meta name=\"twitter:site\" content=\"@hudo_si\" \/>\n<meta name=\"twitter:label1\" content=\"Written by\" \/>\n\t<meta name=\"twitter:data1\" content=\"hudo\" \/>\n\t<meta name=\"twitter:label2\" content=\"Est. reading time\" \/>\n\t<meta name=\"twitter:data2\" content=\"1 minuta\" \/>\n<script type=\"application\/ld+json\" class=\"yoast-schema-graph\">{\"@context\":\"https:\/\/schema.org\",\"@graph\":[{\"@type\":\"Article\",\"@id\":\"https:\/\/hudo.com\/si\/aktualno\/varnostni-svet-bo-novega-generalnega-sekretarja-zn-zacel-izbirati-21-julija\/#article\",\"isPartOf\":{\"@id\":\"https:\/\/hudo.com\/si\/aktualno\/varnostni-svet-bo-novega-generalnega-sekretarja-zn-zacel-izbirati-21-julija\/\"},\"author\":{\"name\":\"hudo\",\"@id\":\"https:\/\/hudo.com\/si\/#\/schema\/person\/601cf3379633985b20f7e50f2bb47707\"},\"headline\":\"Varnostni svet bo novega generalnega sekretarja ZN za\u010del izbirati 21. julija\",\"datePublished\":\"2016-06-16T05:30:00+00:00\",\"dateModified\":\"2016-06-16T05:30:00+00:00\",\"mainEntityOfPage\":{\"@id\":\"https:\/\/hudo.com\/si\/aktualno\/varnostni-svet-bo-novega-generalnega-sekretarja-zn-zacel-izbirati-21-julija\/\"},\"wordCount\":157,\"publisher\":{\"@id\":\"https:\/\/hudo.com\/si\/#organization\"},\"articleSection\":[\"Aktualno\"],\"inLanguage\":\"sl-SI\"},{\"@type\":\"WebPage\",\"@id\":\"https:\/\/hudo.com\/si\/aktualno\/varnostni-svet-bo-novega-generalnega-sekretarja-zn-zacel-izbirati-21-julija\/\",\"url\":\"https:\/\/hudo.com\/si\/aktualno\/varnostni-svet-bo-novega-generalnega-sekretarja-zn-zacel-izbirati-21-julija\/\",\"name\":\"Varnostni svet bo novega generalnega sekretarja ZN za\u010del izbirati 21. julija - Hudo Slovenija\",\"isPartOf\":{\"@id\":\"https:\/\/hudo.com\/si\/#website\"},\"datePublished\":\"2016-06-16T05:30:00+00:00\",\"dateModified\":\"2016-06-16T05:30:00+00:00\",\"breadcrumb\":{\"@id\":\"https:\/\/hudo.com\/si\/aktualno\/varnostni-svet-bo-novega-generalnega-sekretarja-zn-zacel-izbirati-21-julija\/#breadcrumb\"},\"inLanguage\":\"sl-SI\",\"potentialAction\":[{\"@type\":\"ReadAction\",\"target\":[\"https:\/\/hudo.com\/si\/aktualno\/varnostni-svet-bo-novega-generalnega-sekretarja-zn-zacel-izbirati-21-julija\/\"]}]},{\"@type\":\"BreadcrumbList\",\"@id\":\"https:\/\/hudo.com\/si\/aktualno\/varnostni-svet-bo-novega-generalnega-sekretarja-zn-zacel-izbirati-21-julija\/#breadcrumb\",\"itemListElement\":[{\"@type\":\"ListItem\",\"position\":1,\"name\":\"Home\",\"item\":\"https:\/\/hudo.com\/si\/\"},{\"@type\":\"ListItem\",\"position\":2,\"name\":\"Varnostni svet bo novega generalnega sekretarja ZN za\u010del izbirati 21. julija\"}]},{\"@type\":\"WebSite\",\"@id\":\"https:\/\/hudo.com\/si\/#website\",\"url\":\"https:\/\/hudo.com\/si\/\",\"name\":\"Hudo Slovenija\",\"description\":\"Vse novice iz Slovenije in sveta\",\"publisher\":{\"@id\":\"https:\/\/hudo.com\/si\/#organization\"},\"potentialAction\":[{\"@type\":\"SearchAction\",\"target\":{\"@type\":\"EntryPoint\",\"urlTemplate\":\"https:\/\/hudo.com\/si\/?s={search_term_string}\"},\"query-input\":\"required name=search_term_string\"}],\"inLanguage\":\"sl-SI\"},{\"@type\":\"Organization\",\"@id\":\"https:\/\/hudo.com\/si\/#organization\",\"name\":\"VSN Media\",\"url\":\"https:\/\/hudo.com\/si\/\",\"logo\":{\"@type\":\"ImageObject\",\"inLanguage\":\"sl-SI\",\"@id\":\"https:\/\/hudo.com\/si\/#\/schema\/logo\/image\/\",\"url\":\"https:\/\/hudo.com\/si\/wp-content\/uploads\/sites\/2\/2021\/03\/hudo-app-2.png\",\"contentUrl\":\"https:\/\/hudo.com\/si\/wp-content\/uploads\/sites\/2\/2021\/03\/hudo-app-2.png\",\"width\":2185,\"height\":2167,\"caption\":\"VSN Media\"},\"image\":{\"@id\":\"https:\/\/hudo.com\/si\/#\/schema\/logo\/image\/\"},\"sameAs\":[\"https:\/\/www.facebook.com\/hudo.si\",\"https:\/\/twitter.com\/hudo_si\"]},{\"@type\":\"Person\",\"@id\":\"https:\/\/hudo.com\/si\/#\/schema\/person\/601cf3379633985b20f7e50f2bb47707\",\"name\":\"hudo\",\"image\":{\"@type\":\"ImageObject\",\"inLanguage\":\"sl-SI\",\"@id\":\"https:\/\/hudo.com\/si\/#\/schema\/person\/image\/\",\"url\":\"https:\/\/secure.gravatar.com\/avatar\/c4ca25fa72cace7a696b52ff5db9e095?s=96&d=mm&r=g\",\"contentUrl\":\"https:\/\/secure.gravatar.com\/avatar\/c4ca25fa72cace7a696b52ff5db9e095?s=96&d=mm&r=g\",\"caption\":\"hudo\"},\"url\":\"https:\/\/hudo.com\/si\/author\/hudo\/\"}]}<\/script>\n<!-- \/ Yoast SEO plugin. -->","yoast_head_json":{"title":"Varnostni svet bo novega generalnega sekretarja ZN za\u010del izbirati 21. julija - Hudo Slovenija","robots":{"index":"index","follow":"follow","max-snippet":"max-snippet:-1","max-image-preview":"max-image-preview:large","max-video-preview":"max-video-preview:-1"},"canonical":"https:\/\/hudo.com\/si\/aktualno\/varnostni-svet-bo-novega-generalnega-sekretarja-zn-zacel-izbirati-21-julija\/","og_locale":"sl_SI","og_type":"article","og_title":"Varnostni svet bo novega generalnega sekretarja ZN za\u010del izbirati 21. julija - Hudo Slovenija","og_description":"Kategorija: Globalno Thu, 16 Jun 2016 09:30:00 +0200 New York\u00a0\u2212 Francoski veleposlanik pri Zdru\u017eenih narodih Fran\u00e7ois Delattre, ki v juniju predseduje Varnostnemu svetu Zdru\u017eenih narodov, je sporo\u010dil, da bodo \u010dlanice 21. julija za\u010dele z izbiro novega generalnega sekretarja, ki bo 1. januarja prihodnje leto zamenjal Ban Ki Muna. Med enajstimi kandidati je tudi nekdanji slovenski predsednik Danilo T\u00fcrk, pi\u0161e Slovenska tiskovna agencija. Delattre je v pismu Generalni skup\u0161\u010dini ZN sporo\u010dil, da se bo 21. julija za\u010del prvi od verjetno \u0161tevilnih krogov tajnega glasovanja. \u010clani Varnostnega sveta bodo morali pri imenu vsakega kandidata izbrati, ali podpirajo kandidaturo ali jo odsvetujejo ali pa o njej nimajo mnenja. Rezultate bodo potem pokazali kandidatom, ki se bodo sami odlo\u010dili, kako naprej, glede na podporo, ki jo imajo ali nimajo, pi\u0161e STA. Varnostni svet naj bi se o Banovem nasledniku odlo\u010dil do oktobra in ime\u00a0...","og_url":"https:\/\/hudo.com\/si\/aktualno\/varnostni-svet-bo-novega-generalnega-sekretarja-zn-zacel-izbirati-21-julija\/","og_site_name":"Hudo Slovenija","article_publisher":"https:\/\/www.facebook.com\/hudo.si","article_published_time":"2016-06-16T05:30:00+00:00","og_image":[{"width":480,"height":290,"url":"https:\/\/hudo.com\/si\/wp-content\/uploads\/sites\/2\/2016\/06\/480x290_AP_Pictures-20160412154135-44364600.jpeg","type":"image\/jpeg"}],"author":"hudo","twitter_card":"summary_large_image","twitter_creator":"@hudo_si","twitter_site":"@hudo_si","twitter_misc":{"Written by":"hudo","Est. reading time":"1 minuta"},"schema":{"@context":"https:\/\/schema.org","@graph":[{"@type":"Article","@id":"https:\/\/hudo.com\/si\/aktualno\/varnostni-svet-bo-novega-generalnega-sekretarja-zn-zacel-izbirati-21-julija\/#article","isPartOf":{"@id":"https:\/\/hudo.com\/si\/aktualno\/varnostni-svet-bo-novega-generalnega-sekretarja-zn-zacel-izbirati-21-julija\/"},"author":{"name":"hudo","@id":"https:\/\/hudo.com\/si\/#\/schema\/person\/601cf3379633985b20f7e50f2bb47707"},"headline":"Varnostni svet bo novega generalnega sekretarja ZN za\u010del izbirati 21. julija","datePublished":"2016-06-16T05:30:00+00:00","dateModified":"2016-06-16T05:30:00+00:00","mainEntityOfPage":{"@id":"https:\/\/hudo.com\/si\/aktualno\/varnostni-svet-bo-novega-generalnega-sekretarja-zn-zacel-izbirati-21-julija\/"},"wordCount":157,"publisher":{"@id":"https:\/\/hudo.com\/si\/#organization"},"articleSection":["Aktualno"],"inLanguage":"sl-SI"},{"@type":"WebPage","@id":"https:\/\/hudo.com\/si\/aktualno\/varnostni-svet-bo-novega-generalnega-sekretarja-zn-zacel-izbirati-21-julija\/","url":"https:\/\/hudo.com\/si\/aktualno\/varnostni-svet-bo-novega-generalnega-sekretarja-zn-zacel-izbirati-21-julija\/","name":"Varnostni svet bo novega generalnega sekretarja ZN za\u010del izbirati 21. julija - Hudo Slovenija","isPartOf":{"@id":"https:\/\/hudo.com\/si\/#website"},"datePublished":"2016-06-16T05:30:00+00:00","dateModified":"2016-06-16T05:30:00+00:00","breadcrumb":{"@id":"https:\/\/hudo.com\/si\/aktualno\/varnostni-svet-bo-novega-generalnega-sekretarja-zn-zacel-izbirati-21-julija\/#breadcrumb"},"inLanguage":"sl-SI","potentialAction":[{"@type":"ReadAction","target":["https:\/\/hudo.com\/si\/aktualno\/varnostni-svet-bo-novega-generalnega-sekretarja-zn-zacel-izbirati-21-julija\/"]}]},{"@type":"BreadcrumbList","@id":"https:\/\/hudo.com\/si\/aktualno\/varnostni-svet-bo-novega-generalnega-sekretarja-zn-zacel-izbirati-21-julija\/#breadcrumb","itemListElement":[{"@type":"ListItem","position":1,"name":"Home","item":"https:\/\/hudo.com\/si\/"},{"@type":"ListItem","position":2,"name":"Varnostni svet bo novega generalnega sekretarja ZN za\u010del izbirati 21. julija"}]},{"@type":"WebSite","@id":"https:\/\/hudo.com\/si\/#website","url":"https:\/\/hudo.com\/si\/","name":"Hudo Slovenija","description":"Vse novice iz Slovenije in sveta","publisher":{"@id":"https:\/\/hudo.com\/si\/#organization"},"potentialAction":[{"@type":"SearchAction","target":{"@type":"EntryPoint","urlTemplate":"https:\/\/hudo.com\/si\/?s={search_term_string}"},"query-input":"required name=search_term_string"}],"inLanguage":"sl-SI"},{"@type":"Organization","@id":"https:\/\/hudo.com\/si\/#organization","name":"VSN Media","url":"https:\/\/hudo.com\/si\/","logo":{"@type":"ImageObject","inLanguage":"sl-SI","@id":"https:\/\/hudo.com\/si\/#\/schema\/logo\/image\/","url":"https:\/\/hudo.com\/si\/wp-content\/uploads\/sites\/2\/2021\/03\/hudo-app-2.png","contentUrl":"https:\/\/hudo.com\/si\/wp-content\/uploads\/sites\/2\/2021\/03\/hudo-app-2.png","width":2185,"height":2167,"caption":"VSN Media"},"image":{"@id":"https:\/\/hudo.com\/si\/#\/schema\/logo\/image\/"},"sameAs":["https:\/\/www.facebook.com\/hudo.si","https:\/\/twitter.com\/hudo_si"]},{"@type":"Person","@id":"https:\/\/hudo.com\/si\/#\/schema\/person\/601cf3379633985b20f7e50f2bb47707","name":"hudo","image":{"@type":"ImageObject","inLanguage":"sl-SI","@id":"https:\/\/hudo.com\/si\/#\/schema\/person\/image\/","url":"https:\/\/secure.gravatar.com\/avatar\/c4ca25fa72cace7a696b52ff5db9e095?s=96&d=mm&r=g","contentUrl":"https:\/\/secure.gravatar.com\/avatar\/c4ca25fa72cace7a696b52ff5db9e095?s=96&d=mm&r=g","caption":"hudo"},"url":"https:\/\/hudo.com\/si\/author\/hudo\/"}]}},"amp_enabled":true,"_links":{"self":[{"href":"https:\/\/hudo.com\/si\/wp-json\/wp\/v2\/posts\/76578"}],"collection":[{"href":"https:\/\/hudo.com\/si\/wp-json\/wp\/v2\/posts"}],"about":[{"href":"https:\/\/hudo.com\/si\/wp-json\/wp\/v2\/types\/post"}],"author":[{"embeddable":true,"href":"https:\/\/hudo.com\/si\/wp-json\/wp\/v2\/users\/1"}],"replies":[{"embeddable":true,"href":"https:\/\/hudo.com\/si\/wp-json\/wp\/v2\/comments?post=76578"}],"version-history":[{"count":0,"href":"https:\/\/hudo.com\/si\/wp-json\/wp\/v2\/posts\/76578\/revisions"}],"wp:attachment":[{"href":"https:\/\/hudo.com\/si\/wp-json\/wp\/v2\/media?parent=76578"}],"wp:term":[{"taxonomy":"category","embeddable":true,"href":"https:\/\/hudo.com\/si\/wp-json\/wp\/v2\/categories?post=76578"},{"taxonomy":"post_tag","embeddable":true,"href":"https:\/\/hudo.com\/si\/wp-json\/wp\/v2\/tags?post=76578"},{"taxonomy":"source","embeddable":true,"href":"https:\/\/hudo.com\/si\/wp-json\/wp\/v2\/source?post=76578"},{"taxonomy":"supertag","embeddable":true,"href":"https:\/\/hudo.com\/si\/wp-json\/wp\/v2\/supertag?post=76578"}],"curies":[{"name":"wp","href":"https:\/\/api.w.org\/{rel}","templated":true}]}}