{"id":76894,"date":"2016-06-16T15:29:25","date_gmt":"2016-06-16T13:29:25","guid":{"rendered":"http:\/\/hudo.com\/si\/2016\/06\/16\/kpk-nad-karla-erjavca-zaradi-domnevnega-politicnega-izsiljevanja-anje-kopac-mrak\/"},"modified":"2016-06-17T16:51:52","modified_gmt":"2016-06-17T14:51:52","slug":"kpk-nad-karla-erjavca-zaradi-domnevnega-politicnega-izsiljevanja-anje-kopac-mrak","status":"publish","type":"post","link":"https:\/\/hudo.com\/si\/aktualno\/kpk-nad-karla-erjavca-zaradi-domnevnega-politicnega-izsiljevanja-anje-kopac-mrak\/","title":{"rendered":"KPK nad Karla Erjavca zaradi domnevnega politi\u010dnega izsiljevanja Anje Kopa\u010d Mrak"},"content":{"rendered":"<p>Komisija za prepre\u010devanje korupcije je na lastno pobudo za\u010dela preiskavo zoper zunanjega ministra in predsednika DeSUS Karla Erjavca. Preiskavo so za\u010deli po v\u010deraj\u0161nji interpelaciji ministrice za delo in dru\u017einske zadeve Anje Kopa\u010d Mrak. Kot je znano, interpelacija ni uspela, kljub temu, da so jo podpirali tudi v Zdru\u017eeni levici in stranki DeSUS. DeSUS oziroma Erjavec<\/p>\n","protected":false},"excerpt":{"rendered":"<p>Komisija za prepre\u010devanje korupcije je na lastno pobudo za\u010dela preiskavo zoper zunanjega ministra in predsednika DeSUS Karla Erjavca. Preiskavo so za\u010deli po v\u010deraj\u0161nji interpelaciji ministrice za delo in dru\u017einske zadeve Anje Kopa\u010d Mrak. Kot je znano, interpelacija ni uspela, kljub temu, da so jo podpirali tudi v Zdru\u017eeni levici in stranki DeSUS. DeSUS oziroma Erjavec<\/p>\n","protected":false},"author":1,"featured_media":0,"comment_status":"closed","ping_status":"closed","sticky":false,"template":"","format":"standard","meta":{"footnotes":""},"categories":[1179],"tags":[],"source":[1710],"supertag":[],"acf":[],"yoast_head":"<!-- This site is optimized with the Yoast SEO plugin v21.3 - https:\/\/yoast.com\/wordpress\/plugins\/seo\/ -->\n<title>KPK nad Karla Erjavca zaradi domnevnega politi\u010dnega izsiljevanja Anje Kopa\u010d Mrak - Hudo Slovenija<\/title>\n<meta name=\"robots\" content=\"index, follow, max-snippet:-1, max-image-preview:large, max-video-preview:-1\" \/>\n<link rel=\"canonical\" href=\"https:\/\/hudo.com\/si\/aktualno\/kpk-nad-karla-erjavca-zaradi-domnevnega-politicnega-izsiljevanja-anje-kopac-mrak\/\" \/>\n<meta property=\"og:locale\" content=\"sl_SI\" \/>\n<meta property=\"og:type\" content=\"article\" \/>\n<meta property=\"og:title\" content=\"KPK nad Karla Erjavca zaradi domnevnega politi\u010dnega izsiljevanja Anje Kopa\u010d Mrak - Hudo Slovenija\" \/>\n<meta property=\"og:description\" content=\"Komisija za prepre\u010devanje korupcije je na lastno pobudo za\u010dela preiskavo zoper zunanjega ministra in predsednika DeSUS Karla Erjavca. Preiskavo so za\u010deli po v\u010deraj\u0161nji interpelaciji ministrice za delo in dru\u017einske zadeve Anje Kopa\u010d Mrak. Kot je znano, interpelacija ni uspela, kljub temu, da so jo podpirali tudi v Zdru\u017eeni levici in stranki DeSUS. DeSUS oziroma Erjavec\" \/>\n<meta property=\"og:url\" content=\"https:\/\/hudo.com\/si\/aktualno\/kpk-nad-karla-erjavca-zaradi-domnevnega-politicnega-izsiljevanja-anje-kopac-mrak\/\" \/>\n<meta property=\"og:site_name\" content=\"Hudo Slovenija\" \/>\n<meta property=\"article:publisher\" content=\"https:\/\/www.facebook.com\/hudo.si\" \/>\n<meta property=\"article:published_time\" content=\"2016-06-16T13:29:25+00:00\" \/>\n<meta property=\"article:modified_time\" content=\"2016-06-17T14:51:52+00:00\" \/>\n<meta property=\"og:image\" content=\"https:\/\/hudo.com\/si\/wp-content\/uploads\/sites\/2\/2016\/06\/karel-erjavec-na-01.jpg\" \/>\n\t<meta property=\"og:image:width\" content=\"640\" \/>\n\t<meta property=\"og:image:height\" content=\"415\" \/>\n\t<meta property=\"og:image:type\" content=\"image\/jpeg\" \/>\n<meta name=\"author\" content=\"hudo\" \/>\n<meta name=\"twitter:card\" content=\"summary_large_image\" \/>\n<meta name=\"twitter:creator\" content=\"@hudo_si\" \/>\n<meta name=\"twitter:site\" content=\"@hudo_si\" \/>\n<meta name=\"twitter:label1\" content=\"Written by\" \/>\n\t<meta name=\"twitter:data1\" content=\"hudo\" \/>\n<script type=\"application\/ld+json\" class=\"yoast-schema-graph\">{\"@context\":\"https:\/\/schema.org\",\"@graph\":[{\"@type\":\"Article\",\"@id\":\"https:\/\/hudo.com\/si\/aktualno\/kpk-nad-karla-erjavca-zaradi-domnevnega-politicnega-izsiljevanja-anje-kopac-mrak\/#article\",\"isPartOf\":{\"@id\":\"https:\/\/hudo.com\/si\/aktualno\/kpk-nad-karla-erjavca-zaradi-domnevnega-politicnega-izsiljevanja-anje-kopac-mrak\/\"},\"author\":{\"name\":\"hudo\",\"@id\":\"https:\/\/hudo.com\/si\/#\/schema\/person\/601cf3379633985b20f7e50f2bb47707\"},\"headline\":\"KPK nad Karla Erjavca zaradi domnevnega politi\u010dnega izsiljevanja Anje Kopa\u010d Mrak\",\"datePublished\":\"2016-06-16T13:29:25+00:00\",\"dateModified\":\"2016-06-17T14:51:52+00:00\",\"mainEntityOfPage\":{\"@id\":\"https:\/\/hudo.com\/si\/aktualno\/kpk-nad-karla-erjavca-zaradi-domnevnega-politicnega-izsiljevanja-anje-kopac-mrak\/\"},\"wordCount\":74,\"publisher\":{\"@id\":\"https:\/\/hudo.com\/si\/#organization\"},\"articleSection\":[\"Aktualno\"],\"inLanguage\":\"sl-SI\"},{\"@type\":\"WebPage\",\"@id\":\"https:\/\/hudo.com\/si\/aktualno\/kpk-nad-karla-erjavca-zaradi-domnevnega-politicnega-izsiljevanja-anje-kopac-mrak\/\",\"url\":\"https:\/\/hudo.com\/si\/aktualno\/kpk-nad-karla-erjavca-zaradi-domnevnega-politicnega-izsiljevanja-anje-kopac-mrak\/\",\"name\":\"KPK nad Karla Erjavca zaradi domnevnega politi\u010dnega izsiljevanja Anje Kopa\u010d Mrak - Hudo Slovenija\",\"isPartOf\":{\"@id\":\"https:\/\/hudo.com\/si\/#website\"},\"datePublished\":\"2016-06-16T13:29:25+00:00\",\"dateModified\":\"2016-06-17T14:51:52+00:00\",\"breadcrumb\":{\"@id\":\"https:\/\/hudo.com\/si\/aktualno\/kpk-nad-karla-erjavca-zaradi-domnevnega-politicnega-izsiljevanja-anje-kopac-mrak\/#breadcrumb\"},\"inLanguage\":\"sl-SI\",\"potentialAction\":[{\"@type\":\"ReadAction\",\"target\":[\"https:\/\/hudo.com\/si\/aktualno\/kpk-nad-karla-erjavca-zaradi-domnevnega-politicnega-izsiljevanja-anje-kopac-mrak\/\"]}]},{\"@type\":\"BreadcrumbList\",\"@id\":\"https:\/\/hudo.com\/si\/aktualno\/kpk-nad-karla-erjavca-zaradi-domnevnega-politicnega-izsiljevanja-anje-kopac-mrak\/#breadcrumb\",\"itemListElement\":[{\"@type\":\"ListItem\",\"position\":1,\"name\":\"Home\",\"item\":\"https:\/\/hudo.com\/si\/\"},{\"@type\":\"ListItem\",\"position\":2,\"name\":\"KPK nad Karla Erjavca zaradi domnevnega politi\u010dnega izsiljevanja Anje Kopa\u010d Mrak\"}]},{\"@type\":\"WebSite\",\"@id\":\"https:\/\/hudo.com\/si\/#website\",\"url\":\"https:\/\/hudo.com\/si\/\",\"name\":\"Hudo Slovenija\",\"description\":\"Vse novice iz Slovenije in sveta\",\"publisher\":{\"@id\":\"https:\/\/hudo.com\/si\/#organization\"},\"potentialAction\":[{\"@type\":\"SearchAction\",\"target\":{\"@type\":\"EntryPoint\",\"urlTemplate\":\"https:\/\/hudo.com\/si\/?s={search_term_string}\"},\"query-input\":\"required name=search_term_string\"}],\"inLanguage\":\"sl-SI\"},{\"@type\":\"Organization\",\"@id\":\"https:\/\/hudo.com\/si\/#organization\",\"name\":\"VSN Media\",\"url\":\"https:\/\/hudo.com\/si\/\",\"logo\":{\"@type\":\"ImageObject\",\"inLanguage\":\"sl-SI\",\"@id\":\"https:\/\/hudo.com\/si\/#\/schema\/logo\/image\/\",\"url\":\"https:\/\/hudo.com\/si\/wp-content\/uploads\/sites\/2\/2021\/03\/hudo-app-2.png\",\"contentUrl\":\"https:\/\/hudo.com\/si\/wp-content\/uploads\/sites\/2\/2021\/03\/hudo-app-2.png\",\"width\":2185,\"height\":2167,\"caption\":\"VSN Media\"},\"image\":{\"@id\":\"https:\/\/hudo.com\/si\/#\/schema\/logo\/image\/\"},\"sameAs\":[\"https:\/\/www.facebook.com\/hudo.si\",\"https:\/\/twitter.com\/hudo_si\"]},{\"@type\":\"Person\",\"@id\":\"https:\/\/hudo.com\/si\/#\/schema\/person\/601cf3379633985b20f7e50f2bb47707\",\"name\":\"hudo\",\"image\":{\"@type\":\"ImageObject\",\"inLanguage\":\"sl-SI\",\"@id\":\"https:\/\/hudo.com\/si\/#\/schema\/person\/image\/\",\"url\":\"https:\/\/secure.gravatar.com\/avatar\/c4ca25fa72cace7a696b52ff5db9e095?s=96&d=mm&r=g\",\"contentUrl\":\"https:\/\/secure.gravatar.com\/avatar\/c4ca25fa72cace7a696b52ff5db9e095?s=96&d=mm&r=g\",\"caption\":\"hudo\"},\"url\":\"https:\/\/hudo.com\/si\/author\/hudo\/\"}]}<\/script>\n<!-- \/ Yoast SEO plugin. -->","yoast_head_json":{"title":"KPK nad Karla Erjavca zaradi domnevnega politi\u010dnega izsiljevanja Anje Kopa\u010d Mrak - Hudo Slovenija","robots":{"index":"index","follow":"follow","max-snippet":"max-snippet:-1","max-image-preview":"max-image-preview:large","max-video-preview":"max-video-preview:-1"},"canonical":"https:\/\/hudo.com\/si\/aktualno\/kpk-nad-karla-erjavca-zaradi-domnevnega-politicnega-izsiljevanja-anje-kopac-mrak\/","og_locale":"sl_SI","og_type":"article","og_title":"KPK nad Karla Erjavca zaradi domnevnega politi\u010dnega izsiljevanja Anje Kopa\u010d Mrak - Hudo Slovenija","og_description":"Komisija za prepre\u010devanje korupcije je na lastno pobudo za\u010dela preiskavo zoper zunanjega ministra in predsednika DeSUS Karla Erjavca. Preiskavo so za\u010deli po v\u010deraj\u0161nji interpelaciji ministrice za delo in dru\u017einske zadeve Anje Kopa\u010d Mrak. Kot je znano, interpelacija ni uspela, kljub temu, da so jo podpirali tudi v Zdru\u017eeni levici in stranki DeSUS. DeSUS oziroma Erjavec","og_url":"https:\/\/hudo.com\/si\/aktualno\/kpk-nad-karla-erjavca-zaradi-domnevnega-politicnega-izsiljevanja-anje-kopac-mrak\/","og_site_name":"Hudo Slovenija","article_publisher":"https:\/\/www.facebook.com\/hudo.si","article_published_time":"2016-06-16T13:29:25+00:00","article_modified_time":"2016-06-17T14:51:52+00:00","og_image":[{"width":640,"height":415,"url":"https:\/\/hudo.com\/si\/wp-content\/uploads\/sites\/2\/2016\/06\/karel-erjavec-na-01.jpg","type":"image\/jpeg"}],"author":"hudo","twitter_card":"summary_large_image","twitter_creator":"@hudo_si","twitter_site":"@hudo_si","twitter_misc":{"Written by":"hudo"},"schema":{"@context":"https:\/\/schema.org","@graph":[{"@type":"Article","@id":"https:\/\/hudo.com\/si\/aktualno\/kpk-nad-karla-erjavca-zaradi-domnevnega-politicnega-izsiljevanja-anje-kopac-mrak\/#article","isPartOf":{"@id":"https:\/\/hudo.com\/si\/aktualno\/kpk-nad-karla-erjavca-zaradi-domnevnega-politicnega-izsiljevanja-anje-kopac-mrak\/"},"author":{"name":"hudo","@id":"https:\/\/hudo.com\/si\/#\/schema\/person\/601cf3379633985b20f7e50f2bb47707"},"headline":"KPK nad Karla Erjavca zaradi domnevnega politi\u010dnega izsiljevanja Anje Kopa\u010d Mrak","datePublished":"2016-06-16T13:29:25+00:00","dateModified":"2016-06-17T14:51:52+00:00","mainEntityOfPage":{"@id":"https:\/\/hudo.com\/si\/aktualno\/kpk-nad-karla-erjavca-zaradi-domnevnega-politicnega-izsiljevanja-anje-kopac-mrak\/"},"wordCount":74,"publisher":{"@id":"https:\/\/hudo.com\/si\/#organization"},"articleSection":["Aktualno"],"inLanguage":"sl-SI"},{"@type":"WebPage","@id":"https:\/\/hudo.com\/si\/aktualno\/kpk-nad-karla-erjavca-zaradi-domnevnega-politicnega-izsiljevanja-anje-kopac-mrak\/","url":"https:\/\/hudo.com\/si\/aktualno\/kpk-nad-karla-erjavca-zaradi-domnevnega-politicnega-izsiljevanja-anje-kopac-mrak\/","name":"KPK nad Karla Erjavca zaradi domnevnega politi\u010dnega izsiljevanja Anje Kopa\u010d Mrak - Hudo Slovenija","isPartOf":{"@id":"https:\/\/hudo.com\/si\/#website"},"datePublished":"2016-06-16T13:29:25+00:00","dateModified":"2016-06-17T14:51:52+00:00","breadcrumb":{"@id":"https:\/\/hudo.com\/si\/aktualno\/kpk-nad-karla-erjavca-zaradi-domnevnega-politicnega-izsiljevanja-anje-kopac-mrak\/#breadcrumb"},"inLanguage":"sl-SI","potentialAction":[{"@type":"ReadAction","target":["https:\/\/hudo.com\/si\/aktualno\/kpk-nad-karla-erjavca-zaradi-domnevnega-politicnega-izsiljevanja-anje-kopac-mrak\/"]}]},{"@type":"BreadcrumbList","@id":"https:\/\/hudo.com\/si\/aktualno\/kpk-nad-karla-erjavca-zaradi-domnevnega-politicnega-izsiljevanja-anje-kopac-mrak\/#breadcrumb","itemListElement":[{"@type":"ListItem","position":1,"name":"Home","item":"https:\/\/hudo.com\/si\/"},{"@type":"ListItem","position":2,"name":"KPK nad Karla Erjavca zaradi domnevnega politi\u010dnega izsiljevanja Anje Kopa\u010d Mrak"}]},{"@type":"WebSite","@id":"https:\/\/hudo.com\/si\/#website","url":"https:\/\/hudo.com\/si\/","name":"Hudo Slovenija","description":"Vse novice iz Slovenije in sveta","publisher":{"@id":"https:\/\/hudo.com\/si\/#organization"},"potentialAction":[{"@type":"SearchAction","target":{"@type":"EntryPoint","urlTemplate":"https:\/\/hudo.com\/si\/?s={search_term_string}"},"query-input":"required name=search_term_string"}],"inLanguage":"sl-SI"},{"@type":"Organization","@id":"https:\/\/hudo.com\/si\/#organization","name":"VSN Media","url":"https:\/\/hudo.com\/si\/","logo":{"@type":"ImageObject","inLanguage":"sl-SI","@id":"https:\/\/hudo.com\/si\/#\/schema\/logo\/image\/","url":"https:\/\/hudo.com\/si\/wp-content\/uploads\/sites\/2\/2021\/03\/hudo-app-2.png","contentUrl":"https:\/\/hudo.com\/si\/wp-content\/uploads\/sites\/2\/2021\/03\/hudo-app-2.png","width":2185,"height":2167,"caption":"VSN Media"},"image":{"@id":"https:\/\/hudo.com\/si\/#\/schema\/logo\/image\/"},"sameAs":["https:\/\/www.facebook.com\/hudo.si","https:\/\/twitter.com\/hudo_si"]},{"@type":"Person","@id":"https:\/\/hudo.com\/si\/#\/schema\/person\/601cf3379633985b20f7e50f2bb47707","name":"hudo","image":{"@type":"ImageObject","inLanguage":"sl-SI","@id":"https:\/\/hudo.com\/si\/#\/schema\/person\/image\/","url":"https:\/\/secure.gravatar.com\/avatar\/c4ca25fa72cace7a696b52ff5db9e095?s=96&d=mm&r=g","contentUrl":"https:\/\/secure.gravatar.com\/avatar\/c4ca25fa72cace7a696b52ff5db9e095?s=96&d=mm&r=g","caption":"hudo"},"url":"https:\/\/hudo.com\/si\/author\/hudo\/"}]}},"amp_enabled":true,"_links":{"self":[{"href":"https:\/\/hudo.com\/si\/wp-json\/wp\/v2\/posts\/76894"}],"collection":[{"href":"https:\/\/hudo.com\/si\/wp-json\/wp\/v2\/posts"}],"about":[{"href":"https:\/\/hudo.com\/si\/wp-json\/wp\/v2\/types\/post"}],"author":[{"embeddable":true,"href":"https:\/\/hudo.com\/si\/wp-json\/wp\/v2\/users\/1"}],"replies":[{"embeddable":true,"href":"https:\/\/hudo.com\/si\/wp-json\/wp\/v2\/comments?post=76894"}],"version-history":[{"count":1,"href":"https:\/\/hudo.com\/si\/wp-json\/wp\/v2\/posts\/76894\/revisions"}],"predecessor-version":[{"id":77359,"href":"https:\/\/hudo.com\/si\/wp-json\/wp\/v2\/posts\/76894\/revisions\/77359"}],"wp:attachment":[{"href":"https:\/\/hudo.com\/si\/wp-json\/wp\/v2\/media?parent=76894"}],"wp:term":[{"taxonomy":"category","embeddable":true,"href":"https:\/\/hudo.com\/si\/wp-json\/wp\/v2\/categories?post=76894"},{"taxonomy":"post_tag","embeddable":true,"href":"https:\/\/hudo.com\/si\/wp-json\/wp\/v2\/tags?post=76894"},{"taxonomy":"source","embeddable":true,"href":"https:\/\/hudo.com\/si\/wp-json\/wp\/v2\/source?post=76894"},{"taxonomy":"supertag","embeddable":true,"href":"https:\/\/hudo.com\/si\/wp-json\/wp\/v2\/supertag?post=76894"}],"curies":[{"name":"wp","href":"https:\/\/api.w.org\/{rel}","templated":true}]}}