{"id":78003,"date":"2016-06-18T07:15:00","date_gmt":"2016-06-18T05:15:00","guid":{"rendered":"http:\/\/hudo.com\/si\/2016\/06\/18\/dars-v-trimesecno-obnovo-severne-ljubljanske-obvoznice\/"},"modified":"2016-06-18T07:15:00","modified_gmt":"2016-06-18T05:15:00","slug":"dars-v-trimesecno-obnovo-severne-ljubljanske-obvoznice","status":"publish","type":"post","link":"https:\/\/hudo.com\/si\/aktualno\/dars-v-trimesecno-obnovo-severne-ljubljanske-obvoznice\/","title":{"rendered":"DARS v trimese\u010dno obnovo severne ljubljanske obvoznice"},"content":{"rendered":"<p>Odsek severne ljubljanske obvoznice med Celov\u0161ko cesto in kro\u017ei\u0161\u010dem Toma\u010devo bo tri mesece gradbi\u0161\u010de. Dars predvidoma danes za\u010denja prvo ve\u010djo obnovo tega odseka v ve\u010d kot 30 letih. Potekala bo v ve\u010d fazah, v obeh smereh bodo obnovili ve\u010d kot tri kilometre cesti\u0161\u010da. Dela bosta za 6,7 milijona evrov izvedla hrva\u0161ki GP Krk in ljubljanski CBE. Dars bo na tem delu obvoznice poleg cesti\u0161\u010da obnovil tudi priklju\u010dke. Med obnovo, ki bo potekala v \u0161tirih fazah, bo promet urejen po dveh, sicer zo\u017eenih prometnih pasovih v vsako smer in ob omejeni hitrosti vo\u017enje 60 kilometrov na uro. V drugi fazi bo zaprt uvoz s priklju\u010dka Industrijska cona \u0160i\u0161ka, v sklopu druge in tretje faze pa bodo izmeni\u010dno zaprti uvozi in izvozi na hitro cesto s priklju\u010dkov Be\u017eigrad, Savlje in Celov\u0161ka. Pripravljalna dela za zaporo so stekla v petek zve\u010der, dela pa bodo nadaljevali tudi danes. \u010ce bo Dars zaporo uspel postaviti pravo\u010dasno, bodo obnovitvena dela stekla \u017ee danes, sicer pa v nedeljo. Za obnovo so se odlo\u010dili v poletnem \u010dasu, ko je na obvoznici v povpre\u010dju tudi za desetino manj prometa kot obi\u010dajno, manj izrazite so tudi prometne konice. Kljub temu je zaradi del zlasti ob konicah pri\u010dakovati tudi zastoje. V Darsu spominjajo, da je bil pred \u0161tirimi leti v pribli\u017eno enakem obdobju celovito obnovljen odsek med izvozom na Celov\u0161ko cesto in Kosezami v razdalji nekaj manj kot dva kilometra. Takrat je bilo nekaj zastojev zaradi spremenjene prometne ureditve zlasti v prvih dneh po postavitvi zapore, potem pa ve\u010djih zastojev ni bilo. Na Darsu ob tem opozarjajo, da lahko k ve\u010dji varnosti in preto\u010dnosti prometa ob postavljeni delovni zapori prispevajo tudi uporabniki avtocest, in to z upo\u0161tevanjem prometnih predpisov, prometne signalizacije, pravilnim razvr\u0161\u010danjem pred zaporo in strpnostjo v primeru zastoja. Ob tem opozarjajo, da prekratka varnostna razdalja, nepotrebno prehitevanje in menjava prometnih pasov pred zaporo in v njej ali oviranje prehitevalnega pasu s strani voznikov tovornjakov hitro prived<\/p>\n","protected":false},"excerpt":{"rendered":"<p>Odsek severne ljubljanske obvoznice med Celov\u0161ko cesto in kro\u017ei\u0161\u010dem Toma\u010devo bo tri mesece gradbi\u0161\u010de. Dars predvidoma danes za\u010denja prvo ve\u010djo obnovo tega odseka v ve\u010d kot 30 letih. Potekala bo v ve\u010d fazah, v obeh smereh bodo obnovili ve\u010d kot tri kilometre cesti\u0161\u010da. Dela bosta za 6,7 milijona evrov izvedla hrva\u0161ki GP Krk in ljubljanski CBE. Dars bo na tem delu obvoznice poleg cesti\u0161\u010da obnovil tudi priklju\u010dke. Med obnovo, ki bo potekala v \u0161tirih fazah, bo promet urejen po dveh, sicer zo\u017eenih prometnih pasovih v vsako smer in ob omejeni hitrosti vo\u017enje 60 kilometrov na uro. V drugi fazi bo zaprt uvoz s priklju\u010dka Industrijska cona \u0160i\u0161ka, v sklopu druge in tretje faze pa bodo izmeni\u010dno zaprti uvozi in izvozi na hitro cesto s priklju\u010dkov Be\u017eigrad, Savlje in Celov\u0161ka. Pripravljalna dela za zaporo so stekla v petek zve\u010der, dela pa bodo nadaljevali tudi danes. \u010ce bo Dars zaporo uspel postaviti pravo\u010dasno, bodo obnovitvena dela stekla \u017ee danes, sicer pa v nedeljo. Za obnovo so se odlo\u010dili v poletnem \u010dasu, ko je na obvoznici v povpre\u010dju tudi za desetino manj prometa kot obi\u010dajno, manj izrazite so tudi prometne konice. Kljub temu je zaradi del zlasti ob konicah pri\u010dakovati tudi zastoje. V Darsu spominjajo, da je bil pred \u0161tirimi leti v pribli\u017eno enakem obdobju celovito obnovljen odsek med izvozom na Celov\u0161ko cesto in Kosezami v razdalji nekaj manj kot dva kilometra. Takrat je bilo nekaj zastojev zaradi spremenjene prometne ureditve zlasti v prvih dneh po postavitvi zapore, potem pa ve\u010djih zastojev ni bilo. Na Darsu ob tem opozarjajo, da lahko k ve\u010dji varnosti in preto\u010dnosti prometa ob postavljeni delovni zapori prispevajo tudi uporabniki avtocest, in to z upo\u0161tevanjem prometnih predpisov, prometne signalizacije, pravilnim razvr\u0161\u010danjem pred zaporo in strpnostjo v primeru zastoja. Ob tem opozarjajo, da prekratka varnostna razdalja, nepotrebno prehitevanje in menjava prometnih pasov pred zaporo in v njej ali oviranje prehitevalnega pasu s strani voznikov tovornjakov hitro prived<\/p>\n","protected":false},"author":1,"featured_media":0,"comment_status":"closed","ping_status":"closed","sticky":false,"template":"","format":"standard","meta":{"footnotes":""},"categories":[1179],"tags":[],"source":[1711],"supertag":[],"acf":[],"yoast_head":"<!-- This site is optimized with the Yoast SEO plugin v21.3 - https:\/\/yoast.com\/wordpress\/plugins\/seo\/ -->\n<title>DARS v trimese\u010dno obnovo severne ljubljanske obvoznice - Hudo Slovenija<\/title>\n<meta name=\"robots\" content=\"index, follow, max-snippet:-1, max-image-preview:large, max-video-preview:-1\" \/>\n<link rel=\"canonical\" href=\"https:\/\/hudo.com\/si\/aktualno\/dars-v-trimesecno-obnovo-severne-ljubljanske-obvoznice\/\" \/>\n<meta property=\"og:locale\" content=\"sl_SI\" \/>\n<meta property=\"og:type\" content=\"article\" \/>\n<meta property=\"og:title\" content=\"DARS v trimese\u010dno obnovo severne ljubljanske obvoznice - Hudo Slovenija\" \/>\n<meta property=\"og:description\" content=\"Odsek severne ljubljanske obvoznice med Celov\u0161ko cesto in kro\u017ei\u0161\u010dem Toma\u010devo bo tri mesece gradbi\u0161\u010de. Dars predvidoma danes za\u010denja prvo ve\u010djo obnovo tega odseka v ve\u010d kot 30 letih. Potekala bo v ve\u010d fazah, v obeh smereh bodo obnovili ve\u010d kot tri kilometre cesti\u0161\u010da. Dela bosta za 6,7 milijona evrov izvedla hrva\u0161ki GP Krk in ljubljanski CBE. Dars bo na tem delu obvoznice poleg cesti\u0161\u010da obnovil tudi priklju\u010dke. Med obnovo, ki bo potekala v \u0161tirih fazah, bo promet urejen po dveh, sicer zo\u017eenih prometnih pasovih v vsako smer in ob omejeni hitrosti vo\u017enje 60 kilometrov na uro. V drugi fazi bo zaprt uvoz s priklju\u010dka Industrijska cona \u0160i\u0161ka, v sklopu druge in tretje faze pa bodo izmeni\u010dno zaprti uvozi in izvozi na hitro cesto s priklju\u010dkov Be\u017eigrad, Savlje in Celov\u0161ka. Pripravljalna dela za zaporo so stekla v petek zve\u010der, dela pa bodo nadaljevali tudi danes. \u010ce bo Dars zaporo uspel postaviti pravo\u010dasno, bodo obnovitvena dela stekla \u017ee danes, sicer pa v nedeljo. Za obnovo so se odlo\u010dili v poletnem \u010dasu, ko je na obvoznici v povpre\u010dju tudi za desetino manj prometa kot obi\u010dajno, manj izrazite so tudi prometne konice. Kljub temu je zaradi del zlasti ob konicah pri\u010dakovati tudi zastoje. V Darsu spominjajo, da je bil pred \u0161tirimi leti v pribli\u017eno enakem obdobju celovito obnovljen odsek med izvozom na Celov\u0161ko cesto in Kosezami v razdalji nekaj manj kot dva kilometra. Takrat je bilo nekaj zastojev zaradi spremenjene prometne ureditve zlasti v prvih dneh po postavitvi zapore, potem pa ve\u010djih zastojev ni bilo. Na Darsu ob tem opozarjajo, da lahko k ve\u010dji varnosti in preto\u010dnosti prometa ob postavljeni delovni zapori prispevajo tudi uporabniki avtocest, in to z upo\u0161tevanjem prometnih predpisov, prometne signalizacije, pravilnim razvr\u0161\u010danjem pred zaporo in strpnostjo v primeru zastoja. Ob tem opozarjajo, da prekratka varnostna razdalja, nepotrebno prehitevanje in menjava prometnih pasov pred zaporo in v njej ali oviranje prehitevalnega pasu s strani voznikov tovornjakov hitro prived\" \/>\n<meta property=\"og:url\" content=\"https:\/\/hudo.com\/si\/aktualno\/dars-v-trimesecno-obnovo-severne-ljubljanske-obvoznice\/\" \/>\n<meta property=\"og:site_name\" content=\"Hudo Slovenija\" \/>\n<meta property=\"article:publisher\" content=\"https:\/\/www.facebook.com\/hudo.si\" \/>\n<meta property=\"article:published_time\" content=\"2016-06-18T05:15:00+00:00\" \/>\n<meta property=\"og:image\" content=\"https:\/\/hudo.com\/si\/wp-content\/uploads\/sites\/2\/2016\/06\/00943545F-300.jpg\" \/>\n\t<meta property=\"og:image:width\" content=\"450\" \/>\n\t<meta property=\"og:image:height\" content=\"169\" \/>\n\t<meta property=\"og:image:type\" content=\"image\/jpeg\" \/>\n<meta name=\"author\" content=\"hudo\" \/>\n<meta name=\"twitter:card\" content=\"summary_large_image\" \/>\n<meta name=\"twitter:creator\" content=\"@hudo_si\" \/>\n<meta name=\"twitter:site\" content=\"@hudo_si\" \/>\n<meta name=\"twitter:label1\" content=\"Written by\" \/>\n\t<meta name=\"twitter:data1\" content=\"hudo\" \/>\n\t<meta name=\"twitter:label2\" content=\"Est. reading time\" \/>\n\t<meta name=\"twitter:data2\" content=\"2 minuti\" \/>\n<script type=\"application\/ld+json\" class=\"yoast-schema-graph\">{\"@context\":\"https:\/\/schema.org\",\"@graph\":[{\"@type\":\"Article\",\"@id\":\"https:\/\/hudo.com\/si\/aktualno\/dars-v-trimesecno-obnovo-severne-ljubljanske-obvoznice\/#article\",\"isPartOf\":{\"@id\":\"https:\/\/hudo.com\/si\/aktualno\/dars-v-trimesecno-obnovo-severne-ljubljanske-obvoznice\/\"},\"author\":{\"name\":\"hudo\",\"@id\":\"https:\/\/hudo.com\/si\/#\/schema\/person\/601cf3379633985b20f7e50f2bb47707\"},\"headline\":\"DARS v trimese\u010dno obnovo severne ljubljanske obvoznice\",\"datePublished\":\"2016-06-18T05:15:00+00:00\",\"dateModified\":\"2016-06-18T05:15:00+00:00\",\"mainEntityOfPage\":{\"@id\":\"https:\/\/hudo.com\/si\/aktualno\/dars-v-trimesecno-obnovo-severne-ljubljanske-obvoznice\/\"},\"wordCount\":354,\"publisher\":{\"@id\":\"https:\/\/hudo.com\/si\/#organization\"},\"articleSection\":[\"Aktualno\"],\"inLanguage\":\"sl-SI\"},{\"@type\":\"WebPage\",\"@id\":\"https:\/\/hudo.com\/si\/aktualno\/dars-v-trimesecno-obnovo-severne-ljubljanske-obvoznice\/\",\"url\":\"https:\/\/hudo.com\/si\/aktualno\/dars-v-trimesecno-obnovo-severne-ljubljanske-obvoznice\/\",\"name\":\"DARS v trimese\u010dno obnovo severne ljubljanske obvoznice - Hudo Slovenija\",\"isPartOf\":{\"@id\":\"https:\/\/hudo.com\/si\/#website\"},\"datePublished\":\"2016-06-18T05:15:00+00:00\",\"dateModified\":\"2016-06-18T05:15:00+00:00\",\"breadcrumb\":{\"@id\":\"https:\/\/hudo.com\/si\/aktualno\/dars-v-trimesecno-obnovo-severne-ljubljanske-obvoznice\/#breadcrumb\"},\"inLanguage\":\"sl-SI\",\"potentialAction\":[{\"@type\":\"ReadAction\",\"target\":[\"https:\/\/hudo.com\/si\/aktualno\/dars-v-trimesecno-obnovo-severne-ljubljanske-obvoznice\/\"]}]},{\"@type\":\"BreadcrumbList\",\"@id\":\"https:\/\/hudo.com\/si\/aktualno\/dars-v-trimesecno-obnovo-severne-ljubljanske-obvoznice\/#breadcrumb\",\"itemListElement\":[{\"@type\":\"ListItem\",\"position\":1,\"name\":\"Home\",\"item\":\"https:\/\/hudo.com\/si\/\"},{\"@type\":\"ListItem\",\"position\":2,\"name\":\"DARS v trimese\u010dno obnovo severne ljubljanske obvoznice\"}]},{\"@type\":\"WebSite\",\"@id\":\"https:\/\/hudo.com\/si\/#website\",\"url\":\"https:\/\/hudo.com\/si\/\",\"name\":\"Hudo Slovenija\",\"description\":\"Vse novice iz Slovenije in sveta\",\"publisher\":{\"@id\":\"https:\/\/hudo.com\/si\/#organization\"},\"potentialAction\":[{\"@type\":\"SearchAction\",\"target\":{\"@type\":\"EntryPoint\",\"urlTemplate\":\"https:\/\/hudo.com\/si\/?s={search_term_string}\"},\"query-input\":\"required name=search_term_string\"}],\"inLanguage\":\"sl-SI\"},{\"@type\":\"Organization\",\"@id\":\"https:\/\/hudo.com\/si\/#organization\",\"name\":\"VSN Media\",\"url\":\"https:\/\/hudo.com\/si\/\",\"logo\":{\"@type\":\"ImageObject\",\"inLanguage\":\"sl-SI\",\"@id\":\"https:\/\/hudo.com\/si\/#\/schema\/logo\/image\/\",\"url\":\"https:\/\/hudo.com\/si\/wp-content\/uploads\/sites\/2\/2021\/03\/hudo-app-2.png\",\"contentUrl\":\"https:\/\/hudo.com\/si\/wp-content\/uploads\/sites\/2\/2021\/03\/hudo-app-2.png\",\"width\":2185,\"height\":2167,\"caption\":\"VSN Media\"},\"image\":{\"@id\":\"https:\/\/hudo.com\/si\/#\/schema\/logo\/image\/\"},\"sameAs\":[\"https:\/\/www.facebook.com\/hudo.si\",\"https:\/\/twitter.com\/hudo_si\"]},{\"@type\":\"Person\",\"@id\":\"https:\/\/hudo.com\/si\/#\/schema\/person\/601cf3379633985b20f7e50f2bb47707\",\"name\":\"hudo\",\"image\":{\"@type\":\"ImageObject\",\"inLanguage\":\"sl-SI\",\"@id\":\"https:\/\/hudo.com\/si\/#\/schema\/person\/image\/\",\"url\":\"https:\/\/secure.gravatar.com\/avatar\/c4ca25fa72cace7a696b52ff5db9e095?s=96&d=mm&r=g\",\"contentUrl\":\"https:\/\/secure.gravatar.com\/avatar\/c4ca25fa72cace7a696b52ff5db9e095?s=96&d=mm&r=g\",\"caption\":\"hudo\"},\"url\":\"https:\/\/hudo.com\/si\/author\/hudo\/\"}]}<\/script>\n<!-- \/ Yoast SEO plugin. -->","yoast_head_json":{"title":"DARS v trimese\u010dno obnovo severne ljubljanske obvoznice - Hudo Slovenija","robots":{"index":"index","follow":"follow","max-snippet":"max-snippet:-1","max-image-preview":"max-image-preview:large","max-video-preview":"max-video-preview:-1"},"canonical":"https:\/\/hudo.com\/si\/aktualno\/dars-v-trimesecno-obnovo-severne-ljubljanske-obvoznice\/","og_locale":"sl_SI","og_type":"article","og_title":"DARS v trimese\u010dno obnovo severne ljubljanske obvoznice - Hudo Slovenija","og_description":"Odsek severne ljubljanske obvoznice med Celov\u0161ko cesto in kro\u017ei\u0161\u010dem Toma\u010devo bo tri mesece gradbi\u0161\u010de. Dars predvidoma danes za\u010denja prvo ve\u010djo obnovo tega odseka v ve\u010d kot 30 letih. Potekala bo v ve\u010d fazah, v obeh smereh bodo obnovili ve\u010d kot tri kilometre cesti\u0161\u010da. Dela bosta za 6,7 milijona evrov izvedla hrva\u0161ki GP Krk in ljubljanski CBE. Dars bo na tem delu obvoznice poleg cesti\u0161\u010da obnovil tudi priklju\u010dke. Med obnovo, ki bo potekala v \u0161tirih fazah, bo promet urejen po dveh, sicer zo\u017eenih prometnih pasovih v vsako smer in ob omejeni hitrosti vo\u017enje 60 kilometrov na uro. V drugi fazi bo zaprt uvoz s priklju\u010dka Industrijska cona \u0160i\u0161ka, v sklopu druge in tretje faze pa bodo izmeni\u010dno zaprti uvozi in izvozi na hitro cesto s priklju\u010dkov Be\u017eigrad, Savlje in Celov\u0161ka. Pripravljalna dela za zaporo so stekla v petek zve\u010der, dela pa bodo nadaljevali tudi danes. \u010ce bo Dars zaporo uspel postaviti pravo\u010dasno, bodo obnovitvena dela stekla \u017ee danes, sicer pa v nedeljo. Za obnovo so se odlo\u010dili v poletnem \u010dasu, ko je na obvoznici v povpre\u010dju tudi za desetino manj prometa kot obi\u010dajno, manj izrazite so tudi prometne konice. Kljub temu je zaradi del zlasti ob konicah pri\u010dakovati tudi zastoje. V Darsu spominjajo, da je bil pred \u0161tirimi leti v pribli\u017eno enakem obdobju celovito obnovljen odsek med izvozom na Celov\u0161ko cesto in Kosezami v razdalji nekaj manj kot dva kilometra. Takrat je bilo nekaj zastojev zaradi spremenjene prometne ureditve zlasti v prvih dneh po postavitvi zapore, potem pa ve\u010djih zastojev ni bilo. Na Darsu ob tem opozarjajo, da lahko k ve\u010dji varnosti in preto\u010dnosti prometa ob postavljeni delovni zapori prispevajo tudi uporabniki avtocest, in to z upo\u0161tevanjem prometnih predpisov, prometne signalizacije, pravilnim razvr\u0161\u010danjem pred zaporo in strpnostjo v primeru zastoja. Ob tem opozarjajo, da prekratka varnostna razdalja, nepotrebno prehitevanje in menjava prometnih pasov pred zaporo in v njej ali oviranje prehitevalnega pasu s strani voznikov tovornjakov hitro prived","og_url":"https:\/\/hudo.com\/si\/aktualno\/dars-v-trimesecno-obnovo-severne-ljubljanske-obvoznice\/","og_site_name":"Hudo Slovenija","article_publisher":"https:\/\/www.facebook.com\/hudo.si","article_published_time":"2016-06-18T05:15:00+00:00","og_image":[{"width":450,"height":169,"url":"https:\/\/hudo.com\/si\/wp-content\/uploads\/sites\/2\/2016\/06\/00943545F-300.jpg","type":"image\/jpeg"}],"author":"hudo","twitter_card":"summary_large_image","twitter_creator":"@hudo_si","twitter_site":"@hudo_si","twitter_misc":{"Written by":"hudo","Est. reading time":"2 minuti"},"schema":{"@context":"https:\/\/schema.org","@graph":[{"@type":"Article","@id":"https:\/\/hudo.com\/si\/aktualno\/dars-v-trimesecno-obnovo-severne-ljubljanske-obvoznice\/#article","isPartOf":{"@id":"https:\/\/hudo.com\/si\/aktualno\/dars-v-trimesecno-obnovo-severne-ljubljanske-obvoznice\/"},"author":{"name":"hudo","@id":"https:\/\/hudo.com\/si\/#\/schema\/person\/601cf3379633985b20f7e50f2bb47707"},"headline":"DARS v trimese\u010dno obnovo severne ljubljanske obvoznice","datePublished":"2016-06-18T05:15:00+00:00","dateModified":"2016-06-18T05:15:00+00:00","mainEntityOfPage":{"@id":"https:\/\/hudo.com\/si\/aktualno\/dars-v-trimesecno-obnovo-severne-ljubljanske-obvoznice\/"},"wordCount":354,"publisher":{"@id":"https:\/\/hudo.com\/si\/#organization"},"articleSection":["Aktualno"],"inLanguage":"sl-SI"},{"@type":"WebPage","@id":"https:\/\/hudo.com\/si\/aktualno\/dars-v-trimesecno-obnovo-severne-ljubljanske-obvoznice\/","url":"https:\/\/hudo.com\/si\/aktualno\/dars-v-trimesecno-obnovo-severne-ljubljanske-obvoznice\/","name":"DARS v trimese\u010dno obnovo severne ljubljanske obvoznice - Hudo Slovenija","isPartOf":{"@id":"https:\/\/hudo.com\/si\/#website"},"datePublished":"2016-06-18T05:15:00+00:00","dateModified":"2016-06-18T05:15:00+00:00","breadcrumb":{"@id":"https:\/\/hudo.com\/si\/aktualno\/dars-v-trimesecno-obnovo-severne-ljubljanske-obvoznice\/#breadcrumb"},"inLanguage":"sl-SI","potentialAction":[{"@type":"ReadAction","target":["https:\/\/hudo.com\/si\/aktualno\/dars-v-trimesecno-obnovo-severne-ljubljanske-obvoznice\/"]}]},{"@type":"BreadcrumbList","@id":"https:\/\/hudo.com\/si\/aktualno\/dars-v-trimesecno-obnovo-severne-ljubljanske-obvoznice\/#breadcrumb","itemListElement":[{"@type":"ListItem","position":1,"name":"Home","item":"https:\/\/hudo.com\/si\/"},{"@type":"ListItem","position":2,"name":"DARS v trimese\u010dno obnovo severne ljubljanske obvoznice"}]},{"@type":"WebSite","@id":"https:\/\/hudo.com\/si\/#website","url":"https:\/\/hudo.com\/si\/","name":"Hudo Slovenija","description":"Vse novice iz Slovenije in sveta","publisher":{"@id":"https:\/\/hudo.com\/si\/#organization"},"potentialAction":[{"@type":"SearchAction","target":{"@type":"EntryPoint","urlTemplate":"https:\/\/hudo.com\/si\/?s={search_term_string}"},"query-input":"required name=search_term_string"}],"inLanguage":"sl-SI"},{"@type":"Organization","@id":"https:\/\/hudo.com\/si\/#organization","name":"VSN Media","url":"https:\/\/hudo.com\/si\/","logo":{"@type":"ImageObject","inLanguage":"sl-SI","@id":"https:\/\/hudo.com\/si\/#\/schema\/logo\/image\/","url":"https:\/\/hudo.com\/si\/wp-content\/uploads\/sites\/2\/2021\/03\/hudo-app-2.png","contentUrl":"https:\/\/hudo.com\/si\/wp-content\/uploads\/sites\/2\/2021\/03\/hudo-app-2.png","width":2185,"height":2167,"caption":"VSN Media"},"image":{"@id":"https:\/\/hudo.com\/si\/#\/schema\/logo\/image\/"},"sameAs":["https:\/\/www.facebook.com\/hudo.si","https:\/\/twitter.com\/hudo_si"]},{"@type":"Person","@id":"https:\/\/hudo.com\/si\/#\/schema\/person\/601cf3379633985b20f7e50f2bb47707","name":"hudo","image":{"@type":"ImageObject","inLanguage":"sl-SI","@id":"https:\/\/hudo.com\/si\/#\/schema\/person\/image\/","url":"https:\/\/secure.gravatar.com\/avatar\/c4ca25fa72cace7a696b52ff5db9e095?s=96&d=mm&r=g","contentUrl":"https:\/\/secure.gravatar.com\/avatar\/c4ca25fa72cace7a696b52ff5db9e095?s=96&d=mm&r=g","caption":"hudo"},"url":"https:\/\/hudo.com\/si\/author\/hudo\/"}]}},"amp_enabled":true,"_links":{"self":[{"href":"https:\/\/hudo.com\/si\/wp-json\/wp\/v2\/posts\/78003"}],"collection":[{"href":"https:\/\/hudo.com\/si\/wp-json\/wp\/v2\/posts"}],"about":[{"href":"https:\/\/hudo.com\/si\/wp-json\/wp\/v2\/types\/post"}],"author":[{"embeddable":true,"href":"https:\/\/hudo.com\/si\/wp-json\/wp\/v2\/users\/1"}],"replies":[{"embeddable":true,"href":"https:\/\/hudo.com\/si\/wp-json\/wp\/v2\/comments?post=78003"}],"version-history":[{"count":0,"href":"https:\/\/hudo.com\/si\/wp-json\/wp\/v2\/posts\/78003\/revisions"}],"wp:attachment":[{"href":"https:\/\/hudo.com\/si\/wp-json\/wp\/v2\/media?parent=78003"}],"wp:term":[{"taxonomy":"category","embeddable":true,"href":"https:\/\/hudo.com\/si\/wp-json\/wp\/v2\/categories?post=78003"},{"taxonomy":"post_tag","embeddable":true,"href":"https:\/\/hudo.com\/si\/wp-json\/wp\/v2\/tags?post=78003"},{"taxonomy":"source","embeddable":true,"href":"https:\/\/hudo.com\/si\/wp-json\/wp\/v2\/source?post=78003"},{"taxonomy":"supertag","embeddable":true,"href":"https:\/\/hudo.com\/si\/wp-json\/wp\/v2\/supertag?post=78003"}],"curies":[{"name":"wp","href":"https:\/\/api.w.org\/{rel}","templated":true}]}}