{"id":78011,"date":"2016-06-18T07:00:00","date_gmt":"2016-06-18T05:00:00","guid":{"rendered":"http:\/\/hudo.com\/si\/2016\/06\/18\/taaramae-na-golteh-kot-v-francoskih-alpah\/"},"modified":"2016-06-18T07:00:00","modified_gmt":"2016-06-18T05:00:00","slug":"taaramae-na-golteh-kot-v-francoskih-alpah","status":"publish","type":"post","link":"https:\/\/hudo.com\/si\/aktualno\/taaramae-na-golteh-kot-v-francoskih-alpah\/","title":{"rendered":"Taaram\u00e4e na Golteh kot v francoskih Alpah"},"content":{"rendered":"<p>Kategorija: Kolesarstvo Sat, 18 Jun 2016 09:00:00 +0200  Golte \u2013 V kraljevski etapi je bilo vse pripravljeno za zmagoslavje Diega Ulissija. Na Golteh je pred petimi leti slavil eno izmed najbolj pomembnih zmag v karieri in osvojil rumeno majico. Letos je sredi vzpona omagal in pristal na 41. mestu. V njegovem mo\u0161tvu Lampre pravijo, da je bila to kriza, ki se kolesarjem njegovega kova velikokrat dogajajo. \u010ceprav je v zaklju\u010dku 1. etape v Kopru kazalo, da je dvakratni zmagovalec leto\u0161njih etap na Giru v zelo dobri kondiciji, pa je bila utrujenost po tritedenski dirki o\u010ditno prevelika ovira, da bi \u0161e drugi\u010d osvojil rumeno majico slovenske pentlje. Nasledil ga je Estonec Rein Taaram\u00e4e. Za dirko Po Sloveniji se je, pa naj se sli\u0161i \u0161e tako \u010dudno, pripravljal na Giru. Zmaga na zanj novi dirki mu je bila najve\u010dji izziv\u00a0&#8230;<\/p>\n","protected":false},"excerpt":{"rendered":"<p>Kategorija: Kolesarstvo Sat, 18 Jun 2016 09:00:00 +0200  Golte \u2013 V kraljevski etapi je bilo vse pripravljeno za zmagoslavje Diega Ulissija. Na Golteh je pred petimi leti slavil eno izmed najbolj pomembnih zmag v karieri in osvojil rumeno majico. Letos je sredi vzpona omagal in pristal na 41. mestu. V njegovem mo\u0161tvu Lampre pravijo, da je bila to kriza, ki se kolesarjem njegovega kova velikokrat dogajajo. \u010ceprav je v zaklju\u010dku 1. etape v Kopru kazalo, da je dvakratni zmagovalec leto\u0161njih etap na Giru v zelo dobri kondiciji, pa je bila utrujenost po tritedenski dirki o\u010ditno prevelika ovira, da bi \u0161e drugi\u010d osvojil rumeno majico slovenske pentlje. Nasledil ga je Estonec Rein Taaram\u00e4e. Za dirko Po Sloveniji se je, pa naj se sli\u0161i \u0161e tako \u010dudno, pripravljal na Giru. Zmaga na zanj novi dirki mu je bila najve\u010dji izziv\u00a0&#8230;<\/p>\n","protected":false},"author":1,"featured_media":0,"comment_status":"closed","ping_status":"closed","sticky":false,"template":"","format":"standard","meta":{"footnotes":""},"categories":[1179],"tags":[],"source":[4511],"supertag":[],"acf":[],"yoast_head":"<!-- This site is optimized with the Yoast SEO plugin v21.3 - https:\/\/yoast.com\/wordpress\/plugins\/seo\/ -->\n<title>Taaram\u00e4e na Golteh kot v francoskih Alpah - Hudo Slovenija<\/title>\n<meta name=\"robots\" content=\"index, follow, max-snippet:-1, max-image-preview:large, max-video-preview:-1\" \/>\n<link rel=\"canonical\" href=\"https:\/\/hudo.com\/si\/aktualno\/taaramae-na-golteh-kot-v-francoskih-alpah\/\" \/>\n<meta property=\"og:locale\" content=\"sl_SI\" \/>\n<meta property=\"og:type\" content=\"article\" \/>\n<meta property=\"og:title\" content=\"Taaram\u00e4e na Golteh kot v francoskih Alpah - Hudo Slovenija\" \/>\n<meta property=\"og:description\" content=\"Kategorija: Kolesarstvo Sat, 18 Jun 2016 09:00:00 +0200 Golte \u2013 V kraljevski etapi je bilo vse pripravljeno za zmagoslavje Diega Ulissija. Na Golteh je pred petimi leti slavil eno izmed najbolj pomembnih zmag v karieri in osvojil rumeno majico. Letos je sredi vzpona omagal in pristal na 41. mestu. V njegovem mo\u0161tvu Lampre pravijo, da je bila to kriza, ki se kolesarjem njegovega kova velikokrat dogajajo. \u010ceprav je v zaklju\u010dku 1. etape v Kopru kazalo, da je dvakratni zmagovalec leto\u0161njih etap na Giru v zelo dobri kondiciji, pa je bila utrujenost po tritedenski dirki o\u010ditno prevelika ovira, da bi \u0161e drugi\u010d osvojil rumeno majico slovenske pentlje. Nasledil ga je Estonec Rein Taaram\u00e4e. Za dirko Po Sloveniji se je, pa naj se sli\u0161i \u0161e tako \u010dudno, pripravljal na Giru. Zmaga na zanj novi dirki mu je bila najve\u010dji izziv\u00a0...\" \/>\n<meta property=\"og:url\" content=\"https:\/\/hudo.com\/si\/aktualno\/taaramae-na-golteh-kot-v-francoskih-alpah\/\" \/>\n<meta property=\"og:site_name\" content=\"Hudo Slovenija\" \/>\n<meta property=\"article:publisher\" content=\"https:\/\/www.facebook.com\/hudo.si\" \/>\n<meta property=\"article:published_time\" content=\"2016-06-18T05:00:00+00:00\" \/>\n<meta property=\"og:image\" content=\"https:\/\/hudo.com\/si\/wp-content\/uploads\/sites\/2\/2016\/06\/480x290_Sport__Delo_Foto_2016061719_hires0.jpeg\" \/>\n\t<meta property=\"og:image:width\" content=\"480\" \/>\n\t<meta property=\"og:image:height\" content=\"290\" \/>\n\t<meta property=\"og:image:type\" content=\"image\/jpeg\" \/>\n<meta name=\"author\" content=\"hudo\" \/>\n<meta name=\"twitter:card\" content=\"summary_large_image\" \/>\n<meta name=\"twitter:creator\" content=\"@hudo_si\" \/>\n<meta name=\"twitter:site\" content=\"@hudo_si\" \/>\n<meta name=\"twitter:label1\" content=\"Written by\" \/>\n\t<meta name=\"twitter:data1\" content=\"hudo\" \/>\n\t<meta name=\"twitter:label2\" content=\"Est. reading time\" \/>\n\t<meta name=\"twitter:data2\" content=\"1 minuta\" \/>\n<script type=\"application\/ld+json\" class=\"yoast-schema-graph\">{\"@context\":\"https:\/\/schema.org\",\"@graph\":[{\"@type\":\"Article\",\"@id\":\"https:\/\/hudo.com\/si\/aktualno\/taaramae-na-golteh-kot-v-francoskih-alpah\/#article\",\"isPartOf\":{\"@id\":\"https:\/\/hudo.com\/si\/aktualno\/taaramae-na-golteh-kot-v-francoskih-alpah\/\"},\"author\":{\"name\":\"hudo\",\"@id\":\"https:\/\/hudo.com\/si\/#\/schema\/person\/601cf3379633985b20f7e50f2bb47707\"},\"headline\":\"Taaram\u00e4e na Golteh kot v francoskih Alpah\",\"datePublished\":\"2016-06-18T05:00:00+00:00\",\"dateModified\":\"2016-06-18T05:00:00+00:00\",\"mainEntityOfPage\":{\"@id\":\"https:\/\/hudo.com\/si\/aktualno\/taaramae-na-golteh-kot-v-francoskih-alpah\/\"},\"wordCount\":146,\"publisher\":{\"@id\":\"https:\/\/hudo.com\/si\/#organization\"},\"articleSection\":[\"Aktualno\"],\"inLanguage\":\"sl-SI\"},{\"@type\":\"WebPage\",\"@id\":\"https:\/\/hudo.com\/si\/aktualno\/taaramae-na-golteh-kot-v-francoskih-alpah\/\",\"url\":\"https:\/\/hudo.com\/si\/aktualno\/taaramae-na-golteh-kot-v-francoskih-alpah\/\",\"name\":\"Taaram\u00e4e na Golteh kot v francoskih Alpah - Hudo Slovenija\",\"isPartOf\":{\"@id\":\"https:\/\/hudo.com\/si\/#website\"},\"datePublished\":\"2016-06-18T05:00:00+00:00\",\"dateModified\":\"2016-06-18T05:00:00+00:00\",\"breadcrumb\":{\"@id\":\"https:\/\/hudo.com\/si\/aktualno\/taaramae-na-golteh-kot-v-francoskih-alpah\/#breadcrumb\"},\"inLanguage\":\"sl-SI\",\"potentialAction\":[{\"@type\":\"ReadAction\",\"target\":[\"https:\/\/hudo.com\/si\/aktualno\/taaramae-na-golteh-kot-v-francoskih-alpah\/\"]}]},{\"@type\":\"BreadcrumbList\",\"@id\":\"https:\/\/hudo.com\/si\/aktualno\/taaramae-na-golteh-kot-v-francoskih-alpah\/#breadcrumb\",\"itemListElement\":[{\"@type\":\"ListItem\",\"position\":1,\"name\":\"Home\",\"item\":\"https:\/\/hudo.com\/si\/\"},{\"@type\":\"ListItem\",\"position\":2,\"name\":\"Taaram\u00e4e na Golteh kot v francoskih Alpah\"}]},{\"@type\":\"WebSite\",\"@id\":\"https:\/\/hudo.com\/si\/#website\",\"url\":\"https:\/\/hudo.com\/si\/\",\"name\":\"Hudo Slovenija\",\"description\":\"Vse novice iz Slovenije in sveta\",\"publisher\":{\"@id\":\"https:\/\/hudo.com\/si\/#organization\"},\"potentialAction\":[{\"@type\":\"SearchAction\",\"target\":{\"@type\":\"EntryPoint\",\"urlTemplate\":\"https:\/\/hudo.com\/si\/?s={search_term_string}\"},\"query-input\":\"required name=search_term_string\"}],\"inLanguage\":\"sl-SI\"},{\"@type\":\"Organization\",\"@id\":\"https:\/\/hudo.com\/si\/#organization\",\"name\":\"VSN Media\",\"url\":\"https:\/\/hudo.com\/si\/\",\"logo\":{\"@type\":\"ImageObject\",\"inLanguage\":\"sl-SI\",\"@id\":\"https:\/\/hudo.com\/si\/#\/schema\/logo\/image\/\",\"url\":\"https:\/\/hudo.com\/si\/wp-content\/uploads\/sites\/2\/2021\/03\/hudo-app-2.png\",\"contentUrl\":\"https:\/\/hudo.com\/si\/wp-content\/uploads\/sites\/2\/2021\/03\/hudo-app-2.png\",\"width\":2185,\"height\":2167,\"caption\":\"VSN Media\"},\"image\":{\"@id\":\"https:\/\/hudo.com\/si\/#\/schema\/logo\/image\/\"},\"sameAs\":[\"https:\/\/www.facebook.com\/hudo.si\",\"https:\/\/twitter.com\/hudo_si\"]},{\"@type\":\"Person\",\"@id\":\"https:\/\/hudo.com\/si\/#\/schema\/person\/601cf3379633985b20f7e50f2bb47707\",\"name\":\"hudo\",\"image\":{\"@type\":\"ImageObject\",\"inLanguage\":\"sl-SI\",\"@id\":\"https:\/\/hudo.com\/si\/#\/schema\/person\/image\/\",\"url\":\"https:\/\/secure.gravatar.com\/avatar\/c4ca25fa72cace7a696b52ff5db9e095?s=96&d=mm&r=g\",\"contentUrl\":\"https:\/\/secure.gravatar.com\/avatar\/c4ca25fa72cace7a696b52ff5db9e095?s=96&d=mm&r=g\",\"caption\":\"hudo\"},\"url\":\"https:\/\/hudo.com\/si\/author\/hudo\/\"}]}<\/script>\n<!-- \/ Yoast SEO plugin. -->","yoast_head_json":{"title":"Taaram\u00e4e na Golteh kot v francoskih Alpah - Hudo Slovenija","robots":{"index":"index","follow":"follow","max-snippet":"max-snippet:-1","max-image-preview":"max-image-preview:large","max-video-preview":"max-video-preview:-1"},"canonical":"https:\/\/hudo.com\/si\/aktualno\/taaramae-na-golteh-kot-v-francoskih-alpah\/","og_locale":"sl_SI","og_type":"article","og_title":"Taaram\u00e4e na Golteh kot v francoskih Alpah - Hudo Slovenija","og_description":"Kategorija: Kolesarstvo Sat, 18 Jun 2016 09:00:00 +0200 Golte \u2013 V kraljevski etapi je bilo vse pripravljeno za zmagoslavje Diega Ulissija. Na Golteh je pred petimi leti slavil eno izmed najbolj pomembnih zmag v karieri in osvojil rumeno majico. Letos je sredi vzpona omagal in pristal na 41. mestu. V njegovem mo\u0161tvu Lampre pravijo, da je bila to kriza, ki se kolesarjem njegovega kova velikokrat dogajajo. \u010ceprav je v zaklju\u010dku 1. etape v Kopru kazalo, da je dvakratni zmagovalec leto\u0161njih etap na Giru v zelo dobri kondiciji, pa je bila utrujenost po tritedenski dirki o\u010ditno prevelika ovira, da bi \u0161e drugi\u010d osvojil rumeno majico slovenske pentlje. Nasledil ga je Estonec Rein Taaram\u00e4e. Za dirko Po Sloveniji se je, pa naj se sli\u0161i \u0161e tako \u010dudno, pripravljal na Giru. Zmaga na zanj novi dirki mu je bila najve\u010dji izziv\u00a0...","og_url":"https:\/\/hudo.com\/si\/aktualno\/taaramae-na-golteh-kot-v-francoskih-alpah\/","og_site_name":"Hudo Slovenija","article_publisher":"https:\/\/www.facebook.com\/hudo.si","article_published_time":"2016-06-18T05:00:00+00:00","og_image":[{"width":480,"height":290,"url":"https:\/\/hudo.com\/si\/wp-content\/uploads\/sites\/2\/2016\/06\/480x290_Sport__Delo_Foto_2016061719_hires0.jpeg","type":"image\/jpeg"}],"author":"hudo","twitter_card":"summary_large_image","twitter_creator":"@hudo_si","twitter_site":"@hudo_si","twitter_misc":{"Written by":"hudo","Est. reading time":"1 minuta"},"schema":{"@context":"https:\/\/schema.org","@graph":[{"@type":"Article","@id":"https:\/\/hudo.com\/si\/aktualno\/taaramae-na-golteh-kot-v-francoskih-alpah\/#article","isPartOf":{"@id":"https:\/\/hudo.com\/si\/aktualno\/taaramae-na-golteh-kot-v-francoskih-alpah\/"},"author":{"name":"hudo","@id":"https:\/\/hudo.com\/si\/#\/schema\/person\/601cf3379633985b20f7e50f2bb47707"},"headline":"Taaram\u00e4e na Golteh kot v francoskih Alpah","datePublished":"2016-06-18T05:00:00+00:00","dateModified":"2016-06-18T05:00:00+00:00","mainEntityOfPage":{"@id":"https:\/\/hudo.com\/si\/aktualno\/taaramae-na-golteh-kot-v-francoskih-alpah\/"},"wordCount":146,"publisher":{"@id":"https:\/\/hudo.com\/si\/#organization"},"articleSection":["Aktualno"],"inLanguage":"sl-SI"},{"@type":"WebPage","@id":"https:\/\/hudo.com\/si\/aktualno\/taaramae-na-golteh-kot-v-francoskih-alpah\/","url":"https:\/\/hudo.com\/si\/aktualno\/taaramae-na-golteh-kot-v-francoskih-alpah\/","name":"Taaram\u00e4e na Golteh kot v francoskih Alpah - Hudo Slovenija","isPartOf":{"@id":"https:\/\/hudo.com\/si\/#website"},"datePublished":"2016-06-18T05:00:00+00:00","dateModified":"2016-06-18T05:00:00+00:00","breadcrumb":{"@id":"https:\/\/hudo.com\/si\/aktualno\/taaramae-na-golteh-kot-v-francoskih-alpah\/#breadcrumb"},"inLanguage":"sl-SI","potentialAction":[{"@type":"ReadAction","target":["https:\/\/hudo.com\/si\/aktualno\/taaramae-na-golteh-kot-v-francoskih-alpah\/"]}]},{"@type":"BreadcrumbList","@id":"https:\/\/hudo.com\/si\/aktualno\/taaramae-na-golteh-kot-v-francoskih-alpah\/#breadcrumb","itemListElement":[{"@type":"ListItem","position":1,"name":"Home","item":"https:\/\/hudo.com\/si\/"},{"@type":"ListItem","position":2,"name":"Taaram\u00e4e na Golteh kot v francoskih Alpah"}]},{"@type":"WebSite","@id":"https:\/\/hudo.com\/si\/#website","url":"https:\/\/hudo.com\/si\/","name":"Hudo Slovenija","description":"Vse novice iz Slovenije in sveta","publisher":{"@id":"https:\/\/hudo.com\/si\/#organization"},"potentialAction":[{"@type":"SearchAction","target":{"@type":"EntryPoint","urlTemplate":"https:\/\/hudo.com\/si\/?s={search_term_string}"},"query-input":"required name=search_term_string"}],"inLanguage":"sl-SI"},{"@type":"Organization","@id":"https:\/\/hudo.com\/si\/#organization","name":"VSN Media","url":"https:\/\/hudo.com\/si\/","logo":{"@type":"ImageObject","inLanguage":"sl-SI","@id":"https:\/\/hudo.com\/si\/#\/schema\/logo\/image\/","url":"https:\/\/hudo.com\/si\/wp-content\/uploads\/sites\/2\/2021\/03\/hudo-app-2.png","contentUrl":"https:\/\/hudo.com\/si\/wp-content\/uploads\/sites\/2\/2021\/03\/hudo-app-2.png","width":2185,"height":2167,"caption":"VSN Media"},"image":{"@id":"https:\/\/hudo.com\/si\/#\/schema\/logo\/image\/"},"sameAs":["https:\/\/www.facebook.com\/hudo.si","https:\/\/twitter.com\/hudo_si"]},{"@type":"Person","@id":"https:\/\/hudo.com\/si\/#\/schema\/person\/601cf3379633985b20f7e50f2bb47707","name":"hudo","image":{"@type":"ImageObject","inLanguage":"sl-SI","@id":"https:\/\/hudo.com\/si\/#\/schema\/person\/image\/","url":"https:\/\/secure.gravatar.com\/avatar\/c4ca25fa72cace7a696b52ff5db9e095?s=96&d=mm&r=g","contentUrl":"https:\/\/secure.gravatar.com\/avatar\/c4ca25fa72cace7a696b52ff5db9e095?s=96&d=mm&r=g","caption":"hudo"},"url":"https:\/\/hudo.com\/si\/author\/hudo\/"}]}},"amp_enabled":true,"_links":{"self":[{"href":"https:\/\/hudo.com\/si\/wp-json\/wp\/v2\/posts\/78011"}],"collection":[{"href":"https:\/\/hudo.com\/si\/wp-json\/wp\/v2\/posts"}],"about":[{"href":"https:\/\/hudo.com\/si\/wp-json\/wp\/v2\/types\/post"}],"author":[{"embeddable":true,"href":"https:\/\/hudo.com\/si\/wp-json\/wp\/v2\/users\/1"}],"replies":[{"embeddable":true,"href":"https:\/\/hudo.com\/si\/wp-json\/wp\/v2\/comments?post=78011"}],"version-history":[{"count":0,"href":"https:\/\/hudo.com\/si\/wp-json\/wp\/v2\/posts\/78011\/revisions"}],"wp:attachment":[{"href":"https:\/\/hudo.com\/si\/wp-json\/wp\/v2\/media?parent=78011"}],"wp:term":[{"taxonomy":"category","embeddable":true,"href":"https:\/\/hudo.com\/si\/wp-json\/wp\/v2\/categories?post=78011"},{"taxonomy":"post_tag","embeddable":true,"href":"https:\/\/hudo.com\/si\/wp-json\/wp\/v2\/tags?post=78011"},{"taxonomy":"source","embeddable":true,"href":"https:\/\/hudo.com\/si\/wp-json\/wp\/v2\/source?post=78011"},{"taxonomy":"supertag","embeddable":true,"href":"https:\/\/hudo.com\/si\/wp-json\/wp\/v2\/supertag?post=78011"}],"curies":[{"name":"wp","href":"https:\/\/api.w.org\/{rel}","templated":true}]}}