{"id":78017,"date":"2016-06-18T06:15:00","date_gmt":"2016-06-18T04:15:00","guid":{"rendered":"http:\/\/hudo.com\/si\/2016\/06\/18\/adria-airways-nacrtuje-ukinitev-letov-v-berlin\/"},"modified":"2016-06-19T01:51:05","modified_gmt":"2016-06-18T23:51:05","slug":"adria-airways-nacrtuje-ukinitev-letov-v-berlin","status":"publish","type":"post","link":"https:\/\/hudo.com\/si\/aktualno\/adria-airways-nacrtuje-ukinitev-letov-v-berlin\/","title":{"rendered":"Adria Airways na\u010drtuje ukinitev letov v Berlin"},"content":{"rendered":"<p>Slovenski letalski prevoznik Adria Airways z zimskim voznim redom na\u010drtuje ukinitev redne linije v Berlin, kamor je za\u010del leteti lani spomladi. Isto\u010dasno pa na\u010drtujejo pove\u010danje frekvenc letenja na nekaterih drugih linijah, so povedali v Adrii. Do ukinitve letov na berlinsko letali\u0161\u010de Tegel, kamor je Adria za\u010dela leteti aprila lani, prihaja po aprilski ukinitvi letov v Stockholm, prav tako pa so se v Adrii aprila odlo\u010dili, da sploh ne bodo za\u010deli z napovedano redno linijo do letali\u0161\u010da K\u00f6ln-Bonn. Na katerih linijah naj bi na drugi strani z zimskim voznim redom pove\u010dali dejavnost, v prevozniku niso povedali, je pa \u010dasnik Delo ta teden poro\u010dal, da naj bi Adria med drugim pove\u010dala \u0161tevilo letov do Var\u0161ave, pove\u010dala pa naj bi tudi frekvenco na letih, ki jih opravlja iz Pri\u0161tine v London, Tirane v M\u00fcnchen, Lod\u017ea v Pariz in Olsztyna v bavarsko prestolnico. V prvih petih mesecih leta je sicer slovenski prevoznik, ki je od sredine marca prek podjetja AA International Aviation Holding v lasti nem\u0161ke dru\u017ebe 4K Invest, prepeljal 381.300 potnikov, v enakem obdobju lani pa 418.122. Upad v Adrii pripisujejo temu, da je letos manj \u010darterskih potnikov v primerjavi z lanskim letom, ker v zimski sezoni kot posledica teroristi\u010dnih napadov ni bilo letov v Egipt. Za zdaj \u0161e vedno ni znano, kako je Adria Airways poslovala lani. Podatki bodo na voljo po revidiranem poro\u010dilu o poslovanju, ki bo predvidoma objavljeno v prvi polovici julija. Lani so v rednem prometu sicer prepeljali 1.045.442 potnikov, kar je 14 odstotkov ve\u010d kot leto prej, po poro\u010danju medijev pa naj bi ustvarili izgubo. Adria po menjavi lastni\u0161tva izvaja poslovno prestrukturiranje. Eden od ukrepov v okviru tega je tudi zmanj\u0161evanje \u0161tevila zaposlenih. Kot pravijo v Adrii, je pri\u0161lo do nekaj odpu\u0161\u010danj in menjav razli\u010dnih profilov v podpornih slu\u017ebah, a v odzivu na neuradne informacije o ve\u010djih pretresih zagotavljajo, da ni \u0161lo za odpoved ve\u010djemu \u0161tevilu delavcev. Ob tem pravijo, da mo\u010di usmerjajo v zagotavljanje bolj\u0161e izku\u0161<\/p>\n","protected":false},"excerpt":{"rendered":"<p>Slovenski letalski prevoznik Adria Airways z zimskim voznim redom na\u010drtuje ukinitev redne linije v Berlin, kamor je za\u010del leteti lani spomladi. Isto\u010dasno pa na\u010drtujejo pove\u010danje frekvenc letenja na nekaterih drugih linijah, so povedali v Adrii. Do ukinitve letov na berlinsko letali\u0161\u010de Tegel, kamor je Adria za\u010dela leteti aprila lani, prihaja po aprilski ukinitvi letov v Stockholm, prav tako pa so se v Adrii aprila odlo\u010dili, da sploh ne bodo za\u010deli z napovedano redno linijo do letali\u0161\u010da K\u00f6ln-Bonn. Na katerih linijah naj bi na drugi strani z zimskim voznim redom pove\u010dali dejavnost, v prevozniku niso povedali, je pa \u010dasnik Delo ta teden poro\u010dal, da naj bi Adria med drugim pove\u010dala \u0161tevilo letov do Var\u0161ave, pove\u010dala pa naj bi tudi frekvenco na letih, ki jih opravlja iz Pri\u0161tine v London, Tirane v M\u00fcnchen, Lod\u017ea v Pariz in Olsztyna v bavarsko prestolnico. V prvih petih mesecih leta je sicer slovenski prevoznik, ki je od sredine marca prek podjetja AA International Aviation Holding v lasti nem\u0161ke dru\u017ebe 4K Invest, prepeljal 381.300 potnikov, v enakem obdobju lani pa 418.122. Upad v Adrii pripisujejo temu, da je letos manj \u010darterskih potnikov v primerjavi z lanskim letom, ker v zimski sezoni kot posledica teroristi\u010dnih napadov ni bilo letov v Egipt. Za zdaj \u0161e vedno ni znano, kako je Adria Airways poslovala lani. Podatki bodo na voljo po revidiranem poro\u010dilu o poslovanju, ki bo predvidoma objavljeno v prvi polovici julija. Lani so v rednem prometu sicer prepeljali 1.045.442 potnikov, kar je 14 odstotkov ve\u010d kot leto prej, po poro\u010danju medijev pa naj bi ustvarili izgubo. Adria po menjavi lastni\u0161tva izvaja poslovno prestrukturiranje. Eden od ukrepov v okviru tega je tudi zmanj\u0161evanje \u0161tevila zaposlenih. Kot pravijo v Adrii, je pri\u0161lo do nekaj odpu\u0161\u010danj in menjav razli\u010dnih profilov v podpornih slu\u017ebah, a v odzivu na neuradne informacije o ve\u010djih pretresih zagotavljajo, da ni \u0161lo za odpoved ve\u010djemu \u0161tevilu delavcev. Ob tem pravijo, da mo\u010di usmerjajo v zagotavljanje bolj\u0161e izku\u0161<\/p>\n","protected":false},"author":1,"featured_media":0,"comment_status":"closed","ping_status":"closed","sticky":false,"template":"","format":"standard","meta":{"footnotes":""},"categories":[1179],"tags":[],"source":[1711],"supertag":[],"acf":[],"yoast_head":"<!-- This site is optimized with the Yoast SEO plugin v21.3 - https:\/\/yoast.com\/wordpress\/plugins\/seo\/ -->\n<title>Adria Airways na\u010drtuje ukinitev letov v Berlin - Hudo Slovenija<\/title>\n<meta name=\"robots\" content=\"index, follow, max-snippet:-1, max-image-preview:large, max-video-preview:-1\" \/>\n<link rel=\"canonical\" href=\"https:\/\/hudo.com\/si\/aktualno\/adria-airways-nacrtuje-ukinitev-letov-v-berlin\/\" \/>\n<meta property=\"og:locale\" content=\"sl_SI\" \/>\n<meta property=\"og:type\" content=\"article\" \/>\n<meta property=\"og:title\" content=\"Adria Airways na\u010drtuje ukinitev letov v Berlin - Hudo Slovenija\" \/>\n<meta property=\"og:description\" content=\"Slovenski letalski prevoznik Adria Airways z zimskim voznim redom na\u010drtuje ukinitev redne linije v Berlin, kamor je za\u010del leteti lani spomladi. Isto\u010dasno pa na\u010drtujejo pove\u010danje frekvenc letenja na nekaterih drugih linijah, so povedali v Adrii. Do ukinitve letov na berlinsko letali\u0161\u010de Tegel, kamor je Adria za\u010dela leteti aprila lani, prihaja po aprilski ukinitvi letov v Stockholm, prav tako pa so se v Adrii aprila odlo\u010dili, da sploh ne bodo za\u010deli z napovedano redno linijo do letali\u0161\u010da K\u00f6ln-Bonn. Na katerih linijah naj bi na drugi strani z zimskim voznim redom pove\u010dali dejavnost, v prevozniku niso povedali, je pa \u010dasnik Delo ta teden poro\u010dal, da naj bi Adria med drugim pove\u010dala \u0161tevilo letov do Var\u0161ave, pove\u010dala pa naj bi tudi frekvenco na letih, ki jih opravlja iz Pri\u0161tine v London, Tirane v M\u00fcnchen, Lod\u017ea v Pariz in Olsztyna v bavarsko prestolnico. V prvih petih mesecih leta je sicer slovenski prevoznik, ki je od sredine marca prek podjetja AA International Aviation Holding v lasti nem\u0161ke dru\u017ebe 4K Invest, prepeljal 381.300 potnikov, v enakem obdobju lani pa 418.122. Upad v Adrii pripisujejo temu, da je letos manj \u010darterskih potnikov v primerjavi z lanskim letom, ker v zimski sezoni kot posledica teroristi\u010dnih napadov ni bilo letov v Egipt. Za zdaj \u0161e vedno ni znano, kako je Adria Airways poslovala lani. Podatki bodo na voljo po revidiranem poro\u010dilu o poslovanju, ki bo predvidoma objavljeno v prvi polovici julija. Lani so v rednem prometu sicer prepeljali 1.045.442 potnikov, kar je 14 odstotkov ve\u010d kot leto prej, po poro\u010danju medijev pa naj bi ustvarili izgubo. Adria po menjavi lastni\u0161tva izvaja poslovno prestrukturiranje. Eden od ukrepov v okviru tega je tudi zmanj\u0161evanje \u0161tevila zaposlenih. Kot pravijo v Adrii, je pri\u0161lo do nekaj odpu\u0161\u010danj in menjav razli\u010dnih profilov v podpornih slu\u017ebah, a v odzivu na neuradne informacije o ve\u010djih pretresih zagotavljajo, da ni \u0161lo za odpoved ve\u010djemu \u0161tevilu delavcev. Ob tem pravijo, da mo\u010di usmerjajo v zagotavljanje bolj\u0161e izku\u0161\" \/>\n<meta property=\"og:url\" content=\"https:\/\/hudo.com\/si\/aktualno\/adria-airways-nacrtuje-ukinitev-letov-v-berlin\/\" \/>\n<meta property=\"og:site_name\" content=\"Hudo Slovenija\" \/>\n<meta property=\"article:publisher\" content=\"https:\/\/www.facebook.com\/hudo.si\" \/>\n<meta property=\"article:published_time\" content=\"2016-06-18T04:15:00+00:00\" \/>\n<meta property=\"article:modified_time\" content=\"2016-06-18T23:51:05+00:00\" \/>\n<meta property=\"og:image\" content=\"https:\/\/hudo.com\/si\/wp-content\/uploads\/sites\/2\/2016\/06\/01110030F-300-1.jpg\" \/>\n\t<meta property=\"og:image:width\" content=\"450\" \/>\n\t<meta property=\"og:image:height\" content=\"337\" \/>\n\t<meta property=\"og:image:type\" content=\"image\/jpeg\" \/>\n<meta name=\"author\" content=\"hudo\" \/>\n<meta name=\"twitter:card\" content=\"summary_large_image\" \/>\n<meta name=\"twitter:creator\" content=\"@hudo_si\" \/>\n<meta name=\"twitter:site\" content=\"@hudo_si\" \/>\n<meta name=\"twitter:label1\" content=\"Written by\" \/>\n\t<meta name=\"twitter:data1\" content=\"hudo\" \/>\n\t<meta name=\"twitter:label2\" content=\"Est. reading time\" \/>\n\t<meta name=\"twitter:data2\" content=\"2 minuti\" \/>\n<script type=\"application\/ld+json\" class=\"yoast-schema-graph\">{\"@context\":\"https:\/\/schema.org\",\"@graph\":[{\"@type\":\"Article\",\"@id\":\"https:\/\/hudo.com\/si\/aktualno\/adria-airways-nacrtuje-ukinitev-letov-v-berlin\/#article\",\"isPartOf\":{\"@id\":\"https:\/\/hudo.com\/si\/aktualno\/adria-airways-nacrtuje-ukinitev-letov-v-berlin\/\"},\"author\":{\"name\":\"hudo\",\"@id\":\"https:\/\/hudo.com\/si\/#\/schema\/person\/601cf3379633985b20f7e50f2bb47707\"},\"headline\":\"Adria Airways na\u010drtuje ukinitev letov v Berlin\",\"datePublished\":\"2016-06-18T04:15:00+00:00\",\"dateModified\":\"2016-06-18T23:51:05+00:00\",\"mainEntityOfPage\":{\"@id\":\"https:\/\/hudo.com\/si\/aktualno\/adria-airways-nacrtuje-ukinitev-letov-v-berlin\/\"},\"wordCount\":357,\"publisher\":{\"@id\":\"https:\/\/hudo.com\/si\/#organization\"},\"articleSection\":[\"Aktualno\"],\"inLanguage\":\"sl-SI\"},{\"@type\":\"WebPage\",\"@id\":\"https:\/\/hudo.com\/si\/aktualno\/adria-airways-nacrtuje-ukinitev-letov-v-berlin\/\",\"url\":\"https:\/\/hudo.com\/si\/aktualno\/adria-airways-nacrtuje-ukinitev-letov-v-berlin\/\",\"name\":\"Adria Airways na\u010drtuje ukinitev letov v Berlin - Hudo Slovenija\",\"isPartOf\":{\"@id\":\"https:\/\/hudo.com\/si\/#website\"},\"datePublished\":\"2016-06-18T04:15:00+00:00\",\"dateModified\":\"2016-06-18T23:51:05+00:00\",\"breadcrumb\":{\"@id\":\"https:\/\/hudo.com\/si\/aktualno\/adria-airways-nacrtuje-ukinitev-letov-v-berlin\/#breadcrumb\"},\"inLanguage\":\"sl-SI\",\"potentialAction\":[{\"@type\":\"ReadAction\",\"target\":[\"https:\/\/hudo.com\/si\/aktualno\/adria-airways-nacrtuje-ukinitev-letov-v-berlin\/\"]}]},{\"@type\":\"BreadcrumbList\",\"@id\":\"https:\/\/hudo.com\/si\/aktualno\/adria-airways-nacrtuje-ukinitev-letov-v-berlin\/#breadcrumb\",\"itemListElement\":[{\"@type\":\"ListItem\",\"position\":1,\"name\":\"Home\",\"item\":\"https:\/\/hudo.com\/si\/\"},{\"@type\":\"ListItem\",\"position\":2,\"name\":\"Adria Airways na\u010drtuje ukinitev letov v Berlin\"}]},{\"@type\":\"WebSite\",\"@id\":\"https:\/\/hudo.com\/si\/#website\",\"url\":\"https:\/\/hudo.com\/si\/\",\"name\":\"Hudo Slovenija\",\"description\":\"Vse novice iz Slovenije in sveta\",\"publisher\":{\"@id\":\"https:\/\/hudo.com\/si\/#organization\"},\"potentialAction\":[{\"@type\":\"SearchAction\",\"target\":{\"@type\":\"EntryPoint\",\"urlTemplate\":\"https:\/\/hudo.com\/si\/?s={search_term_string}\"},\"query-input\":\"required name=search_term_string\"}],\"inLanguage\":\"sl-SI\"},{\"@type\":\"Organization\",\"@id\":\"https:\/\/hudo.com\/si\/#organization\",\"name\":\"VSN Media\",\"url\":\"https:\/\/hudo.com\/si\/\",\"logo\":{\"@type\":\"ImageObject\",\"inLanguage\":\"sl-SI\",\"@id\":\"https:\/\/hudo.com\/si\/#\/schema\/logo\/image\/\",\"url\":\"https:\/\/hudo.com\/si\/wp-content\/uploads\/sites\/2\/2021\/03\/hudo-app-2.png\",\"contentUrl\":\"https:\/\/hudo.com\/si\/wp-content\/uploads\/sites\/2\/2021\/03\/hudo-app-2.png\",\"width\":2185,\"height\":2167,\"caption\":\"VSN Media\"},\"image\":{\"@id\":\"https:\/\/hudo.com\/si\/#\/schema\/logo\/image\/\"},\"sameAs\":[\"https:\/\/www.facebook.com\/hudo.si\",\"https:\/\/twitter.com\/hudo_si\"]},{\"@type\":\"Person\",\"@id\":\"https:\/\/hudo.com\/si\/#\/schema\/person\/601cf3379633985b20f7e50f2bb47707\",\"name\":\"hudo\",\"image\":{\"@type\":\"ImageObject\",\"inLanguage\":\"sl-SI\",\"@id\":\"https:\/\/hudo.com\/si\/#\/schema\/person\/image\/\",\"url\":\"https:\/\/secure.gravatar.com\/avatar\/c4ca25fa72cace7a696b52ff5db9e095?s=96&d=mm&r=g\",\"contentUrl\":\"https:\/\/secure.gravatar.com\/avatar\/c4ca25fa72cace7a696b52ff5db9e095?s=96&d=mm&r=g\",\"caption\":\"hudo\"},\"url\":\"https:\/\/hudo.com\/si\/author\/hudo\/\"}]}<\/script>\n<!-- \/ Yoast SEO plugin. -->","yoast_head_json":{"title":"Adria Airways na\u010drtuje ukinitev letov v Berlin - Hudo Slovenija","robots":{"index":"index","follow":"follow","max-snippet":"max-snippet:-1","max-image-preview":"max-image-preview:large","max-video-preview":"max-video-preview:-1"},"canonical":"https:\/\/hudo.com\/si\/aktualno\/adria-airways-nacrtuje-ukinitev-letov-v-berlin\/","og_locale":"sl_SI","og_type":"article","og_title":"Adria Airways na\u010drtuje ukinitev letov v Berlin - Hudo Slovenija","og_description":"Slovenski letalski prevoznik Adria Airways z zimskim voznim redom na\u010drtuje ukinitev redne linije v Berlin, kamor je za\u010del leteti lani spomladi. Isto\u010dasno pa na\u010drtujejo pove\u010danje frekvenc letenja na nekaterih drugih linijah, so povedali v Adrii. Do ukinitve letov na berlinsko letali\u0161\u010de Tegel, kamor je Adria za\u010dela leteti aprila lani, prihaja po aprilski ukinitvi letov v Stockholm, prav tako pa so se v Adrii aprila odlo\u010dili, da sploh ne bodo za\u010deli z napovedano redno linijo do letali\u0161\u010da K\u00f6ln-Bonn. Na katerih linijah naj bi na drugi strani z zimskim voznim redom pove\u010dali dejavnost, v prevozniku niso povedali, je pa \u010dasnik Delo ta teden poro\u010dal, da naj bi Adria med drugim pove\u010dala \u0161tevilo letov do Var\u0161ave, pove\u010dala pa naj bi tudi frekvenco na letih, ki jih opravlja iz Pri\u0161tine v London, Tirane v M\u00fcnchen, Lod\u017ea v Pariz in Olsztyna v bavarsko prestolnico. V prvih petih mesecih leta je sicer slovenski prevoznik, ki je od sredine marca prek podjetja AA International Aviation Holding v lasti nem\u0161ke dru\u017ebe 4K Invest, prepeljal 381.300 potnikov, v enakem obdobju lani pa 418.122. Upad v Adrii pripisujejo temu, da je letos manj \u010darterskih potnikov v primerjavi z lanskim letom, ker v zimski sezoni kot posledica teroristi\u010dnih napadov ni bilo letov v Egipt. Za zdaj \u0161e vedno ni znano, kako je Adria Airways poslovala lani. Podatki bodo na voljo po revidiranem poro\u010dilu o poslovanju, ki bo predvidoma objavljeno v prvi polovici julija. Lani so v rednem prometu sicer prepeljali 1.045.442 potnikov, kar je 14 odstotkov ve\u010d kot leto prej, po poro\u010danju medijev pa naj bi ustvarili izgubo. Adria po menjavi lastni\u0161tva izvaja poslovno prestrukturiranje. Eden od ukrepov v okviru tega je tudi zmanj\u0161evanje \u0161tevila zaposlenih. Kot pravijo v Adrii, je pri\u0161lo do nekaj odpu\u0161\u010danj in menjav razli\u010dnih profilov v podpornih slu\u017ebah, a v odzivu na neuradne informacije o ve\u010djih pretresih zagotavljajo, da ni \u0161lo za odpoved ve\u010djemu \u0161tevilu delavcev. Ob tem pravijo, da mo\u010di usmerjajo v zagotavljanje bolj\u0161e izku\u0161","og_url":"https:\/\/hudo.com\/si\/aktualno\/adria-airways-nacrtuje-ukinitev-letov-v-berlin\/","og_site_name":"Hudo Slovenija","article_publisher":"https:\/\/www.facebook.com\/hudo.si","article_published_time":"2016-06-18T04:15:00+00:00","article_modified_time":"2016-06-18T23:51:05+00:00","og_image":[{"width":450,"height":337,"url":"https:\/\/hudo.com\/si\/wp-content\/uploads\/sites\/2\/2016\/06\/01110030F-300-1.jpg","type":"image\/jpeg"}],"author":"hudo","twitter_card":"summary_large_image","twitter_creator":"@hudo_si","twitter_site":"@hudo_si","twitter_misc":{"Written by":"hudo","Est. reading time":"2 minuti"},"schema":{"@context":"https:\/\/schema.org","@graph":[{"@type":"Article","@id":"https:\/\/hudo.com\/si\/aktualno\/adria-airways-nacrtuje-ukinitev-letov-v-berlin\/#article","isPartOf":{"@id":"https:\/\/hudo.com\/si\/aktualno\/adria-airways-nacrtuje-ukinitev-letov-v-berlin\/"},"author":{"name":"hudo","@id":"https:\/\/hudo.com\/si\/#\/schema\/person\/601cf3379633985b20f7e50f2bb47707"},"headline":"Adria Airways na\u010drtuje ukinitev letov v Berlin","datePublished":"2016-06-18T04:15:00+00:00","dateModified":"2016-06-18T23:51:05+00:00","mainEntityOfPage":{"@id":"https:\/\/hudo.com\/si\/aktualno\/adria-airways-nacrtuje-ukinitev-letov-v-berlin\/"},"wordCount":357,"publisher":{"@id":"https:\/\/hudo.com\/si\/#organization"},"articleSection":["Aktualno"],"inLanguage":"sl-SI"},{"@type":"WebPage","@id":"https:\/\/hudo.com\/si\/aktualno\/adria-airways-nacrtuje-ukinitev-letov-v-berlin\/","url":"https:\/\/hudo.com\/si\/aktualno\/adria-airways-nacrtuje-ukinitev-letov-v-berlin\/","name":"Adria Airways na\u010drtuje ukinitev letov v Berlin - Hudo Slovenija","isPartOf":{"@id":"https:\/\/hudo.com\/si\/#website"},"datePublished":"2016-06-18T04:15:00+00:00","dateModified":"2016-06-18T23:51:05+00:00","breadcrumb":{"@id":"https:\/\/hudo.com\/si\/aktualno\/adria-airways-nacrtuje-ukinitev-letov-v-berlin\/#breadcrumb"},"inLanguage":"sl-SI","potentialAction":[{"@type":"ReadAction","target":["https:\/\/hudo.com\/si\/aktualno\/adria-airways-nacrtuje-ukinitev-letov-v-berlin\/"]}]},{"@type":"BreadcrumbList","@id":"https:\/\/hudo.com\/si\/aktualno\/adria-airways-nacrtuje-ukinitev-letov-v-berlin\/#breadcrumb","itemListElement":[{"@type":"ListItem","position":1,"name":"Home","item":"https:\/\/hudo.com\/si\/"},{"@type":"ListItem","position":2,"name":"Adria Airways na\u010drtuje ukinitev letov v Berlin"}]},{"@type":"WebSite","@id":"https:\/\/hudo.com\/si\/#website","url":"https:\/\/hudo.com\/si\/","name":"Hudo Slovenija","description":"Vse novice iz Slovenije in sveta","publisher":{"@id":"https:\/\/hudo.com\/si\/#organization"},"potentialAction":[{"@type":"SearchAction","target":{"@type":"EntryPoint","urlTemplate":"https:\/\/hudo.com\/si\/?s={search_term_string}"},"query-input":"required name=search_term_string"}],"inLanguage":"sl-SI"},{"@type":"Organization","@id":"https:\/\/hudo.com\/si\/#organization","name":"VSN Media","url":"https:\/\/hudo.com\/si\/","logo":{"@type":"ImageObject","inLanguage":"sl-SI","@id":"https:\/\/hudo.com\/si\/#\/schema\/logo\/image\/","url":"https:\/\/hudo.com\/si\/wp-content\/uploads\/sites\/2\/2021\/03\/hudo-app-2.png","contentUrl":"https:\/\/hudo.com\/si\/wp-content\/uploads\/sites\/2\/2021\/03\/hudo-app-2.png","width":2185,"height":2167,"caption":"VSN Media"},"image":{"@id":"https:\/\/hudo.com\/si\/#\/schema\/logo\/image\/"},"sameAs":["https:\/\/www.facebook.com\/hudo.si","https:\/\/twitter.com\/hudo_si"]},{"@type":"Person","@id":"https:\/\/hudo.com\/si\/#\/schema\/person\/601cf3379633985b20f7e50f2bb47707","name":"hudo","image":{"@type":"ImageObject","inLanguage":"sl-SI","@id":"https:\/\/hudo.com\/si\/#\/schema\/person\/image\/","url":"https:\/\/secure.gravatar.com\/avatar\/c4ca25fa72cace7a696b52ff5db9e095?s=96&d=mm&r=g","contentUrl":"https:\/\/secure.gravatar.com\/avatar\/c4ca25fa72cace7a696b52ff5db9e095?s=96&d=mm&r=g","caption":"hudo"},"url":"https:\/\/hudo.com\/si\/author\/hudo\/"}]}},"amp_enabled":true,"_links":{"self":[{"href":"https:\/\/hudo.com\/si\/wp-json\/wp\/v2\/posts\/78017"}],"collection":[{"href":"https:\/\/hudo.com\/si\/wp-json\/wp\/v2\/posts"}],"about":[{"href":"https:\/\/hudo.com\/si\/wp-json\/wp\/v2\/types\/post"}],"author":[{"embeddable":true,"href":"https:\/\/hudo.com\/si\/wp-json\/wp\/v2\/users\/1"}],"replies":[{"embeddable":true,"href":"https:\/\/hudo.com\/si\/wp-json\/wp\/v2\/comments?post=78017"}],"version-history":[{"count":1,"href":"https:\/\/hudo.com\/si\/wp-json\/wp\/v2\/posts\/78017\/revisions"}],"predecessor-version":[{"id":78110,"href":"https:\/\/hudo.com\/si\/wp-json\/wp\/v2\/posts\/78017\/revisions\/78110"}],"wp:attachment":[{"href":"https:\/\/hudo.com\/si\/wp-json\/wp\/v2\/media?parent=78017"}],"wp:term":[{"taxonomy":"category","embeddable":true,"href":"https:\/\/hudo.com\/si\/wp-json\/wp\/v2\/categories?post=78017"},{"taxonomy":"post_tag","embeddable":true,"href":"https:\/\/hudo.com\/si\/wp-json\/wp\/v2\/tags?post=78017"},{"taxonomy":"source","embeddable":true,"href":"https:\/\/hudo.com\/si\/wp-json\/wp\/v2\/source?post=78017"},{"taxonomy":"supertag","embeddable":true,"href":"https:\/\/hudo.com\/si\/wp-json\/wp\/v2\/supertag?post=78017"}],"curies":[{"name":"wp","href":"https:\/\/api.w.org\/{rel}","templated":true}]}}