{"id":78059,"date":"2016-06-18T09:00:00","date_gmt":"2016-06-18T07:00:00","guid":{"rendered":"http:\/\/hudo.com\/si\/2016\/06\/18\/v-braziliji-bodo-vec-moskih-obtozili-posilstva-16-letnice\/"},"modified":"2016-06-19T07:43:00","modified_gmt":"2016-06-19T05:43:00","slug":"v-braziliji-bodo-vec-moskih-obtozili-posilstva-16-letnice","status":"publish","type":"post","link":"https:\/\/hudo.com\/si\/aktualno\/v-braziliji-bodo-vec-moskih-obtozili-posilstva-16-letnice\/","title":{"rendered":"V Braziliji bodo ve\u010d mo\u0161kih obto\u017eili posilstva 16-letnice"},"content":{"rendered":"<p>V Braziliji bodo predvidoma obto\u017eili \u0161est odraslih mo\u0161kih in mladoletnika, ki naj bi sredi maja v Rio de Janeiru posilili 16-letno dekle. Poleg tega naj bi fotografije in posnetek objavili na spletu, je v petek sporo\u010dila brazilska policija. Policijska preiskovalka Cristiana Bento je primer predala to\u017eilstvu in zahtevala aretacijo osumljencev. Napadeno dekle meni, da so jo omamili, medtem ko je bila pri svojem fantu. Ko se je zbudila, ni bila ve\u010d v njegovi hi\u0161i in je bila obkro\u017eena s 33 mo\u0161kimi, je povedala. Nekaj dni po posilstvu je policija ugotovila, da so nekateri od posiljevalcev fotografije in posnetek napada objavili na Twitterju. 40-sekundni posnetek se je, \u0161e preden so ra\u010dun uporabnika odstranili, hitro raz\u0161iril po spletu in povzro\u010dil val ogor\u010denih komentarjev. Po besedah Bentove je med glavnimi dokazi tudi mobilni telefon, s katerim so napad posneli. Preiskava pa je pokazala, da je bilo dekle posiljeno v dveh lo\u010denih incidentih, je \u0161e povedala po poro\u010danju britanskega BBC. Lokalni mediji poro\u010dajo, da so dva osumljenca \u017ee priprli. Lahko jih doleti 15 let zapora za posilstvo, osem let za fotografiranje in \u0161est let za objavo na spletu, je \u0161e dejala glavna preiskovalka. Pri\u010dakovati je tudi novo preiskavo, v okviru katere bodo ugotavljali, ali je bilo v posilstvo vpletenih \u0161e ve\u010d ljudi, \u0161e navaja BBC.Kronika<\/p>\n","protected":false},"excerpt":{"rendered":"<p>V Braziliji bodo predvidoma obto\u017eili \u0161est odraslih mo\u0161kih in mladoletnika, ki naj bi sredi maja v Rio de Janeiru posilili 16-letno dekle. Poleg tega naj bi fotografije in posnetek objavili na spletu, je v petek sporo\u010dila brazilska policija. Policijska preiskovalka Cristiana Bento je primer predala to\u017eilstvu in zahtevala aretacijo osumljencev. Napadeno dekle meni, da so jo omamili, medtem ko je bila pri svojem fantu. Ko se je zbudila, ni bila ve\u010d v njegovi hi\u0161i in je bila obkro\u017eena s 33 mo\u0161kimi, je povedala. Nekaj dni po posilstvu je policija ugotovila, da so nekateri od posiljevalcev fotografije in posnetek napada objavili na Twitterju. 40-sekundni posnetek se je, \u0161e preden so ra\u010dun uporabnika odstranili, hitro raz\u0161iril po spletu in povzro\u010dil val ogor\u010denih komentarjev. Po besedah Bentove je med glavnimi dokazi tudi mobilni telefon, s katerim so napad posneli. Preiskava pa je pokazala, da je bilo dekle posiljeno v dveh lo\u010denih incidentih, je \u0161e povedala po poro\u010danju britanskega BBC. Lokalni mediji poro\u010dajo, da so dva osumljenca \u017ee priprli. Lahko jih doleti 15 let zapora za posilstvo, osem let za fotografiranje in \u0161est let za objavo na spletu, je \u0161e dejala glavna preiskovalka. Pri\u010dakovati je tudi novo preiskavo, v okviru katere bodo ugotavljali, ali je bilo v posilstvo vpletenih \u0161e ve\u010d ljudi, \u0161e navaja BBC.Kronika<\/p>\n","protected":false},"author":1,"featured_media":0,"comment_status":"closed","ping_status":"closed","sticky":false,"template":"","format":"standard","meta":{"footnotes":""},"categories":[1179],"tags":[],"source":[1711],"supertag":[],"acf":[],"yoast_head":"<!-- This site is optimized with the Yoast SEO plugin v21.3 - https:\/\/yoast.com\/wordpress\/plugins\/seo\/ -->\n<title>V Braziliji bodo ve\u010d mo\u0161kih obto\u017eili posilstva 16-letnice - Hudo Slovenija<\/title>\n<meta name=\"robots\" content=\"index, follow, max-snippet:-1, max-image-preview:large, max-video-preview:-1\" \/>\n<link rel=\"canonical\" href=\"https:\/\/hudo.com\/si\/aktualno\/v-braziliji-bodo-vec-moskih-obtozili-posilstva-16-letnice\/\" \/>\n<meta property=\"og:locale\" content=\"sl_SI\" \/>\n<meta property=\"og:type\" content=\"article\" \/>\n<meta property=\"og:title\" content=\"V Braziliji bodo ve\u010d mo\u0161kih obto\u017eili posilstva 16-letnice - Hudo Slovenija\" \/>\n<meta property=\"og:description\" content=\"V Braziliji bodo predvidoma obto\u017eili \u0161est odraslih mo\u0161kih in mladoletnika, ki naj bi sredi maja v Rio de Janeiru posilili 16-letno dekle. Poleg tega naj bi fotografije in posnetek objavili na spletu, je v petek sporo\u010dila brazilska policija. Policijska preiskovalka Cristiana Bento je primer predala to\u017eilstvu in zahtevala aretacijo osumljencev. Napadeno dekle meni, da so jo omamili, medtem ko je bila pri svojem fantu. Ko se je zbudila, ni bila ve\u010d v njegovi hi\u0161i in je bila obkro\u017eena s 33 mo\u0161kimi, je povedala. Nekaj dni po posilstvu je policija ugotovila, da so nekateri od posiljevalcev fotografije in posnetek napada objavili na Twitterju. 40-sekundni posnetek se je, \u0161e preden so ra\u010dun uporabnika odstranili, hitro raz\u0161iril po spletu in povzro\u010dil val ogor\u010denih komentarjev. Po besedah Bentove je med glavnimi dokazi tudi mobilni telefon, s katerim so napad posneli. Preiskava pa je pokazala, da je bilo dekle posiljeno v dveh lo\u010denih incidentih, je \u0161e povedala po poro\u010danju britanskega BBC. Lokalni mediji poro\u010dajo, da so dva osumljenca \u017ee priprli. Lahko jih doleti 15 let zapora za posilstvo, osem let za fotografiranje in \u0161est let za objavo na spletu, je \u0161e dejala glavna preiskovalka. Pri\u010dakovati je tudi novo preiskavo, v okviru katere bodo ugotavljali, ali je bilo v posilstvo vpletenih \u0161e ve\u010d ljudi, \u0161e navaja BBC.Kronika\" \/>\n<meta property=\"og:url\" content=\"https:\/\/hudo.com\/si\/aktualno\/v-braziliji-bodo-vec-moskih-obtozili-posilstva-16-letnice\/\" \/>\n<meta property=\"og:site_name\" content=\"Hudo Slovenija\" \/>\n<meta property=\"article:publisher\" content=\"https:\/\/www.facebook.com\/hudo.si\" \/>\n<meta property=\"article:published_time\" content=\"2016-06-18T07:00:00+00:00\" \/>\n<meta property=\"article:modified_time\" content=\"2016-06-19T05:43:00+00:00\" \/>\n<meta property=\"og:image\" content=\"https:\/\/hudo.com\/si\/wp-content\/uploads\/sites\/2\/2016\/06\/05374234-300.jpg\" \/>\n\t<meta property=\"og:image:width\" content=\"450\" \/>\n\t<meta property=\"og:image:height\" content=\"300\" \/>\n\t<meta property=\"og:image:type\" content=\"image\/jpeg\" \/>\n<meta name=\"author\" content=\"hudo\" \/>\n<meta name=\"twitter:card\" content=\"summary_large_image\" \/>\n<meta name=\"twitter:creator\" content=\"@hudo_si\" \/>\n<meta name=\"twitter:site\" content=\"@hudo_si\" \/>\n<meta name=\"twitter:label1\" content=\"Written by\" \/>\n\t<meta name=\"twitter:data1\" content=\"hudo\" \/>\n\t<meta name=\"twitter:label2\" content=\"Est. reading time\" \/>\n\t<meta name=\"twitter:data2\" content=\"1 minuta\" \/>\n<script type=\"application\/ld+json\" class=\"yoast-schema-graph\">{\"@context\":\"https:\/\/schema.org\",\"@graph\":[{\"@type\":\"Article\",\"@id\":\"https:\/\/hudo.com\/si\/aktualno\/v-braziliji-bodo-vec-moskih-obtozili-posilstva-16-letnice\/#article\",\"isPartOf\":{\"@id\":\"https:\/\/hudo.com\/si\/aktualno\/v-braziliji-bodo-vec-moskih-obtozili-posilstva-16-letnice\/\"},\"author\":{\"name\":\"hudo\",\"@id\":\"https:\/\/hudo.com\/si\/#\/schema\/person\/601cf3379633985b20f7e50f2bb47707\"},\"headline\":\"V Braziliji bodo ve\u010d mo\u0161kih obto\u017eili posilstva 16-letnice\",\"datePublished\":\"2016-06-18T07:00:00+00:00\",\"dateModified\":\"2016-06-19T05:43:00+00:00\",\"mainEntityOfPage\":{\"@id\":\"https:\/\/hudo.com\/si\/aktualno\/v-braziliji-bodo-vec-moskih-obtozili-posilstva-16-letnice\/\"},\"wordCount\":235,\"publisher\":{\"@id\":\"https:\/\/hudo.com\/si\/#organization\"},\"articleSection\":[\"Aktualno\"],\"inLanguage\":\"sl-SI\"},{\"@type\":\"WebPage\",\"@id\":\"https:\/\/hudo.com\/si\/aktualno\/v-braziliji-bodo-vec-moskih-obtozili-posilstva-16-letnice\/\",\"url\":\"https:\/\/hudo.com\/si\/aktualno\/v-braziliji-bodo-vec-moskih-obtozili-posilstva-16-letnice\/\",\"name\":\"V Braziliji bodo ve\u010d mo\u0161kih obto\u017eili posilstva 16-letnice - Hudo Slovenija\",\"isPartOf\":{\"@id\":\"https:\/\/hudo.com\/si\/#website\"},\"datePublished\":\"2016-06-18T07:00:00+00:00\",\"dateModified\":\"2016-06-19T05:43:00+00:00\",\"breadcrumb\":{\"@id\":\"https:\/\/hudo.com\/si\/aktualno\/v-braziliji-bodo-vec-moskih-obtozili-posilstva-16-letnice\/#breadcrumb\"},\"inLanguage\":\"sl-SI\",\"potentialAction\":[{\"@type\":\"ReadAction\",\"target\":[\"https:\/\/hudo.com\/si\/aktualno\/v-braziliji-bodo-vec-moskih-obtozili-posilstva-16-letnice\/\"]}]},{\"@type\":\"BreadcrumbList\",\"@id\":\"https:\/\/hudo.com\/si\/aktualno\/v-braziliji-bodo-vec-moskih-obtozili-posilstva-16-letnice\/#breadcrumb\",\"itemListElement\":[{\"@type\":\"ListItem\",\"position\":1,\"name\":\"Home\",\"item\":\"https:\/\/hudo.com\/si\/\"},{\"@type\":\"ListItem\",\"position\":2,\"name\":\"V Braziliji bodo ve\u010d mo\u0161kih obto\u017eili posilstva 16-letnice\"}]},{\"@type\":\"WebSite\",\"@id\":\"https:\/\/hudo.com\/si\/#website\",\"url\":\"https:\/\/hudo.com\/si\/\",\"name\":\"Hudo Slovenija\",\"description\":\"Vse novice iz Slovenije in sveta\",\"publisher\":{\"@id\":\"https:\/\/hudo.com\/si\/#organization\"},\"potentialAction\":[{\"@type\":\"SearchAction\",\"target\":{\"@type\":\"EntryPoint\",\"urlTemplate\":\"https:\/\/hudo.com\/si\/?s={search_term_string}\"},\"query-input\":\"required name=search_term_string\"}],\"inLanguage\":\"sl-SI\"},{\"@type\":\"Organization\",\"@id\":\"https:\/\/hudo.com\/si\/#organization\",\"name\":\"VSN Media\",\"url\":\"https:\/\/hudo.com\/si\/\",\"logo\":{\"@type\":\"ImageObject\",\"inLanguage\":\"sl-SI\",\"@id\":\"https:\/\/hudo.com\/si\/#\/schema\/logo\/image\/\",\"url\":\"https:\/\/hudo.com\/si\/wp-content\/uploads\/sites\/2\/2021\/03\/hudo-app-2.png\",\"contentUrl\":\"https:\/\/hudo.com\/si\/wp-content\/uploads\/sites\/2\/2021\/03\/hudo-app-2.png\",\"width\":2185,\"height\":2167,\"caption\":\"VSN Media\"},\"image\":{\"@id\":\"https:\/\/hudo.com\/si\/#\/schema\/logo\/image\/\"},\"sameAs\":[\"https:\/\/www.facebook.com\/hudo.si\",\"https:\/\/twitter.com\/hudo_si\"]},{\"@type\":\"Person\",\"@id\":\"https:\/\/hudo.com\/si\/#\/schema\/person\/601cf3379633985b20f7e50f2bb47707\",\"name\":\"hudo\",\"image\":{\"@type\":\"ImageObject\",\"inLanguage\":\"sl-SI\",\"@id\":\"https:\/\/hudo.com\/si\/#\/schema\/person\/image\/\",\"url\":\"https:\/\/secure.gravatar.com\/avatar\/c4ca25fa72cace7a696b52ff5db9e095?s=96&d=mm&r=g\",\"contentUrl\":\"https:\/\/secure.gravatar.com\/avatar\/c4ca25fa72cace7a696b52ff5db9e095?s=96&d=mm&r=g\",\"caption\":\"hudo\"},\"url\":\"https:\/\/hudo.com\/si\/author\/hudo\/\"}]}<\/script>\n<!-- \/ Yoast SEO plugin. -->","yoast_head_json":{"title":"V Braziliji bodo ve\u010d mo\u0161kih obto\u017eili posilstva 16-letnice - Hudo Slovenija","robots":{"index":"index","follow":"follow","max-snippet":"max-snippet:-1","max-image-preview":"max-image-preview:large","max-video-preview":"max-video-preview:-1"},"canonical":"https:\/\/hudo.com\/si\/aktualno\/v-braziliji-bodo-vec-moskih-obtozili-posilstva-16-letnice\/","og_locale":"sl_SI","og_type":"article","og_title":"V Braziliji bodo ve\u010d mo\u0161kih obto\u017eili posilstva 16-letnice - Hudo Slovenija","og_description":"V Braziliji bodo predvidoma obto\u017eili \u0161est odraslih mo\u0161kih in mladoletnika, ki naj bi sredi maja v Rio de Janeiru posilili 16-letno dekle. Poleg tega naj bi fotografije in posnetek objavili na spletu, je v petek sporo\u010dila brazilska policija. Policijska preiskovalka Cristiana Bento je primer predala to\u017eilstvu in zahtevala aretacijo osumljencev. Napadeno dekle meni, da so jo omamili, medtem ko je bila pri svojem fantu. Ko se je zbudila, ni bila ve\u010d v njegovi hi\u0161i in je bila obkro\u017eena s 33 mo\u0161kimi, je povedala. Nekaj dni po posilstvu je policija ugotovila, da so nekateri od posiljevalcev fotografije in posnetek napada objavili na Twitterju. 40-sekundni posnetek se je, \u0161e preden so ra\u010dun uporabnika odstranili, hitro raz\u0161iril po spletu in povzro\u010dil val ogor\u010denih komentarjev. Po besedah Bentove je med glavnimi dokazi tudi mobilni telefon, s katerim so napad posneli. Preiskava pa je pokazala, da je bilo dekle posiljeno v dveh lo\u010denih incidentih, je \u0161e povedala po poro\u010danju britanskega BBC. Lokalni mediji poro\u010dajo, da so dva osumljenca \u017ee priprli. Lahko jih doleti 15 let zapora za posilstvo, osem let za fotografiranje in \u0161est let za objavo na spletu, je \u0161e dejala glavna preiskovalka. Pri\u010dakovati je tudi novo preiskavo, v okviru katere bodo ugotavljali, ali je bilo v posilstvo vpletenih \u0161e ve\u010d ljudi, \u0161e navaja BBC.Kronika","og_url":"https:\/\/hudo.com\/si\/aktualno\/v-braziliji-bodo-vec-moskih-obtozili-posilstva-16-letnice\/","og_site_name":"Hudo Slovenija","article_publisher":"https:\/\/www.facebook.com\/hudo.si","article_published_time":"2016-06-18T07:00:00+00:00","article_modified_time":"2016-06-19T05:43:00+00:00","og_image":[{"width":450,"height":300,"url":"https:\/\/hudo.com\/si\/wp-content\/uploads\/sites\/2\/2016\/06\/05374234-300.jpg","type":"image\/jpeg"}],"author":"hudo","twitter_card":"summary_large_image","twitter_creator":"@hudo_si","twitter_site":"@hudo_si","twitter_misc":{"Written by":"hudo","Est. reading time":"1 minuta"},"schema":{"@context":"https:\/\/schema.org","@graph":[{"@type":"Article","@id":"https:\/\/hudo.com\/si\/aktualno\/v-braziliji-bodo-vec-moskih-obtozili-posilstva-16-letnice\/#article","isPartOf":{"@id":"https:\/\/hudo.com\/si\/aktualno\/v-braziliji-bodo-vec-moskih-obtozili-posilstva-16-letnice\/"},"author":{"name":"hudo","@id":"https:\/\/hudo.com\/si\/#\/schema\/person\/601cf3379633985b20f7e50f2bb47707"},"headline":"V Braziliji bodo ve\u010d mo\u0161kih obto\u017eili posilstva 16-letnice","datePublished":"2016-06-18T07:00:00+00:00","dateModified":"2016-06-19T05:43:00+00:00","mainEntityOfPage":{"@id":"https:\/\/hudo.com\/si\/aktualno\/v-braziliji-bodo-vec-moskih-obtozili-posilstva-16-letnice\/"},"wordCount":235,"publisher":{"@id":"https:\/\/hudo.com\/si\/#organization"},"articleSection":["Aktualno"],"inLanguage":"sl-SI"},{"@type":"WebPage","@id":"https:\/\/hudo.com\/si\/aktualno\/v-braziliji-bodo-vec-moskih-obtozili-posilstva-16-letnice\/","url":"https:\/\/hudo.com\/si\/aktualno\/v-braziliji-bodo-vec-moskih-obtozili-posilstva-16-letnice\/","name":"V Braziliji bodo ve\u010d mo\u0161kih obto\u017eili posilstva 16-letnice - Hudo Slovenija","isPartOf":{"@id":"https:\/\/hudo.com\/si\/#website"},"datePublished":"2016-06-18T07:00:00+00:00","dateModified":"2016-06-19T05:43:00+00:00","breadcrumb":{"@id":"https:\/\/hudo.com\/si\/aktualno\/v-braziliji-bodo-vec-moskih-obtozili-posilstva-16-letnice\/#breadcrumb"},"inLanguage":"sl-SI","potentialAction":[{"@type":"ReadAction","target":["https:\/\/hudo.com\/si\/aktualno\/v-braziliji-bodo-vec-moskih-obtozili-posilstva-16-letnice\/"]}]},{"@type":"BreadcrumbList","@id":"https:\/\/hudo.com\/si\/aktualno\/v-braziliji-bodo-vec-moskih-obtozili-posilstva-16-letnice\/#breadcrumb","itemListElement":[{"@type":"ListItem","position":1,"name":"Home","item":"https:\/\/hudo.com\/si\/"},{"@type":"ListItem","position":2,"name":"V Braziliji bodo ve\u010d mo\u0161kih obto\u017eili posilstva 16-letnice"}]},{"@type":"WebSite","@id":"https:\/\/hudo.com\/si\/#website","url":"https:\/\/hudo.com\/si\/","name":"Hudo Slovenija","description":"Vse novice iz Slovenije in sveta","publisher":{"@id":"https:\/\/hudo.com\/si\/#organization"},"potentialAction":[{"@type":"SearchAction","target":{"@type":"EntryPoint","urlTemplate":"https:\/\/hudo.com\/si\/?s={search_term_string}"},"query-input":"required name=search_term_string"}],"inLanguage":"sl-SI"},{"@type":"Organization","@id":"https:\/\/hudo.com\/si\/#organization","name":"VSN Media","url":"https:\/\/hudo.com\/si\/","logo":{"@type":"ImageObject","inLanguage":"sl-SI","@id":"https:\/\/hudo.com\/si\/#\/schema\/logo\/image\/","url":"https:\/\/hudo.com\/si\/wp-content\/uploads\/sites\/2\/2021\/03\/hudo-app-2.png","contentUrl":"https:\/\/hudo.com\/si\/wp-content\/uploads\/sites\/2\/2021\/03\/hudo-app-2.png","width":2185,"height":2167,"caption":"VSN Media"},"image":{"@id":"https:\/\/hudo.com\/si\/#\/schema\/logo\/image\/"},"sameAs":["https:\/\/www.facebook.com\/hudo.si","https:\/\/twitter.com\/hudo_si"]},{"@type":"Person","@id":"https:\/\/hudo.com\/si\/#\/schema\/person\/601cf3379633985b20f7e50f2bb47707","name":"hudo","image":{"@type":"ImageObject","inLanguage":"sl-SI","@id":"https:\/\/hudo.com\/si\/#\/schema\/person\/image\/","url":"https:\/\/secure.gravatar.com\/avatar\/c4ca25fa72cace7a696b52ff5db9e095?s=96&d=mm&r=g","contentUrl":"https:\/\/secure.gravatar.com\/avatar\/c4ca25fa72cace7a696b52ff5db9e095?s=96&d=mm&r=g","caption":"hudo"},"url":"https:\/\/hudo.com\/si\/author\/hudo\/"}]}},"amp_enabled":true,"_links":{"self":[{"href":"https:\/\/hudo.com\/si\/wp-json\/wp\/v2\/posts\/78059"}],"collection":[{"href":"https:\/\/hudo.com\/si\/wp-json\/wp\/v2\/posts"}],"about":[{"href":"https:\/\/hudo.com\/si\/wp-json\/wp\/v2\/types\/post"}],"author":[{"embeddable":true,"href":"https:\/\/hudo.com\/si\/wp-json\/wp\/v2\/users\/1"}],"replies":[{"embeddable":true,"href":"https:\/\/hudo.com\/si\/wp-json\/wp\/v2\/comments?post=78059"}],"version-history":[{"count":1,"href":"https:\/\/hudo.com\/si\/wp-json\/wp\/v2\/posts\/78059\/revisions"}],"predecessor-version":[{"id":78218,"href":"https:\/\/hudo.com\/si\/wp-json\/wp\/v2\/posts\/78059\/revisions\/78218"}],"wp:attachment":[{"href":"https:\/\/hudo.com\/si\/wp-json\/wp\/v2\/media?parent=78059"}],"wp:term":[{"taxonomy":"category","embeddable":true,"href":"https:\/\/hudo.com\/si\/wp-json\/wp\/v2\/categories?post=78059"},{"taxonomy":"post_tag","embeddable":true,"href":"https:\/\/hudo.com\/si\/wp-json\/wp\/v2\/tags?post=78059"},{"taxonomy":"source","embeddable":true,"href":"https:\/\/hudo.com\/si\/wp-json\/wp\/v2\/source?post=78059"},{"taxonomy":"supertag","embeddable":true,"href":"https:\/\/hudo.com\/si\/wp-json\/wp\/v2\/supertag?post=78059"}],"curies":[{"name":"wp","href":"https:\/\/api.w.org\/{rel}","templated":true}]}}