{"id":78061,"date":"2016-06-18T08:58:00","date_gmt":"2016-06-18T06:58:00","guid":{"rendered":"http:\/\/hudo.com\/si\/2016\/06\/18\/v-belgiji-aretirali-12-teroristicnih-osumljencev\/"},"modified":"2016-06-18T08:58:00","modified_gmt":"2016-06-18T06:58:00","slug":"v-belgiji-aretirali-12-teroristicnih-osumljencev","status":"publish","type":"post","link":"https:\/\/hudo.com\/si\/aktualno\/v-belgiji-aretirali-12-teroristicnih-osumljencev\/","title":{"rendered":"V Belgiji aretirali 12 teroristi\u010dnih osumljencev"},"content":{"rendered":"<p>Kategorija: Evropa Sat, 18 Jun 2016 10:58:00 +0200  Bruselj \u2013 V Belgiji so pono\u010di varnostne sile po vsej dr\u017eavi izvedle ve\u010d deset protiteroristi\u010dnih racij, pri \u010demer so aretirali 12 ljudi, je danes sporo\u010dilo belgijsko zvezno to\u017eilstvo, ki je dodalo, da je \u0161lo za primer, pri katerem je bilo glede na izsledke preiskav potrebno \u00bbtakoj\u0161nje posredovanje\u00ab. Racije so izvedli v ve\u010d deset hi\u0161ah in gara\u017eah v 16 ob\u010dinah po dr\u017eavi, minile pa so brez incidentov, je to\u017eilstvo po poro\u010danju Slovenske tiskovne agencije zapisalo v sporo\u010dilu. Med racijami doslej niso na\u0161li oro\u017eja ali razstreliva. Po navedbah to\u017eilstva so na zasli\u0161anje odvedli 40 oseb, od katerih so 12 aretirali. Preiskovalni sodnik naj bi predvidoma danes odlo\u010dil o njihovi usodi. Sumijo jih na\u010drtovanja teroristi\u010dnih napadov. Ve\u010d podrobnosti to\u017eilstvo ni razkrilo. Kljub \u0161tevilnim aretacijam zaradi\u00a0&#8230;<\/p>\n","protected":false},"excerpt":{"rendered":"<p>Kategorija: Evropa Sat, 18 Jun 2016 10:58:00 +0200  Bruselj \u2013 V Belgiji so pono\u010di varnostne sile po vsej dr\u017eavi izvedle ve\u010d deset protiteroristi\u010dnih racij, pri \u010demer so aretirali 12 ljudi, je danes sporo\u010dilo belgijsko zvezno to\u017eilstvo, ki je dodalo, da je \u0161lo za primer, pri katerem je bilo glede na izsledke preiskav potrebno \u00bbtakoj\u0161nje posredovanje\u00ab. Racije so izvedli v ve\u010d deset hi\u0161ah in gara\u017eah v 16 ob\u010dinah po dr\u017eavi, minile pa so brez incidentov, je to\u017eilstvo po poro\u010danju Slovenske tiskovne agencije zapisalo v sporo\u010dilu. Med racijami doslej niso na\u0161li oro\u017eja ali razstreliva. Po navedbah to\u017eilstva so na zasli\u0161anje odvedli 40 oseb, od katerih so 12 aretirali. Preiskovalni sodnik naj bi predvidoma danes odlo\u010dil o njihovi usodi. Sumijo jih na\u010drtovanja teroristi\u010dnih napadov. Ve\u010d podrobnosti to\u017eilstvo ni razkrilo. Kljub \u0161tevilnim aretacijam zaradi\u00a0&#8230;<\/p>\n","protected":false},"author":1,"featured_media":0,"comment_status":"closed","ping_status":"closed","sticky":false,"template":"","format":"standard","meta":{"footnotes":""},"categories":[1179],"tags":[],"source":[4511],"supertag":[],"acf":[],"yoast_head":"<!-- This site is optimized with the Yoast SEO plugin v21.3 - https:\/\/yoast.com\/wordpress\/plugins\/seo\/ -->\n<title>V Belgiji aretirali 12 teroristi\u010dnih osumljencev - Hudo Slovenija<\/title>\n<meta name=\"robots\" content=\"index, follow, max-snippet:-1, max-image-preview:large, max-video-preview:-1\" \/>\n<link rel=\"canonical\" href=\"https:\/\/hudo.com\/si\/aktualno\/v-belgiji-aretirali-12-teroristicnih-osumljencev\/\" \/>\n<meta property=\"og:locale\" content=\"sl_SI\" \/>\n<meta property=\"og:type\" content=\"article\" \/>\n<meta property=\"og:title\" content=\"V Belgiji aretirali 12 teroristi\u010dnih osumljencev - Hudo Slovenija\" \/>\n<meta property=\"og:description\" content=\"Kategorija: Evropa Sat, 18 Jun 2016 10:58:00 +0200 Bruselj \u2013 V Belgiji so pono\u010di varnostne sile po vsej dr\u017eavi izvedle ve\u010d deset protiteroristi\u010dnih racij, pri \u010demer so aretirali 12 ljudi, je danes sporo\u010dilo belgijsko zvezno to\u017eilstvo, ki je dodalo, da je \u0161lo za primer, pri katerem je bilo glede na izsledke preiskav potrebno \u00bbtakoj\u0161nje posredovanje\u00ab. Racije so izvedli v ve\u010d deset hi\u0161ah in gara\u017eah v 16 ob\u010dinah po dr\u017eavi, minile pa so brez incidentov, je to\u017eilstvo po poro\u010danju Slovenske tiskovne agencije zapisalo v sporo\u010dilu. Med racijami doslej niso na\u0161li oro\u017eja ali razstreliva. Po navedbah to\u017eilstva so na zasli\u0161anje odvedli 40 oseb, od katerih so 12 aretirali. Preiskovalni sodnik naj bi predvidoma danes odlo\u010dil o njihovi usodi. Sumijo jih na\u010drtovanja teroristi\u010dnih napadov. Ve\u010d podrobnosti to\u017eilstvo ni razkrilo. Kljub \u0161tevilnim aretacijam zaradi\u00a0...\" \/>\n<meta property=\"og:url\" content=\"https:\/\/hudo.com\/si\/aktualno\/v-belgiji-aretirali-12-teroristicnih-osumljencev\/\" \/>\n<meta property=\"og:site_name\" content=\"Hudo Slovenija\" \/>\n<meta property=\"article:publisher\" content=\"https:\/\/www.facebook.com\/hudo.si\" \/>\n<meta property=\"article:published_time\" content=\"2016-06-18T06:58:00+00:00\" \/>\n<meta property=\"og:image\" content=\"https:\/\/hudo.com\/si\/wp-content\/uploads\/sites\/2\/2016\/06\/480x290_Reuters_Pictures-20160617152415-27109600.jpeg\" \/>\n\t<meta property=\"og:image:width\" content=\"480\" \/>\n\t<meta property=\"og:image:height\" content=\"290\" \/>\n\t<meta property=\"og:image:type\" content=\"image\/jpeg\" \/>\n<meta name=\"author\" content=\"hudo\" \/>\n<meta name=\"twitter:card\" content=\"summary_large_image\" \/>\n<meta name=\"twitter:creator\" content=\"@hudo_si\" \/>\n<meta name=\"twitter:site\" content=\"@hudo_si\" \/>\n<meta name=\"twitter:label1\" content=\"Written by\" \/>\n\t<meta name=\"twitter:data1\" content=\"hudo\" \/>\n\t<meta name=\"twitter:label2\" content=\"Est. reading time\" \/>\n\t<meta name=\"twitter:data2\" content=\"1 minuta\" \/>\n<script type=\"application\/ld+json\" class=\"yoast-schema-graph\">{\"@context\":\"https:\/\/schema.org\",\"@graph\":[{\"@type\":\"Article\",\"@id\":\"https:\/\/hudo.com\/si\/aktualno\/v-belgiji-aretirali-12-teroristicnih-osumljencev\/#article\",\"isPartOf\":{\"@id\":\"https:\/\/hudo.com\/si\/aktualno\/v-belgiji-aretirali-12-teroristicnih-osumljencev\/\"},\"author\":{\"name\":\"hudo\",\"@id\":\"https:\/\/hudo.com\/si\/#\/schema\/person\/601cf3379633985b20f7e50f2bb47707\"},\"headline\":\"V Belgiji aretirali 12 teroristi\u010dnih osumljencev\",\"datePublished\":\"2016-06-18T06:58:00+00:00\",\"dateModified\":\"2016-06-18T06:58:00+00:00\",\"mainEntityOfPage\":{\"@id\":\"https:\/\/hudo.com\/si\/aktualno\/v-belgiji-aretirali-12-teroristicnih-osumljencev\/\"},\"wordCount\":148,\"publisher\":{\"@id\":\"https:\/\/hudo.com\/si\/#organization\"},\"articleSection\":[\"Aktualno\"],\"inLanguage\":\"sl-SI\"},{\"@type\":\"WebPage\",\"@id\":\"https:\/\/hudo.com\/si\/aktualno\/v-belgiji-aretirali-12-teroristicnih-osumljencev\/\",\"url\":\"https:\/\/hudo.com\/si\/aktualno\/v-belgiji-aretirali-12-teroristicnih-osumljencev\/\",\"name\":\"V Belgiji aretirali 12 teroristi\u010dnih osumljencev - Hudo Slovenija\",\"isPartOf\":{\"@id\":\"https:\/\/hudo.com\/si\/#website\"},\"datePublished\":\"2016-06-18T06:58:00+00:00\",\"dateModified\":\"2016-06-18T06:58:00+00:00\",\"breadcrumb\":{\"@id\":\"https:\/\/hudo.com\/si\/aktualno\/v-belgiji-aretirali-12-teroristicnih-osumljencev\/#breadcrumb\"},\"inLanguage\":\"sl-SI\",\"potentialAction\":[{\"@type\":\"ReadAction\",\"target\":[\"https:\/\/hudo.com\/si\/aktualno\/v-belgiji-aretirali-12-teroristicnih-osumljencev\/\"]}]},{\"@type\":\"BreadcrumbList\",\"@id\":\"https:\/\/hudo.com\/si\/aktualno\/v-belgiji-aretirali-12-teroristicnih-osumljencev\/#breadcrumb\",\"itemListElement\":[{\"@type\":\"ListItem\",\"position\":1,\"name\":\"Home\",\"item\":\"https:\/\/hudo.com\/si\/\"},{\"@type\":\"ListItem\",\"position\":2,\"name\":\"V Belgiji aretirali 12 teroristi\u010dnih osumljencev\"}]},{\"@type\":\"WebSite\",\"@id\":\"https:\/\/hudo.com\/si\/#website\",\"url\":\"https:\/\/hudo.com\/si\/\",\"name\":\"Hudo Slovenija\",\"description\":\"Vse novice iz Slovenije in sveta\",\"publisher\":{\"@id\":\"https:\/\/hudo.com\/si\/#organization\"},\"potentialAction\":[{\"@type\":\"SearchAction\",\"target\":{\"@type\":\"EntryPoint\",\"urlTemplate\":\"https:\/\/hudo.com\/si\/?s={search_term_string}\"},\"query-input\":\"required name=search_term_string\"}],\"inLanguage\":\"sl-SI\"},{\"@type\":\"Organization\",\"@id\":\"https:\/\/hudo.com\/si\/#organization\",\"name\":\"VSN Media\",\"url\":\"https:\/\/hudo.com\/si\/\",\"logo\":{\"@type\":\"ImageObject\",\"inLanguage\":\"sl-SI\",\"@id\":\"https:\/\/hudo.com\/si\/#\/schema\/logo\/image\/\",\"url\":\"https:\/\/hudo.com\/si\/wp-content\/uploads\/sites\/2\/2021\/03\/hudo-app-2.png\",\"contentUrl\":\"https:\/\/hudo.com\/si\/wp-content\/uploads\/sites\/2\/2021\/03\/hudo-app-2.png\",\"width\":2185,\"height\":2167,\"caption\":\"VSN Media\"},\"image\":{\"@id\":\"https:\/\/hudo.com\/si\/#\/schema\/logo\/image\/\"},\"sameAs\":[\"https:\/\/www.facebook.com\/hudo.si\",\"https:\/\/twitter.com\/hudo_si\"]},{\"@type\":\"Person\",\"@id\":\"https:\/\/hudo.com\/si\/#\/schema\/person\/601cf3379633985b20f7e50f2bb47707\",\"name\":\"hudo\",\"image\":{\"@type\":\"ImageObject\",\"inLanguage\":\"sl-SI\",\"@id\":\"https:\/\/hudo.com\/si\/#\/schema\/person\/image\/\",\"url\":\"https:\/\/secure.gravatar.com\/avatar\/c4ca25fa72cace7a696b52ff5db9e095?s=96&d=mm&r=g\",\"contentUrl\":\"https:\/\/secure.gravatar.com\/avatar\/c4ca25fa72cace7a696b52ff5db9e095?s=96&d=mm&r=g\",\"caption\":\"hudo\"},\"url\":\"https:\/\/hudo.com\/si\/author\/hudo\/\"}]}<\/script>\n<!-- \/ Yoast SEO plugin. -->","yoast_head_json":{"title":"V Belgiji aretirali 12 teroristi\u010dnih osumljencev - Hudo Slovenija","robots":{"index":"index","follow":"follow","max-snippet":"max-snippet:-1","max-image-preview":"max-image-preview:large","max-video-preview":"max-video-preview:-1"},"canonical":"https:\/\/hudo.com\/si\/aktualno\/v-belgiji-aretirali-12-teroristicnih-osumljencev\/","og_locale":"sl_SI","og_type":"article","og_title":"V Belgiji aretirali 12 teroristi\u010dnih osumljencev - Hudo Slovenija","og_description":"Kategorija: Evropa Sat, 18 Jun 2016 10:58:00 +0200 Bruselj \u2013 V Belgiji so pono\u010di varnostne sile po vsej dr\u017eavi izvedle ve\u010d deset protiteroristi\u010dnih racij, pri \u010demer so aretirali 12 ljudi, je danes sporo\u010dilo belgijsko zvezno to\u017eilstvo, ki je dodalo, da je \u0161lo za primer, pri katerem je bilo glede na izsledke preiskav potrebno \u00bbtakoj\u0161nje posredovanje\u00ab. Racije so izvedli v ve\u010d deset hi\u0161ah in gara\u017eah v 16 ob\u010dinah po dr\u017eavi, minile pa so brez incidentov, je to\u017eilstvo po poro\u010danju Slovenske tiskovne agencije zapisalo v sporo\u010dilu. Med racijami doslej niso na\u0161li oro\u017eja ali razstreliva. Po navedbah to\u017eilstva so na zasli\u0161anje odvedli 40 oseb, od katerih so 12 aretirali. Preiskovalni sodnik naj bi predvidoma danes odlo\u010dil o njihovi usodi. Sumijo jih na\u010drtovanja teroristi\u010dnih napadov. Ve\u010d podrobnosti to\u017eilstvo ni razkrilo. Kljub \u0161tevilnim aretacijam zaradi\u00a0...","og_url":"https:\/\/hudo.com\/si\/aktualno\/v-belgiji-aretirali-12-teroristicnih-osumljencev\/","og_site_name":"Hudo Slovenija","article_publisher":"https:\/\/www.facebook.com\/hudo.si","article_published_time":"2016-06-18T06:58:00+00:00","og_image":[{"width":480,"height":290,"url":"https:\/\/hudo.com\/si\/wp-content\/uploads\/sites\/2\/2016\/06\/480x290_Reuters_Pictures-20160617152415-27109600.jpeg","type":"image\/jpeg"}],"author":"hudo","twitter_card":"summary_large_image","twitter_creator":"@hudo_si","twitter_site":"@hudo_si","twitter_misc":{"Written by":"hudo","Est. reading time":"1 minuta"},"schema":{"@context":"https:\/\/schema.org","@graph":[{"@type":"Article","@id":"https:\/\/hudo.com\/si\/aktualno\/v-belgiji-aretirali-12-teroristicnih-osumljencev\/#article","isPartOf":{"@id":"https:\/\/hudo.com\/si\/aktualno\/v-belgiji-aretirali-12-teroristicnih-osumljencev\/"},"author":{"name":"hudo","@id":"https:\/\/hudo.com\/si\/#\/schema\/person\/601cf3379633985b20f7e50f2bb47707"},"headline":"V Belgiji aretirali 12 teroristi\u010dnih osumljencev","datePublished":"2016-06-18T06:58:00+00:00","dateModified":"2016-06-18T06:58:00+00:00","mainEntityOfPage":{"@id":"https:\/\/hudo.com\/si\/aktualno\/v-belgiji-aretirali-12-teroristicnih-osumljencev\/"},"wordCount":148,"publisher":{"@id":"https:\/\/hudo.com\/si\/#organization"},"articleSection":["Aktualno"],"inLanguage":"sl-SI"},{"@type":"WebPage","@id":"https:\/\/hudo.com\/si\/aktualno\/v-belgiji-aretirali-12-teroristicnih-osumljencev\/","url":"https:\/\/hudo.com\/si\/aktualno\/v-belgiji-aretirali-12-teroristicnih-osumljencev\/","name":"V Belgiji aretirali 12 teroristi\u010dnih osumljencev - Hudo Slovenija","isPartOf":{"@id":"https:\/\/hudo.com\/si\/#website"},"datePublished":"2016-06-18T06:58:00+00:00","dateModified":"2016-06-18T06:58:00+00:00","breadcrumb":{"@id":"https:\/\/hudo.com\/si\/aktualno\/v-belgiji-aretirali-12-teroristicnih-osumljencev\/#breadcrumb"},"inLanguage":"sl-SI","potentialAction":[{"@type":"ReadAction","target":["https:\/\/hudo.com\/si\/aktualno\/v-belgiji-aretirali-12-teroristicnih-osumljencev\/"]}]},{"@type":"BreadcrumbList","@id":"https:\/\/hudo.com\/si\/aktualno\/v-belgiji-aretirali-12-teroristicnih-osumljencev\/#breadcrumb","itemListElement":[{"@type":"ListItem","position":1,"name":"Home","item":"https:\/\/hudo.com\/si\/"},{"@type":"ListItem","position":2,"name":"V Belgiji aretirali 12 teroristi\u010dnih osumljencev"}]},{"@type":"WebSite","@id":"https:\/\/hudo.com\/si\/#website","url":"https:\/\/hudo.com\/si\/","name":"Hudo Slovenija","description":"Vse novice iz Slovenije in sveta","publisher":{"@id":"https:\/\/hudo.com\/si\/#organization"},"potentialAction":[{"@type":"SearchAction","target":{"@type":"EntryPoint","urlTemplate":"https:\/\/hudo.com\/si\/?s={search_term_string}"},"query-input":"required name=search_term_string"}],"inLanguage":"sl-SI"},{"@type":"Organization","@id":"https:\/\/hudo.com\/si\/#organization","name":"VSN Media","url":"https:\/\/hudo.com\/si\/","logo":{"@type":"ImageObject","inLanguage":"sl-SI","@id":"https:\/\/hudo.com\/si\/#\/schema\/logo\/image\/","url":"https:\/\/hudo.com\/si\/wp-content\/uploads\/sites\/2\/2021\/03\/hudo-app-2.png","contentUrl":"https:\/\/hudo.com\/si\/wp-content\/uploads\/sites\/2\/2021\/03\/hudo-app-2.png","width":2185,"height":2167,"caption":"VSN Media"},"image":{"@id":"https:\/\/hudo.com\/si\/#\/schema\/logo\/image\/"},"sameAs":["https:\/\/www.facebook.com\/hudo.si","https:\/\/twitter.com\/hudo_si"]},{"@type":"Person","@id":"https:\/\/hudo.com\/si\/#\/schema\/person\/601cf3379633985b20f7e50f2bb47707","name":"hudo","image":{"@type":"ImageObject","inLanguage":"sl-SI","@id":"https:\/\/hudo.com\/si\/#\/schema\/person\/image\/","url":"https:\/\/secure.gravatar.com\/avatar\/c4ca25fa72cace7a696b52ff5db9e095?s=96&d=mm&r=g","contentUrl":"https:\/\/secure.gravatar.com\/avatar\/c4ca25fa72cace7a696b52ff5db9e095?s=96&d=mm&r=g","caption":"hudo"},"url":"https:\/\/hudo.com\/si\/author\/hudo\/"}]}},"amp_enabled":true,"_links":{"self":[{"href":"https:\/\/hudo.com\/si\/wp-json\/wp\/v2\/posts\/78061"}],"collection":[{"href":"https:\/\/hudo.com\/si\/wp-json\/wp\/v2\/posts"}],"about":[{"href":"https:\/\/hudo.com\/si\/wp-json\/wp\/v2\/types\/post"}],"author":[{"embeddable":true,"href":"https:\/\/hudo.com\/si\/wp-json\/wp\/v2\/users\/1"}],"replies":[{"embeddable":true,"href":"https:\/\/hudo.com\/si\/wp-json\/wp\/v2\/comments?post=78061"}],"version-history":[{"count":0,"href":"https:\/\/hudo.com\/si\/wp-json\/wp\/v2\/posts\/78061\/revisions"}],"wp:attachment":[{"href":"https:\/\/hudo.com\/si\/wp-json\/wp\/v2\/media?parent=78061"}],"wp:term":[{"taxonomy":"category","embeddable":true,"href":"https:\/\/hudo.com\/si\/wp-json\/wp\/v2\/categories?post=78061"},{"taxonomy":"post_tag","embeddable":true,"href":"https:\/\/hudo.com\/si\/wp-json\/wp\/v2\/tags?post=78061"},{"taxonomy":"source","embeddable":true,"href":"https:\/\/hudo.com\/si\/wp-json\/wp\/v2\/source?post=78061"},{"taxonomy":"supertag","embeddable":true,"href":"https:\/\/hudo.com\/si\/wp-json\/wp\/v2\/supertag?post=78061"}],"curies":[{"name":"wp","href":"https:\/\/api.w.org\/{rel}","templated":true}]}}