{"id":78067,"date":"2016-06-18T08:30:00","date_gmt":"2016-06-18T06:30:00","guid":{"rendered":"http:\/\/hudo.com\/si\/2016\/06\/18\/belgija-v-protiteroristicni-akciji-12-pridrzanih\/"},"modified":"2016-06-18T08:30:00","modified_gmt":"2016-06-18T06:30:00","slug":"belgija-v-protiteroristicni-akciji-12-pridrzanih","status":"publish","type":"post","link":"https:\/\/hudo.com\/si\/aktualno\/belgija-v-protiteroristicni-akciji-12-pridrzanih\/","title":{"rendered":"Belgija: V protiteroristi\u010dni akciji 12 pridr\u017eanih"},"content":{"rendered":"<p>Belgijska policija je v protiteroristi\u010dni akciji \u010dez no\u010d pridr\u017eala 12 oseb, ki so jih sumili, da pripravljajo nove teroristi\u010dne napade v dr\u017eavi. Opravljenih je bilo okoli 40 hi\u0161nih preiskav, poro\u010da Euronews, predvsem v Bruslju. Kot je danes sporo\u010dilo belgijsko zvezno to\u017eilstvo, je \u0161lo za primer, pri katerem je bilo glede na izsledke preiskav potrebno &#8220;takoj\u0161nje posredovanje&#8221;. Racije so izvedli v ve\u010d deset hi\u0161ah in gara\u017eah v 16 ob\u010dinah po dr\u017eavi, minile pa so brez incidentov, je to\u017eilstvo po poro\u010danju francoske tiskovne agencije AFP zapisalo v sporo\u010dilu. Zaenkrat \u0161e niso objavili podrobnosti o identiteti priprtih oseb, kot tudi ne opis predmetov, ki so jih zasegli, policisti pa zaenkra naj ne bi na\u0161li oro\u017eja in eksploziva. Po navedbah to\u017eilstva so na zasli\u0161anje odvedli 40 oseb, od katerih so 12 aretirali. Preiskovalni sodnik naj bi predvidoma danes odlo\u010dil o njihovi usodi. Sumijo jih na\u010drtovanja teroristi\u010dnih napadov. Kljub \u0161tevilnim aretacijam zaradi suma terorizma pa belgijske oblasti niso zvi\u0161ale stopnje ogro\u017eenosti. V Belgiji sicer \u0161e vedno velja druga najvi\u0161ja stopnja ogro\u017eenosti, saj razmere po teroristi\u010dnih napadih v Bruslju 22. marca, v katerih je bilo ubitih ve\u010d kot 30 ljudi, \u0161e ostajajo napete.Kronika<\/p>\n","protected":false},"excerpt":{"rendered":"<p>Belgijska policija je v protiteroristi\u010dni akciji \u010dez no\u010d pridr\u017eala 12 oseb, ki so jih sumili, da pripravljajo nove teroristi\u010dne napade v dr\u017eavi. Opravljenih je bilo okoli 40 hi\u0161nih preiskav, poro\u010da Euronews, predvsem v Bruslju. Kot je danes sporo\u010dilo belgijsko zvezno to\u017eilstvo, je \u0161lo za primer, pri katerem je bilo glede na izsledke preiskav potrebno &#8220;takoj\u0161nje posredovanje&#8221;. Racije so izvedli v ve\u010d deset hi\u0161ah in gara\u017eah v 16 ob\u010dinah po dr\u017eavi, minile pa so brez incidentov, je to\u017eilstvo po poro\u010danju francoske tiskovne agencije AFP zapisalo v sporo\u010dilu. Zaenkrat \u0161e niso objavili podrobnosti o identiteti priprtih oseb, kot tudi ne opis predmetov, ki so jih zasegli, policisti pa zaenkra naj ne bi na\u0161li oro\u017eja in eksploziva. Po navedbah to\u017eilstva so na zasli\u0161anje odvedli 40 oseb, od katerih so 12 aretirali. Preiskovalni sodnik naj bi predvidoma danes odlo\u010dil o njihovi usodi. Sumijo jih na\u010drtovanja teroristi\u010dnih napadov. Kljub \u0161tevilnim aretacijam zaradi suma terorizma pa belgijske oblasti niso zvi\u0161ale stopnje ogro\u017eenosti. V Belgiji sicer \u0161e vedno velja druga najvi\u0161ja stopnja ogro\u017eenosti, saj razmere po teroristi\u010dnih napadih v Bruslju 22. marca, v katerih je bilo ubitih ve\u010d kot 30 ljudi, \u0161e ostajajo napete.Kronika<\/p>\n","protected":false},"author":1,"featured_media":0,"comment_status":"closed","ping_status":"closed","sticky":false,"template":"","format":"standard","meta":{"footnotes":""},"categories":[1179],"tags":[],"source":[1711],"supertag":[],"acf":[],"yoast_head":"<!-- This site is optimized with the Yoast SEO plugin v21.3 - https:\/\/yoast.com\/wordpress\/plugins\/seo\/ -->\n<title>Belgija: V protiteroristi\u010dni akciji 12 pridr\u017eanih - Hudo Slovenija<\/title>\n<meta name=\"robots\" content=\"index, follow, max-snippet:-1, max-image-preview:large, max-video-preview:-1\" \/>\n<link rel=\"canonical\" href=\"https:\/\/hudo.com\/si\/aktualno\/belgija-v-protiteroristicni-akciji-12-pridrzanih\/\" \/>\n<meta property=\"og:locale\" content=\"sl_SI\" \/>\n<meta property=\"og:type\" content=\"article\" \/>\n<meta property=\"og:title\" content=\"Belgija: V protiteroristi\u010dni akciji 12 pridr\u017eanih - Hudo Slovenija\" \/>\n<meta property=\"og:description\" content=\"Belgijska policija je v protiteroristi\u010dni akciji \u010dez no\u010d pridr\u017eala 12 oseb, ki so jih sumili, da pripravljajo nove teroristi\u010dne napade v dr\u017eavi. Opravljenih je bilo okoli 40 hi\u0161nih preiskav, poro\u010da Euronews, predvsem v Bruslju. Kot je danes sporo\u010dilo belgijsko zvezno to\u017eilstvo, je \u0161lo za primer, pri katerem je bilo glede na izsledke preiskav potrebno &quot;takoj\u0161nje posredovanje&quot;. Racije so izvedli v ve\u010d deset hi\u0161ah in gara\u017eah v 16 ob\u010dinah po dr\u017eavi, minile pa so brez incidentov, je to\u017eilstvo po poro\u010danju francoske tiskovne agencije AFP zapisalo v sporo\u010dilu. Zaenkrat \u0161e niso objavili podrobnosti o identiteti priprtih oseb, kot tudi ne opis predmetov, ki so jih zasegli, policisti pa zaenkra naj ne bi na\u0161li oro\u017eja in eksploziva. Po navedbah to\u017eilstva so na zasli\u0161anje odvedli 40 oseb, od katerih so 12 aretirali. Preiskovalni sodnik naj bi predvidoma danes odlo\u010dil o njihovi usodi. Sumijo jih na\u010drtovanja teroristi\u010dnih napadov. Kljub \u0161tevilnim aretacijam zaradi suma terorizma pa belgijske oblasti niso zvi\u0161ale stopnje ogro\u017eenosti. V Belgiji sicer \u0161e vedno velja druga najvi\u0161ja stopnja ogro\u017eenosti, saj razmere po teroristi\u010dnih napadih v Bruslju 22. marca, v katerih je bilo ubitih ve\u010d kot 30 ljudi, \u0161e ostajajo napete.Kronika\" \/>\n<meta property=\"og:url\" content=\"https:\/\/hudo.com\/si\/aktualno\/belgija-v-protiteroristicni-akciji-12-pridrzanih\/\" \/>\n<meta property=\"og:site_name\" content=\"Hudo Slovenija\" \/>\n<meta property=\"article:publisher\" content=\"https:\/\/www.facebook.com\/hudo.si\" \/>\n<meta property=\"article:published_time\" content=\"2016-06-18T06:30:00+00:00\" \/>\n<meta property=\"og:image\" content=\"https:\/\/hudo.com\/si\/wp-content\/uploads\/sites\/2\/2016\/06\/MDF33273-300.jpg\" \/>\n\t<meta property=\"og:image:width\" content=\"450\" \/>\n\t<meta property=\"og:image:height\" content=\"298\" \/>\n\t<meta property=\"og:image:type\" content=\"image\/jpeg\" \/>\n<meta name=\"author\" content=\"hudo\" \/>\n<meta name=\"twitter:card\" content=\"summary_large_image\" \/>\n<meta name=\"twitter:creator\" content=\"@hudo_si\" \/>\n<meta name=\"twitter:site\" content=\"@hudo_si\" \/>\n<meta name=\"twitter:label1\" content=\"Written by\" \/>\n\t<meta name=\"twitter:data1\" content=\"hudo\" \/>\n\t<meta name=\"twitter:label2\" content=\"Est. reading time\" \/>\n\t<meta name=\"twitter:data2\" content=\"1 minuta\" \/>\n<script type=\"application\/ld+json\" class=\"yoast-schema-graph\">{\"@context\":\"https:\/\/schema.org\",\"@graph\":[{\"@type\":\"Article\",\"@id\":\"https:\/\/hudo.com\/si\/aktualno\/belgija-v-protiteroristicni-akciji-12-pridrzanih\/#article\",\"isPartOf\":{\"@id\":\"https:\/\/hudo.com\/si\/aktualno\/belgija-v-protiteroristicni-akciji-12-pridrzanih\/\"},\"author\":{\"name\":\"hudo\",\"@id\":\"https:\/\/hudo.com\/si\/#\/schema\/person\/601cf3379633985b20f7e50f2bb47707\"},\"headline\":\"Belgija: V protiteroristi\u010dni akciji 12 pridr\u017eanih\",\"datePublished\":\"2016-06-18T06:30:00+00:00\",\"dateModified\":\"2016-06-18T06:30:00+00:00\",\"mainEntityOfPage\":{\"@id\":\"https:\/\/hudo.com\/si\/aktualno\/belgija-v-protiteroristicni-akciji-12-pridrzanih\/\"},\"wordCount\":216,\"publisher\":{\"@id\":\"https:\/\/hudo.com\/si\/#organization\"},\"articleSection\":[\"Aktualno\"],\"inLanguage\":\"sl-SI\"},{\"@type\":\"WebPage\",\"@id\":\"https:\/\/hudo.com\/si\/aktualno\/belgija-v-protiteroristicni-akciji-12-pridrzanih\/\",\"url\":\"https:\/\/hudo.com\/si\/aktualno\/belgija-v-protiteroristicni-akciji-12-pridrzanih\/\",\"name\":\"Belgija: V protiteroristi\u010dni akciji 12 pridr\u017eanih - Hudo Slovenija\",\"isPartOf\":{\"@id\":\"https:\/\/hudo.com\/si\/#website\"},\"datePublished\":\"2016-06-18T06:30:00+00:00\",\"dateModified\":\"2016-06-18T06:30:00+00:00\",\"breadcrumb\":{\"@id\":\"https:\/\/hudo.com\/si\/aktualno\/belgija-v-protiteroristicni-akciji-12-pridrzanih\/#breadcrumb\"},\"inLanguage\":\"sl-SI\",\"potentialAction\":[{\"@type\":\"ReadAction\",\"target\":[\"https:\/\/hudo.com\/si\/aktualno\/belgija-v-protiteroristicni-akciji-12-pridrzanih\/\"]}]},{\"@type\":\"BreadcrumbList\",\"@id\":\"https:\/\/hudo.com\/si\/aktualno\/belgija-v-protiteroristicni-akciji-12-pridrzanih\/#breadcrumb\",\"itemListElement\":[{\"@type\":\"ListItem\",\"position\":1,\"name\":\"Home\",\"item\":\"https:\/\/hudo.com\/si\/\"},{\"@type\":\"ListItem\",\"position\":2,\"name\":\"Belgija: V protiteroristi\u010dni akciji 12 pridr\u017eanih\"}]},{\"@type\":\"WebSite\",\"@id\":\"https:\/\/hudo.com\/si\/#website\",\"url\":\"https:\/\/hudo.com\/si\/\",\"name\":\"Hudo Slovenija\",\"description\":\"Vse novice iz Slovenije in sveta\",\"publisher\":{\"@id\":\"https:\/\/hudo.com\/si\/#organization\"},\"potentialAction\":[{\"@type\":\"SearchAction\",\"target\":{\"@type\":\"EntryPoint\",\"urlTemplate\":\"https:\/\/hudo.com\/si\/?s={search_term_string}\"},\"query-input\":\"required name=search_term_string\"}],\"inLanguage\":\"sl-SI\"},{\"@type\":\"Organization\",\"@id\":\"https:\/\/hudo.com\/si\/#organization\",\"name\":\"VSN Media\",\"url\":\"https:\/\/hudo.com\/si\/\",\"logo\":{\"@type\":\"ImageObject\",\"inLanguage\":\"sl-SI\",\"@id\":\"https:\/\/hudo.com\/si\/#\/schema\/logo\/image\/\",\"url\":\"https:\/\/hudo.com\/si\/wp-content\/uploads\/sites\/2\/2021\/03\/hudo-app-2.png\",\"contentUrl\":\"https:\/\/hudo.com\/si\/wp-content\/uploads\/sites\/2\/2021\/03\/hudo-app-2.png\",\"width\":2185,\"height\":2167,\"caption\":\"VSN Media\"},\"image\":{\"@id\":\"https:\/\/hudo.com\/si\/#\/schema\/logo\/image\/\"},\"sameAs\":[\"https:\/\/www.facebook.com\/hudo.si\",\"https:\/\/twitter.com\/hudo_si\"]},{\"@type\":\"Person\",\"@id\":\"https:\/\/hudo.com\/si\/#\/schema\/person\/601cf3379633985b20f7e50f2bb47707\",\"name\":\"hudo\",\"image\":{\"@type\":\"ImageObject\",\"inLanguage\":\"sl-SI\",\"@id\":\"https:\/\/hudo.com\/si\/#\/schema\/person\/image\/\",\"url\":\"https:\/\/secure.gravatar.com\/avatar\/c4ca25fa72cace7a696b52ff5db9e095?s=96&d=mm&r=g\",\"contentUrl\":\"https:\/\/secure.gravatar.com\/avatar\/c4ca25fa72cace7a696b52ff5db9e095?s=96&d=mm&r=g\",\"caption\":\"hudo\"},\"url\":\"https:\/\/hudo.com\/si\/author\/hudo\/\"}]}<\/script>\n<!-- \/ Yoast SEO plugin. -->","yoast_head_json":{"title":"Belgija: V protiteroristi\u010dni akciji 12 pridr\u017eanih - Hudo Slovenija","robots":{"index":"index","follow":"follow","max-snippet":"max-snippet:-1","max-image-preview":"max-image-preview:large","max-video-preview":"max-video-preview:-1"},"canonical":"https:\/\/hudo.com\/si\/aktualno\/belgija-v-protiteroristicni-akciji-12-pridrzanih\/","og_locale":"sl_SI","og_type":"article","og_title":"Belgija: V protiteroristi\u010dni akciji 12 pridr\u017eanih - Hudo Slovenija","og_description":"Belgijska policija je v protiteroristi\u010dni akciji \u010dez no\u010d pridr\u017eala 12 oseb, ki so jih sumili, da pripravljajo nove teroristi\u010dne napade v dr\u017eavi. Opravljenih je bilo okoli 40 hi\u0161nih preiskav, poro\u010da Euronews, predvsem v Bruslju. Kot je danes sporo\u010dilo belgijsko zvezno to\u017eilstvo, je \u0161lo za primer, pri katerem je bilo glede na izsledke preiskav potrebno \"takoj\u0161nje posredovanje\". Racije so izvedli v ve\u010d deset hi\u0161ah in gara\u017eah v 16 ob\u010dinah po dr\u017eavi, minile pa so brez incidentov, je to\u017eilstvo po poro\u010danju francoske tiskovne agencije AFP zapisalo v sporo\u010dilu. Zaenkrat \u0161e niso objavili podrobnosti o identiteti priprtih oseb, kot tudi ne opis predmetov, ki so jih zasegli, policisti pa zaenkra naj ne bi na\u0161li oro\u017eja in eksploziva. Po navedbah to\u017eilstva so na zasli\u0161anje odvedli 40 oseb, od katerih so 12 aretirali. Preiskovalni sodnik naj bi predvidoma danes odlo\u010dil o njihovi usodi. Sumijo jih na\u010drtovanja teroristi\u010dnih napadov. Kljub \u0161tevilnim aretacijam zaradi suma terorizma pa belgijske oblasti niso zvi\u0161ale stopnje ogro\u017eenosti. V Belgiji sicer \u0161e vedno velja druga najvi\u0161ja stopnja ogro\u017eenosti, saj razmere po teroristi\u010dnih napadih v Bruslju 22. marca, v katerih je bilo ubitih ve\u010d kot 30 ljudi, \u0161e ostajajo napete.Kronika","og_url":"https:\/\/hudo.com\/si\/aktualno\/belgija-v-protiteroristicni-akciji-12-pridrzanih\/","og_site_name":"Hudo Slovenija","article_publisher":"https:\/\/www.facebook.com\/hudo.si","article_published_time":"2016-06-18T06:30:00+00:00","og_image":[{"width":450,"height":298,"url":"https:\/\/hudo.com\/si\/wp-content\/uploads\/sites\/2\/2016\/06\/MDF33273-300.jpg","type":"image\/jpeg"}],"author":"hudo","twitter_card":"summary_large_image","twitter_creator":"@hudo_si","twitter_site":"@hudo_si","twitter_misc":{"Written by":"hudo","Est. reading time":"1 minuta"},"schema":{"@context":"https:\/\/schema.org","@graph":[{"@type":"Article","@id":"https:\/\/hudo.com\/si\/aktualno\/belgija-v-protiteroristicni-akciji-12-pridrzanih\/#article","isPartOf":{"@id":"https:\/\/hudo.com\/si\/aktualno\/belgija-v-protiteroristicni-akciji-12-pridrzanih\/"},"author":{"name":"hudo","@id":"https:\/\/hudo.com\/si\/#\/schema\/person\/601cf3379633985b20f7e50f2bb47707"},"headline":"Belgija: V protiteroristi\u010dni akciji 12 pridr\u017eanih","datePublished":"2016-06-18T06:30:00+00:00","dateModified":"2016-06-18T06:30:00+00:00","mainEntityOfPage":{"@id":"https:\/\/hudo.com\/si\/aktualno\/belgija-v-protiteroristicni-akciji-12-pridrzanih\/"},"wordCount":216,"publisher":{"@id":"https:\/\/hudo.com\/si\/#organization"},"articleSection":["Aktualno"],"inLanguage":"sl-SI"},{"@type":"WebPage","@id":"https:\/\/hudo.com\/si\/aktualno\/belgija-v-protiteroristicni-akciji-12-pridrzanih\/","url":"https:\/\/hudo.com\/si\/aktualno\/belgija-v-protiteroristicni-akciji-12-pridrzanih\/","name":"Belgija: V protiteroristi\u010dni akciji 12 pridr\u017eanih - Hudo Slovenija","isPartOf":{"@id":"https:\/\/hudo.com\/si\/#website"},"datePublished":"2016-06-18T06:30:00+00:00","dateModified":"2016-06-18T06:30:00+00:00","breadcrumb":{"@id":"https:\/\/hudo.com\/si\/aktualno\/belgija-v-protiteroristicni-akciji-12-pridrzanih\/#breadcrumb"},"inLanguage":"sl-SI","potentialAction":[{"@type":"ReadAction","target":["https:\/\/hudo.com\/si\/aktualno\/belgija-v-protiteroristicni-akciji-12-pridrzanih\/"]}]},{"@type":"BreadcrumbList","@id":"https:\/\/hudo.com\/si\/aktualno\/belgija-v-protiteroristicni-akciji-12-pridrzanih\/#breadcrumb","itemListElement":[{"@type":"ListItem","position":1,"name":"Home","item":"https:\/\/hudo.com\/si\/"},{"@type":"ListItem","position":2,"name":"Belgija: V protiteroristi\u010dni akciji 12 pridr\u017eanih"}]},{"@type":"WebSite","@id":"https:\/\/hudo.com\/si\/#website","url":"https:\/\/hudo.com\/si\/","name":"Hudo Slovenija","description":"Vse novice iz Slovenije in sveta","publisher":{"@id":"https:\/\/hudo.com\/si\/#organization"},"potentialAction":[{"@type":"SearchAction","target":{"@type":"EntryPoint","urlTemplate":"https:\/\/hudo.com\/si\/?s={search_term_string}"},"query-input":"required name=search_term_string"}],"inLanguage":"sl-SI"},{"@type":"Organization","@id":"https:\/\/hudo.com\/si\/#organization","name":"VSN Media","url":"https:\/\/hudo.com\/si\/","logo":{"@type":"ImageObject","inLanguage":"sl-SI","@id":"https:\/\/hudo.com\/si\/#\/schema\/logo\/image\/","url":"https:\/\/hudo.com\/si\/wp-content\/uploads\/sites\/2\/2021\/03\/hudo-app-2.png","contentUrl":"https:\/\/hudo.com\/si\/wp-content\/uploads\/sites\/2\/2021\/03\/hudo-app-2.png","width":2185,"height":2167,"caption":"VSN Media"},"image":{"@id":"https:\/\/hudo.com\/si\/#\/schema\/logo\/image\/"},"sameAs":["https:\/\/www.facebook.com\/hudo.si","https:\/\/twitter.com\/hudo_si"]},{"@type":"Person","@id":"https:\/\/hudo.com\/si\/#\/schema\/person\/601cf3379633985b20f7e50f2bb47707","name":"hudo","image":{"@type":"ImageObject","inLanguage":"sl-SI","@id":"https:\/\/hudo.com\/si\/#\/schema\/person\/image\/","url":"https:\/\/secure.gravatar.com\/avatar\/c4ca25fa72cace7a696b52ff5db9e095?s=96&d=mm&r=g","contentUrl":"https:\/\/secure.gravatar.com\/avatar\/c4ca25fa72cace7a696b52ff5db9e095?s=96&d=mm&r=g","caption":"hudo"},"url":"https:\/\/hudo.com\/si\/author\/hudo\/"}]}},"amp_enabled":true,"_links":{"self":[{"href":"https:\/\/hudo.com\/si\/wp-json\/wp\/v2\/posts\/78067"}],"collection":[{"href":"https:\/\/hudo.com\/si\/wp-json\/wp\/v2\/posts"}],"about":[{"href":"https:\/\/hudo.com\/si\/wp-json\/wp\/v2\/types\/post"}],"author":[{"embeddable":true,"href":"https:\/\/hudo.com\/si\/wp-json\/wp\/v2\/users\/1"}],"replies":[{"embeddable":true,"href":"https:\/\/hudo.com\/si\/wp-json\/wp\/v2\/comments?post=78067"}],"version-history":[{"count":0,"href":"https:\/\/hudo.com\/si\/wp-json\/wp\/v2\/posts\/78067\/revisions"}],"wp:attachment":[{"href":"https:\/\/hudo.com\/si\/wp-json\/wp\/v2\/media?parent=78067"}],"wp:term":[{"taxonomy":"category","embeddable":true,"href":"https:\/\/hudo.com\/si\/wp-json\/wp\/v2\/categories?post=78067"},{"taxonomy":"post_tag","embeddable":true,"href":"https:\/\/hudo.com\/si\/wp-json\/wp\/v2\/tags?post=78067"},{"taxonomy":"source","embeddable":true,"href":"https:\/\/hudo.com\/si\/wp-json\/wp\/v2\/source?post=78067"},{"taxonomy":"supertag","embeddable":true,"href":"https:\/\/hudo.com\/si\/wp-json\/wp\/v2\/supertag?post=78067"}],"curies":[{"name":"wp","href":"https:\/\/api.w.org\/{rel}","templated":true}]}}