{"id":78181,"date":"2016-06-18T12:00:00","date_gmt":"2016-06-18T10:00:00","guid":{"rendered":"http:\/\/hudo.com\/si\/2016\/06\/18\/brodet-s-skarpeno-maske-so-padle\/"},"modified":"2016-06-18T20:36:04","modified_gmt":"2016-06-18T18:36:04","slug":"brodet-s-skarpeno-maske-so-padle","status":"publish","type":"post","link":"https:\/\/hudo.com\/si\/aktualno\/brodet-s-skarpeno-maske-so-padle\/","title":{"rendered":"Brodet s \u0161karpeno: Maske so padle"},"content":{"rendered":"<p>Kategorija: Kolumne Sat, 18 Jun 2016 14:00:00 +0200  \u0160e par dni in konec zabave \u2013 dnevi se bodo za\u010deli spet kraj\u0161ati. Kdor je u\u017eil to podalj\u0161evanje dneva, je u\u017eil, kdor prihajajo\u010dega sena kresne no\u010di \u0161e opazil ne bo, je to njegov problem. To je tako kot danes priti do Portoro\u017ea. Kdor pride, pride. Kogar ni, si je sam kriv. \u010ce si kdo zaslu\u017ei priznanje ime meseca, si ga tisti, ki je zrihtal bajkerje v Portoro\u017e. \u0160karpena ima v mislih harleja\u0161e, ki jim slavisti fundamentalisti pravijo harlija\u0161i. (Od kod jim to, ni povsem jasno \u2013 kot nista jasna ureme in ulaga &#8230;) Ime leta ostane za Alenko, ki je pokera\u0161em iz Seniorskega Dru\u0161tva Harmonika\u0161ev (S. D. H.) skurila maske z obrazov. Tisti, ki te dni ni videl Portoro\u017ea, je zamudil vse, kar se zamuditi da. Zgodil se je \u010dude\u017e.\u00a0&#8230;<\/p>\n","protected":false},"excerpt":{"rendered":"<p>Kategorija: Kolumne Sat, 18 Jun 2016 14:00:00 +0200  \u0160e par dni in konec zabave \u2013 dnevi se bodo za\u010deli spet kraj\u0161ati. Kdor je u\u017eil to podalj\u0161evanje dneva, je u\u017eil, kdor prihajajo\u010dega sena kresne no\u010di \u0161e opazil ne bo, je to njegov problem. To je tako kot danes priti do Portoro\u017ea. Kdor pride, pride. Kogar ni, si je sam kriv. \u010ce si kdo zaslu\u017ei priznanje ime meseca, si ga tisti, ki je zrihtal bajkerje v Portoro\u017e. \u0160karpena ima v mislih harleja\u0161e, ki jim slavisti fundamentalisti pravijo harlija\u0161i. (Od kod jim to, ni povsem jasno \u2013 kot nista jasna ureme in ulaga &#8230;) Ime leta ostane za Alenko, ki je pokera\u0161em iz Seniorskega Dru\u0161tva Harmonika\u0161ev (S. D. H.) skurila maske z obrazov. Tisti, ki te dni ni videl Portoro\u017ea, je zamudil vse, kar se zamuditi da. Zgodil se je \u010dude\u017e.\u00a0&#8230;<\/p>\n","protected":false},"author":1,"featured_media":0,"comment_status":"closed","ping_status":"closed","sticky":false,"template":"","format":"standard","meta":{"footnotes":""},"categories":[1179],"tags":[],"source":[4511],"supertag":[],"acf":[],"yoast_head":"<!-- This site is optimized with the Yoast SEO plugin v21.3 - https:\/\/yoast.com\/wordpress\/plugins\/seo\/ -->\n<title>Brodet s \u0161karpeno: Maske so padle - Hudo Slovenija<\/title>\n<meta name=\"robots\" content=\"index, follow, max-snippet:-1, max-image-preview:large, max-video-preview:-1\" \/>\n<link rel=\"canonical\" href=\"https:\/\/hudo.com\/si\/aktualno\/brodet-s-skarpeno-maske-so-padle\/\" \/>\n<meta property=\"og:locale\" content=\"sl_SI\" \/>\n<meta property=\"og:type\" content=\"article\" \/>\n<meta property=\"og:title\" content=\"Brodet s \u0161karpeno: Maske so padle - Hudo Slovenija\" \/>\n<meta property=\"og:description\" content=\"Kategorija: Kolumne Sat, 18 Jun 2016 14:00:00 +0200 \u0160e par dni in konec zabave \u2013 dnevi se bodo za\u010deli spet kraj\u0161ati. Kdor je u\u017eil to podalj\u0161evanje dneva, je u\u017eil, kdor prihajajo\u010dega sena kresne no\u010di \u0161e opazil ne bo, je to njegov problem. To je tako kot danes priti do Portoro\u017ea. Kdor pride, pride. Kogar ni, si je sam kriv. \u010ce si kdo zaslu\u017ei priznanje ime meseca, si ga tisti, ki je zrihtal bajkerje v Portoro\u017e. \u0160karpena ima v mislih harleja\u0161e, ki jim slavisti fundamentalisti pravijo harlija\u0161i. (Od kod jim to, ni povsem jasno \u2013 kot nista jasna ureme in ulaga ...) Ime leta ostane za Alenko, ki je pokera\u0161em iz Seniorskega Dru\u0161tva Harmonika\u0161ev (S. D. H.) skurila maske z obrazov. Tisti, ki te dni ni videl Portoro\u017ea, je zamudil vse, kar se zamuditi da. Zgodil se je \u010dude\u017e.\u00a0...\" \/>\n<meta property=\"og:url\" content=\"https:\/\/hudo.com\/si\/aktualno\/brodet-s-skarpeno-maske-so-padle\/\" \/>\n<meta property=\"og:site_name\" content=\"Hudo Slovenija\" \/>\n<meta property=\"article:publisher\" content=\"https:\/\/www.facebook.com\/hudo.si\" \/>\n<meta property=\"article:published_time\" content=\"2016-06-18T10:00:00+00:00\" \/>\n<meta property=\"article:modified_time\" content=\"2016-06-18T18:36:04+00:00\" \/>\n<meta property=\"og:image\" content=\"https:\/\/hudo.com\/si\/wp-content\/uploads\/sites\/2\/2016\/06\/480x290_Ozadja__djvu_2268396_tinak__hires3.jpeg\" \/>\n\t<meta property=\"og:image:width\" content=\"480\" \/>\n\t<meta property=\"og:image:height\" content=\"290\" \/>\n\t<meta property=\"og:image:type\" content=\"image\/jpeg\" \/>\n<meta name=\"author\" content=\"hudo\" \/>\n<meta name=\"twitter:card\" content=\"summary_large_image\" \/>\n<meta name=\"twitter:creator\" content=\"@hudo_si\" \/>\n<meta name=\"twitter:site\" content=\"@hudo_si\" \/>\n<meta name=\"twitter:label1\" content=\"Written by\" \/>\n\t<meta name=\"twitter:data1\" content=\"hudo\" \/>\n\t<meta name=\"twitter:label2\" content=\"Est. reading time\" \/>\n\t<meta name=\"twitter:data2\" content=\"1 minuta\" \/>\n<script type=\"application\/ld+json\" class=\"yoast-schema-graph\">{\"@context\":\"https:\/\/schema.org\",\"@graph\":[{\"@type\":\"Article\",\"@id\":\"https:\/\/hudo.com\/si\/aktualno\/brodet-s-skarpeno-maske-so-padle\/#article\",\"isPartOf\":{\"@id\":\"https:\/\/hudo.com\/si\/aktualno\/brodet-s-skarpeno-maske-so-padle\/\"},\"author\":{\"name\":\"hudo\",\"@id\":\"https:\/\/hudo.com\/si\/#\/schema\/person\/601cf3379633985b20f7e50f2bb47707\"},\"headline\":\"Brodet s \u0161karpeno: Maske so padle\",\"datePublished\":\"2016-06-18T10:00:00+00:00\",\"dateModified\":\"2016-06-18T18:36:04+00:00\",\"mainEntityOfPage\":{\"@id\":\"https:\/\/hudo.com\/si\/aktualno\/brodet-s-skarpeno-maske-so-padle\/\"},\"wordCount\":152,\"publisher\":{\"@id\":\"https:\/\/hudo.com\/si\/#organization\"},\"articleSection\":[\"Aktualno\"],\"inLanguage\":\"sl-SI\"},{\"@type\":\"WebPage\",\"@id\":\"https:\/\/hudo.com\/si\/aktualno\/brodet-s-skarpeno-maske-so-padle\/\",\"url\":\"https:\/\/hudo.com\/si\/aktualno\/brodet-s-skarpeno-maske-so-padle\/\",\"name\":\"Brodet s \u0161karpeno: Maske so padle - Hudo Slovenija\",\"isPartOf\":{\"@id\":\"https:\/\/hudo.com\/si\/#website\"},\"datePublished\":\"2016-06-18T10:00:00+00:00\",\"dateModified\":\"2016-06-18T18:36:04+00:00\",\"breadcrumb\":{\"@id\":\"https:\/\/hudo.com\/si\/aktualno\/brodet-s-skarpeno-maske-so-padle\/#breadcrumb\"},\"inLanguage\":\"sl-SI\",\"potentialAction\":[{\"@type\":\"ReadAction\",\"target\":[\"https:\/\/hudo.com\/si\/aktualno\/brodet-s-skarpeno-maske-so-padle\/\"]}]},{\"@type\":\"BreadcrumbList\",\"@id\":\"https:\/\/hudo.com\/si\/aktualno\/brodet-s-skarpeno-maske-so-padle\/#breadcrumb\",\"itemListElement\":[{\"@type\":\"ListItem\",\"position\":1,\"name\":\"Home\",\"item\":\"https:\/\/hudo.com\/si\/\"},{\"@type\":\"ListItem\",\"position\":2,\"name\":\"Brodet s \u0161karpeno: Maske so padle\"}]},{\"@type\":\"WebSite\",\"@id\":\"https:\/\/hudo.com\/si\/#website\",\"url\":\"https:\/\/hudo.com\/si\/\",\"name\":\"Hudo Slovenija\",\"description\":\"Vse novice iz Slovenije in sveta\",\"publisher\":{\"@id\":\"https:\/\/hudo.com\/si\/#organization\"},\"potentialAction\":[{\"@type\":\"SearchAction\",\"target\":{\"@type\":\"EntryPoint\",\"urlTemplate\":\"https:\/\/hudo.com\/si\/?s={search_term_string}\"},\"query-input\":\"required name=search_term_string\"}],\"inLanguage\":\"sl-SI\"},{\"@type\":\"Organization\",\"@id\":\"https:\/\/hudo.com\/si\/#organization\",\"name\":\"VSN Media\",\"url\":\"https:\/\/hudo.com\/si\/\",\"logo\":{\"@type\":\"ImageObject\",\"inLanguage\":\"sl-SI\",\"@id\":\"https:\/\/hudo.com\/si\/#\/schema\/logo\/image\/\",\"url\":\"https:\/\/hudo.com\/si\/wp-content\/uploads\/sites\/2\/2021\/03\/hudo-app-2.png\",\"contentUrl\":\"https:\/\/hudo.com\/si\/wp-content\/uploads\/sites\/2\/2021\/03\/hudo-app-2.png\",\"width\":2185,\"height\":2167,\"caption\":\"VSN Media\"},\"image\":{\"@id\":\"https:\/\/hudo.com\/si\/#\/schema\/logo\/image\/\"},\"sameAs\":[\"https:\/\/www.facebook.com\/hudo.si\",\"https:\/\/twitter.com\/hudo_si\"]},{\"@type\":\"Person\",\"@id\":\"https:\/\/hudo.com\/si\/#\/schema\/person\/601cf3379633985b20f7e50f2bb47707\",\"name\":\"hudo\",\"image\":{\"@type\":\"ImageObject\",\"inLanguage\":\"sl-SI\",\"@id\":\"https:\/\/hudo.com\/si\/#\/schema\/person\/image\/\",\"url\":\"https:\/\/secure.gravatar.com\/avatar\/c4ca25fa72cace7a696b52ff5db9e095?s=96&d=mm&r=g\",\"contentUrl\":\"https:\/\/secure.gravatar.com\/avatar\/c4ca25fa72cace7a696b52ff5db9e095?s=96&d=mm&r=g\",\"caption\":\"hudo\"},\"url\":\"https:\/\/hudo.com\/si\/author\/hudo\/\"}]}<\/script>\n<!-- \/ Yoast SEO plugin. -->","yoast_head_json":{"title":"Brodet s \u0161karpeno: Maske so padle - Hudo Slovenija","robots":{"index":"index","follow":"follow","max-snippet":"max-snippet:-1","max-image-preview":"max-image-preview:large","max-video-preview":"max-video-preview:-1"},"canonical":"https:\/\/hudo.com\/si\/aktualno\/brodet-s-skarpeno-maske-so-padle\/","og_locale":"sl_SI","og_type":"article","og_title":"Brodet s \u0161karpeno: Maske so padle - Hudo Slovenija","og_description":"Kategorija: Kolumne Sat, 18 Jun 2016 14:00:00 +0200 \u0160e par dni in konec zabave \u2013 dnevi se bodo za\u010deli spet kraj\u0161ati. Kdor je u\u017eil to podalj\u0161evanje dneva, je u\u017eil, kdor prihajajo\u010dega sena kresne no\u010di \u0161e opazil ne bo, je to njegov problem. To je tako kot danes priti do Portoro\u017ea. Kdor pride, pride. Kogar ni, si je sam kriv. \u010ce si kdo zaslu\u017ei priznanje ime meseca, si ga tisti, ki je zrihtal bajkerje v Portoro\u017e. \u0160karpena ima v mislih harleja\u0161e, ki jim slavisti fundamentalisti pravijo harlija\u0161i. (Od kod jim to, ni povsem jasno \u2013 kot nista jasna ureme in ulaga ...) Ime leta ostane za Alenko, ki je pokera\u0161em iz Seniorskega Dru\u0161tva Harmonika\u0161ev (S. D. H.) skurila maske z obrazov. Tisti, ki te dni ni videl Portoro\u017ea, je zamudil vse, kar se zamuditi da. Zgodil se je \u010dude\u017e.\u00a0...","og_url":"https:\/\/hudo.com\/si\/aktualno\/brodet-s-skarpeno-maske-so-padle\/","og_site_name":"Hudo Slovenija","article_publisher":"https:\/\/www.facebook.com\/hudo.si","article_published_time":"2016-06-18T10:00:00+00:00","article_modified_time":"2016-06-18T18:36:04+00:00","og_image":[{"width":480,"height":290,"url":"https:\/\/hudo.com\/si\/wp-content\/uploads\/sites\/2\/2016\/06\/480x290_Ozadja__djvu_2268396_tinak__hires3.jpeg","type":"image\/jpeg"}],"author":"hudo","twitter_card":"summary_large_image","twitter_creator":"@hudo_si","twitter_site":"@hudo_si","twitter_misc":{"Written by":"hudo","Est. reading time":"1 minuta"},"schema":{"@context":"https:\/\/schema.org","@graph":[{"@type":"Article","@id":"https:\/\/hudo.com\/si\/aktualno\/brodet-s-skarpeno-maske-so-padle\/#article","isPartOf":{"@id":"https:\/\/hudo.com\/si\/aktualno\/brodet-s-skarpeno-maske-so-padle\/"},"author":{"name":"hudo","@id":"https:\/\/hudo.com\/si\/#\/schema\/person\/601cf3379633985b20f7e50f2bb47707"},"headline":"Brodet s \u0161karpeno: Maske so padle","datePublished":"2016-06-18T10:00:00+00:00","dateModified":"2016-06-18T18:36:04+00:00","mainEntityOfPage":{"@id":"https:\/\/hudo.com\/si\/aktualno\/brodet-s-skarpeno-maske-so-padle\/"},"wordCount":152,"publisher":{"@id":"https:\/\/hudo.com\/si\/#organization"},"articleSection":["Aktualno"],"inLanguage":"sl-SI"},{"@type":"WebPage","@id":"https:\/\/hudo.com\/si\/aktualno\/brodet-s-skarpeno-maske-so-padle\/","url":"https:\/\/hudo.com\/si\/aktualno\/brodet-s-skarpeno-maske-so-padle\/","name":"Brodet s \u0161karpeno: Maske so padle - Hudo Slovenija","isPartOf":{"@id":"https:\/\/hudo.com\/si\/#website"},"datePublished":"2016-06-18T10:00:00+00:00","dateModified":"2016-06-18T18:36:04+00:00","breadcrumb":{"@id":"https:\/\/hudo.com\/si\/aktualno\/brodet-s-skarpeno-maske-so-padle\/#breadcrumb"},"inLanguage":"sl-SI","potentialAction":[{"@type":"ReadAction","target":["https:\/\/hudo.com\/si\/aktualno\/brodet-s-skarpeno-maske-so-padle\/"]}]},{"@type":"BreadcrumbList","@id":"https:\/\/hudo.com\/si\/aktualno\/brodet-s-skarpeno-maske-so-padle\/#breadcrumb","itemListElement":[{"@type":"ListItem","position":1,"name":"Home","item":"https:\/\/hudo.com\/si\/"},{"@type":"ListItem","position":2,"name":"Brodet s \u0161karpeno: Maske so padle"}]},{"@type":"WebSite","@id":"https:\/\/hudo.com\/si\/#website","url":"https:\/\/hudo.com\/si\/","name":"Hudo Slovenija","description":"Vse novice iz Slovenije in sveta","publisher":{"@id":"https:\/\/hudo.com\/si\/#organization"},"potentialAction":[{"@type":"SearchAction","target":{"@type":"EntryPoint","urlTemplate":"https:\/\/hudo.com\/si\/?s={search_term_string}"},"query-input":"required name=search_term_string"}],"inLanguage":"sl-SI"},{"@type":"Organization","@id":"https:\/\/hudo.com\/si\/#organization","name":"VSN Media","url":"https:\/\/hudo.com\/si\/","logo":{"@type":"ImageObject","inLanguage":"sl-SI","@id":"https:\/\/hudo.com\/si\/#\/schema\/logo\/image\/","url":"https:\/\/hudo.com\/si\/wp-content\/uploads\/sites\/2\/2021\/03\/hudo-app-2.png","contentUrl":"https:\/\/hudo.com\/si\/wp-content\/uploads\/sites\/2\/2021\/03\/hudo-app-2.png","width":2185,"height":2167,"caption":"VSN Media"},"image":{"@id":"https:\/\/hudo.com\/si\/#\/schema\/logo\/image\/"},"sameAs":["https:\/\/www.facebook.com\/hudo.si","https:\/\/twitter.com\/hudo_si"]},{"@type":"Person","@id":"https:\/\/hudo.com\/si\/#\/schema\/person\/601cf3379633985b20f7e50f2bb47707","name":"hudo","image":{"@type":"ImageObject","inLanguage":"sl-SI","@id":"https:\/\/hudo.com\/si\/#\/schema\/person\/image\/","url":"https:\/\/secure.gravatar.com\/avatar\/c4ca25fa72cace7a696b52ff5db9e095?s=96&d=mm&r=g","contentUrl":"https:\/\/secure.gravatar.com\/avatar\/c4ca25fa72cace7a696b52ff5db9e095?s=96&d=mm&r=g","caption":"hudo"},"url":"https:\/\/hudo.com\/si\/author\/hudo\/"}]}},"amp_enabled":true,"_links":{"self":[{"href":"https:\/\/hudo.com\/si\/wp-json\/wp\/v2\/posts\/78181"}],"collection":[{"href":"https:\/\/hudo.com\/si\/wp-json\/wp\/v2\/posts"}],"about":[{"href":"https:\/\/hudo.com\/si\/wp-json\/wp\/v2\/types\/post"}],"author":[{"embeddable":true,"href":"https:\/\/hudo.com\/si\/wp-json\/wp\/v2\/users\/1"}],"replies":[{"embeddable":true,"href":"https:\/\/hudo.com\/si\/wp-json\/wp\/v2\/comments?post=78181"}],"version-history":[{"count":1,"href":"https:\/\/hudo.com\/si\/wp-json\/wp\/v2\/posts\/78181\/revisions"}],"predecessor-version":[{"id":78290,"href":"https:\/\/hudo.com\/si\/wp-json\/wp\/v2\/posts\/78181\/revisions\/78290"}],"wp:attachment":[{"href":"https:\/\/hudo.com\/si\/wp-json\/wp\/v2\/media?parent=78181"}],"wp:term":[{"taxonomy":"category","embeddable":true,"href":"https:\/\/hudo.com\/si\/wp-json\/wp\/v2\/categories?post=78181"},{"taxonomy":"post_tag","embeddable":true,"href":"https:\/\/hudo.com\/si\/wp-json\/wp\/v2\/tags?post=78181"},{"taxonomy":"source","embeddable":true,"href":"https:\/\/hudo.com\/si\/wp-json\/wp\/v2\/source?post=78181"},{"taxonomy":"supertag","embeddable":true,"href":"https:\/\/hudo.com\/si\/wp-json\/wp\/v2\/supertag?post=78181"}],"curies":[{"name":"wp","href":"https:\/\/api.w.org\/{rel}","templated":true}]}}