{"id":78187,"date":"2016-06-18T11:00:00","date_gmt":"2016-06-18T09:00:00","guid":{"rendered":"http:\/\/hudo.com\/si\/2016\/06\/18\/fotografiral-policiste-in-dobil-globo-330-evrov\/"},"modified":"2016-06-19T07:42:07","modified_gmt":"2016-06-19T05:42:07","slug":"fotografiral-policiste-in-dobil-globo-330-evrov","status":"publish","type":"post","link":"https:\/\/hudo.com\/si\/aktualno\/fotografiral-policiste-in-dobil-globo-330-evrov\/","title":{"rendered":"Fotografiral policiste in dobil globo 330 evrov"},"content":{"rendered":"<p>Fotoreporter Mladine Uro\u0161 Abram je pred dnevi opazil, kako sta policista ustavila 83-letnega kolesarja in ta dogodek tudi fotografiral. Zaradi tega mora sedaj pla\u010dati kazen 330 evrov, je poro\u010dala TV Slovenija Policist je od njega zahteval dokumete in mu napisal pla\u010dilni nalog, ker je ocenil da ovira policijski postopek. Policistu je pritrdilo tudi sodi\u0161\u010de, ki je Abramovo zahtevo po sodnem varstvu zavrnilo kot neutemeljeno. V sodbi celo pi\u0161e, da je fotoreporter vzbujal sum, da bo storil kaznivo dejanje ali prekr\u0161ek, ker je imel son\u010dna o\u010dala, brado in temnej\u0161a obla\u010dila, v bli\u017eini pa so bile trgovine. Sodnice je zapisala tudi, da bi se moral Abram predstaviti kot novinar in pojasniti, zakaj slika. Abram se, tako poro\u010da TV Slovenija, sedaj spra\u0161uje, ali na javnem mestu sploh sme \u0161e kaj fotografirati.Slovenija<\/p>\n","protected":false},"excerpt":{"rendered":"<p>Fotoreporter Mladine Uro\u0161 Abram je pred dnevi opazil, kako sta policista ustavila 83-letnega kolesarja in ta dogodek tudi fotografiral. Zaradi tega mora sedaj pla\u010dati kazen 330 evrov, je poro\u010dala TV Slovenija Policist je od njega zahteval dokumete in mu napisal pla\u010dilni nalog, ker je ocenil da ovira policijski postopek. Policistu je pritrdilo tudi sodi\u0161\u010de, ki je Abramovo zahtevo po sodnem varstvu zavrnilo kot neutemeljeno. V sodbi celo pi\u0161e, da je fotoreporter vzbujal sum, da bo storil kaznivo dejanje ali prekr\u0161ek, ker je imel son\u010dna o\u010dala, brado in temnej\u0161a obla\u010dila, v bli\u017eini pa so bile trgovine. Sodnice je zapisala tudi, da bi se moral Abram predstaviti kot novinar in pojasniti, zakaj slika. Abram se, tako poro\u010da TV Slovenija, sedaj spra\u0161uje, ali na javnem mestu sploh sme \u0161e kaj fotografirati.Slovenija<\/p>\n","protected":false},"author":1,"featured_media":0,"comment_status":"closed","ping_status":"closed","sticky":false,"template":"","format":"standard","meta":{"footnotes":""},"categories":[1179],"tags":[],"source":[1711],"supertag":[],"acf":[],"yoast_head":"<!-- This site is optimized with the Yoast SEO plugin v21.3 - https:\/\/yoast.com\/wordpress\/plugins\/seo\/ -->\n<title>Fotografiral policiste in dobil globo 330 evrov - Hudo Slovenija<\/title>\n<meta name=\"robots\" content=\"index, follow, max-snippet:-1, max-image-preview:large, max-video-preview:-1\" \/>\n<link rel=\"canonical\" href=\"https:\/\/hudo.com\/si\/aktualno\/fotografiral-policiste-in-dobil-globo-330-evrov\/\" \/>\n<meta property=\"og:locale\" content=\"sl_SI\" \/>\n<meta property=\"og:type\" content=\"article\" \/>\n<meta property=\"og:title\" content=\"Fotografiral policiste in dobil globo 330 evrov - Hudo Slovenija\" \/>\n<meta property=\"og:description\" content=\"Fotoreporter Mladine Uro\u0161 Abram je pred dnevi opazil, kako sta policista ustavila 83-letnega kolesarja in ta dogodek tudi fotografiral. Zaradi tega mora sedaj pla\u010dati kazen 330 evrov, je poro\u010dala TV Slovenija Policist je od njega zahteval dokumete in mu napisal pla\u010dilni nalog, ker je ocenil da ovira policijski postopek. Policistu je pritrdilo tudi sodi\u0161\u010de, ki je Abramovo zahtevo po sodnem varstvu zavrnilo kot neutemeljeno. V sodbi celo pi\u0161e, da je fotoreporter vzbujal sum, da bo storil kaznivo dejanje ali prekr\u0161ek, ker je imel son\u010dna o\u010dala, brado in temnej\u0161a obla\u010dila, v bli\u017eini pa so bile trgovine. Sodnice je zapisala tudi, da bi se moral Abram predstaviti kot novinar in pojasniti, zakaj slika. Abram se, tako poro\u010da TV Slovenija, sedaj spra\u0161uje, ali na javnem mestu sploh sme \u0161e kaj fotografirati.Slovenija\" \/>\n<meta property=\"og:url\" content=\"https:\/\/hudo.com\/si\/aktualno\/fotografiral-policiste-in-dobil-globo-330-evrov\/\" \/>\n<meta property=\"og:site_name\" content=\"Hudo Slovenija\" \/>\n<meta property=\"article:publisher\" content=\"https:\/\/www.facebook.com\/hudo.si\" \/>\n<meta property=\"article:published_time\" content=\"2016-06-18T09:00:00+00:00\" \/>\n<meta property=\"article:modified_time\" content=\"2016-06-19T05:42:07+00:00\" \/>\n<meta property=\"og:image\" content=\"https:\/\/hudo.com\/si\/wp-content\/uploads\/sites\/2\/2016\/06\/abram_fotografija2-300.jpg\" \/>\n\t<meta property=\"og:image:width\" content=\"450\" \/>\n\t<meta property=\"og:image:height\" content=\"295\" \/>\n\t<meta property=\"og:image:type\" content=\"image\/jpeg\" \/>\n<meta name=\"author\" content=\"hudo\" \/>\n<meta name=\"twitter:card\" content=\"summary_large_image\" \/>\n<meta name=\"twitter:creator\" content=\"@hudo_si\" \/>\n<meta name=\"twitter:site\" content=\"@hudo_si\" \/>\n<meta name=\"twitter:label1\" content=\"Written by\" \/>\n\t<meta name=\"twitter:data1\" content=\"hudo\" \/>\n\t<meta name=\"twitter:label2\" content=\"Est. reading time\" \/>\n\t<meta name=\"twitter:data2\" content=\"1 minuta\" \/>\n<script type=\"application\/ld+json\" class=\"yoast-schema-graph\">{\"@context\":\"https:\/\/schema.org\",\"@graph\":[{\"@type\":\"Article\",\"@id\":\"https:\/\/hudo.com\/si\/aktualno\/fotografiral-policiste-in-dobil-globo-330-evrov\/#article\",\"isPartOf\":{\"@id\":\"https:\/\/hudo.com\/si\/aktualno\/fotografiral-policiste-in-dobil-globo-330-evrov\/\"},\"author\":{\"name\":\"hudo\",\"@id\":\"https:\/\/hudo.com\/si\/#\/schema\/person\/601cf3379633985b20f7e50f2bb47707\"},\"headline\":\"Fotografiral policiste in dobil globo 330 evrov\",\"datePublished\":\"2016-06-18T09:00:00+00:00\",\"dateModified\":\"2016-06-19T05:42:07+00:00\",\"mainEntityOfPage\":{\"@id\":\"https:\/\/hudo.com\/si\/aktualno\/fotografiral-policiste-in-dobil-globo-330-evrov\/\"},\"wordCount\":147,\"publisher\":{\"@id\":\"https:\/\/hudo.com\/si\/#organization\"},\"articleSection\":[\"Aktualno\"],\"inLanguage\":\"sl-SI\"},{\"@type\":\"WebPage\",\"@id\":\"https:\/\/hudo.com\/si\/aktualno\/fotografiral-policiste-in-dobil-globo-330-evrov\/\",\"url\":\"https:\/\/hudo.com\/si\/aktualno\/fotografiral-policiste-in-dobil-globo-330-evrov\/\",\"name\":\"Fotografiral policiste in dobil globo 330 evrov - Hudo Slovenija\",\"isPartOf\":{\"@id\":\"https:\/\/hudo.com\/si\/#website\"},\"datePublished\":\"2016-06-18T09:00:00+00:00\",\"dateModified\":\"2016-06-19T05:42:07+00:00\",\"breadcrumb\":{\"@id\":\"https:\/\/hudo.com\/si\/aktualno\/fotografiral-policiste-in-dobil-globo-330-evrov\/#breadcrumb\"},\"inLanguage\":\"sl-SI\",\"potentialAction\":[{\"@type\":\"ReadAction\",\"target\":[\"https:\/\/hudo.com\/si\/aktualno\/fotografiral-policiste-in-dobil-globo-330-evrov\/\"]}]},{\"@type\":\"BreadcrumbList\",\"@id\":\"https:\/\/hudo.com\/si\/aktualno\/fotografiral-policiste-in-dobil-globo-330-evrov\/#breadcrumb\",\"itemListElement\":[{\"@type\":\"ListItem\",\"position\":1,\"name\":\"Home\",\"item\":\"https:\/\/hudo.com\/si\/\"},{\"@type\":\"ListItem\",\"position\":2,\"name\":\"Fotografiral policiste in dobil globo 330 evrov\"}]},{\"@type\":\"WebSite\",\"@id\":\"https:\/\/hudo.com\/si\/#website\",\"url\":\"https:\/\/hudo.com\/si\/\",\"name\":\"Hudo Slovenija\",\"description\":\"Vse novice iz Slovenije in sveta\",\"publisher\":{\"@id\":\"https:\/\/hudo.com\/si\/#organization\"},\"potentialAction\":[{\"@type\":\"SearchAction\",\"target\":{\"@type\":\"EntryPoint\",\"urlTemplate\":\"https:\/\/hudo.com\/si\/?s={search_term_string}\"},\"query-input\":\"required name=search_term_string\"}],\"inLanguage\":\"sl-SI\"},{\"@type\":\"Organization\",\"@id\":\"https:\/\/hudo.com\/si\/#organization\",\"name\":\"VSN Media\",\"url\":\"https:\/\/hudo.com\/si\/\",\"logo\":{\"@type\":\"ImageObject\",\"inLanguage\":\"sl-SI\",\"@id\":\"https:\/\/hudo.com\/si\/#\/schema\/logo\/image\/\",\"url\":\"https:\/\/hudo.com\/si\/wp-content\/uploads\/sites\/2\/2021\/03\/hudo-app-2.png\",\"contentUrl\":\"https:\/\/hudo.com\/si\/wp-content\/uploads\/sites\/2\/2021\/03\/hudo-app-2.png\",\"width\":2185,\"height\":2167,\"caption\":\"VSN Media\"},\"image\":{\"@id\":\"https:\/\/hudo.com\/si\/#\/schema\/logo\/image\/\"},\"sameAs\":[\"https:\/\/www.facebook.com\/hudo.si\",\"https:\/\/twitter.com\/hudo_si\"]},{\"@type\":\"Person\",\"@id\":\"https:\/\/hudo.com\/si\/#\/schema\/person\/601cf3379633985b20f7e50f2bb47707\",\"name\":\"hudo\",\"image\":{\"@type\":\"ImageObject\",\"inLanguage\":\"sl-SI\",\"@id\":\"https:\/\/hudo.com\/si\/#\/schema\/person\/image\/\",\"url\":\"https:\/\/secure.gravatar.com\/avatar\/c4ca25fa72cace7a696b52ff5db9e095?s=96&d=mm&r=g\",\"contentUrl\":\"https:\/\/secure.gravatar.com\/avatar\/c4ca25fa72cace7a696b52ff5db9e095?s=96&d=mm&r=g\",\"caption\":\"hudo\"},\"url\":\"https:\/\/hudo.com\/si\/author\/hudo\/\"}]}<\/script>\n<!-- \/ Yoast SEO plugin. -->","yoast_head_json":{"title":"Fotografiral policiste in dobil globo 330 evrov - Hudo Slovenija","robots":{"index":"index","follow":"follow","max-snippet":"max-snippet:-1","max-image-preview":"max-image-preview:large","max-video-preview":"max-video-preview:-1"},"canonical":"https:\/\/hudo.com\/si\/aktualno\/fotografiral-policiste-in-dobil-globo-330-evrov\/","og_locale":"sl_SI","og_type":"article","og_title":"Fotografiral policiste in dobil globo 330 evrov - Hudo Slovenija","og_description":"Fotoreporter Mladine Uro\u0161 Abram je pred dnevi opazil, kako sta policista ustavila 83-letnega kolesarja in ta dogodek tudi fotografiral. Zaradi tega mora sedaj pla\u010dati kazen 330 evrov, je poro\u010dala TV Slovenija Policist je od njega zahteval dokumete in mu napisal pla\u010dilni nalog, ker je ocenil da ovira policijski postopek. Policistu je pritrdilo tudi sodi\u0161\u010de, ki je Abramovo zahtevo po sodnem varstvu zavrnilo kot neutemeljeno. V sodbi celo pi\u0161e, da je fotoreporter vzbujal sum, da bo storil kaznivo dejanje ali prekr\u0161ek, ker je imel son\u010dna o\u010dala, brado in temnej\u0161a obla\u010dila, v bli\u017eini pa so bile trgovine. Sodnice je zapisala tudi, da bi se moral Abram predstaviti kot novinar in pojasniti, zakaj slika. Abram se, tako poro\u010da TV Slovenija, sedaj spra\u0161uje, ali na javnem mestu sploh sme \u0161e kaj fotografirati.Slovenija","og_url":"https:\/\/hudo.com\/si\/aktualno\/fotografiral-policiste-in-dobil-globo-330-evrov\/","og_site_name":"Hudo Slovenija","article_publisher":"https:\/\/www.facebook.com\/hudo.si","article_published_time":"2016-06-18T09:00:00+00:00","article_modified_time":"2016-06-19T05:42:07+00:00","og_image":[{"width":450,"height":295,"url":"https:\/\/hudo.com\/si\/wp-content\/uploads\/sites\/2\/2016\/06\/abram_fotografija2-300.jpg","type":"image\/jpeg"}],"author":"hudo","twitter_card":"summary_large_image","twitter_creator":"@hudo_si","twitter_site":"@hudo_si","twitter_misc":{"Written by":"hudo","Est. reading time":"1 minuta"},"schema":{"@context":"https:\/\/schema.org","@graph":[{"@type":"Article","@id":"https:\/\/hudo.com\/si\/aktualno\/fotografiral-policiste-in-dobil-globo-330-evrov\/#article","isPartOf":{"@id":"https:\/\/hudo.com\/si\/aktualno\/fotografiral-policiste-in-dobil-globo-330-evrov\/"},"author":{"name":"hudo","@id":"https:\/\/hudo.com\/si\/#\/schema\/person\/601cf3379633985b20f7e50f2bb47707"},"headline":"Fotografiral policiste in dobil globo 330 evrov","datePublished":"2016-06-18T09:00:00+00:00","dateModified":"2016-06-19T05:42:07+00:00","mainEntityOfPage":{"@id":"https:\/\/hudo.com\/si\/aktualno\/fotografiral-policiste-in-dobil-globo-330-evrov\/"},"wordCount":147,"publisher":{"@id":"https:\/\/hudo.com\/si\/#organization"},"articleSection":["Aktualno"],"inLanguage":"sl-SI"},{"@type":"WebPage","@id":"https:\/\/hudo.com\/si\/aktualno\/fotografiral-policiste-in-dobil-globo-330-evrov\/","url":"https:\/\/hudo.com\/si\/aktualno\/fotografiral-policiste-in-dobil-globo-330-evrov\/","name":"Fotografiral policiste in dobil globo 330 evrov - Hudo Slovenija","isPartOf":{"@id":"https:\/\/hudo.com\/si\/#website"},"datePublished":"2016-06-18T09:00:00+00:00","dateModified":"2016-06-19T05:42:07+00:00","breadcrumb":{"@id":"https:\/\/hudo.com\/si\/aktualno\/fotografiral-policiste-in-dobil-globo-330-evrov\/#breadcrumb"},"inLanguage":"sl-SI","potentialAction":[{"@type":"ReadAction","target":["https:\/\/hudo.com\/si\/aktualno\/fotografiral-policiste-in-dobil-globo-330-evrov\/"]}]},{"@type":"BreadcrumbList","@id":"https:\/\/hudo.com\/si\/aktualno\/fotografiral-policiste-in-dobil-globo-330-evrov\/#breadcrumb","itemListElement":[{"@type":"ListItem","position":1,"name":"Home","item":"https:\/\/hudo.com\/si\/"},{"@type":"ListItem","position":2,"name":"Fotografiral policiste in dobil globo 330 evrov"}]},{"@type":"WebSite","@id":"https:\/\/hudo.com\/si\/#website","url":"https:\/\/hudo.com\/si\/","name":"Hudo Slovenija","description":"Vse novice iz Slovenije in sveta","publisher":{"@id":"https:\/\/hudo.com\/si\/#organization"},"potentialAction":[{"@type":"SearchAction","target":{"@type":"EntryPoint","urlTemplate":"https:\/\/hudo.com\/si\/?s={search_term_string}"},"query-input":"required name=search_term_string"}],"inLanguage":"sl-SI"},{"@type":"Organization","@id":"https:\/\/hudo.com\/si\/#organization","name":"VSN Media","url":"https:\/\/hudo.com\/si\/","logo":{"@type":"ImageObject","inLanguage":"sl-SI","@id":"https:\/\/hudo.com\/si\/#\/schema\/logo\/image\/","url":"https:\/\/hudo.com\/si\/wp-content\/uploads\/sites\/2\/2021\/03\/hudo-app-2.png","contentUrl":"https:\/\/hudo.com\/si\/wp-content\/uploads\/sites\/2\/2021\/03\/hudo-app-2.png","width":2185,"height":2167,"caption":"VSN Media"},"image":{"@id":"https:\/\/hudo.com\/si\/#\/schema\/logo\/image\/"},"sameAs":["https:\/\/www.facebook.com\/hudo.si","https:\/\/twitter.com\/hudo_si"]},{"@type":"Person","@id":"https:\/\/hudo.com\/si\/#\/schema\/person\/601cf3379633985b20f7e50f2bb47707","name":"hudo","image":{"@type":"ImageObject","inLanguage":"sl-SI","@id":"https:\/\/hudo.com\/si\/#\/schema\/person\/image\/","url":"https:\/\/secure.gravatar.com\/avatar\/c4ca25fa72cace7a696b52ff5db9e095?s=96&d=mm&r=g","contentUrl":"https:\/\/secure.gravatar.com\/avatar\/c4ca25fa72cace7a696b52ff5db9e095?s=96&d=mm&r=g","caption":"hudo"},"url":"https:\/\/hudo.com\/si\/author\/hudo\/"}]}},"amp_enabled":true,"_links":{"self":[{"href":"https:\/\/hudo.com\/si\/wp-json\/wp\/v2\/posts\/78187"}],"collection":[{"href":"https:\/\/hudo.com\/si\/wp-json\/wp\/v2\/posts"}],"about":[{"href":"https:\/\/hudo.com\/si\/wp-json\/wp\/v2\/types\/post"}],"author":[{"embeddable":true,"href":"https:\/\/hudo.com\/si\/wp-json\/wp\/v2\/users\/1"}],"replies":[{"embeddable":true,"href":"https:\/\/hudo.com\/si\/wp-json\/wp\/v2\/comments?post=78187"}],"version-history":[{"count":1,"href":"https:\/\/hudo.com\/si\/wp-json\/wp\/v2\/posts\/78187\/revisions"}],"predecessor-version":[{"id":78293,"href":"https:\/\/hudo.com\/si\/wp-json\/wp\/v2\/posts\/78187\/revisions\/78293"}],"wp:attachment":[{"href":"https:\/\/hudo.com\/si\/wp-json\/wp\/v2\/media?parent=78187"}],"wp:term":[{"taxonomy":"category","embeddable":true,"href":"https:\/\/hudo.com\/si\/wp-json\/wp\/v2\/categories?post=78187"},{"taxonomy":"post_tag","embeddable":true,"href":"https:\/\/hudo.com\/si\/wp-json\/wp\/v2\/tags?post=78187"},{"taxonomy":"source","embeddable":true,"href":"https:\/\/hudo.com\/si\/wp-json\/wp\/v2\/source?post=78187"},{"taxonomy":"supertag","embeddable":true,"href":"https:\/\/hudo.com\/si\/wp-json\/wp\/v2\/supertag?post=78187"}],"curies":[{"name":"wp","href":"https:\/\/api.w.org\/{rel}","templated":true}]}}