{"id":78205,"date":"2016-06-18T10:15:00","date_gmt":"2016-06-18T08:15:00","guid":{"rendered":"http:\/\/hudo.com\/si\/2016\/06\/18\/nadskof-cvikl-na-brezjah-za-krepitev-evangeljskih-vrednot\/"},"modified":"2016-06-18T10:15:00","modified_gmt":"2016-06-18T08:15:00","slug":"nadskof-cvikl-na-brezjah-za-krepitev-evangeljskih-vrednot","status":"publish","type":"post","link":"https:\/\/hudo.com\/si\/aktualno\/nadskof-cvikl-na-brezjah-za-krepitev-evangeljskih-vrednot\/","title":{"rendered":"Nad\u0161kof Cvikl na Brezjah za krepitev evangeljskih vrednot"},"content":{"rendered":"<p>Mariborski nad\u0161kof metropolit Alojzij Cvikl je na romanju bolnikov na Brezjah dejal, da danes manjka edinosti in skupne vizije iz \u010dasa osamosvojitve. Takrat smo po njegovih besedah imeli velika pri\u010dakovanja, a smo premalo pozornosti posve\u010dali vrednotam. Ravno evangeljske vrednote prispevajo svoj dele\u017e k bolj smiselnemu \u017eivljenju, je poudaril. \u0160tevilni bolniki, invalidi in starej\u0161i so se danes podali na 48. vseslovensko narodno romanje na Brezje. Sre\u010danje se je ob 9. uri za\u010delo z molitvijo ro\u017enega venca, ob 10. uri pa se je za\u010dela sveta ma\u0161a, ki jo na trgu pred baziliko Marije Pomagaj vodi mariborski nad\u0161kof Cvikl. V nagovoru udele\u017eencem je nad\u0161kof opomnil, da svet, v katerem \u017eivimo, polaga pozornost predvsem \u017eivljenju danes in tukaj ter i\u0161\u010de sre\u010do v materialnih dobrinah. V ospredje postavlja posameznika, je opozoril Cvikl. Na drugi strani pa hoditi po poti blagrov po njegovih besedah pomeni plavati proti toku tak\u0161ne miselnosti. &#8220;\u010clovek, ki \u017eivi v duhu blagrov, iz dneva v dan bolj \u017eivo \u010duti, da v njem raste nov \u010dlovek, \u010dlovek, ki postavlja Boga na prvo mesto in hkrati \u010dlovek, ki v svojem bli\u017enjem gleda brata in sestro,&#8221; je pojasnil. V nagovoru se je nad\u0161kof Cvikl dotaknil bolnih in trpe\u010dih. Kot je dejal, je trpljenje skrivnost, ki je nikoli ne bomo v polnosti doumeli. Se je pa mogo\u010de skrivnosti trpljenja po njegovih besedah pribli\u017eati v mo\u010di in kreposti vere. Za druge pa je pomembno, da se v\u017eivijo v svet bolnih ter imajo do njih so\u010duten in spo\u0161tljiv odnos. Nad\u0161kof je posebej izpostavil tudi 25-letnico slovenske samostojnosti. Kot je poudaril, s ponosom in hvale\u017enostjo gleda na to, da smo pred 25 leti kot narod zmogli toliko edinosti in smo imeli tako mo\u010dno skupno vizijo, kako bomo delali za skupno dobro na\u0161e domovine. &#8220;Tega, kar smo takrat kot slovenski dr\u017eavljani pokazali, nam danes manjka,&#8221; je opozoril. Je pa po njegovih besedah tudi res, da smo takrat imeli velika pri\u010dakovanja po bolj\u0161em ekonomskem standardu, premalo pozornosti pa smo posve\u010dali vrednotam, ki nas l<\/p>\n","protected":false},"excerpt":{"rendered":"<p>Mariborski nad\u0161kof metropolit Alojzij Cvikl je na romanju bolnikov na Brezjah dejal, da danes manjka edinosti in skupne vizije iz \u010dasa osamosvojitve. Takrat smo po njegovih besedah imeli velika pri\u010dakovanja, a smo premalo pozornosti posve\u010dali vrednotam. Ravno evangeljske vrednote prispevajo svoj dele\u017e k bolj smiselnemu \u017eivljenju, je poudaril. \u0160tevilni bolniki, invalidi in starej\u0161i so se danes podali na 48. vseslovensko narodno romanje na Brezje. Sre\u010danje se je ob 9. uri za\u010delo z molitvijo ro\u017enega venca, ob 10. uri pa se je za\u010dela sveta ma\u0161a, ki jo na trgu pred baziliko Marije Pomagaj vodi mariborski nad\u0161kof Cvikl. V nagovoru udele\u017eencem je nad\u0161kof opomnil, da svet, v katerem \u017eivimo, polaga pozornost predvsem \u017eivljenju danes in tukaj ter i\u0161\u010de sre\u010do v materialnih dobrinah. V ospredje postavlja posameznika, je opozoril Cvikl. Na drugi strani pa hoditi po poti blagrov po njegovih besedah pomeni plavati proti toku tak\u0161ne miselnosti. &#8220;\u010clovek, ki \u017eivi v duhu blagrov, iz dneva v dan bolj \u017eivo \u010duti, da v njem raste nov \u010dlovek, \u010dlovek, ki postavlja Boga na prvo mesto in hkrati \u010dlovek, ki v svojem bli\u017enjem gleda brata in sestro,&#8221; je pojasnil. V nagovoru se je nad\u0161kof Cvikl dotaknil bolnih in trpe\u010dih. Kot je dejal, je trpljenje skrivnost, ki je nikoli ne bomo v polnosti doumeli. Se je pa mogo\u010de skrivnosti trpljenja po njegovih besedah pribli\u017eati v mo\u010di in kreposti vere. Za druge pa je pomembno, da se v\u017eivijo v svet bolnih ter imajo do njih so\u010duten in spo\u0161tljiv odnos. Nad\u0161kof je posebej izpostavil tudi 25-letnico slovenske samostojnosti. Kot je poudaril, s ponosom in hvale\u017enostjo gleda na to, da smo pred 25 leti kot narod zmogli toliko edinosti in smo imeli tako mo\u010dno skupno vizijo, kako bomo delali za skupno dobro na\u0161e domovine. &#8220;Tega, kar smo takrat kot slovenski dr\u017eavljani pokazali, nam danes manjka,&#8221; je opozoril. Je pa po njegovih besedah tudi res, da smo takrat imeli velika pri\u010dakovanja po bolj\u0161em ekonomskem standardu, premalo pozornosti pa smo posve\u010dali vrednotam, ki nas l<\/p>\n","protected":false},"author":1,"featured_media":0,"comment_status":"closed","ping_status":"closed","sticky":false,"template":"","format":"standard","meta":{"footnotes":""},"categories":[1179],"tags":[],"source":[1711],"supertag":[],"acf":[],"yoast_head":"<!-- This site is optimized with the Yoast SEO plugin v21.3 - https:\/\/yoast.com\/wordpress\/plugins\/seo\/ -->\n<title>Nad\u0161kof Cvikl na Brezjah za krepitev evangeljskih vrednot - Hudo Slovenija<\/title>\n<meta name=\"robots\" content=\"index, follow, max-snippet:-1, max-image-preview:large, max-video-preview:-1\" \/>\n<link rel=\"canonical\" href=\"https:\/\/hudo.com\/si\/aktualno\/nadskof-cvikl-na-brezjah-za-krepitev-evangeljskih-vrednot\/\" \/>\n<meta property=\"og:locale\" content=\"sl_SI\" \/>\n<meta property=\"og:type\" content=\"article\" \/>\n<meta property=\"og:title\" content=\"Nad\u0161kof Cvikl na Brezjah za krepitev evangeljskih vrednot - Hudo Slovenija\" \/>\n<meta property=\"og:description\" content=\"Mariborski nad\u0161kof metropolit Alojzij Cvikl je na romanju bolnikov na Brezjah dejal, da danes manjka edinosti in skupne vizije iz \u010dasa osamosvojitve. Takrat smo po njegovih besedah imeli velika pri\u010dakovanja, a smo premalo pozornosti posve\u010dali vrednotam. Ravno evangeljske vrednote prispevajo svoj dele\u017e k bolj smiselnemu \u017eivljenju, je poudaril. \u0160tevilni bolniki, invalidi in starej\u0161i so se danes podali na 48. vseslovensko narodno romanje na Brezje. Sre\u010danje se je ob 9. uri za\u010delo z molitvijo ro\u017enega venca, ob 10. uri pa se je za\u010dela sveta ma\u0161a, ki jo na trgu pred baziliko Marije Pomagaj vodi mariborski nad\u0161kof Cvikl. V nagovoru udele\u017eencem je nad\u0161kof opomnil, da svet, v katerem \u017eivimo, polaga pozornost predvsem \u017eivljenju danes in tukaj ter i\u0161\u010de sre\u010do v materialnih dobrinah. V ospredje postavlja posameznika, je opozoril Cvikl. Na drugi strani pa hoditi po poti blagrov po njegovih besedah pomeni plavati proti toku tak\u0161ne miselnosti. &quot;\u010clovek, ki \u017eivi v duhu blagrov, iz dneva v dan bolj \u017eivo \u010duti, da v njem raste nov \u010dlovek, \u010dlovek, ki postavlja Boga na prvo mesto in hkrati \u010dlovek, ki v svojem bli\u017enjem gleda brata in sestro,&quot; je pojasnil. V nagovoru se je nad\u0161kof Cvikl dotaknil bolnih in trpe\u010dih. Kot je dejal, je trpljenje skrivnost, ki je nikoli ne bomo v polnosti doumeli. Se je pa mogo\u010de skrivnosti trpljenja po njegovih besedah pribli\u017eati v mo\u010di in kreposti vere. Za druge pa je pomembno, da se v\u017eivijo v svet bolnih ter imajo do njih so\u010duten in spo\u0161tljiv odnos. Nad\u0161kof je posebej izpostavil tudi 25-letnico slovenske samostojnosti. Kot je poudaril, s ponosom in hvale\u017enostjo gleda na to, da smo pred 25 leti kot narod zmogli toliko edinosti in smo imeli tako mo\u010dno skupno vizijo, kako bomo delali za skupno dobro na\u0161e domovine. &quot;Tega, kar smo takrat kot slovenski dr\u017eavljani pokazali, nam danes manjka,&quot; je opozoril. Je pa po njegovih besedah tudi res, da smo takrat imeli velika pri\u010dakovanja po bolj\u0161em ekonomskem standardu, premalo pozornosti pa smo posve\u010dali vrednotam, ki nas l\" \/>\n<meta property=\"og:url\" content=\"https:\/\/hudo.com\/si\/aktualno\/nadskof-cvikl-na-brezjah-za-krepitev-evangeljskih-vrednot\/\" \/>\n<meta property=\"og:site_name\" content=\"Hudo Slovenija\" \/>\n<meta property=\"article:publisher\" content=\"https:\/\/www.facebook.com\/hudo.si\" \/>\n<meta property=\"article:published_time\" content=\"2016-06-18T08:15:00+00:00\" \/>\n<meta property=\"og:image\" content=\"https:\/\/hudo.com\/si\/wp-content\/uploads\/sites\/2\/2016\/06\/SOBOT02-300.jpg\" \/>\n\t<meta property=\"og:image:width\" content=\"450\" \/>\n\t<meta property=\"og:image:height\" content=\"299\" \/>\n\t<meta property=\"og:image:type\" content=\"image\/jpeg\" \/>\n<meta name=\"author\" content=\"hudo\" \/>\n<meta name=\"twitter:card\" content=\"summary_large_image\" \/>\n<meta name=\"twitter:creator\" content=\"@hudo_si\" \/>\n<meta name=\"twitter:site\" content=\"@hudo_si\" \/>\n<meta name=\"twitter:label1\" content=\"Written by\" \/>\n\t<meta name=\"twitter:data1\" content=\"hudo\" \/>\n\t<meta name=\"twitter:label2\" content=\"Est. reading time\" \/>\n\t<meta name=\"twitter:data2\" content=\"2 minuti\" \/>\n<script type=\"application\/ld+json\" class=\"yoast-schema-graph\">{\"@context\":\"https:\/\/schema.org\",\"@graph\":[{\"@type\":\"Article\",\"@id\":\"https:\/\/hudo.com\/si\/aktualno\/nadskof-cvikl-na-brezjah-za-krepitev-evangeljskih-vrednot\/#article\",\"isPartOf\":{\"@id\":\"https:\/\/hudo.com\/si\/aktualno\/nadskof-cvikl-na-brezjah-za-krepitev-evangeljskih-vrednot\/\"},\"author\":{\"name\":\"hudo\",\"@id\":\"https:\/\/hudo.com\/si\/#\/schema\/person\/601cf3379633985b20f7e50f2bb47707\"},\"headline\":\"Nad\u0161kof Cvikl na Brezjah za krepitev evangeljskih vrednot\",\"datePublished\":\"2016-06-18T08:15:00+00:00\",\"dateModified\":\"2016-06-18T08:15:00+00:00\",\"mainEntityOfPage\":{\"@id\":\"https:\/\/hudo.com\/si\/aktualno\/nadskof-cvikl-na-brezjah-za-krepitev-evangeljskih-vrednot\/\"},\"wordCount\":360,\"publisher\":{\"@id\":\"https:\/\/hudo.com\/si\/#organization\"},\"articleSection\":[\"Aktualno\"],\"inLanguage\":\"sl-SI\"},{\"@type\":\"WebPage\",\"@id\":\"https:\/\/hudo.com\/si\/aktualno\/nadskof-cvikl-na-brezjah-za-krepitev-evangeljskih-vrednot\/\",\"url\":\"https:\/\/hudo.com\/si\/aktualno\/nadskof-cvikl-na-brezjah-za-krepitev-evangeljskih-vrednot\/\",\"name\":\"Nad\u0161kof Cvikl na Brezjah za krepitev evangeljskih vrednot - Hudo Slovenija\",\"isPartOf\":{\"@id\":\"https:\/\/hudo.com\/si\/#website\"},\"datePublished\":\"2016-06-18T08:15:00+00:00\",\"dateModified\":\"2016-06-18T08:15:00+00:00\",\"breadcrumb\":{\"@id\":\"https:\/\/hudo.com\/si\/aktualno\/nadskof-cvikl-na-brezjah-za-krepitev-evangeljskih-vrednot\/#breadcrumb\"},\"inLanguage\":\"sl-SI\",\"potentialAction\":[{\"@type\":\"ReadAction\",\"target\":[\"https:\/\/hudo.com\/si\/aktualno\/nadskof-cvikl-na-brezjah-za-krepitev-evangeljskih-vrednot\/\"]}]},{\"@type\":\"BreadcrumbList\",\"@id\":\"https:\/\/hudo.com\/si\/aktualno\/nadskof-cvikl-na-brezjah-za-krepitev-evangeljskih-vrednot\/#breadcrumb\",\"itemListElement\":[{\"@type\":\"ListItem\",\"position\":1,\"name\":\"Home\",\"item\":\"https:\/\/hudo.com\/si\/\"},{\"@type\":\"ListItem\",\"position\":2,\"name\":\"Nad\u0161kof Cvikl na Brezjah za krepitev evangeljskih vrednot\"}]},{\"@type\":\"WebSite\",\"@id\":\"https:\/\/hudo.com\/si\/#website\",\"url\":\"https:\/\/hudo.com\/si\/\",\"name\":\"Hudo Slovenija\",\"description\":\"Vse novice iz Slovenije in sveta\",\"publisher\":{\"@id\":\"https:\/\/hudo.com\/si\/#organization\"},\"potentialAction\":[{\"@type\":\"SearchAction\",\"target\":{\"@type\":\"EntryPoint\",\"urlTemplate\":\"https:\/\/hudo.com\/si\/?s={search_term_string}\"},\"query-input\":\"required name=search_term_string\"}],\"inLanguage\":\"sl-SI\"},{\"@type\":\"Organization\",\"@id\":\"https:\/\/hudo.com\/si\/#organization\",\"name\":\"VSN Media\",\"url\":\"https:\/\/hudo.com\/si\/\",\"logo\":{\"@type\":\"ImageObject\",\"inLanguage\":\"sl-SI\",\"@id\":\"https:\/\/hudo.com\/si\/#\/schema\/logo\/image\/\",\"url\":\"https:\/\/hudo.com\/si\/wp-content\/uploads\/sites\/2\/2021\/03\/hudo-app-2.png\",\"contentUrl\":\"https:\/\/hudo.com\/si\/wp-content\/uploads\/sites\/2\/2021\/03\/hudo-app-2.png\",\"width\":2185,\"height\":2167,\"caption\":\"VSN Media\"},\"image\":{\"@id\":\"https:\/\/hudo.com\/si\/#\/schema\/logo\/image\/\"},\"sameAs\":[\"https:\/\/www.facebook.com\/hudo.si\",\"https:\/\/twitter.com\/hudo_si\"]},{\"@type\":\"Person\",\"@id\":\"https:\/\/hudo.com\/si\/#\/schema\/person\/601cf3379633985b20f7e50f2bb47707\",\"name\":\"hudo\",\"image\":{\"@type\":\"ImageObject\",\"inLanguage\":\"sl-SI\",\"@id\":\"https:\/\/hudo.com\/si\/#\/schema\/person\/image\/\",\"url\":\"https:\/\/secure.gravatar.com\/avatar\/c4ca25fa72cace7a696b52ff5db9e095?s=96&d=mm&r=g\",\"contentUrl\":\"https:\/\/secure.gravatar.com\/avatar\/c4ca25fa72cace7a696b52ff5db9e095?s=96&d=mm&r=g\",\"caption\":\"hudo\"},\"url\":\"https:\/\/hudo.com\/si\/author\/hudo\/\"}]}<\/script>\n<!-- \/ Yoast SEO plugin. -->","yoast_head_json":{"title":"Nad\u0161kof Cvikl na Brezjah za krepitev evangeljskih vrednot - Hudo Slovenija","robots":{"index":"index","follow":"follow","max-snippet":"max-snippet:-1","max-image-preview":"max-image-preview:large","max-video-preview":"max-video-preview:-1"},"canonical":"https:\/\/hudo.com\/si\/aktualno\/nadskof-cvikl-na-brezjah-za-krepitev-evangeljskih-vrednot\/","og_locale":"sl_SI","og_type":"article","og_title":"Nad\u0161kof Cvikl na Brezjah za krepitev evangeljskih vrednot - Hudo Slovenija","og_description":"Mariborski nad\u0161kof metropolit Alojzij Cvikl je na romanju bolnikov na Brezjah dejal, da danes manjka edinosti in skupne vizije iz \u010dasa osamosvojitve. Takrat smo po njegovih besedah imeli velika pri\u010dakovanja, a smo premalo pozornosti posve\u010dali vrednotam. Ravno evangeljske vrednote prispevajo svoj dele\u017e k bolj smiselnemu \u017eivljenju, je poudaril. \u0160tevilni bolniki, invalidi in starej\u0161i so se danes podali na 48. vseslovensko narodno romanje na Brezje. Sre\u010danje se je ob 9. uri za\u010delo z molitvijo ro\u017enega venca, ob 10. uri pa se je za\u010dela sveta ma\u0161a, ki jo na trgu pred baziliko Marije Pomagaj vodi mariborski nad\u0161kof Cvikl. V nagovoru udele\u017eencem je nad\u0161kof opomnil, da svet, v katerem \u017eivimo, polaga pozornost predvsem \u017eivljenju danes in tukaj ter i\u0161\u010de sre\u010do v materialnih dobrinah. V ospredje postavlja posameznika, je opozoril Cvikl. Na drugi strani pa hoditi po poti blagrov po njegovih besedah pomeni plavati proti toku tak\u0161ne miselnosti. \"\u010clovek, ki \u017eivi v duhu blagrov, iz dneva v dan bolj \u017eivo \u010duti, da v njem raste nov \u010dlovek, \u010dlovek, ki postavlja Boga na prvo mesto in hkrati \u010dlovek, ki v svojem bli\u017enjem gleda brata in sestro,\" je pojasnil. V nagovoru se je nad\u0161kof Cvikl dotaknil bolnih in trpe\u010dih. Kot je dejal, je trpljenje skrivnost, ki je nikoli ne bomo v polnosti doumeli. Se je pa mogo\u010de skrivnosti trpljenja po njegovih besedah pribli\u017eati v mo\u010di in kreposti vere. Za druge pa je pomembno, da se v\u017eivijo v svet bolnih ter imajo do njih so\u010duten in spo\u0161tljiv odnos. Nad\u0161kof je posebej izpostavil tudi 25-letnico slovenske samostojnosti. Kot je poudaril, s ponosom in hvale\u017enostjo gleda na to, da smo pred 25 leti kot narod zmogli toliko edinosti in smo imeli tako mo\u010dno skupno vizijo, kako bomo delali za skupno dobro na\u0161e domovine. \"Tega, kar smo takrat kot slovenski dr\u017eavljani pokazali, nam danes manjka,\" je opozoril. Je pa po njegovih besedah tudi res, da smo takrat imeli velika pri\u010dakovanja po bolj\u0161em ekonomskem standardu, premalo pozornosti pa smo posve\u010dali vrednotam, ki nas l","og_url":"https:\/\/hudo.com\/si\/aktualno\/nadskof-cvikl-na-brezjah-za-krepitev-evangeljskih-vrednot\/","og_site_name":"Hudo Slovenija","article_publisher":"https:\/\/www.facebook.com\/hudo.si","article_published_time":"2016-06-18T08:15:00+00:00","og_image":[{"width":450,"height":299,"url":"https:\/\/hudo.com\/si\/wp-content\/uploads\/sites\/2\/2016\/06\/SOBOT02-300.jpg","type":"image\/jpeg"}],"author":"hudo","twitter_card":"summary_large_image","twitter_creator":"@hudo_si","twitter_site":"@hudo_si","twitter_misc":{"Written by":"hudo","Est. reading time":"2 minuti"},"schema":{"@context":"https:\/\/schema.org","@graph":[{"@type":"Article","@id":"https:\/\/hudo.com\/si\/aktualno\/nadskof-cvikl-na-brezjah-za-krepitev-evangeljskih-vrednot\/#article","isPartOf":{"@id":"https:\/\/hudo.com\/si\/aktualno\/nadskof-cvikl-na-brezjah-za-krepitev-evangeljskih-vrednot\/"},"author":{"name":"hudo","@id":"https:\/\/hudo.com\/si\/#\/schema\/person\/601cf3379633985b20f7e50f2bb47707"},"headline":"Nad\u0161kof Cvikl na Brezjah za krepitev evangeljskih vrednot","datePublished":"2016-06-18T08:15:00+00:00","dateModified":"2016-06-18T08:15:00+00:00","mainEntityOfPage":{"@id":"https:\/\/hudo.com\/si\/aktualno\/nadskof-cvikl-na-brezjah-za-krepitev-evangeljskih-vrednot\/"},"wordCount":360,"publisher":{"@id":"https:\/\/hudo.com\/si\/#organization"},"articleSection":["Aktualno"],"inLanguage":"sl-SI"},{"@type":"WebPage","@id":"https:\/\/hudo.com\/si\/aktualno\/nadskof-cvikl-na-brezjah-za-krepitev-evangeljskih-vrednot\/","url":"https:\/\/hudo.com\/si\/aktualno\/nadskof-cvikl-na-brezjah-za-krepitev-evangeljskih-vrednot\/","name":"Nad\u0161kof Cvikl na Brezjah za krepitev evangeljskih vrednot - Hudo Slovenija","isPartOf":{"@id":"https:\/\/hudo.com\/si\/#website"},"datePublished":"2016-06-18T08:15:00+00:00","dateModified":"2016-06-18T08:15:00+00:00","breadcrumb":{"@id":"https:\/\/hudo.com\/si\/aktualno\/nadskof-cvikl-na-brezjah-za-krepitev-evangeljskih-vrednot\/#breadcrumb"},"inLanguage":"sl-SI","potentialAction":[{"@type":"ReadAction","target":["https:\/\/hudo.com\/si\/aktualno\/nadskof-cvikl-na-brezjah-za-krepitev-evangeljskih-vrednot\/"]}]},{"@type":"BreadcrumbList","@id":"https:\/\/hudo.com\/si\/aktualno\/nadskof-cvikl-na-brezjah-za-krepitev-evangeljskih-vrednot\/#breadcrumb","itemListElement":[{"@type":"ListItem","position":1,"name":"Home","item":"https:\/\/hudo.com\/si\/"},{"@type":"ListItem","position":2,"name":"Nad\u0161kof Cvikl na Brezjah za krepitev evangeljskih vrednot"}]},{"@type":"WebSite","@id":"https:\/\/hudo.com\/si\/#website","url":"https:\/\/hudo.com\/si\/","name":"Hudo Slovenija","description":"Vse novice iz Slovenije in sveta","publisher":{"@id":"https:\/\/hudo.com\/si\/#organization"},"potentialAction":[{"@type":"SearchAction","target":{"@type":"EntryPoint","urlTemplate":"https:\/\/hudo.com\/si\/?s={search_term_string}"},"query-input":"required name=search_term_string"}],"inLanguage":"sl-SI"},{"@type":"Organization","@id":"https:\/\/hudo.com\/si\/#organization","name":"VSN Media","url":"https:\/\/hudo.com\/si\/","logo":{"@type":"ImageObject","inLanguage":"sl-SI","@id":"https:\/\/hudo.com\/si\/#\/schema\/logo\/image\/","url":"https:\/\/hudo.com\/si\/wp-content\/uploads\/sites\/2\/2021\/03\/hudo-app-2.png","contentUrl":"https:\/\/hudo.com\/si\/wp-content\/uploads\/sites\/2\/2021\/03\/hudo-app-2.png","width":2185,"height":2167,"caption":"VSN Media"},"image":{"@id":"https:\/\/hudo.com\/si\/#\/schema\/logo\/image\/"},"sameAs":["https:\/\/www.facebook.com\/hudo.si","https:\/\/twitter.com\/hudo_si"]},{"@type":"Person","@id":"https:\/\/hudo.com\/si\/#\/schema\/person\/601cf3379633985b20f7e50f2bb47707","name":"hudo","image":{"@type":"ImageObject","inLanguage":"sl-SI","@id":"https:\/\/hudo.com\/si\/#\/schema\/person\/image\/","url":"https:\/\/secure.gravatar.com\/avatar\/c4ca25fa72cace7a696b52ff5db9e095?s=96&d=mm&r=g","contentUrl":"https:\/\/secure.gravatar.com\/avatar\/c4ca25fa72cace7a696b52ff5db9e095?s=96&d=mm&r=g","caption":"hudo"},"url":"https:\/\/hudo.com\/si\/author\/hudo\/"}]}},"amp_enabled":true,"_links":{"self":[{"href":"https:\/\/hudo.com\/si\/wp-json\/wp\/v2\/posts\/78205"}],"collection":[{"href":"https:\/\/hudo.com\/si\/wp-json\/wp\/v2\/posts"}],"about":[{"href":"https:\/\/hudo.com\/si\/wp-json\/wp\/v2\/types\/post"}],"author":[{"embeddable":true,"href":"https:\/\/hudo.com\/si\/wp-json\/wp\/v2\/users\/1"}],"replies":[{"embeddable":true,"href":"https:\/\/hudo.com\/si\/wp-json\/wp\/v2\/comments?post=78205"}],"version-history":[{"count":0,"href":"https:\/\/hudo.com\/si\/wp-json\/wp\/v2\/posts\/78205\/revisions"}],"wp:attachment":[{"href":"https:\/\/hudo.com\/si\/wp-json\/wp\/v2\/media?parent=78205"}],"wp:term":[{"taxonomy":"category","embeddable":true,"href":"https:\/\/hudo.com\/si\/wp-json\/wp\/v2\/categories?post=78205"},{"taxonomy":"post_tag","embeddable":true,"href":"https:\/\/hudo.com\/si\/wp-json\/wp\/v2\/tags?post=78205"},{"taxonomy":"source","embeddable":true,"href":"https:\/\/hudo.com\/si\/wp-json\/wp\/v2\/source?post=78205"},{"taxonomy":"supertag","embeddable":true,"href":"https:\/\/hudo.com\/si\/wp-json\/wp\/v2\/supertag?post=78205"}],"curies":[{"name":"wp","href":"https:\/\/api.w.org\/{rel}","templated":true}]}}