{"id":78267,"date":"2016-06-18T16:24:00","date_gmt":"2016-06-18T14:24:00","guid":{"rendered":"http:\/\/hudo.com\/si\/2016\/06\/18\/s-povorko-se-zakljucuje-16-parada-ponosa\/"},"modified":"2016-06-18T16:24:00","modified_gmt":"2016-06-18T14:24:00","slug":"s-povorko-se-zakljucuje-16-parada-ponosa","status":"publish","type":"post","link":"https:\/\/hudo.com\/si\/aktualno\/s-povorko-se-zakljucuje-16-parada-ponosa\/","title":{"rendered":"S povorko se zaklju\u010duje 16. Parada ponosa"},"content":{"rendered":"<p>Kategorija: Kronika Sat, 18 Jun 2016 18:24:00 +0200  Ljubljana &#8211; S parado po sredi\u0161\u010du Ljubljane se zaklju\u010duje festival Parada ponosa, ki je trajal skoraj dva tedna. Parada je v Ljubljani tradicionalna, potekala bo \u017ee 16. Pospremil jo bo pester glasbeni program, organizatorji pa javnost in pristojne institucije pozivajo, naj prispevajo k varnemu izteku praznika LGBT skupnosti in svobodomiselne dru\u017ebe. Kot so namre\u010d zapisali v izjavi za javnost, so se po napadu v gejevskem klubu v ameri\u0161kem mestu Orlando tudi v slovenskem javnem prostoru, sploh na spletu, za\u010deli pojavljati pozivi in provokacije, ki napeljujejo k ponovitvi morilskega napada. Te provokacije so po mnenju organizatorjev usmerjene k ustrahovanju in posledi\u010dno uti\u0161anju LGBT skupnosti ter javnosti, ki jo podpira.\u00bbNa\u0161 odgovor je Parada ponosa,\u00ab so dodali. Dogajati se je sicer za\u010delo \u017ee ob 10. uri na Novem trgu, ko se bodo predstavile LGBT\u00a0&#8230;<\/p>\n","protected":false},"excerpt":{"rendered":"<p>Kategorija: Kronika Sat, 18 Jun 2016 18:24:00 +0200  Ljubljana &#8211; S parado po sredi\u0161\u010du Ljubljane se zaklju\u010duje festival Parada ponosa, ki je trajal skoraj dva tedna. Parada je v Ljubljani tradicionalna, potekala bo \u017ee 16. Pospremil jo bo pester glasbeni program, organizatorji pa javnost in pristojne institucije pozivajo, naj prispevajo k varnemu izteku praznika LGBT skupnosti in svobodomiselne dru\u017ebe. Kot so namre\u010d zapisali v izjavi za javnost, so se po napadu v gejevskem klubu v ameri\u0161kem mestu Orlando tudi v slovenskem javnem prostoru, sploh na spletu, za\u010deli pojavljati pozivi in provokacije, ki napeljujejo k ponovitvi morilskega napada. Te provokacije so po mnenju organizatorjev usmerjene k ustrahovanju in posledi\u010dno uti\u0161anju LGBT skupnosti ter javnosti, ki jo podpira.\u00bbNa\u0161 odgovor je Parada ponosa,\u00ab so dodali. Dogajati se je sicer za\u010delo \u017ee ob 10. uri na Novem trgu, ko se bodo predstavile LGBT\u00a0&#8230;<\/p>\n","protected":false},"author":1,"featured_media":0,"comment_status":"closed","ping_status":"closed","sticky":false,"template":"","format":"standard","meta":{"footnotes":""},"categories":[1179],"tags":[],"source":[4511],"supertag":[],"acf":[],"yoast_head":"<!-- This site is optimized with the Yoast SEO plugin v21.3 - https:\/\/yoast.com\/wordpress\/plugins\/seo\/ -->\n<title>S povorko se zaklju\u010duje 16. Parada ponosa - Hudo Slovenija<\/title>\n<meta name=\"robots\" content=\"index, follow, max-snippet:-1, max-image-preview:large, max-video-preview:-1\" \/>\n<link rel=\"canonical\" href=\"https:\/\/hudo.com\/si\/aktualno\/s-povorko-se-zakljucuje-16-parada-ponosa\/\" \/>\n<meta property=\"og:locale\" content=\"sl_SI\" \/>\n<meta property=\"og:type\" content=\"article\" \/>\n<meta property=\"og:title\" content=\"S povorko se zaklju\u010duje 16. Parada ponosa - Hudo Slovenija\" \/>\n<meta property=\"og:description\" content=\"Kategorija: Kronika Sat, 18 Jun 2016 18:24:00 +0200 Ljubljana - S parado po sredi\u0161\u010du Ljubljane se zaklju\u010duje festival Parada ponosa, ki je trajal skoraj dva tedna. Parada je v Ljubljani tradicionalna, potekala bo \u017ee 16. Pospremil jo bo pester glasbeni program, organizatorji pa javnost in pristojne institucije pozivajo, naj prispevajo k varnemu izteku praznika LGBT skupnosti in svobodomiselne dru\u017ebe. Kot so namre\u010d zapisali v izjavi za javnost, so se po napadu v gejevskem klubu v ameri\u0161kem mestu Orlando tudi v slovenskem javnem prostoru, sploh na spletu, za\u010deli pojavljati pozivi in provokacije, ki napeljujejo k ponovitvi morilskega napada. Te provokacije so po mnenju organizatorjev usmerjene k ustrahovanju in posledi\u010dno uti\u0161anju LGBT skupnosti ter javnosti, ki jo podpira.\u00bbNa\u0161 odgovor je Parada ponosa,\u00ab so dodali. Dogajati se je sicer za\u010delo \u017ee ob 10. uri na Novem trgu, ko se bodo predstavile LGBT\u00a0...\" \/>\n<meta property=\"og:url\" content=\"https:\/\/hudo.com\/si\/aktualno\/s-povorko-se-zakljucuje-16-parada-ponosa\/\" \/>\n<meta property=\"og:site_name\" content=\"Hudo Slovenija\" \/>\n<meta property=\"article:publisher\" content=\"https:\/\/www.facebook.com\/hudo.si\" \/>\n<meta property=\"article:published_time\" content=\"2016-06-18T14:24:00+00:00\" \/>\n<meta property=\"og:image\" content=\"https:\/\/hudo.com\/si\/wp-content\/uploads\/sites\/2\/2016\/06\/480x290_djvu_2125952_tavcarb_dja-parada-ponosa.jpeg\" \/>\n\t<meta property=\"og:image:width\" content=\"480\" \/>\n\t<meta property=\"og:image:height\" content=\"290\" \/>\n\t<meta property=\"og:image:type\" content=\"image\/jpeg\" \/>\n<meta name=\"author\" content=\"hudo\" \/>\n<meta name=\"twitter:card\" content=\"summary_large_image\" \/>\n<meta name=\"twitter:creator\" content=\"@hudo_si\" \/>\n<meta name=\"twitter:site\" content=\"@hudo_si\" \/>\n<meta name=\"twitter:label1\" content=\"Written by\" \/>\n\t<meta name=\"twitter:data1\" content=\"hudo\" \/>\n\t<meta name=\"twitter:label2\" content=\"Est. reading time\" \/>\n\t<meta name=\"twitter:data2\" content=\"1 minuta\" \/>\n<script type=\"application\/ld+json\" class=\"yoast-schema-graph\">{\"@context\":\"https:\/\/schema.org\",\"@graph\":[{\"@type\":\"Article\",\"@id\":\"https:\/\/hudo.com\/si\/aktualno\/s-povorko-se-zakljucuje-16-parada-ponosa\/#article\",\"isPartOf\":{\"@id\":\"https:\/\/hudo.com\/si\/aktualno\/s-povorko-se-zakljucuje-16-parada-ponosa\/\"},\"author\":{\"name\":\"hudo\",\"@id\":\"https:\/\/hudo.com\/si\/#\/schema\/person\/601cf3379633985b20f7e50f2bb47707\"},\"headline\":\"S povorko se zaklju\u010duje 16. Parada ponosa\",\"datePublished\":\"2016-06-18T14:24:00+00:00\",\"dateModified\":\"2016-06-18T14:24:00+00:00\",\"mainEntityOfPage\":{\"@id\":\"https:\/\/hudo.com\/si\/aktualno\/s-povorko-se-zakljucuje-16-parada-ponosa\/\"},\"wordCount\":149,\"publisher\":{\"@id\":\"https:\/\/hudo.com\/si\/#organization\"},\"articleSection\":[\"Aktualno\"],\"inLanguage\":\"sl-SI\"},{\"@type\":\"WebPage\",\"@id\":\"https:\/\/hudo.com\/si\/aktualno\/s-povorko-se-zakljucuje-16-parada-ponosa\/\",\"url\":\"https:\/\/hudo.com\/si\/aktualno\/s-povorko-se-zakljucuje-16-parada-ponosa\/\",\"name\":\"S povorko se zaklju\u010duje 16. Parada ponosa - Hudo Slovenija\",\"isPartOf\":{\"@id\":\"https:\/\/hudo.com\/si\/#website\"},\"datePublished\":\"2016-06-18T14:24:00+00:00\",\"dateModified\":\"2016-06-18T14:24:00+00:00\",\"breadcrumb\":{\"@id\":\"https:\/\/hudo.com\/si\/aktualno\/s-povorko-se-zakljucuje-16-parada-ponosa\/#breadcrumb\"},\"inLanguage\":\"sl-SI\",\"potentialAction\":[{\"@type\":\"ReadAction\",\"target\":[\"https:\/\/hudo.com\/si\/aktualno\/s-povorko-se-zakljucuje-16-parada-ponosa\/\"]}]},{\"@type\":\"BreadcrumbList\",\"@id\":\"https:\/\/hudo.com\/si\/aktualno\/s-povorko-se-zakljucuje-16-parada-ponosa\/#breadcrumb\",\"itemListElement\":[{\"@type\":\"ListItem\",\"position\":1,\"name\":\"Home\",\"item\":\"https:\/\/hudo.com\/si\/\"},{\"@type\":\"ListItem\",\"position\":2,\"name\":\"S povorko se zaklju\u010duje 16. Parada ponosa\"}]},{\"@type\":\"WebSite\",\"@id\":\"https:\/\/hudo.com\/si\/#website\",\"url\":\"https:\/\/hudo.com\/si\/\",\"name\":\"Hudo Slovenija\",\"description\":\"Vse novice iz Slovenije in sveta\",\"publisher\":{\"@id\":\"https:\/\/hudo.com\/si\/#organization\"},\"potentialAction\":[{\"@type\":\"SearchAction\",\"target\":{\"@type\":\"EntryPoint\",\"urlTemplate\":\"https:\/\/hudo.com\/si\/?s={search_term_string}\"},\"query-input\":\"required name=search_term_string\"}],\"inLanguage\":\"sl-SI\"},{\"@type\":\"Organization\",\"@id\":\"https:\/\/hudo.com\/si\/#organization\",\"name\":\"VSN Media\",\"url\":\"https:\/\/hudo.com\/si\/\",\"logo\":{\"@type\":\"ImageObject\",\"inLanguage\":\"sl-SI\",\"@id\":\"https:\/\/hudo.com\/si\/#\/schema\/logo\/image\/\",\"url\":\"https:\/\/hudo.com\/si\/wp-content\/uploads\/sites\/2\/2021\/03\/hudo-app-2.png\",\"contentUrl\":\"https:\/\/hudo.com\/si\/wp-content\/uploads\/sites\/2\/2021\/03\/hudo-app-2.png\",\"width\":2185,\"height\":2167,\"caption\":\"VSN Media\"},\"image\":{\"@id\":\"https:\/\/hudo.com\/si\/#\/schema\/logo\/image\/\"},\"sameAs\":[\"https:\/\/www.facebook.com\/hudo.si\",\"https:\/\/twitter.com\/hudo_si\"]},{\"@type\":\"Person\",\"@id\":\"https:\/\/hudo.com\/si\/#\/schema\/person\/601cf3379633985b20f7e50f2bb47707\",\"name\":\"hudo\",\"image\":{\"@type\":\"ImageObject\",\"inLanguage\":\"sl-SI\",\"@id\":\"https:\/\/hudo.com\/si\/#\/schema\/person\/image\/\",\"url\":\"https:\/\/secure.gravatar.com\/avatar\/c4ca25fa72cace7a696b52ff5db9e095?s=96&d=mm&r=g\",\"contentUrl\":\"https:\/\/secure.gravatar.com\/avatar\/c4ca25fa72cace7a696b52ff5db9e095?s=96&d=mm&r=g\",\"caption\":\"hudo\"},\"url\":\"https:\/\/hudo.com\/si\/author\/hudo\/\"}]}<\/script>\n<!-- \/ Yoast SEO plugin. -->","yoast_head_json":{"title":"S povorko se zaklju\u010duje 16. Parada ponosa - Hudo Slovenija","robots":{"index":"index","follow":"follow","max-snippet":"max-snippet:-1","max-image-preview":"max-image-preview:large","max-video-preview":"max-video-preview:-1"},"canonical":"https:\/\/hudo.com\/si\/aktualno\/s-povorko-se-zakljucuje-16-parada-ponosa\/","og_locale":"sl_SI","og_type":"article","og_title":"S povorko se zaklju\u010duje 16. Parada ponosa - Hudo Slovenija","og_description":"Kategorija: Kronika Sat, 18 Jun 2016 18:24:00 +0200 Ljubljana - S parado po sredi\u0161\u010du Ljubljane se zaklju\u010duje festival Parada ponosa, ki je trajal skoraj dva tedna. Parada je v Ljubljani tradicionalna, potekala bo \u017ee 16. Pospremil jo bo pester glasbeni program, organizatorji pa javnost in pristojne institucije pozivajo, naj prispevajo k varnemu izteku praznika LGBT skupnosti in svobodomiselne dru\u017ebe. Kot so namre\u010d zapisali v izjavi za javnost, so se po napadu v gejevskem klubu v ameri\u0161kem mestu Orlando tudi v slovenskem javnem prostoru, sploh na spletu, za\u010deli pojavljati pozivi in provokacije, ki napeljujejo k ponovitvi morilskega napada. Te provokacije so po mnenju organizatorjev usmerjene k ustrahovanju in posledi\u010dno uti\u0161anju LGBT skupnosti ter javnosti, ki jo podpira.\u00bbNa\u0161 odgovor je Parada ponosa,\u00ab so dodali. Dogajati se je sicer za\u010delo \u017ee ob 10. uri na Novem trgu, ko se bodo predstavile LGBT\u00a0...","og_url":"https:\/\/hudo.com\/si\/aktualno\/s-povorko-se-zakljucuje-16-parada-ponosa\/","og_site_name":"Hudo Slovenija","article_publisher":"https:\/\/www.facebook.com\/hudo.si","article_published_time":"2016-06-18T14:24:00+00:00","og_image":[{"width":480,"height":290,"url":"https:\/\/hudo.com\/si\/wp-content\/uploads\/sites\/2\/2016\/06\/480x290_djvu_2125952_tavcarb_dja-parada-ponosa.jpeg","type":"image\/jpeg"}],"author":"hudo","twitter_card":"summary_large_image","twitter_creator":"@hudo_si","twitter_site":"@hudo_si","twitter_misc":{"Written by":"hudo","Est. reading time":"1 minuta"},"schema":{"@context":"https:\/\/schema.org","@graph":[{"@type":"Article","@id":"https:\/\/hudo.com\/si\/aktualno\/s-povorko-se-zakljucuje-16-parada-ponosa\/#article","isPartOf":{"@id":"https:\/\/hudo.com\/si\/aktualno\/s-povorko-se-zakljucuje-16-parada-ponosa\/"},"author":{"name":"hudo","@id":"https:\/\/hudo.com\/si\/#\/schema\/person\/601cf3379633985b20f7e50f2bb47707"},"headline":"S povorko se zaklju\u010duje 16. Parada ponosa","datePublished":"2016-06-18T14:24:00+00:00","dateModified":"2016-06-18T14:24:00+00:00","mainEntityOfPage":{"@id":"https:\/\/hudo.com\/si\/aktualno\/s-povorko-se-zakljucuje-16-parada-ponosa\/"},"wordCount":149,"publisher":{"@id":"https:\/\/hudo.com\/si\/#organization"},"articleSection":["Aktualno"],"inLanguage":"sl-SI"},{"@type":"WebPage","@id":"https:\/\/hudo.com\/si\/aktualno\/s-povorko-se-zakljucuje-16-parada-ponosa\/","url":"https:\/\/hudo.com\/si\/aktualno\/s-povorko-se-zakljucuje-16-parada-ponosa\/","name":"S povorko se zaklju\u010duje 16. Parada ponosa - Hudo Slovenija","isPartOf":{"@id":"https:\/\/hudo.com\/si\/#website"},"datePublished":"2016-06-18T14:24:00+00:00","dateModified":"2016-06-18T14:24:00+00:00","breadcrumb":{"@id":"https:\/\/hudo.com\/si\/aktualno\/s-povorko-se-zakljucuje-16-parada-ponosa\/#breadcrumb"},"inLanguage":"sl-SI","potentialAction":[{"@type":"ReadAction","target":["https:\/\/hudo.com\/si\/aktualno\/s-povorko-se-zakljucuje-16-parada-ponosa\/"]}]},{"@type":"BreadcrumbList","@id":"https:\/\/hudo.com\/si\/aktualno\/s-povorko-se-zakljucuje-16-parada-ponosa\/#breadcrumb","itemListElement":[{"@type":"ListItem","position":1,"name":"Home","item":"https:\/\/hudo.com\/si\/"},{"@type":"ListItem","position":2,"name":"S povorko se zaklju\u010duje 16. Parada ponosa"}]},{"@type":"WebSite","@id":"https:\/\/hudo.com\/si\/#website","url":"https:\/\/hudo.com\/si\/","name":"Hudo Slovenija","description":"Vse novice iz Slovenije in sveta","publisher":{"@id":"https:\/\/hudo.com\/si\/#organization"},"potentialAction":[{"@type":"SearchAction","target":{"@type":"EntryPoint","urlTemplate":"https:\/\/hudo.com\/si\/?s={search_term_string}"},"query-input":"required name=search_term_string"}],"inLanguage":"sl-SI"},{"@type":"Organization","@id":"https:\/\/hudo.com\/si\/#organization","name":"VSN Media","url":"https:\/\/hudo.com\/si\/","logo":{"@type":"ImageObject","inLanguage":"sl-SI","@id":"https:\/\/hudo.com\/si\/#\/schema\/logo\/image\/","url":"https:\/\/hudo.com\/si\/wp-content\/uploads\/sites\/2\/2021\/03\/hudo-app-2.png","contentUrl":"https:\/\/hudo.com\/si\/wp-content\/uploads\/sites\/2\/2021\/03\/hudo-app-2.png","width":2185,"height":2167,"caption":"VSN Media"},"image":{"@id":"https:\/\/hudo.com\/si\/#\/schema\/logo\/image\/"},"sameAs":["https:\/\/www.facebook.com\/hudo.si","https:\/\/twitter.com\/hudo_si"]},{"@type":"Person","@id":"https:\/\/hudo.com\/si\/#\/schema\/person\/601cf3379633985b20f7e50f2bb47707","name":"hudo","image":{"@type":"ImageObject","inLanguage":"sl-SI","@id":"https:\/\/hudo.com\/si\/#\/schema\/person\/image\/","url":"https:\/\/secure.gravatar.com\/avatar\/c4ca25fa72cace7a696b52ff5db9e095?s=96&d=mm&r=g","contentUrl":"https:\/\/secure.gravatar.com\/avatar\/c4ca25fa72cace7a696b52ff5db9e095?s=96&d=mm&r=g","caption":"hudo"},"url":"https:\/\/hudo.com\/si\/author\/hudo\/"}]}},"amp_enabled":true,"_links":{"self":[{"href":"https:\/\/hudo.com\/si\/wp-json\/wp\/v2\/posts\/78267"}],"collection":[{"href":"https:\/\/hudo.com\/si\/wp-json\/wp\/v2\/posts"}],"about":[{"href":"https:\/\/hudo.com\/si\/wp-json\/wp\/v2\/types\/post"}],"author":[{"embeddable":true,"href":"https:\/\/hudo.com\/si\/wp-json\/wp\/v2\/users\/1"}],"replies":[{"embeddable":true,"href":"https:\/\/hudo.com\/si\/wp-json\/wp\/v2\/comments?post=78267"}],"version-history":[{"count":0,"href":"https:\/\/hudo.com\/si\/wp-json\/wp\/v2\/posts\/78267\/revisions"}],"wp:attachment":[{"href":"https:\/\/hudo.com\/si\/wp-json\/wp\/v2\/media?parent=78267"}],"wp:term":[{"taxonomy":"category","embeddable":true,"href":"https:\/\/hudo.com\/si\/wp-json\/wp\/v2\/categories?post=78267"},{"taxonomy":"post_tag","embeddable":true,"href":"https:\/\/hudo.com\/si\/wp-json\/wp\/v2\/tags?post=78267"},{"taxonomy":"source","embeddable":true,"href":"https:\/\/hudo.com\/si\/wp-json\/wp\/v2\/source?post=78267"},{"taxonomy":"supertag","embeddable":true,"href":"https:\/\/hudo.com\/si\/wp-json\/wp\/v2\/supertag?post=78267"}],"curies":[{"name":"wp","href":"https:\/\/api.w.org\/{rel}","templated":true}]}}