{"id":78269,"date":"2016-06-18T16:10:00","date_gmt":"2016-06-18T14:10:00","guid":{"rendered":"http:\/\/hudo.com\/si\/2016\/06\/18\/dve-kolajni-slovenskim-gorskim-tekacem-na-domacem-sp\/"},"modified":"2016-06-18T16:10:00","modified_gmt":"2016-06-18T14:10:00","slug":"dve-kolajni-slovenskim-gorskim-tekacem-na-domacem-sp","status":"publish","type":"post","link":"https:\/\/hudo.com\/si\/aktualno\/dve-kolajni-slovenskim-gorskim-tekacem-na-domacem-sp\/","title":{"rendered":"Dve kolajni slovenskim gorskim teka\u010dem na doma\u010dem SP"},"content":{"rendered":"<p>Kategorija: Drugi \u0161porti Sat, 18 Jun 2016 18:10:00 +0200  Podbrdo &#8211; Slovenska gorska teka\u010da Lucija Krko\u010d in Mitja Kosovelj sta na svetovnem prvenstvu v gorskem maratonu v Podbrdu poskrbela za doma\u010d uspeh in se veselila bronastih kolajn. Med atleti je zmagal Italijan Alessandro Rambaldini (3:44:52) pred rojakom Marcom De Gasperijem (3;46:12) in Kosoveljem (3:46:33), med atletinjami pa Britanka Annie Conway (4:29:01). Druga je bila Italijanka Antonella Confortola Wyatt (4:29:58). Kosovelj je leta 2011 na isti progi postal svetovni prvak in tudi tokrat je nekaj \u010dasa vodil, vendar sta ga italijanska tekmeca na vzponu na Porezen in na zadnjem spustu ugnala. Nekaj \u010dasa je vodila tudi Krko\u010deva, nato pa zaostala za Britanko in Italijanko, ki je bila na olimpijskih igrah v Torinu leta 2006 tretja v teku na smu\u010deh. Proga v dol\u017eini 42 kilometrov je imela po\u00a0&#8230;<\/p>\n","protected":false},"excerpt":{"rendered":"<p>Kategorija: Drugi \u0161porti Sat, 18 Jun 2016 18:10:00 +0200  Podbrdo &#8211; Slovenska gorska teka\u010da Lucija Krko\u010d in Mitja Kosovelj sta na svetovnem prvenstvu v gorskem maratonu v Podbrdu poskrbela za doma\u010d uspeh in se veselila bronastih kolajn. Med atleti je zmagal Italijan Alessandro Rambaldini (3:44:52) pred rojakom Marcom De Gasperijem (3;46:12) in Kosoveljem (3:46:33), med atletinjami pa Britanka Annie Conway (4:29:01). Druga je bila Italijanka Antonella Confortola Wyatt (4:29:58). Kosovelj je leta 2011 na isti progi postal svetovni prvak in tudi tokrat je nekaj \u010dasa vodil, vendar sta ga italijanska tekmeca na vzponu na Porezen in na zadnjem spustu ugnala. Nekaj \u010dasa je vodila tudi Krko\u010deva, nato pa zaostala za Britanko in Italijanko, ki je bila na olimpijskih igrah v Torinu leta 2006 tretja v teku na smu\u010deh. Proga v dol\u017eini 42 kilometrov je imela po\u00a0&#8230;<\/p>\n","protected":false},"author":1,"featured_media":0,"comment_status":"closed","ping_status":"closed","sticky":false,"template":"","format":"standard","meta":{"footnotes":""},"categories":[1179],"tags":[],"source":[4511],"supertag":[],"acf":[],"yoast_head":"<!-- This site is optimized with the Yoast SEO plugin v21.3 - https:\/\/yoast.com\/wordpress\/plugins\/seo\/ -->\n<title>Dve kolajni slovenskim gorskim teka\u010dem na doma\u010dem SP - Hudo Slovenija<\/title>\n<meta name=\"robots\" content=\"index, follow, max-snippet:-1, max-image-preview:large, max-video-preview:-1\" \/>\n<link rel=\"canonical\" href=\"https:\/\/hudo.com\/si\/aktualno\/dve-kolajni-slovenskim-gorskim-tekacem-na-domacem-sp\/\" \/>\n<meta property=\"og:locale\" content=\"sl_SI\" \/>\n<meta property=\"og:type\" content=\"article\" \/>\n<meta property=\"og:title\" content=\"Dve kolajni slovenskim gorskim teka\u010dem na doma\u010dem SP - Hudo Slovenija\" \/>\n<meta property=\"og:description\" content=\"Kategorija: Drugi \u0161porti Sat, 18 Jun 2016 18:10:00 +0200 Podbrdo - Slovenska gorska teka\u010da Lucija Krko\u010d in Mitja Kosovelj sta na svetovnem prvenstvu v gorskem maratonu v Podbrdu poskrbela za doma\u010d uspeh in se veselila bronastih kolajn. Med atleti je zmagal Italijan Alessandro Rambaldini (3:44:52) pred rojakom Marcom De Gasperijem (3;46:12) in Kosoveljem (3:46:33), med atletinjami pa Britanka Annie Conway (4:29:01). Druga je bila Italijanka Antonella Confortola Wyatt (4:29:58). Kosovelj je leta 2011 na isti progi postal svetovni prvak in tudi tokrat je nekaj \u010dasa vodil, vendar sta ga italijanska tekmeca na vzponu na Porezen in na zadnjem spustu ugnala. Nekaj \u010dasa je vodila tudi Krko\u010deva, nato pa zaostala za Britanko in Italijanko, ki je bila na olimpijskih igrah v Torinu leta 2006 tretja v teku na smu\u010deh. Proga v dol\u017eini 42 kilometrov je imela po\u00a0...\" \/>\n<meta property=\"og:url\" content=\"https:\/\/hudo.com\/si\/aktualno\/dve-kolajni-slovenskim-gorskim-tekacem-na-domacem-sp\/\" \/>\n<meta property=\"og:site_name\" content=\"Hudo Slovenija\" \/>\n<meta property=\"article:publisher\" content=\"https:\/\/www.facebook.com\/hudo.si\" \/>\n<meta property=\"article:published_time\" content=\"2016-06-18T14:10:00+00:00\" \/>\n<meta property=\"og:image\" content=\"https:\/\/hudo.com\/si\/wp-content\/uploads\/sites\/2\/2016\/06\/480x290_djvu_1288049_spelar_rsi-KROS-VELENJE.jpeg\" \/>\n\t<meta property=\"og:image:width\" content=\"480\" \/>\n\t<meta property=\"og:image:height\" content=\"290\" \/>\n\t<meta property=\"og:image:type\" content=\"image\/jpeg\" \/>\n<meta name=\"author\" content=\"hudo\" \/>\n<meta name=\"twitter:card\" content=\"summary_large_image\" \/>\n<meta name=\"twitter:creator\" content=\"@hudo_si\" \/>\n<meta name=\"twitter:site\" content=\"@hudo_si\" \/>\n<meta name=\"twitter:label1\" content=\"Written by\" \/>\n\t<meta name=\"twitter:data1\" content=\"hudo\" \/>\n\t<meta name=\"twitter:label2\" content=\"Est. reading time\" \/>\n\t<meta name=\"twitter:data2\" content=\"1 minuta\" \/>\n<script type=\"application\/ld+json\" class=\"yoast-schema-graph\">{\"@context\":\"https:\/\/schema.org\",\"@graph\":[{\"@type\":\"Article\",\"@id\":\"https:\/\/hudo.com\/si\/aktualno\/dve-kolajni-slovenskim-gorskim-tekacem-na-domacem-sp\/#article\",\"isPartOf\":{\"@id\":\"https:\/\/hudo.com\/si\/aktualno\/dve-kolajni-slovenskim-gorskim-tekacem-na-domacem-sp\/\"},\"author\":{\"name\":\"hudo\",\"@id\":\"https:\/\/hudo.com\/si\/#\/schema\/person\/601cf3379633985b20f7e50f2bb47707\"},\"headline\":\"Dve kolajni slovenskim gorskim teka\u010dem na doma\u010dem SP\",\"datePublished\":\"2016-06-18T14:10:00+00:00\",\"dateModified\":\"2016-06-18T14:10:00+00:00\",\"mainEntityOfPage\":{\"@id\":\"https:\/\/hudo.com\/si\/aktualno\/dve-kolajni-slovenskim-gorskim-tekacem-na-domacem-sp\/\"},\"wordCount\":138,\"publisher\":{\"@id\":\"https:\/\/hudo.com\/si\/#organization\"},\"articleSection\":[\"Aktualno\"],\"inLanguage\":\"sl-SI\"},{\"@type\":\"WebPage\",\"@id\":\"https:\/\/hudo.com\/si\/aktualno\/dve-kolajni-slovenskim-gorskim-tekacem-na-domacem-sp\/\",\"url\":\"https:\/\/hudo.com\/si\/aktualno\/dve-kolajni-slovenskim-gorskim-tekacem-na-domacem-sp\/\",\"name\":\"Dve kolajni slovenskim gorskim teka\u010dem na doma\u010dem SP - Hudo Slovenija\",\"isPartOf\":{\"@id\":\"https:\/\/hudo.com\/si\/#website\"},\"datePublished\":\"2016-06-18T14:10:00+00:00\",\"dateModified\":\"2016-06-18T14:10:00+00:00\",\"breadcrumb\":{\"@id\":\"https:\/\/hudo.com\/si\/aktualno\/dve-kolajni-slovenskim-gorskim-tekacem-na-domacem-sp\/#breadcrumb\"},\"inLanguage\":\"sl-SI\",\"potentialAction\":[{\"@type\":\"ReadAction\",\"target\":[\"https:\/\/hudo.com\/si\/aktualno\/dve-kolajni-slovenskim-gorskim-tekacem-na-domacem-sp\/\"]}]},{\"@type\":\"BreadcrumbList\",\"@id\":\"https:\/\/hudo.com\/si\/aktualno\/dve-kolajni-slovenskim-gorskim-tekacem-na-domacem-sp\/#breadcrumb\",\"itemListElement\":[{\"@type\":\"ListItem\",\"position\":1,\"name\":\"Home\",\"item\":\"https:\/\/hudo.com\/si\/\"},{\"@type\":\"ListItem\",\"position\":2,\"name\":\"Dve kolajni slovenskim gorskim teka\u010dem na doma\u010dem SP\"}]},{\"@type\":\"WebSite\",\"@id\":\"https:\/\/hudo.com\/si\/#website\",\"url\":\"https:\/\/hudo.com\/si\/\",\"name\":\"Hudo Slovenija\",\"description\":\"Vse novice iz Slovenije in sveta\",\"publisher\":{\"@id\":\"https:\/\/hudo.com\/si\/#organization\"},\"potentialAction\":[{\"@type\":\"SearchAction\",\"target\":{\"@type\":\"EntryPoint\",\"urlTemplate\":\"https:\/\/hudo.com\/si\/?s={search_term_string}\"},\"query-input\":\"required name=search_term_string\"}],\"inLanguage\":\"sl-SI\"},{\"@type\":\"Organization\",\"@id\":\"https:\/\/hudo.com\/si\/#organization\",\"name\":\"VSN Media\",\"url\":\"https:\/\/hudo.com\/si\/\",\"logo\":{\"@type\":\"ImageObject\",\"inLanguage\":\"sl-SI\",\"@id\":\"https:\/\/hudo.com\/si\/#\/schema\/logo\/image\/\",\"url\":\"https:\/\/hudo.com\/si\/wp-content\/uploads\/sites\/2\/2021\/03\/hudo-app-2.png\",\"contentUrl\":\"https:\/\/hudo.com\/si\/wp-content\/uploads\/sites\/2\/2021\/03\/hudo-app-2.png\",\"width\":2185,\"height\":2167,\"caption\":\"VSN Media\"},\"image\":{\"@id\":\"https:\/\/hudo.com\/si\/#\/schema\/logo\/image\/\"},\"sameAs\":[\"https:\/\/www.facebook.com\/hudo.si\",\"https:\/\/twitter.com\/hudo_si\"]},{\"@type\":\"Person\",\"@id\":\"https:\/\/hudo.com\/si\/#\/schema\/person\/601cf3379633985b20f7e50f2bb47707\",\"name\":\"hudo\",\"image\":{\"@type\":\"ImageObject\",\"inLanguage\":\"sl-SI\",\"@id\":\"https:\/\/hudo.com\/si\/#\/schema\/person\/image\/\",\"url\":\"https:\/\/secure.gravatar.com\/avatar\/c4ca25fa72cace7a696b52ff5db9e095?s=96&d=mm&r=g\",\"contentUrl\":\"https:\/\/secure.gravatar.com\/avatar\/c4ca25fa72cace7a696b52ff5db9e095?s=96&d=mm&r=g\",\"caption\":\"hudo\"},\"url\":\"https:\/\/hudo.com\/si\/author\/hudo\/\"}]}<\/script>\n<!-- \/ Yoast SEO plugin. -->","yoast_head_json":{"title":"Dve kolajni slovenskim gorskim teka\u010dem na doma\u010dem SP - Hudo Slovenija","robots":{"index":"index","follow":"follow","max-snippet":"max-snippet:-1","max-image-preview":"max-image-preview:large","max-video-preview":"max-video-preview:-1"},"canonical":"https:\/\/hudo.com\/si\/aktualno\/dve-kolajni-slovenskim-gorskim-tekacem-na-domacem-sp\/","og_locale":"sl_SI","og_type":"article","og_title":"Dve kolajni slovenskim gorskim teka\u010dem na doma\u010dem SP - Hudo Slovenija","og_description":"Kategorija: Drugi \u0161porti Sat, 18 Jun 2016 18:10:00 +0200 Podbrdo - Slovenska gorska teka\u010da Lucija Krko\u010d in Mitja Kosovelj sta na svetovnem prvenstvu v gorskem maratonu v Podbrdu poskrbela za doma\u010d uspeh in se veselila bronastih kolajn. Med atleti je zmagal Italijan Alessandro Rambaldini (3:44:52) pred rojakom Marcom De Gasperijem (3;46:12) in Kosoveljem (3:46:33), med atletinjami pa Britanka Annie Conway (4:29:01). Druga je bila Italijanka Antonella Confortola Wyatt (4:29:58). Kosovelj je leta 2011 na isti progi postal svetovni prvak in tudi tokrat je nekaj \u010dasa vodil, vendar sta ga italijanska tekmeca na vzponu na Porezen in na zadnjem spustu ugnala. Nekaj \u010dasa je vodila tudi Krko\u010deva, nato pa zaostala za Britanko in Italijanko, ki je bila na olimpijskih igrah v Torinu leta 2006 tretja v teku na smu\u010deh. Proga v dol\u017eini 42 kilometrov je imela po\u00a0...","og_url":"https:\/\/hudo.com\/si\/aktualno\/dve-kolajni-slovenskim-gorskim-tekacem-na-domacem-sp\/","og_site_name":"Hudo Slovenija","article_publisher":"https:\/\/www.facebook.com\/hudo.si","article_published_time":"2016-06-18T14:10:00+00:00","og_image":[{"width":480,"height":290,"url":"https:\/\/hudo.com\/si\/wp-content\/uploads\/sites\/2\/2016\/06\/480x290_djvu_1288049_spelar_rsi-KROS-VELENJE.jpeg","type":"image\/jpeg"}],"author":"hudo","twitter_card":"summary_large_image","twitter_creator":"@hudo_si","twitter_site":"@hudo_si","twitter_misc":{"Written by":"hudo","Est. reading time":"1 minuta"},"schema":{"@context":"https:\/\/schema.org","@graph":[{"@type":"Article","@id":"https:\/\/hudo.com\/si\/aktualno\/dve-kolajni-slovenskim-gorskim-tekacem-na-domacem-sp\/#article","isPartOf":{"@id":"https:\/\/hudo.com\/si\/aktualno\/dve-kolajni-slovenskim-gorskim-tekacem-na-domacem-sp\/"},"author":{"name":"hudo","@id":"https:\/\/hudo.com\/si\/#\/schema\/person\/601cf3379633985b20f7e50f2bb47707"},"headline":"Dve kolajni slovenskim gorskim teka\u010dem na doma\u010dem SP","datePublished":"2016-06-18T14:10:00+00:00","dateModified":"2016-06-18T14:10:00+00:00","mainEntityOfPage":{"@id":"https:\/\/hudo.com\/si\/aktualno\/dve-kolajni-slovenskim-gorskim-tekacem-na-domacem-sp\/"},"wordCount":138,"publisher":{"@id":"https:\/\/hudo.com\/si\/#organization"},"articleSection":["Aktualno"],"inLanguage":"sl-SI"},{"@type":"WebPage","@id":"https:\/\/hudo.com\/si\/aktualno\/dve-kolajni-slovenskim-gorskim-tekacem-na-domacem-sp\/","url":"https:\/\/hudo.com\/si\/aktualno\/dve-kolajni-slovenskim-gorskim-tekacem-na-domacem-sp\/","name":"Dve kolajni slovenskim gorskim teka\u010dem na doma\u010dem SP - Hudo Slovenija","isPartOf":{"@id":"https:\/\/hudo.com\/si\/#website"},"datePublished":"2016-06-18T14:10:00+00:00","dateModified":"2016-06-18T14:10:00+00:00","breadcrumb":{"@id":"https:\/\/hudo.com\/si\/aktualno\/dve-kolajni-slovenskim-gorskim-tekacem-na-domacem-sp\/#breadcrumb"},"inLanguage":"sl-SI","potentialAction":[{"@type":"ReadAction","target":["https:\/\/hudo.com\/si\/aktualno\/dve-kolajni-slovenskim-gorskim-tekacem-na-domacem-sp\/"]}]},{"@type":"BreadcrumbList","@id":"https:\/\/hudo.com\/si\/aktualno\/dve-kolajni-slovenskim-gorskim-tekacem-na-domacem-sp\/#breadcrumb","itemListElement":[{"@type":"ListItem","position":1,"name":"Home","item":"https:\/\/hudo.com\/si\/"},{"@type":"ListItem","position":2,"name":"Dve kolajni slovenskim gorskim teka\u010dem na doma\u010dem SP"}]},{"@type":"WebSite","@id":"https:\/\/hudo.com\/si\/#website","url":"https:\/\/hudo.com\/si\/","name":"Hudo Slovenija","description":"Vse novice iz Slovenije in sveta","publisher":{"@id":"https:\/\/hudo.com\/si\/#organization"},"potentialAction":[{"@type":"SearchAction","target":{"@type":"EntryPoint","urlTemplate":"https:\/\/hudo.com\/si\/?s={search_term_string}"},"query-input":"required name=search_term_string"}],"inLanguage":"sl-SI"},{"@type":"Organization","@id":"https:\/\/hudo.com\/si\/#organization","name":"VSN Media","url":"https:\/\/hudo.com\/si\/","logo":{"@type":"ImageObject","inLanguage":"sl-SI","@id":"https:\/\/hudo.com\/si\/#\/schema\/logo\/image\/","url":"https:\/\/hudo.com\/si\/wp-content\/uploads\/sites\/2\/2021\/03\/hudo-app-2.png","contentUrl":"https:\/\/hudo.com\/si\/wp-content\/uploads\/sites\/2\/2021\/03\/hudo-app-2.png","width":2185,"height":2167,"caption":"VSN Media"},"image":{"@id":"https:\/\/hudo.com\/si\/#\/schema\/logo\/image\/"},"sameAs":["https:\/\/www.facebook.com\/hudo.si","https:\/\/twitter.com\/hudo_si"]},{"@type":"Person","@id":"https:\/\/hudo.com\/si\/#\/schema\/person\/601cf3379633985b20f7e50f2bb47707","name":"hudo","image":{"@type":"ImageObject","inLanguage":"sl-SI","@id":"https:\/\/hudo.com\/si\/#\/schema\/person\/image\/","url":"https:\/\/secure.gravatar.com\/avatar\/c4ca25fa72cace7a696b52ff5db9e095?s=96&d=mm&r=g","contentUrl":"https:\/\/secure.gravatar.com\/avatar\/c4ca25fa72cace7a696b52ff5db9e095?s=96&d=mm&r=g","caption":"hudo"},"url":"https:\/\/hudo.com\/si\/author\/hudo\/"}]}},"amp_enabled":true,"_links":{"self":[{"href":"https:\/\/hudo.com\/si\/wp-json\/wp\/v2\/posts\/78269"}],"collection":[{"href":"https:\/\/hudo.com\/si\/wp-json\/wp\/v2\/posts"}],"about":[{"href":"https:\/\/hudo.com\/si\/wp-json\/wp\/v2\/types\/post"}],"author":[{"embeddable":true,"href":"https:\/\/hudo.com\/si\/wp-json\/wp\/v2\/users\/1"}],"replies":[{"embeddable":true,"href":"https:\/\/hudo.com\/si\/wp-json\/wp\/v2\/comments?post=78269"}],"version-history":[{"count":0,"href":"https:\/\/hudo.com\/si\/wp-json\/wp\/v2\/posts\/78269\/revisions"}],"wp:attachment":[{"href":"https:\/\/hudo.com\/si\/wp-json\/wp\/v2\/media?parent=78269"}],"wp:term":[{"taxonomy":"category","embeddable":true,"href":"https:\/\/hudo.com\/si\/wp-json\/wp\/v2\/categories?post=78269"},{"taxonomy":"post_tag","embeddable":true,"href":"https:\/\/hudo.com\/si\/wp-json\/wp\/v2\/tags?post=78269"},{"taxonomy":"source","embeddable":true,"href":"https:\/\/hudo.com\/si\/wp-json\/wp\/v2\/source?post=78269"},{"taxonomy":"supertag","embeddable":true,"href":"https:\/\/hudo.com\/si\/wp-json\/wp\/v2\/supertag?post=78269"}],"curies":[{"name":"wp","href":"https:\/\/api.w.org\/{rel}","templated":true}]}}