{"id":78273,"date":"2016-06-18T15:57:00","date_gmt":"2016-06-18T13:57:00","guid":{"rendered":"http:\/\/hudo.com\/si\/2016\/06\/18\/zakljevi-in-krajncu-drzavna-naslova\/"},"modified":"2016-06-18T15:57:00","modified_gmt":"2016-06-18T13:57:00","slug":"zakljevi-in-krajncu-drzavna-naslova","status":"publish","type":"post","link":"https:\/\/hudo.com\/si\/aktualno\/zakljevi-in-krajncu-drzavna-naslova\/","title":{"rendered":"\u017dakljevi in Krajncu dr\u017eavna naslova"},"content":{"rendered":"<p>Kategorija: Kolesarstvo Sat, 18 Jun 2016 17:57:00 +0200  Ko\u010devje &#8211; V zadnjih letih vedno zanimiv dvoboj za naslov dr\u017eavne prvakinje v olimpijskem krosu med Tanjo \u017dakelj in Bla\u017eo Klemen\u010di\u010d je letos brez slednje izzvenel. Z \u017dakljevo se je sku\u0161ala boriti Tina Per\u0161e, a hitro zaostala in po tehni\u010dni okvari ni ve\u010d mogla ogroziti dvakratne evropske prvakinje. Slednja v tej sezoni sicer \u0161e ni na\u0161la prave forme, tudi DP \u0161e ni prineslo pravih predstav. \u00bbBil je &#8216;fajn&#8217; trening, amaterji in masterji so dobri. Poizku\u0161ala sem oddirkati, kakor sem lahko. \u010cutim, da je to korak naprej, ni pa \u0161e to najve\u010d, kar lahko poka\u017eem. Ko sem pri\u0161la v ritem, sem \u0161la naprej, pa spet popustila. V vsakem trenutku sem sku\u0161ala biti \u010dim hitrej\u0161a. Nekaj posebnega bo imeti slovensko zastavo na dresu, lepo je zastopati dr\u017eavo na\u00a0&#8230;<\/p>\n","protected":false},"excerpt":{"rendered":"<p>Kategorija: Kolesarstvo Sat, 18 Jun 2016 17:57:00 +0200  Ko\u010devje &#8211; V zadnjih letih vedno zanimiv dvoboj za naslov dr\u017eavne prvakinje v olimpijskem krosu med Tanjo \u017dakelj in Bla\u017eo Klemen\u010di\u010d je letos brez slednje izzvenel. Z \u017dakljevo se je sku\u0161ala boriti Tina Per\u0161e, a hitro zaostala in po tehni\u010dni okvari ni ve\u010d mogla ogroziti dvakratne evropske prvakinje. Slednja v tej sezoni sicer \u0161e ni na\u0161la prave forme, tudi DP \u0161e ni prineslo pravih predstav. \u00bbBil je &#8216;fajn&#8217; trening, amaterji in masterji so dobri. Poizku\u0161ala sem oddirkati, kakor sem lahko. \u010cutim, da je to korak naprej, ni pa \u0161e to najve\u010d, kar lahko poka\u017eem. Ko sem pri\u0161la v ritem, sem \u0161la naprej, pa spet popustila. V vsakem trenutku sem sku\u0161ala biti \u010dim hitrej\u0161a. Nekaj posebnega bo imeti slovensko zastavo na dresu, lepo je zastopati dr\u017eavo na\u00a0&#8230;<\/p>\n","protected":false},"author":1,"featured_media":0,"comment_status":"closed","ping_status":"closed","sticky":false,"template":"","format":"standard","meta":{"footnotes":""},"categories":[1179],"tags":[],"source":[4511],"supertag":[],"acf":[],"yoast_head":"<!-- This site is optimized with the Yoast SEO plugin v21.3 - https:\/\/yoast.com\/wordpress\/plugins\/seo\/ -->\n<title>\u017dakljevi in Krajncu dr\u017eavna naslova - Hudo Slovenija<\/title>\n<meta name=\"robots\" content=\"index, follow, max-snippet:-1, max-image-preview:large, max-video-preview:-1\" \/>\n<link rel=\"canonical\" href=\"https:\/\/hudo.com\/si\/aktualno\/zakljevi-in-krajncu-drzavna-naslova\/\" \/>\n<meta property=\"og:locale\" content=\"sl_SI\" \/>\n<meta property=\"og:type\" content=\"article\" \/>\n<meta property=\"og:title\" content=\"\u017dakljevi in Krajncu dr\u017eavna naslova - Hudo Slovenija\" \/>\n<meta property=\"og:description\" content=\"Kategorija: Kolesarstvo Sat, 18 Jun 2016 17:57:00 +0200 Ko\u010devje - V zadnjih letih vedno zanimiv dvoboj za naslov dr\u017eavne prvakinje v olimpijskem krosu med Tanjo \u017dakelj in Bla\u017eo Klemen\u010di\u010d je letos brez slednje izzvenel. Z \u017dakljevo se je sku\u0161ala boriti Tina Per\u0161e, a hitro zaostala in po tehni\u010dni okvari ni ve\u010d mogla ogroziti dvakratne evropske prvakinje. Slednja v tej sezoni sicer \u0161e ni na\u0161la prave forme, tudi DP \u0161e ni prineslo pravih predstav. \u00bbBil je &#039;fajn&#039; trening, amaterji in masterji so dobri. Poizku\u0161ala sem oddirkati, kakor sem lahko. \u010cutim, da je to korak naprej, ni pa \u0161e to najve\u010d, kar lahko poka\u017eem. Ko sem pri\u0161la v ritem, sem \u0161la naprej, pa spet popustila. V vsakem trenutku sem sku\u0161ala biti \u010dim hitrej\u0161a. Nekaj posebnega bo imeti slovensko zastavo na dresu, lepo je zastopati dr\u017eavo na\u00a0...\" \/>\n<meta property=\"og:url\" content=\"https:\/\/hudo.com\/si\/aktualno\/zakljevi-in-krajncu-drzavna-naslova\/\" \/>\n<meta property=\"og:site_name\" content=\"Hudo Slovenija\" \/>\n<meta property=\"article:publisher\" content=\"https:\/\/www.facebook.com\/hudo.si\" \/>\n<meta property=\"article:published_time\" content=\"2016-06-18T13:57:00+00:00\" \/>\n<meta property=\"og:image\" content=\"https:\/\/hudo.com\/si\/wp-content\/uploads\/sites\/2\/2016\/06\/480x290_Sport__djvu_1918473_spelar__hires0.jpeg\" \/>\n\t<meta property=\"og:image:width\" content=\"480\" \/>\n\t<meta property=\"og:image:height\" content=\"290\" \/>\n\t<meta property=\"og:image:type\" content=\"image\/jpeg\" \/>\n<meta name=\"author\" content=\"hudo\" \/>\n<meta name=\"twitter:card\" content=\"summary_large_image\" \/>\n<meta name=\"twitter:creator\" content=\"@hudo_si\" \/>\n<meta name=\"twitter:site\" content=\"@hudo_si\" \/>\n<meta name=\"twitter:label1\" content=\"Written by\" \/>\n\t<meta name=\"twitter:data1\" content=\"hudo\" \/>\n\t<meta name=\"twitter:label2\" content=\"Est. reading time\" \/>\n\t<meta name=\"twitter:data2\" content=\"1 minuta\" \/>\n<script type=\"application\/ld+json\" class=\"yoast-schema-graph\">{\"@context\":\"https:\/\/schema.org\",\"@graph\":[{\"@type\":\"Article\",\"@id\":\"https:\/\/hudo.com\/si\/aktualno\/zakljevi-in-krajncu-drzavna-naslova\/#article\",\"isPartOf\":{\"@id\":\"https:\/\/hudo.com\/si\/aktualno\/zakljevi-in-krajncu-drzavna-naslova\/\"},\"author\":{\"name\":\"hudo\",\"@id\":\"https:\/\/hudo.com\/si\/#\/schema\/person\/601cf3379633985b20f7e50f2bb47707\"},\"headline\":\"\u017dakljevi in Krajncu dr\u017eavna naslova\",\"datePublished\":\"2016-06-18T13:57:00+00:00\",\"dateModified\":\"2016-06-18T13:57:00+00:00\",\"mainEntityOfPage\":{\"@id\":\"https:\/\/hudo.com\/si\/aktualno\/zakljevi-in-krajncu-drzavna-naslova\/\"},\"wordCount\":150,\"publisher\":{\"@id\":\"https:\/\/hudo.com\/si\/#organization\"},\"articleSection\":[\"Aktualno\"],\"inLanguage\":\"sl-SI\"},{\"@type\":\"WebPage\",\"@id\":\"https:\/\/hudo.com\/si\/aktualno\/zakljevi-in-krajncu-drzavna-naslova\/\",\"url\":\"https:\/\/hudo.com\/si\/aktualno\/zakljevi-in-krajncu-drzavna-naslova\/\",\"name\":\"\u017dakljevi in Krajncu dr\u017eavna naslova - Hudo Slovenija\",\"isPartOf\":{\"@id\":\"https:\/\/hudo.com\/si\/#website\"},\"datePublished\":\"2016-06-18T13:57:00+00:00\",\"dateModified\":\"2016-06-18T13:57:00+00:00\",\"breadcrumb\":{\"@id\":\"https:\/\/hudo.com\/si\/aktualno\/zakljevi-in-krajncu-drzavna-naslova\/#breadcrumb\"},\"inLanguage\":\"sl-SI\",\"potentialAction\":[{\"@type\":\"ReadAction\",\"target\":[\"https:\/\/hudo.com\/si\/aktualno\/zakljevi-in-krajncu-drzavna-naslova\/\"]}]},{\"@type\":\"BreadcrumbList\",\"@id\":\"https:\/\/hudo.com\/si\/aktualno\/zakljevi-in-krajncu-drzavna-naslova\/#breadcrumb\",\"itemListElement\":[{\"@type\":\"ListItem\",\"position\":1,\"name\":\"Home\",\"item\":\"https:\/\/hudo.com\/si\/\"},{\"@type\":\"ListItem\",\"position\":2,\"name\":\"\u017dakljevi in Krajncu dr\u017eavna naslova\"}]},{\"@type\":\"WebSite\",\"@id\":\"https:\/\/hudo.com\/si\/#website\",\"url\":\"https:\/\/hudo.com\/si\/\",\"name\":\"Hudo Slovenija\",\"description\":\"Vse novice iz Slovenije in sveta\",\"publisher\":{\"@id\":\"https:\/\/hudo.com\/si\/#organization\"},\"potentialAction\":[{\"@type\":\"SearchAction\",\"target\":{\"@type\":\"EntryPoint\",\"urlTemplate\":\"https:\/\/hudo.com\/si\/?s={search_term_string}\"},\"query-input\":\"required name=search_term_string\"}],\"inLanguage\":\"sl-SI\"},{\"@type\":\"Organization\",\"@id\":\"https:\/\/hudo.com\/si\/#organization\",\"name\":\"VSN Media\",\"url\":\"https:\/\/hudo.com\/si\/\",\"logo\":{\"@type\":\"ImageObject\",\"inLanguage\":\"sl-SI\",\"@id\":\"https:\/\/hudo.com\/si\/#\/schema\/logo\/image\/\",\"url\":\"https:\/\/hudo.com\/si\/wp-content\/uploads\/sites\/2\/2021\/03\/hudo-app-2.png\",\"contentUrl\":\"https:\/\/hudo.com\/si\/wp-content\/uploads\/sites\/2\/2021\/03\/hudo-app-2.png\",\"width\":2185,\"height\":2167,\"caption\":\"VSN Media\"},\"image\":{\"@id\":\"https:\/\/hudo.com\/si\/#\/schema\/logo\/image\/\"},\"sameAs\":[\"https:\/\/www.facebook.com\/hudo.si\",\"https:\/\/twitter.com\/hudo_si\"]},{\"@type\":\"Person\",\"@id\":\"https:\/\/hudo.com\/si\/#\/schema\/person\/601cf3379633985b20f7e50f2bb47707\",\"name\":\"hudo\",\"image\":{\"@type\":\"ImageObject\",\"inLanguage\":\"sl-SI\",\"@id\":\"https:\/\/hudo.com\/si\/#\/schema\/person\/image\/\",\"url\":\"https:\/\/secure.gravatar.com\/avatar\/c4ca25fa72cace7a696b52ff5db9e095?s=96&d=mm&r=g\",\"contentUrl\":\"https:\/\/secure.gravatar.com\/avatar\/c4ca25fa72cace7a696b52ff5db9e095?s=96&d=mm&r=g\",\"caption\":\"hudo\"},\"url\":\"https:\/\/hudo.com\/si\/author\/hudo\/\"}]}<\/script>\n<!-- \/ Yoast SEO plugin. -->","yoast_head_json":{"title":"\u017dakljevi in Krajncu dr\u017eavna naslova - Hudo Slovenija","robots":{"index":"index","follow":"follow","max-snippet":"max-snippet:-1","max-image-preview":"max-image-preview:large","max-video-preview":"max-video-preview:-1"},"canonical":"https:\/\/hudo.com\/si\/aktualno\/zakljevi-in-krajncu-drzavna-naslova\/","og_locale":"sl_SI","og_type":"article","og_title":"\u017dakljevi in Krajncu dr\u017eavna naslova - Hudo Slovenija","og_description":"Kategorija: Kolesarstvo Sat, 18 Jun 2016 17:57:00 +0200 Ko\u010devje - V zadnjih letih vedno zanimiv dvoboj za naslov dr\u017eavne prvakinje v olimpijskem krosu med Tanjo \u017dakelj in Bla\u017eo Klemen\u010di\u010d je letos brez slednje izzvenel. Z \u017dakljevo se je sku\u0161ala boriti Tina Per\u0161e, a hitro zaostala in po tehni\u010dni okvari ni ve\u010d mogla ogroziti dvakratne evropske prvakinje. Slednja v tej sezoni sicer \u0161e ni na\u0161la prave forme, tudi DP \u0161e ni prineslo pravih predstav. \u00bbBil je 'fajn' trening, amaterji in masterji so dobri. Poizku\u0161ala sem oddirkati, kakor sem lahko. \u010cutim, da je to korak naprej, ni pa \u0161e to najve\u010d, kar lahko poka\u017eem. Ko sem pri\u0161la v ritem, sem \u0161la naprej, pa spet popustila. V vsakem trenutku sem sku\u0161ala biti \u010dim hitrej\u0161a. Nekaj posebnega bo imeti slovensko zastavo na dresu, lepo je zastopati dr\u017eavo na\u00a0...","og_url":"https:\/\/hudo.com\/si\/aktualno\/zakljevi-in-krajncu-drzavna-naslova\/","og_site_name":"Hudo Slovenija","article_publisher":"https:\/\/www.facebook.com\/hudo.si","article_published_time":"2016-06-18T13:57:00+00:00","og_image":[{"width":480,"height":290,"url":"https:\/\/hudo.com\/si\/wp-content\/uploads\/sites\/2\/2016\/06\/480x290_Sport__djvu_1918473_spelar__hires0.jpeg","type":"image\/jpeg"}],"author":"hudo","twitter_card":"summary_large_image","twitter_creator":"@hudo_si","twitter_site":"@hudo_si","twitter_misc":{"Written by":"hudo","Est. reading time":"1 minuta"},"schema":{"@context":"https:\/\/schema.org","@graph":[{"@type":"Article","@id":"https:\/\/hudo.com\/si\/aktualno\/zakljevi-in-krajncu-drzavna-naslova\/#article","isPartOf":{"@id":"https:\/\/hudo.com\/si\/aktualno\/zakljevi-in-krajncu-drzavna-naslova\/"},"author":{"name":"hudo","@id":"https:\/\/hudo.com\/si\/#\/schema\/person\/601cf3379633985b20f7e50f2bb47707"},"headline":"\u017dakljevi in Krajncu dr\u017eavna naslova","datePublished":"2016-06-18T13:57:00+00:00","dateModified":"2016-06-18T13:57:00+00:00","mainEntityOfPage":{"@id":"https:\/\/hudo.com\/si\/aktualno\/zakljevi-in-krajncu-drzavna-naslova\/"},"wordCount":150,"publisher":{"@id":"https:\/\/hudo.com\/si\/#organization"},"articleSection":["Aktualno"],"inLanguage":"sl-SI"},{"@type":"WebPage","@id":"https:\/\/hudo.com\/si\/aktualno\/zakljevi-in-krajncu-drzavna-naslova\/","url":"https:\/\/hudo.com\/si\/aktualno\/zakljevi-in-krajncu-drzavna-naslova\/","name":"\u017dakljevi in Krajncu dr\u017eavna naslova - Hudo Slovenija","isPartOf":{"@id":"https:\/\/hudo.com\/si\/#website"},"datePublished":"2016-06-18T13:57:00+00:00","dateModified":"2016-06-18T13:57:00+00:00","breadcrumb":{"@id":"https:\/\/hudo.com\/si\/aktualno\/zakljevi-in-krajncu-drzavna-naslova\/#breadcrumb"},"inLanguage":"sl-SI","potentialAction":[{"@type":"ReadAction","target":["https:\/\/hudo.com\/si\/aktualno\/zakljevi-in-krajncu-drzavna-naslova\/"]}]},{"@type":"BreadcrumbList","@id":"https:\/\/hudo.com\/si\/aktualno\/zakljevi-in-krajncu-drzavna-naslova\/#breadcrumb","itemListElement":[{"@type":"ListItem","position":1,"name":"Home","item":"https:\/\/hudo.com\/si\/"},{"@type":"ListItem","position":2,"name":"\u017dakljevi in Krajncu dr\u017eavna naslova"}]},{"@type":"WebSite","@id":"https:\/\/hudo.com\/si\/#website","url":"https:\/\/hudo.com\/si\/","name":"Hudo Slovenija","description":"Vse novice iz Slovenije in sveta","publisher":{"@id":"https:\/\/hudo.com\/si\/#organization"},"potentialAction":[{"@type":"SearchAction","target":{"@type":"EntryPoint","urlTemplate":"https:\/\/hudo.com\/si\/?s={search_term_string}"},"query-input":"required name=search_term_string"}],"inLanguage":"sl-SI"},{"@type":"Organization","@id":"https:\/\/hudo.com\/si\/#organization","name":"VSN Media","url":"https:\/\/hudo.com\/si\/","logo":{"@type":"ImageObject","inLanguage":"sl-SI","@id":"https:\/\/hudo.com\/si\/#\/schema\/logo\/image\/","url":"https:\/\/hudo.com\/si\/wp-content\/uploads\/sites\/2\/2021\/03\/hudo-app-2.png","contentUrl":"https:\/\/hudo.com\/si\/wp-content\/uploads\/sites\/2\/2021\/03\/hudo-app-2.png","width":2185,"height":2167,"caption":"VSN Media"},"image":{"@id":"https:\/\/hudo.com\/si\/#\/schema\/logo\/image\/"},"sameAs":["https:\/\/www.facebook.com\/hudo.si","https:\/\/twitter.com\/hudo_si"]},{"@type":"Person","@id":"https:\/\/hudo.com\/si\/#\/schema\/person\/601cf3379633985b20f7e50f2bb47707","name":"hudo","image":{"@type":"ImageObject","inLanguage":"sl-SI","@id":"https:\/\/hudo.com\/si\/#\/schema\/person\/image\/","url":"https:\/\/secure.gravatar.com\/avatar\/c4ca25fa72cace7a696b52ff5db9e095?s=96&d=mm&r=g","contentUrl":"https:\/\/secure.gravatar.com\/avatar\/c4ca25fa72cace7a696b52ff5db9e095?s=96&d=mm&r=g","caption":"hudo"},"url":"https:\/\/hudo.com\/si\/author\/hudo\/"}]}},"amp_enabled":true,"_links":{"self":[{"href":"https:\/\/hudo.com\/si\/wp-json\/wp\/v2\/posts\/78273"}],"collection":[{"href":"https:\/\/hudo.com\/si\/wp-json\/wp\/v2\/posts"}],"about":[{"href":"https:\/\/hudo.com\/si\/wp-json\/wp\/v2\/types\/post"}],"author":[{"embeddable":true,"href":"https:\/\/hudo.com\/si\/wp-json\/wp\/v2\/users\/1"}],"replies":[{"embeddable":true,"href":"https:\/\/hudo.com\/si\/wp-json\/wp\/v2\/comments?post=78273"}],"version-history":[{"count":0,"href":"https:\/\/hudo.com\/si\/wp-json\/wp\/v2\/posts\/78273\/revisions"}],"wp:attachment":[{"href":"https:\/\/hudo.com\/si\/wp-json\/wp\/v2\/media?parent=78273"}],"wp:term":[{"taxonomy":"category","embeddable":true,"href":"https:\/\/hudo.com\/si\/wp-json\/wp\/v2\/categories?post=78273"},{"taxonomy":"post_tag","embeddable":true,"href":"https:\/\/hudo.com\/si\/wp-json\/wp\/v2\/tags?post=78273"},{"taxonomy":"source","embeddable":true,"href":"https:\/\/hudo.com\/si\/wp-json\/wp\/v2\/source?post=78273"},{"taxonomy":"supertag","embeddable":true,"href":"https:\/\/hudo.com\/si\/wp-json\/wp\/v2\/supertag?post=78273"}],"curies":[{"name":"wp","href":"https:\/\/api.w.org\/{rel}","templated":true}]}}