{"id":78700,"date":"2016-06-19T18:30:00","date_gmt":"2016-06-19T16:30:00","guid":{"rendered":"http:\/\/hudo.com\/si\/2016\/06\/19\/filipovic-v-belgijo\/"},"modified":"2016-06-20T19:17:24","modified_gmt":"2016-06-20T17:17:24","slug":"filipovic-v-belgijo","status":"publish","type":"post","link":"https:\/\/hudo.com\/si\/aktualno\/filipovic-v-belgijo\/","title":{"rendered":"Filipovi\u0107 v Belgijo"},"content":{"rendered":"<p>&#8220;Letos ne bom dajal izjav,&#8221; se je po prvem treningu nogometa\u0161ev Maribora v sezoni 2016\/17 \u0161alil \u017deljko Filipovi\u0107. \u0160ala se je uresni\u010dila. Zvezni igralec ne bo ve\u010d nosil vijoli\u010dastega dresa. Kariero bo nadaljeval pri belgijskem prvoliga\u0161u Mechelenu. Klub, ki je \u0161tirikrat postal belgijski prvak, nazadnje leta 1989, je prestop danes potrdil na svoji spletni strani. \u010ce bodo jutri\u0161nji zdravni\u0161ki pregledi uspe\u0161ni, bo Ljubljan\u010dan z novim klubom podpisal triletno pogodbo. Filipovi\u0107 je v Ljudskem vrtu igral od leta 2010. Zbral je 216 uradnih nastopov in se petkrat vpisal med strelce. Z Mariborom je petkrat osvojil naslov slovenskega prvaka in sodeloval pri treh uvrstitvah v evropsko ligo in v skupinski del lige prvakov v sezoni 2014\/15. V prej\u0161nji sezoni je bil pogosta tar\u010da kritik navija\u010dev. Viole so ga denimo na zadnji prvenstveni tekmi proti Gorici skupaj z Markom \u0160ulerjem, Matkom Obradovi\u0107em in Amirjem Dervi\u0161evi\u0107em &#8220;opomnile&#8221;, da &#8220;Maribor ni klub za \u2018pozere\u2018&#8221;. Filipovi\u0107, ki v petek ni bil v postavi Maribora na preizku\u0161nji proti avstrijskemu Mattersburgu &#8211; prijateljska tekma se je kon\u010dala brez zadetkov -, je peti igralec, ki je zapustil vijoli\u010daste. V Mladinski ulici so se \u017ee pred tem za sodelovanje zahvalili Welleju N\u2018Diayeju in Amirju Dervi\u0161evi\u0107u. Agim Ibraimi, ki od aprilske &#8220;afere SMS&#8221; in spora s \u0161portnim direktorjem Zlatkom Zahovi\u010dem ni treniral z mo\u0161tvom, bo kariero nadaljeval v Astani. V soboto, ko je kazahstanska prvakinja v doma\u010dem prvenstvu igrala z Irtij\u0161em (1:1), makedonskega reprezentanta \u0161e ni bilo v postavi novega kluba. Vijoli\u010dasti so prej\u0161nji teden dokon\u010dno ostali brez Marka Jankovi\u0107a. \u010crnogorski reprezentant, ki je v prej\u0161nji sezoni v Mariboru igral kot posojen igralec pirejskega Olympiakosa, bo v novi igral za beograjski Partizan.\u0160port<\/p>\n","protected":false},"excerpt":{"rendered":"<p>&#8220;Letos ne bom dajal izjav,&#8221; se je po prvem treningu nogometa\u0161ev Maribora v sezoni 2016\/17 \u0161alil \u017deljko Filipovi\u0107. \u0160ala se je uresni\u010dila. Zvezni igralec ne bo ve\u010d nosil vijoli\u010dastega dresa. Kariero bo nadaljeval pri belgijskem prvoliga\u0161u Mechelenu. Klub, ki je \u0161tirikrat postal belgijski prvak, nazadnje leta 1989, je prestop danes potrdil na svoji spletni strani. \u010ce bodo jutri\u0161nji zdravni\u0161ki pregledi uspe\u0161ni, bo Ljubljan\u010dan z novim klubom podpisal triletno pogodbo. Filipovi\u0107 je v Ljudskem vrtu igral od leta 2010. Zbral je 216 uradnih nastopov in se petkrat vpisal med strelce. Z Mariborom je petkrat osvojil naslov slovenskega prvaka in sodeloval pri treh uvrstitvah v evropsko ligo in v skupinski del lige prvakov v sezoni 2014\/15. V prej\u0161nji sezoni je bil pogosta tar\u010da kritik navija\u010dev. Viole so ga denimo na zadnji prvenstveni tekmi proti Gorici skupaj z Markom \u0160ulerjem, Matkom Obradovi\u0107em in Amirjem Dervi\u0161evi\u0107em &#8220;opomnile&#8221;, da &#8220;Maribor ni klub za \u2018pozere\u2018&#8221;. Filipovi\u0107, ki v petek ni bil v postavi Maribora na preizku\u0161nji proti avstrijskemu Mattersburgu &#8211; prijateljska tekma se je kon\u010dala brez zadetkov -, je peti igralec, ki je zapustil vijoli\u010daste. V Mladinski ulici so se \u017ee pred tem za sodelovanje zahvalili Welleju N\u2018Diayeju in Amirju Dervi\u0161evi\u0107u. Agim Ibraimi, ki od aprilske &#8220;afere SMS&#8221; in spora s \u0161portnim direktorjem Zlatkom Zahovi\u010dem ni treniral z mo\u0161tvom, bo kariero nadaljeval v Astani. V soboto, ko je kazahstanska prvakinja v doma\u010dem prvenstvu igrala z Irtij\u0161em (1:1), makedonskega reprezentanta \u0161e ni bilo v postavi novega kluba. Vijoli\u010dasti so prej\u0161nji teden dokon\u010dno ostali brez Marka Jankovi\u0107a. \u010crnogorski reprezentant, ki je v prej\u0161nji sezoni v Mariboru igral kot posojen igralec pirejskega Olympiakosa, bo v novi igral za beograjski Partizan.\u0160port<\/p>\n","protected":false},"author":1,"featured_media":0,"comment_status":"closed","ping_status":"closed","sticky":false,"template":"","format":"standard","meta":{"footnotes":""},"categories":[1179],"tags":[],"source":[1711],"supertag":[],"acf":[],"yoast_head":"<!-- This site is optimized with the Yoast SEO plugin v21.3 - https:\/\/yoast.com\/wordpress\/plugins\/seo\/ -->\n<title>Filipovi\u0107 v Belgijo - Hudo Slovenija<\/title>\n<meta name=\"robots\" content=\"index, follow, max-snippet:-1, max-image-preview:large, max-video-preview:-1\" \/>\n<link rel=\"canonical\" href=\"https:\/\/hudo.com\/si\/aktualno\/filipovic-v-belgijo\/\" \/>\n<meta property=\"og:locale\" content=\"sl_SI\" \/>\n<meta property=\"og:type\" content=\"article\" \/>\n<meta property=\"og:title\" content=\"Filipovi\u0107 v Belgijo - Hudo Slovenija\" \/>\n<meta property=\"og:description\" content=\"&quot;Letos ne bom dajal izjav,&quot; se je po prvem treningu nogometa\u0161ev Maribora v sezoni 2016\/17 \u0161alil \u017deljko Filipovi\u0107. \u0160ala se je uresni\u010dila. Zvezni igralec ne bo ve\u010d nosil vijoli\u010dastega dresa. Kariero bo nadaljeval pri belgijskem prvoliga\u0161u Mechelenu. Klub, ki je \u0161tirikrat postal belgijski prvak, nazadnje leta 1989, je prestop danes potrdil na svoji spletni strani. \u010ce bodo jutri\u0161nji zdravni\u0161ki pregledi uspe\u0161ni, bo Ljubljan\u010dan z novim klubom podpisal triletno pogodbo. Filipovi\u0107 je v Ljudskem vrtu igral od leta 2010. Zbral je 216 uradnih nastopov in se petkrat vpisal med strelce. Z Mariborom je petkrat osvojil naslov slovenskega prvaka in sodeloval pri treh uvrstitvah v evropsko ligo in v skupinski del lige prvakov v sezoni 2014\/15. V prej\u0161nji sezoni je bil pogosta tar\u010da kritik navija\u010dev. Viole so ga denimo na zadnji prvenstveni tekmi proti Gorici skupaj z Markom \u0160ulerjem, Matkom Obradovi\u0107em in Amirjem Dervi\u0161evi\u0107em &quot;opomnile&quot;, da &quot;Maribor ni klub za \u2018pozere\u2018&quot;. Filipovi\u0107, ki v petek ni bil v postavi Maribora na preizku\u0161nji proti avstrijskemu Mattersburgu - prijateljska tekma se je kon\u010dala brez zadetkov -, je peti igralec, ki je zapustil vijoli\u010daste. V Mladinski ulici so se \u017ee pred tem za sodelovanje zahvalili Welleju N\u2018Diayeju in Amirju Dervi\u0161evi\u0107u. Agim Ibraimi, ki od aprilske &quot;afere SMS&quot; in spora s \u0161portnim direktorjem Zlatkom Zahovi\u010dem ni treniral z mo\u0161tvom, bo kariero nadaljeval v Astani. V soboto, ko je kazahstanska prvakinja v doma\u010dem prvenstvu igrala z Irtij\u0161em (1:1), makedonskega reprezentanta \u0161e ni bilo v postavi novega kluba. Vijoli\u010dasti so prej\u0161nji teden dokon\u010dno ostali brez Marka Jankovi\u0107a. \u010crnogorski reprezentant, ki je v prej\u0161nji sezoni v Mariboru igral kot posojen igralec pirejskega Olympiakosa, bo v novi igral za beograjski Partizan.\u0160port\" \/>\n<meta property=\"og:url\" content=\"https:\/\/hudo.com\/si\/aktualno\/filipovic-v-belgijo\/\" \/>\n<meta property=\"og:site_name\" content=\"Hudo Slovenija\" \/>\n<meta property=\"article:publisher\" content=\"https:\/\/www.facebook.com\/hudo.si\" \/>\n<meta property=\"article:published_time\" content=\"2016-06-19T16:30:00+00:00\" \/>\n<meta property=\"article:modified_time\" content=\"2016-06-20T17:17:24+00:00\" \/>\n<meta property=\"og:image\" content=\"https:\/\/hudo.com\/si\/wp-content\/uploads\/sites\/2\/2016\/06\/01481682F-300.jpg\" \/>\n\t<meta property=\"og:image:width\" content=\"450\" \/>\n\t<meta property=\"og:image:height\" content=\"333\" \/>\n\t<meta property=\"og:image:type\" content=\"image\/jpeg\" \/>\n<meta name=\"author\" content=\"hudo\" \/>\n<meta name=\"twitter:card\" content=\"summary_large_image\" \/>\n<meta name=\"twitter:creator\" content=\"@hudo_si\" \/>\n<meta name=\"twitter:site\" content=\"@hudo_si\" \/>\n<meta name=\"twitter:label1\" content=\"Written by\" \/>\n\t<meta name=\"twitter:data1\" content=\"hudo\" \/>\n\t<meta name=\"twitter:label2\" content=\"Est. reading time\" \/>\n\t<meta name=\"twitter:data2\" content=\"1 minuta\" \/>\n<script type=\"application\/ld+json\" class=\"yoast-schema-graph\">{\"@context\":\"https:\/\/schema.org\",\"@graph\":[{\"@type\":\"Article\",\"@id\":\"https:\/\/hudo.com\/si\/aktualno\/filipovic-v-belgijo\/#article\",\"isPartOf\":{\"@id\":\"https:\/\/hudo.com\/si\/aktualno\/filipovic-v-belgijo\/\"},\"author\":{\"name\":\"hudo\",\"@id\":\"https:\/\/hudo.com\/si\/#\/schema\/person\/601cf3379633985b20f7e50f2bb47707\"},\"headline\":\"Filipovi\u0107 v Belgijo\",\"datePublished\":\"2016-06-19T16:30:00+00:00\",\"dateModified\":\"2016-06-20T17:17:24+00:00\",\"mainEntityOfPage\":{\"@id\":\"https:\/\/hudo.com\/si\/aktualno\/filipovic-v-belgijo\/\"},\"wordCount\":298,\"publisher\":{\"@id\":\"https:\/\/hudo.com\/si\/#organization\"},\"articleSection\":[\"Aktualno\"],\"inLanguage\":\"sl-SI\"},{\"@type\":\"WebPage\",\"@id\":\"https:\/\/hudo.com\/si\/aktualno\/filipovic-v-belgijo\/\",\"url\":\"https:\/\/hudo.com\/si\/aktualno\/filipovic-v-belgijo\/\",\"name\":\"Filipovi\u0107 v Belgijo - Hudo Slovenija\",\"isPartOf\":{\"@id\":\"https:\/\/hudo.com\/si\/#website\"},\"datePublished\":\"2016-06-19T16:30:00+00:00\",\"dateModified\":\"2016-06-20T17:17:24+00:00\",\"breadcrumb\":{\"@id\":\"https:\/\/hudo.com\/si\/aktualno\/filipovic-v-belgijo\/#breadcrumb\"},\"inLanguage\":\"sl-SI\",\"potentialAction\":[{\"@type\":\"ReadAction\",\"target\":[\"https:\/\/hudo.com\/si\/aktualno\/filipovic-v-belgijo\/\"]}]},{\"@type\":\"BreadcrumbList\",\"@id\":\"https:\/\/hudo.com\/si\/aktualno\/filipovic-v-belgijo\/#breadcrumb\",\"itemListElement\":[{\"@type\":\"ListItem\",\"position\":1,\"name\":\"Home\",\"item\":\"https:\/\/hudo.com\/si\/\"},{\"@type\":\"ListItem\",\"position\":2,\"name\":\"Filipovi\u0107 v Belgijo\"}]},{\"@type\":\"WebSite\",\"@id\":\"https:\/\/hudo.com\/si\/#website\",\"url\":\"https:\/\/hudo.com\/si\/\",\"name\":\"Hudo Slovenija\",\"description\":\"Vse novice iz Slovenije in sveta\",\"publisher\":{\"@id\":\"https:\/\/hudo.com\/si\/#organization\"},\"potentialAction\":[{\"@type\":\"SearchAction\",\"target\":{\"@type\":\"EntryPoint\",\"urlTemplate\":\"https:\/\/hudo.com\/si\/?s={search_term_string}\"},\"query-input\":\"required name=search_term_string\"}],\"inLanguage\":\"sl-SI\"},{\"@type\":\"Organization\",\"@id\":\"https:\/\/hudo.com\/si\/#organization\",\"name\":\"VSN Media\",\"url\":\"https:\/\/hudo.com\/si\/\",\"logo\":{\"@type\":\"ImageObject\",\"inLanguage\":\"sl-SI\",\"@id\":\"https:\/\/hudo.com\/si\/#\/schema\/logo\/image\/\",\"url\":\"https:\/\/hudo.com\/si\/wp-content\/uploads\/sites\/2\/2021\/03\/hudo-app-2.png\",\"contentUrl\":\"https:\/\/hudo.com\/si\/wp-content\/uploads\/sites\/2\/2021\/03\/hudo-app-2.png\",\"width\":2185,\"height\":2167,\"caption\":\"VSN Media\"},\"image\":{\"@id\":\"https:\/\/hudo.com\/si\/#\/schema\/logo\/image\/\"},\"sameAs\":[\"https:\/\/www.facebook.com\/hudo.si\",\"https:\/\/twitter.com\/hudo_si\"]},{\"@type\":\"Person\",\"@id\":\"https:\/\/hudo.com\/si\/#\/schema\/person\/601cf3379633985b20f7e50f2bb47707\",\"name\":\"hudo\",\"image\":{\"@type\":\"ImageObject\",\"inLanguage\":\"sl-SI\",\"@id\":\"https:\/\/hudo.com\/si\/#\/schema\/person\/image\/\",\"url\":\"https:\/\/secure.gravatar.com\/avatar\/c4ca25fa72cace7a696b52ff5db9e095?s=96&d=mm&r=g\",\"contentUrl\":\"https:\/\/secure.gravatar.com\/avatar\/c4ca25fa72cace7a696b52ff5db9e095?s=96&d=mm&r=g\",\"caption\":\"hudo\"},\"url\":\"https:\/\/hudo.com\/si\/author\/hudo\/\"}]}<\/script>\n<!-- \/ Yoast SEO plugin. -->","yoast_head_json":{"title":"Filipovi\u0107 v Belgijo - Hudo Slovenija","robots":{"index":"index","follow":"follow","max-snippet":"max-snippet:-1","max-image-preview":"max-image-preview:large","max-video-preview":"max-video-preview:-1"},"canonical":"https:\/\/hudo.com\/si\/aktualno\/filipovic-v-belgijo\/","og_locale":"sl_SI","og_type":"article","og_title":"Filipovi\u0107 v Belgijo - Hudo Slovenija","og_description":"\"Letos ne bom dajal izjav,\" se je po prvem treningu nogometa\u0161ev Maribora v sezoni 2016\/17 \u0161alil \u017deljko Filipovi\u0107. \u0160ala se je uresni\u010dila. Zvezni igralec ne bo ve\u010d nosil vijoli\u010dastega dresa. Kariero bo nadaljeval pri belgijskem prvoliga\u0161u Mechelenu. Klub, ki je \u0161tirikrat postal belgijski prvak, nazadnje leta 1989, je prestop danes potrdil na svoji spletni strani. \u010ce bodo jutri\u0161nji zdravni\u0161ki pregledi uspe\u0161ni, bo Ljubljan\u010dan z novim klubom podpisal triletno pogodbo. Filipovi\u0107 je v Ljudskem vrtu igral od leta 2010. Zbral je 216 uradnih nastopov in se petkrat vpisal med strelce. Z Mariborom je petkrat osvojil naslov slovenskega prvaka in sodeloval pri treh uvrstitvah v evropsko ligo in v skupinski del lige prvakov v sezoni 2014\/15. V prej\u0161nji sezoni je bil pogosta tar\u010da kritik navija\u010dev. Viole so ga denimo na zadnji prvenstveni tekmi proti Gorici skupaj z Markom \u0160ulerjem, Matkom Obradovi\u0107em in Amirjem Dervi\u0161evi\u0107em \"opomnile\", da \"Maribor ni klub za \u2018pozere\u2018\". Filipovi\u0107, ki v petek ni bil v postavi Maribora na preizku\u0161nji proti avstrijskemu Mattersburgu - prijateljska tekma se je kon\u010dala brez zadetkov -, je peti igralec, ki je zapustil vijoli\u010daste. V Mladinski ulici so se \u017ee pred tem za sodelovanje zahvalili Welleju N\u2018Diayeju in Amirju Dervi\u0161evi\u0107u. Agim Ibraimi, ki od aprilske \"afere SMS\" in spora s \u0161portnim direktorjem Zlatkom Zahovi\u010dem ni treniral z mo\u0161tvom, bo kariero nadaljeval v Astani. V soboto, ko je kazahstanska prvakinja v doma\u010dem prvenstvu igrala z Irtij\u0161em (1:1), makedonskega reprezentanta \u0161e ni bilo v postavi novega kluba. Vijoli\u010dasti so prej\u0161nji teden dokon\u010dno ostali brez Marka Jankovi\u0107a. \u010crnogorski reprezentant, ki je v prej\u0161nji sezoni v Mariboru igral kot posojen igralec pirejskega Olympiakosa, bo v novi igral za beograjski Partizan.\u0160port","og_url":"https:\/\/hudo.com\/si\/aktualno\/filipovic-v-belgijo\/","og_site_name":"Hudo Slovenija","article_publisher":"https:\/\/www.facebook.com\/hudo.si","article_published_time":"2016-06-19T16:30:00+00:00","article_modified_time":"2016-06-20T17:17:24+00:00","og_image":[{"width":450,"height":333,"url":"https:\/\/hudo.com\/si\/wp-content\/uploads\/sites\/2\/2016\/06\/01481682F-300.jpg","type":"image\/jpeg"}],"author":"hudo","twitter_card":"summary_large_image","twitter_creator":"@hudo_si","twitter_site":"@hudo_si","twitter_misc":{"Written by":"hudo","Est. reading time":"1 minuta"},"schema":{"@context":"https:\/\/schema.org","@graph":[{"@type":"Article","@id":"https:\/\/hudo.com\/si\/aktualno\/filipovic-v-belgijo\/#article","isPartOf":{"@id":"https:\/\/hudo.com\/si\/aktualno\/filipovic-v-belgijo\/"},"author":{"name":"hudo","@id":"https:\/\/hudo.com\/si\/#\/schema\/person\/601cf3379633985b20f7e50f2bb47707"},"headline":"Filipovi\u0107 v Belgijo","datePublished":"2016-06-19T16:30:00+00:00","dateModified":"2016-06-20T17:17:24+00:00","mainEntityOfPage":{"@id":"https:\/\/hudo.com\/si\/aktualno\/filipovic-v-belgijo\/"},"wordCount":298,"publisher":{"@id":"https:\/\/hudo.com\/si\/#organization"},"articleSection":["Aktualno"],"inLanguage":"sl-SI"},{"@type":"WebPage","@id":"https:\/\/hudo.com\/si\/aktualno\/filipovic-v-belgijo\/","url":"https:\/\/hudo.com\/si\/aktualno\/filipovic-v-belgijo\/","name":"Filipovi\u0107 v Belgijo - Hudo Slovenija","isPartOf":{"@id":"https:\/\/hudo.com\/si\/#website"},"datePublished":"2016-06-19T16:30:00+00:00","dateModified":"2016-06-20T17:17:24+00:00","breadcrumb":{"@id":"https:\/\/hudo.com\/si\/aktualno\/filipovic-v-belgijo\/#breadcrumb"},"inLanguage":"sl-SI","potentialAction":[{"@type":"ReadAction","target":["https:\/\/hudo.com\/si\/aktualno\/filipovic-v-belgijo\/"]}]},{"@type":"BreadcrumbList","@id":"https:\/\/hudo.com\/si\/aktualno\/filipovic-v-belgijo\/#breadcrumb","itemListElement":[{"@type":"ListItem","position":1,"name":"Home","item":"https:\/\/hudo.com\/si\/"},{"@type":"ListItem","position":2,"name":"Filipovi\u0107 v Belgijo"}]},{"@type":"WebSite","@id":"https:\/\/hudo.com\/si\/#website","url":"https:\/\/hudo.com\/si\/","name":"Hudo Slovenija","description":"Vse novice iz Slovenije in sveta","publisher":{"@id":"https:\/\/hudo.com\/si\/#organization"},"potentialAction":[{"@type":"SearchAction","target":{"@type":"EntryPoint","urlTemplate":"https:\/\/hudo.com\/si\/?s={search_term_string}"},"query-input":"required name=search_term_string"}],"inLanguage":"sl-SI"},{"@type":"Organization","@id":"https:\/\/hudo.com\/si\/#organization","name":"VSN Media","url":"https:\/\/hudo.com\/si\/","logo":{"@type":"ImageObject","inLanguage":"sl-SI","@id":"https:\/\/hudo.com\/si\/#\/schema\/logo\/image\/","url":"https:\/\/hudo.com\/si\/wp-content\/uploads\/sites\/2\/2021\/03\/hudo-app-2.png","contentUrl":"https:\/\/hudo.com\/si\/wp-content\/uploads\/sites\/2\/2021\/03\/hudo-app-2.png","width":2185,"height":2167,"caption":"VSN Media"},"image":{"@id":"https:\/\/hudo.com\/si\/#\/schema\/logo\/image\/"},"sameAs":["https:\/\/www.facebook.com\/hudo.si","https:\/\/twitter.com\/hudo_si"]},{"@type":"Person","@id":"https:\/\/hudo.com\/si\/#\/schema\/person\/601cf3379633985b20f7e50f2bb47707","name":"hudo","image":{"@type":"ImageObject","inLanguage":"sl-SI","@id":"https:\/\/hudo.com\/si\/#\/schema\/person\/image\/","url":"https:\/\/secure.gravatar.com\/avatar\/c4ca25fa72cace7a696b52ff5db9e095?s=96&d=mm&r=g","contentUrl":"https:\/\/secure.gravatar.com\/avatar\/c4ca25fa72cace7a696b52ff5db9e095?s=96&d=mm&r=g","caption":"hudo"},"url":"https:\/\/hudo.com\/si\/author\/hudo\/"}]}},"amp_enabled":true,"_links":{"self":[{"href":"https:\/\/hudo.com\/si\/wp-json\/wp\/v2\/posts\/78700"}],"collection":[{"href":"https:\/\/hudo.com\/si\/wp-json\/wp\/v2\/posts"}],"about":[{"href":"https:\/\/hudo.com\/si\/wp-json\/wp\/v2\/types\/post"}],"author":[{"embeddable":true,"href":"https:\/\/hudo.com\/si\/wp-json\/wp\/v2\/users\/1"}],"replies":[{"embeddable":true,"href":"https:\/\/hudo.com\/si\/wp-json\/wp\/v2\/comments?post=78700"}],"version-history":[{"count":1,"href":"https:\/\/hudo.com\/si\/wp-json\/wp\/v2\/posts\/78700\/revisions"}],"predecessor-version":[{"id":78856,"href":"https:\/\/hudo.com\/si\/wp-json\/wp\/v2\/posts\/78700\/revisions\/78856"}],"wp:attachment":[{"href":"https:\/\/hudo.com\/si\/wp-json\/wp\/v2\/media?parent=78700"}],"wp:term":[{"taxonomy":"category","embeddable":true,"href":"https:\/\/hudo.com\/si\/wp-json\/wp\/v2\/categories?post=78700"},{"taxonomy":"post_tag","embeddable":true,"href":"https:\/\/hudo.com\/si\/wp-json\/wp\/v2\/tags?post=78700"},{"taxonomy":"source","embeddable":true,"href":"https:\/\/hudo.com\/si\/wp-json\/wp\/v2\/source?post=78700"},{"taxonomy":"supertag","embeddable":true,"href":"https:\/\/hudo.com\/si\/wp-json\/wp\/v2\/supertag?post=78700"}],"curies":[{"name":"wp","href":"https:\/\/api.w.org\/{rel}","templated":true}]}}