{"id":78780,"date":"2016-06-19T22:00:00","date_gmt":"2016-06-19T20:00:00","guid":{"rendered":"http:\/\/hudo.com\/si\/2016\/06\/19\/pokosil-se-nisem-pa-se-bom\/"},"modified":"2016-06-20T18:57:19","modified_gmt":"2016-06-20T16:57:19","slug":"pokosil-se-nisem-pa-se-bom","status":"publish","type":"post","link":"https:\/\/hudo.com\/si\/aktualno\/pokosil-se-nisem-pa-se-bom\/","title":{"rendered":"Pokosil \u0161e nisem, pa \u0161e bom"},"content":{"rendered":"<p>Ko sem se vozil za rde\u010do katrco, ki jo je krmilil Dejan Horvat, duhovnik v dveh gori\u010dkih \u017eupnijah Gornji Petrovci in Markovci, se je zdelo, da sva del povorke visokih gostov. Vsakdo, ki je pripeljal nasproti, je namre\u010d v pozdrav dvignil roko ali celo potrobil, spet drugi, ki je stal ob cesti, je pomahal. Priljubljeni dvain\u0161tiridesetletni \u017eupnik, ki ga je \u017eivelj v pokrajini ob reki Muri v letu 2014 \u2013 februarja tisto leto je kot zelo ve\u0161\u010d dela z motorno \u017eago skupaj z dvesto petdesetimi tukaj\u0161njimi gasilci odpravljal posledice \u017eleda na Notranjskem \u2013 izbral za Pomurca leta, je drugo junijsko nedeljo, ko sva bila dogovorjena za pogovor, obedoval skupaj s \u0161kofom in stanovskimi kolegi. Dan je bil namenjen po\u010ditku. V ponedeljek sta ga nato \u010dakala priprava traktorskega stroja za ko\u0161njo in spravilo trave in sena. Ob slu\u017ebi bo\u017ejega odposlanca ima namre\u010d \u0161e registrirano dopolnilno dejavnost opravljanja kmetijskih storitev in v najemu 65 hektarjev travnikov. Redi \u0161tiriintrideset glav \u017eivali, konje, osla, lami in \u0161kotsko govedo, in ima \u010debelnjak, ki je sicer usodno zaznamoval njegovo \u017eivljenje. Kak\u0161en odnos imate s \u0161kofom Petrom \u0160tumpfom? V murskosobo\u0161ki \u0161kofiji, to ste tudi sami ob\u010dutili, sem sli\u0161al, so v preteklosti te\u017eje razumeli, da je njihov duhovnik na ma\u0161o pri\u0161el dobesedno s traktorja, s katerim je pred tem enemu od vernikov oral njivo. Kako je danes? &#8220;Moj \u0161kof je potreboval kar nekaj \u010dasa, da je dojel, kak\u0161no je \u017eivljenje na Gori\u010dkem. Zdi se mi, da od za\u010detka ni najbolje poznal pode\u017eelskega \u017eivljenja. Dr\u017ei, da sem dobival polena pod noge. \u017divljenje v obrobnih \u017eupnijah je druga\u010dno kot v mestnih. Tukaj ni umetnost obstati, tukaj je umetnost pre\u017eiveti. V majhnih \u017eupnijah namre\u010d mora\u0161 biti skrben gospodar, ker nima\u0161 velikega prora\u010duna, da bi si privo\u0161\u010dil redna obnovitvena dela na \u017eupniji ali cerkvi ali nakup \u010desa novega. Prav ta moja dopolnila dejavnost, ko opravljam storitve s kmetijsko mehanizacijo, prodajam seno ali ko nekomu opravim prevoz lesa, v mojo \u017eupnijsko blagajno<\/p>\n","protected":false},"excerpt":{"rendered":"<p>Ko sem se vozil za rde\u010do katrco, ki jo je krmilil Dejan Horvat, duhovnik v dveh gori\u010dkih \u017eupnijah Gornji Petrovci in Markovci, se je zdelo, da sva del povorke visokih gostov. Vsakdo, ki je pripeljal nasproti, je namre\u010d v pozdrav dvignil roko ali celo potrobil, spet drugi, ki je stal ob cesti, je pomahal. Priljubljeni dvain\u0161tiridesetletni \u017eupnik, ki ga je \u017eivelj v pokrajini ob reki Muri v letu 2014 \u2013 februarja tisto leto je kot zelo ve\u0161\u010d dela z motorno \u017eago skupaj z dvesto petdesetimi tukaj\u0161njimi gasilci odpravljal posledice \u017eleda na Notranjskem \u2013 izbral za Pomurca leta, je drugo junijsko nedeljo, ko sva bila dogovorjena za pogovor, obedoval skupaj s \u0161kofom in stanovskimi kolegi. Dan je bil namenjen po\u010ditku. V ponedeljek sta ga nato \u010dakala priprava traktorskega stroja za ko\u0161njo in spravilo trave in sena. Ob slu\u017ebi bo\u017ejega odposlanca ima namre\u010d \u0161e registrirano dopolnilno dejavnost opravljanja kmetijskih storitev in v najemu 65 hektarjev travnikov. Redi \u0161tiriintrideset glav \u017eivali, konje, osla, lami in \u0161kotsko govedo, in ima \u010debelnjak, ki je sicer usodno zaznamoval njegovo \u017eivljenje. Kak\u0161en odnos imate s \u0161kofom Petrom \u0160tumpfom? V murskosobo\u0161ki \u0161kofiji, to ste tudi sami ob\u010dutili, sem sli\u0161al, so v preteklosti te\u017eje razumeli, da je njihov duhovnik na ma\u0161o pri\u0161el dobesedno s traktorja, s katerim je pred tem enemu od vernikov oral njivo. Kako je danes? &#8220;Moj \u0161kof je potreboval kar nekaj \u010dasa, da je dojel, kak\u0161no je \u017eivljenje na Gori\u010dkem. Zdi se mi, da od za\u010detka ni najbolje poznal pode\u017eelskega \u017eivljenja. Dr\u017ei, da sem dobival polena pod noge. \u017divljenje v obrobnih \u017eupnijah je druga\u010dno kot v mestnih. Tukaj ni umetnost obstati, tukaj je umetnost pre\u017eiveti. V majhnih \u017eupnijah namre\u010d mora\u0161 biti skrben gospodar, ker nima\u0161 velikega prora\u010duna, da bi si privo\u0161\u010dil redna obnovitvena dela na \u017eupniji ali cerkvi ali nakup \u010desa novega. Prav ta moja dopolnila dejavnost, ko opravljam storitve s kmetijsko mehanizacijo, prodajam seno ali ko nekomu opravim prevoz lesa, v mojo \u017eupnijsko blagajno<\/p>\n","protected":false},"author":1,"featured_media":0,"comment_status":"closed","ping_status":"closed","sticky":false,"template":"","format":"standard","meta":{"footnotes":""},"categories":[1179],"tags":[],"source":[1711],"supertag":[],"acf":[],"yoast_head":"<!-- This site is optimized with the Yoast SEO plugin v21.3 - https:\/\/yoast.com\/wordpress\/plugins\/seo\/ -->\n<title>Pokosil \u0161e nisem, pa \u0161e bom - Hudo Slovenija<\/title>\n<meta name=\"robots\" content=\"index, follow, max-snippet:-1, max-image-preview:large, max-video-preview:-1\" \/>\n<link rel=\"canonical\" href=\"https:\/\/hudo.com\/si\/aktualno\/pokosil-se-nisem-pa-se-bom\/\" \/>\n<meta property=\"og:locale\" content=\"sl_SI\" \/>\n<meta property=\"og:type\" content=\"article\" \/>\n<meta property=\"og:title\" content=\"Pokosil \u0161e nisem, pa \u0161e bom - Hudo Slovenija\" \/>\n<meta property=\"og:description\" content=\"Ko sem se vozil za rde\u010do katrco, ki jo je krmilil Dejan Horvat, duhovnik v dveh gori\u010dkih \u017eupnijah Gornji Petrovci in Markovci, se je zdelo, da sva del povorke visokih gostov. Vsakdo, ki je pripeljal nasproti, je namre\u010d v pozdrav dvignil roko ali celo potrobil, spet drugi, ki je stal ob cesti, je pomahal. Priljubljeni dvain\u0161tiridesetletni \u017eupnik, ki ga je \u017eivelj v pokrajini ob reki Muri v letu 2014 \u2013 februarja tisto leto je kot zelo ve\u0161\u010d dela z motorno \u017eago skupaj z dvesto petdesetimi tukaj\u0161njimi gasilci odpravljal posledice \u017eleda na Notranjskem \u2013 izbral za Pomurca leta, je drugo junijsko nedeljo, ko sva bila dogovorjena za pogovor, obedoval skupaj s \u0161kofom in stanovskimi kolegi. Dan je bil namenjen po\u010ditku. V ponedeljek sta ga nato \u010dakala priprava traktorskega stroja za ko\u0161njo in spravilo trave in sena. Ob slu\u017ebi bo\u017ejega odposlanca ima namre\u010d \u0161e registrirano dopolnilno dejavnost opravljanja kmetijskih storitev in v najemu 65 hektarjev travnikov. Redi \u0161tiriintrideset glav \u017eivali, konje, osla, lami in \u0161kotsko govedo, in ima \u010debelnjak, ki je sicer usodno zaznamoval njegovo \u017eivljenje. Kak\u0161en odnos imate s \u0161kofom Petrom \u0160tumpfom? V murskosobo\u0161ki \u0161kofiji, to ste tudi sami ob\u010dutili, sem sli\u0161al, so v preteklosti te\u017eje razumeli, da je njihov duhovnik na ma\u0161o pri\u0161el dobesedno s traktorja, s katerim je pred tem enemu od vernikov oral njivo. Kako je danes? &quot;Moj \u0161kof je potreboval kar nekaj \u010dasa, da je dojel, kak\u0161no je \u017eivljenje na Gori\u010dkem. Zdi se mi, da od za\u010detka ni najbolje poznal pode\u017eelskega \u017eivljenja. Dr\u017ei, da sem dobival polena pod noge. \u017divljenje v obrobnih \u017eupnijah je druga\u010dno kot v mestnih. Tukaj ni umetnost obstati, tukaj je umetnost pre\u017eiveti. V majhnih \u017eupnijah namre\u010d mora\u0161 biti skrben gospodar, ker nima\u0161 velikega prora\u010duna, da bi si privo\u0161\u010dil redna obnovitvena dela na \u017eupniji ali cerkvi ali nakup \u010desa novega. Prav ta moja dopolnila dejavnost, ko opravljam storitve s kmetijsko mehanizacijo, prodajam seno ali ko nekomu opravim prevoz lesa, v mojo \u017eupnijsko blagajno\" \/>\n<meta property=\"og:url\" content=\"https:\/\/hudo.com\/si\/aktualno\/pokosil-se-nisem-pa-se-bom\/\" \/>\n<meta property=\"og:site_name\" content=\"Hudo Slovenija\" \/>\n<meta property=\"article:publisher\" content=\"https:\/\/www.facebook.com\/hudo.si\" \/>\n<meta property=\"article:published_time\" content=\"2016-06-19T20:00:00+00:00\" \/>\n<meta property=\"article:modified_time\" content=\"2016-06-20T16:57:19+00:00\" \/>\n<meta property=\"og:image\" content=\"https:\/\/hudo.com\/si\/wp-content\/uploads\/sites\/2\/2016\/06\/poptravniki11-300.jpg\" \/>\n\t<meta property=\"og:image:width\" content=\"450\" \/>\n\t<meta property=\"og:image:height\" content=\"299\" \/>\n\t<meta property=\"og:image:type\" content=\"image\/jpeg\" \/>\n<meta name=\"author\" content=\"hudo\" \/>\n<meta name=\"twitter:card\" content=\"summary_large_image\" \/>\n<meta name=\"twitter:creator\" content=\"@hudo_si\" \/>\n<meta name=\"twitter:site\" content=\"@hudo_si\" \/>\n<meta name=\"twitter:label1\" content=\"Written by\" \/>\n\t<meta name=\"twitter:data1\" content=\"hudo\" \/>\n\t<meta name=\"twitter:label2\" content=\"Est. reading time\" \/>\n\t<meta name=\"twitter:data2\" content=\"2 minuti\" \/>\n<script type=\"application\/ld+json\" class=\"yoast-schema-graph\">{\"@context\":\"https:\/\/schema.org\",\"@graph\":[{\"@type\":\"Article\",\"@id\":\"https:\/\/hudo.com\/si\/aktualno\/pokosil-se-nisem-pa-se-bom\/#article\",\"isPartOf\":{\"@id\":\"https:\/\/hudo.com\/si\/aktualno\/pokosil-se-nisem-pa-se-bom\/\"},\"author\":{\"name\":\"hudo\",\"@id\":\"https:\/\/hudo.com\/si\/#\/schema\/person\/601cf3379633985b20f7e50f2bb47707\"},\"headline\":\"Pokosil \u0161e nisem, pa \u0161e bom\",\"datePublished\":\"2016-06-19T20:00:00+00:00\",\"dateModified\":\"2016-06-20T16:57:19+00:00\",\"mainEntityOfPage\":{\"@id\":\"https:\/\/hudo.com\/si\/aktualno\/pokosil-se-nisem-pa-se-bom\/\"},\"wordCount\":345,\"publisher\":{\"@id\":\"https:\/\/hudo.com\/si\/#organization\"},\"articleSection\":[\"Aktualno\"],\"inLanguage\":\"sl-SI\"},{\"@type\":\"WebPage\",\"@id\":\"https:\/\/hudo.com\/si\/aktualno\/pokosil-se-nisem-pa-se-bom\/\",\"url\":\"https:\/\/hudo.com\/si\/aktualno\/pokosil-se-nisem-pa-se-bom\/\",\"name\":\"Pokosil \u0161e nisem, pa \u0161e bom - Hudo Slovenija\",\"isPartOf\":{\"@id\":\"https:\/\/hudo.com\/si\/#website\"},\"datePublished\":\"2016-06-19T20:00:00+00:00\",\"dateModified\":\"2016-06-20T16:57:19+00:00\",\"breadcrumb\":{\"@id\":\"https:\/\/hudo.com\/si\/aktualno\/pokosil-se-nisem-pa-se-bom\/#breadcrumb\"},\"inLanguage\":\"sl-SI\",\"potentialAction\":[{\"@type\":\"ReadAction\",\"target\":[\"https:\/\/hudo.com\/si\/aktualno\/pokosil-se-nisem-pa-se-bom\/\"]}]},{\"@type\":\"BreadcrumbList\",\"@id\":\"https:\/\/hudo.com\/si\/aktualno\/pokosil-se-nisem-pa-se-bom\/#breadcrumb\",\"itemListElement\":[{\"@type\":\"ListItem\",\"position\":1,\"name\":\"Home\",\"item\":\"https:\/\/hudo.com\/si\/\"},{\"@type\":\"ListItem\",\"position\":2,\"name\":\"Pokosil \u0161e nisem, pa \u0161e bom\"}]},{\"@type\":\"WebSite\",\"@id\":\"https:\/\/hudo.com\/si\/#website\",\"url\":\"https:\/\/hudo.com\/si\/\",\"name\":\"Hudo Slovenija\",\"description\":\"Vse novice iz Slovenije in sveta\",\"publisher\":{\"@id\":\"https:\/\/hudo.com\/si\/#organization\"},\"potentialAction\":[{\"@type\":\"SearchAction\",\"target\":{\"@type\":\"EntryPoint\",\"urlTemplate\":\"https:\/\/hudo.com\/si\/?s={search_term_string}\"},\"query-input\":\"required name=search_term_string\"}],\"inLanguage\":\"sl-SI\"},{\"@type\":\"Organization\",\"@id\":\"https:\/\/hudo.com\/si\/#organization\",\"name\":\"VSN Media\",\"url\":\"https:\/\/hudo.com\/si\/\",\"logo\":{\"@type\":\"ImageObject\",\"inLanguage\":\"sl-SI\",\"@id\":\"https:\/\/hudo.com\/si\/#\/schema\/logo\/image\/\",\"url\":\"https:\/\/hudo.com\/si\/wp-content\/uploads\/sites\/2\/2021\/03\/hudo-app-2.png\",\"contentUrl\":\"https:\/\/hudo.com\/si\/wp-content\/uploads\/sites\/2\/2021\/03\/hudo-app-2.png\",\"width\":2185,\"height\":2167,\"caption\":\"VSN Media\"},\"image\":{\"@id\":\"https:\/\/hudo.com\/si\/#\/schema\/logo\/image\/\"},\"sameAs\":[\"https:\/\/www.facebook.com\/hudo.si\",\"https:\/\/twitter.com\/hudo_si\"]},{\"@type\":\"Person\",\"@id\":\"https:\/\/hudo.com\/si\/#\/schema\/person\/601cf3379633985b20f7e50f2bb47707\",\"name\":\"hudo\",\"image\":{\"@type\":\"ImageObject\",\"inLanguage\":\"sl-SI\",\"@id\":\"https:\/\/hudo.com\/si\/#\/schema\/person\/image\/\",\"url\":\"https:\/\/secure.gravatar.com\/avatar\/c4ca25fa72cace7a696b52ff5db9e095?s=96&d=mm&r=g\",\"contentUrl\":\"https:\/\/secure.gravatar.com\/avatar\/c4ca25fa72cace7a696b52ff5db9e095?s=96&d=mm&r=g\",\"caption\":\"hudo\"},\"url\":\"https:\/\/hudo.com\/si\/author\/hudo\/\"}]}<\/script>\n<!-- \/ Yoast SEO plugin. -->","yoast_head_json":{"title":"Pokosil \u0161e nisem, pa \u0161e bom - Hudo Slovenija","robots":{"index":"index","follow":"follow","max-snippet":"max-snippet:-1","max-image-preview":"max-image-preview:large","max-video-preview":"max-video-preview:-1"},"canonical":"https:\/\/hudo.com\/si\/aktualno\/pokosil-se-nisem-pa-se-bom\/","og_locale":"sl_SI","og_type":"article","og_title":"Pokosil \u0161e nisem, pa \u0161e bom - Hudo Slovenija","og_description":"Ko sem se vozil za rde\u010do katrco, ki jo je krmilil Dejan Horvat, duhovnik v dveh gori\u010dkih \u017eupnijah Gornji Petrovci in Markovci, se je zdelo, da sva del povorke visokih gostov. Vsakdo, ki je pripeljal nasproti, je namre\u010d v pozdrav dvignil roko ali celo potrobil, spet drugi, ki je stal ob cesti, je pomahal. Priljubljeni dvain\u0161tiridesetletni \u017eupnik, ki ga je \u017eivelj v pokrajini ob reki Muri v letu 2014 \u2013 februarja tisto leto je kot zelo ve\u0161\u010d dela z motorno \u017eago skupaj z dvesto petdesetimi tukaj\u0161njimi gasilci odpravljal posledice \u017eleda na Notranjskem \u2013 izbral za Pomurca leta, je drugo junijsko nedeljo, ko sva bila dogovorjena za pogovor, obedoval skupaj s \u0161kofom in stanovskimi kolegi. Dan je bil namenjen po\u010ditku. V ponedeljek sta ga nato \u010dakala priprava traktorskega stroja za ko\u0161njo in spravilo trave in sena. Ob slu\u017ebi bo\u017ejega odposlanca ima namre\u010d \u0161e registrirano dopolnilno dejavnost opravljanja kmetijskih storitev in v najemu 65 hektarjev travnikov. Redi \u0161tiriintrideset glav \u017eivali, konje, osla, lami in \u0161kotsko govedo, in ima \u010debelnjak, ki je sicer usodno zaznamoval njegovo \u017eivljenje. Kak\u0161en odnos imate s \u0161kofom Petrom \u0160tumpfom? V murskosobo\u0161ki \u0161kofiji, to ste tudi sami ob\u010dutili, sem sli\u0161al, so v preteklosti te\u017eje razumeli, da je njihov duhovnik na ma\u0161o pri\u0161el dobesedno s traktorja, s katerim je pred tem enemu od vernikov oral njivo. Kako je danes? \"Moj \u0161kof je potreboval kar nekaj \u010dasa, da je dojel, kak\u0161no je \u017eivljenje na Gori\u010dkem. Zdi se mi, da od za\u010detka ni najbolje poznal pode\u017eelskega \u017eivljenja. Dr\u017ei, da sem dobival polena pod noge. \u017divljenje v obrobnih \u017eupnijah je druga\u010dno kot v mestnih. Tukaj ni umetnost obstati, tukaj je umetnost pre\u017eiveti. V majhnih \u017eupnijah namre\u010d mora\u0161 biti skrben gospodar, ker nima\u0161 velikega prora\u010duna, da bi si privo\u0161\u010dil redna obnovitvena dela na \u017eupniji ali cerkvi ali nakup \u010desa novega. Prav ta moja dopolnila dejavnost, ko opravljam storitve s kmetijsko mehanizacijo, prodajam seno ali ko nekomu opravim prevoz lesa, v mojo \u017eupnijsko blagajno","og_url":"https:\/\/hudo.com\/si\/aktualno\/pokosil-se-nisem-pa-se-bom\/","og_site_name":"Hudo Slovenija","article_publisher":"https:\/\/www.facebook.com\/hudo.si","article_published_time":"2016-06-19T20:00:00+00:00","article_modified_time":"2016-06-20T16:57:19+00:00","og_image":[{"width":450,"height":299,"url":"https:\/\/hudo.com\/si\/wp-content\/uploads\/sites\/2\/2016\/06\/poptravniki11-300.jpg","type":"image\/jpeg"}],"author":"hudo","twitter_card":"summary_large_image","twitter_creator":"@hudo_si","twitter_site":"@hudo_si","twitter_misc":{"Written by":"hudo","Est. reading time":"2 minuti"},"schema":{"@context":"https:\/\/schema.org","@graph":[{"@type":"Article","@id":"https:\/\/hudo.com\/si\/aktualno\/pokosil-se-nisem-pa-se-bom\/#article","isPartOf":{"@id":"https:\/\/hudo.com\/si\/aktualno\/pokosil-se-nisem-pa-se-bom\/"},"author":{"name":"hudo","@id":"https:\/\/hudo.com\/si\/#\/schema\/person\/601cf3379633985b20f7e50f2bb47707"},"headline":"Pokosil \u0161e nisem, pa \u0161e bom","datePublished":"2016-06-19T20:00:00+00:00","dateModified":"2016-06-20T16:57:19+00:00","mainEntityOfPage":{"@id":"https:\/\/hudo.com\/si\/aktualno\/pokosil-se-nisem-pa-se-bom\/"},"wordCount":345,"publisher":{"@id":"https:\/\/hudo.com\/si\/#organization"},"articleSection":["Aktualno"],"inLanguage":"sl-SI"},{"@type":"WebPage","@id":"https:\/\/hudo.com\/si\/aktualno\/pokosil-se-nisem-pa-se-bom\/","url":"https:\/\/hudo.com\/si\/aktualno\/pokosil-se-nisem-pa-se-bom\/","name":"Pokosil \u0161e nisem, pa \u0161e bom - Hudo Slovenija","isPartOf":{"@id":"https:\/\/hudo.com\/si\/#website"},"datePublished":"2016-06-19T20:00:00+00:00","dateModified":"2016-06-20T16:57:19+00:00","breadcrumb":{"@id":"https:\/\/hudo.com\/si\/aktualno\/pokosil-se-nisem-pa-se-bom\/#breadcrumb"},"inLanguage":"sl-SI","potentialAction":[{"@type":"ReadAction","target":["https:\/\/hudo.com\/si\/aktualno\/pokosil-se-nisem-pa-se-bom\/"]}]},{"@type":"BreadcrumbList","@id":"https:\/\/hudo.com\/si\/aktualno\/pokosil-se-nisem-pa-se-bom\/#breadcrumb","itemListElement":[{"@type":"ListItem","position":1,"name":"Home","item":"https:\/\/hudo.com\/si\/"},{"@type":"ListItem","position":2,"name":"Pokosil \u0161e nisem, pa \u0161e bom"}]},{"@type":"WebSite","@id":"https:\/\/hudo.com\/si\/#website","url":"https:\/\/hudo.com\/si\/","name":"Hudo Slovenija","description":"Vse novice iz Slovenije in sveta","publisher":{"@id":"https:\/\/hudo.com\/si\/#organization"},"potentialAction":[{"@type":"SearchAction","target":{"@type":"EntryPoint","urlTemplate":"https:\/\/hudo.com\/si\/?s={search_term_string}"},"query-input":"required name=search_term_string"}],"inLanguage":"sl-SI"},{"@type":"Organization","@id":"https:\/\/hudo.com\/si\/#organization","name":"VSN Media","url":"https:\/\/hudo.com\/si\/","logo":{"@type":"ImageObject","inLanguage":"sl-SI","@id":"https:\/\/hudo.com\/si\/#\/schema\/logo\/image\/","url":"https:\/\/hudo.com\/si\/wp-content\/uploads\/sites\/2\/2021\/03\/hudo-app-2.png","contentUrl":"https:\/\/hudo.com\/si\/wp-content\/uploads\/sites\/2\/2021\/03\/hudo-app-2.png","width":2185,"height":2167,"caption":"VSN Media"},"image":{"@id":"https:\/\/hudo.com\/si\/#\/schema\/logo\/image\/"},"sameAs":["https:\/\/www.facebook.com\/hudo.si","https:\/\/twitter.com\/hudo_si"]},{"@type":"Person","@id":"https:\/\/hudo.com\/si\/#\/schema\/person\/601cf3379633985b20f7e50f2bb47707","name":"hudo","image":{"@type":"ImageObject","inLanguage":"sl-SI","@id":"https:\/\/hudo.com\/si\/#\/schema\/person\/image\/","url":"https:\/\/secure.gravatar.com\/avatar\/c4ca25fa72cace7a696b52ff5db9e095?s=96&d=mm&r=g","contentUrl":"https:\/\/secure.gravatar.com\/avatar\/c4ca25fa72cace7a696b52ff5db9e095?s=96&d=mm&r=g","caption":"hudo"},"url":"https:\/\/hudo.com\/si\/author\/hudo\/"}]}},"amp_enabled":true,"_links":{"self":[{"href":"https:\/\/hudo.com\/si\/wp-json\/wp\/v2\/posts\/78780"}],"collection":[{"href":"https:\/\/hudo.com\/si\/wp-json\/wp\/v2\/posts"}],"about":[{"href":"https:\/\/hudo.com\/si\/wp-json\/wp\/v2\/types\/post"}],"author":[{"embeddable":true,"href":"https:\/\/hudo.com\/si\/wp-json\/wp\/v2\/users\/1"}],"replies":[{"embeddable":true,"href":"https:\/\/hudo.com\/si\/wp-json\/wp\/v2\/comments?post=78780"}],"version-history":[{"count":1,"href":"https:\/\/hudo.com\/si\/wp-json\/wp\/v2\/posts\/78780\/revisions"}],"predecessor-version":[{"id":78877,"href":"https:\/\/hudo.com\/si\/wp-json\/wp\/v2\/posts\/78780\/revisions\/78877"}],"wp:attachment":[{"href":"https:\/\/hudo.com\/si\/wp-json\/wp\/v2\/media?parent=78780"}],"wp:term":[{"taxonomy":"category","embeddable":true,"href":"https:\/\/hudo.com\/si\/wp-json\/wp\/v2\/categories?post=78780"},{"taxonomy":"post_tag","embeddable":true,"href":"https:\/\/hudo.com\/si\/wp-json\/wp\/v2\/tags?post=78780"},{"taxonomy":"source","embeddable":true,"href":"https:\/\/hudo.com\/si\/wp-json\/wp\/v2\/source?post=78780"},{"taxonomy":"supertag","embeddable":true,"href":"https:\/\/hudo.com\/si\/wp-json\/wp\/v2\/supertag?post=78780"}],"curies":[{"name":"wp","href":"https:\/\/api.w.org\/{rel}","templated":true}]}}