{"id":79297,"date":"2016-06-20T14:27:00","date_gmt":"2016-06-20T12:27:00","guid":{"rendered":"http:\/\/hudo.com\/si\/2016\/06\/20\/nekdanja-sodelavka-radana-pri-njegovem-delu-ni-opazala-napak\/"},"modified":"2016-06-21T07:01:32","modified_gmt":"2016-06-21T05:01:32","slug":"nekdanja-sodelavka-radana-pri-njegovem-delu-ni-opazala-napak","status":"publish","type":"post","link":"https:\/\/hudo.com\/si\/aktualno\/nekdanja-sodelavka-radana-pri-njegovem-delu-ni-opazala-napak\/","title":{"rendered":"Nekdanja sodelavka Radana pri njegovem delu ni opa\u017eala napak"},"content":{"rendered":"<p>Kategorija: Slovenija Mon, 20 Jun 2016 16:27:00 +0200  Ljubljana &#8211; Nekdanja sodelavka zdravnika Ivana Radana na nevrolo\u0161ki kliniki Nata\u0161a Milivojevi\u0107 je v dana\u0161njem nadaljevanju sojenja dejala, da pred dogodkom s kalijem pri Radanu nikoli ni opazila strokovne napake. Je pa hkrati pojasnjevala, da je Radan po zaposlitvi vse pogosteje izostajal iz slu\u017ebe z nenavadnimi izgovori, v kolektiv pa vna\u0161al razdor. Milivojevi\u0107eva se spominja, da ji je Radan, ko je \u0161e delal internisti\u010dni prvi pomo\u010di interne klinike, kjer je sama bila na kro\u017eenju, ve\u010dkrat poto\u017eil, da se ne razume s sodelavci in je \u017ertev spletk, zaradi \u010desar se ji je zasmilil. Povabila ga je na nevrolo\u0161ko kliniko, na vabilo se je \u010dez nekaj mesecev odzval. Takrat je dobila klic, v katerem jo je kolegica &#8211; njenega imena danes ni \u017eelela razkriti &#8211; opozorila, da je Radan odvisnik in patolo\u0161ki la\u017enivec. Zaposlili\u00a0&#8230;<\/p>\n","protected":false},"excerpt":{"rendered":"<p>Kategorija: Slovenija Mon, 20 Jun 2016 16:27:00 +0200  Ljubljana &#8211; Nekdanja sodelavka zdravnika Ivana Radana na nevrolo\u0161ki kliniki Nata\u0161a Milivojevi\u0107 je v dana\u0161njem nadaljevanju sojenja dejala, da pred dogodkom s kalijem pri Radanu nikoli ni opazila strokovne napake. Je pa hkrati pojasnjevala, da je Radan po zaposlitvi vse pogosteje izostajal iz slu\u017ebe z nenavadnimi izgovori, v kolektiv pa vna\u0161al razdor. Milivojevi\u0107eva se spominja, da ji je Radan, ko je \u0161e delal internisti\u010dni prvi pomo\u010di interne klinike, kjer je sama bila na kro\u017eenju, ve\u010dkrat poto\u017eil, da se ne razume s sodelavci in je \u017ertev spletk, zaradi \u010desar se ji je zasmilil. Povabila ga je na nevrolo\u0161ko kliniko, na vabilo se je \u010dez nekaj mesecev odzval. Takrat je dobila klic, v katerem jo je kolegica &#8211; njenega imena danes ni \u017eelela razkriti &#8211; opozorila, da je Radan odvisnik in patolo\u0161ki la\u017enivec. Zaposlili\u00a0&#8230;<\/p>\n","protected":false},"author":1,"featured_media":0,"comment_status":"closed","ping_status":"closed","sticky":false,"template":"","format":"standard","meta":{"footnotes":""},"categories":[1179],"tags":[],"source":[4511],"supertag":[],"acf":[],"yoast_head":"<!-- This site is optimized with the Yoast SEO plugin v21.3 - https:\/\/yoast.com\/wordpress\/plugins\/seo\/ -->\n<title>Nekdanja sodelavka Radana pri njegovem delu ni opa\u017eala napak - Hudo Slovenija<\/title>\n<meta name=\"robots\" content=\"index, follow, max-snippet:-1, max-image-preview:large, max-video-preview:-1\" \/>\n<link rel=\"canonical\" href=\"https:\/\/hudo.com\/si\/aktualno\/nekdanja-sodelavka-radana-pri-njegovem-delu-ni-opazala-napak\/\" \/>\n<meta property=\"og:locale\" content=\"sl_SI\" \/>\n<meta property=\"og:type\" content=\"article\" \/>\n<meta property=\"og:title\" content=\"Nekdanja sodelavka Radana pri njegovem delu ni opa\u017eala napak - Hudo Slovenija\" \/>\n<meta property=\"og:description\" content=\"Kategorija: Slovenija Mon, 20 Jun 2016 16:27:00 +0200 Ljubljana - Nekdanja sodelavka zdravnika Ivana Radana na nevrolo\u0161ki kliniki Nata\u0161a Milivojevi\u0107 je v dana\u0161njem nadaljevanju sojenja dejala, da pred dogodkom s kalijem pri Radanu nikoli ni opazila strokovne napake. Je pa hkrati pojasnjevala, da je Radan po zaposlitvi vse pogosteje izostajal iz slu\u017ebe z nenavadnimi izgovori, v kolektiv pa vna\u0161al razdor. Milivojevi\u0107eva se spominja, da ji je Radan, ko je \u0161e delal internisti\u010dni prvi pomo\u010di interne klinike, kjer je sama bila na kro\u017eenju, ve\u010dkrat poto\u017eil, da se ne razume s sodelavci in je \u017ertev spletk, zaradi \u010desar se ji je zasmilil. Povabila ga je na nevrolo\u0161ko kliniko, na vabilo se je \u010dez nekaj mesecev odzval. Takrat je dobila klic, v katerem jo je kolegica - njenega imena danes ni \u017eelela razkriti - opozorila, da je Radan odvisnik in patolo\u0161ki la\u017enivec. Zaposlili\u00a0...\" \/>\n<meta property=\"og:url\" content=\"https:\/\/hudo.com\/si\/aktualno\/nekdanja-sodelavka-radana-pri-njegovem-delu-ni-opazala-napak\/\" \/>\n<meta property=\"og:site_name\" content=\"Hudo Slovenija\" \/>\n<meta property=\"article:publisher\" content=\"https:\/\/www.facebook.com\/hudo.si\" \/>\n<meta property=\"article:published_time\" content=\"2016-06-20T12:27:00+00:00\" \/>\n<meta property=\"article:modified_time\" content=\"2016-06-21T05:01:32+00:00\" \/>\n<meta property=\"og:image\" content=\"https:\/\/hudo.com\/si\/wp-content\/uploads\/sites\/2\/2016\/06\/480x290_1_stran__djvu_2035234_lukaj_hires0.jpeg\" \/>\n\t<meta property=\"og:image:width\" content=\"480\" \/>\n\t<meta property=\"og:image:height\" content=\"290\" \/>\n\t<meta property=\"og:image:type\" content=\"image\/jpeg\" \/>\n<meta name=\"author\" content=\"hudo\" \/>\n<meta name=\"twitter:card\" content=\"summary_large_image\" \/>\n<meta name=\"twitter:creator\" content=\"@hudo_si\" \/>\n<meta name=\"twitter:site\" content=\"@hudo_si\" \/>\n<meta name=\"twitter:label1\" content=\"Written by\" \/>\n\t<meta name=\"twitter:data1\" content=\"hudo\" \/>\n\t<meta name=\"twitter:label2\" content=\"Est. reading time\" \/>\n\t<meta name=\"twitter:data2\" content=\"1 minuta\" \/>\n<script type=\"application\/ld+json\" class=\"yoast-schema-graph\">{\"@context\":\"https:\/\/schema.org\",\"@graph\":[{\"@type\":\"Article\",\"@id\":\"https:\/\/hudo.com\/si\/aktualno\/nekdanja-sodelavka-radana-pri-njegovem-delu-ni-opazala-napak\/#article\",\"isPartOf\":{\"@id\":\"https:\/\/hudo.com\/si\/aktualno\/nekdanja-sodelavka-radana-pri-njegovem-delu-ni-opazala-napak\/\"},\"author\":{\"name\":\"hudo\",\"@id\":\"https:\/\/hudo.com\/si\/#\/schema\/person\/601cf3379633985b20f7e50f2bb47707\"},\"headline\":\"Nekdanja sodelavka Radana pri njegovem delu ni opa\u017eala napak\",\"datePublished\":\"2016-06-20T12:27:00+00:00\",\"dateModified\":\"2016-06-21T05:01:32+00:00\",\"mainEntityOfPage\":{\"@id\":\"https:\/\/hudo.com\/si\/aktualno\/nekdanja-sodelavka-radana-pri-njegovem-delu-ni-opazala-napak\/\"},\"wordCount\":160,\"publisher\":{\"@id\":\"https:\/\/hudo.com\/si\/#organization\"},\"articleSection\":[\"Aktualno\"],\"inLanguage\":\"sl-SI\"},{\"@type\":\"WebPage\",\"@id\":\"https:\/\/hudo.com\/si\/aktualno\/nekdanja-sodelavka-radana-pri-njegovem-delu-ni-opazala-napak\/\",\"url\":\"https:\/\/hudo.com\/si\/aktualno\/nekdanja-sodelavka-radana-pri-njegovem-delu-ni-opazala-napak\/\",\"name\":\"Nekdanja sodelavka Radana pri njegovem delu ni opa\u017eala napak - Hudo Slovenija\",\"isPartOf\":{\"@id\":\"https:\/\/hudo.com\/si\/#website\"},\"datePublished\":\"2016-06-20T12:27:00+00:00\",\"dateModified\":\"2016-06-21T05:01:32+00:00\",\"breadcrumb\":{\"@id\":\"https:\/\/hudo.com\/si\/aktualno\/nekdanja-sodelavka-radana-pri-njegovem-delu-ni-opazala-napak\/#breadcrumb\"},\"inLanguage\":\"sl-SI\",\"potentialAction\":[{\"@type\":\"ReadAction\",\"target\":[\"https:\/\/hudo.com\/si\/aktualno\/nekdanja-sodelavka-radana-pri-njegovem-delu-ni-opazala-napak\/\"]}]},{\"@type\":\"BreadcrumbList\",\"@id\":\"https:\/\/hudo.com\/si\/aktualno\/nekdanja-sodelavka-radana-pri-njegovem-delu-ni-opazala-napak\/#breadcrumb\",\"itemListElement\":[{\"@type\":\"ListItem\",\"position\":1,\"name\":\"Home\",\"item\":\"https:\/\/hudo.com\/si\/\"},{\"@type\":\"ListItem\",\"position\":2,\"name\":\"Nekdanja sodelavka Radana pri njegovem delu ni opa\u017eala napak\"}]},{\"@type\":\"WebSite\",\"@id\":\"https:\/\/hudo.com\/si\/#website\",\"url\":\"https:\/\/hudo.com\/si\/\",\"name\":\"Hudo Slovenija\",\"description\":\"Vse novice iz Slovenije in sveta\",\"publisher\":{\"@id\":\"https:\/\/hudo.com\/si\/#organization\"},\"potentialAction\":[{\"@type\":\"SearchAction\",\"target\":{\"@type\":\"EntryPoint\",\"urlTemplate\":\"https:\/\/hudo.com\/si\/?s={search_term_string}\"},\"query-input\":\"required name=search_term_string\"}],\"inLanguage\":\"sl-SI\"},{\"@type\":\"Organization\",\"@id\":\"https:\/\/hudo.com\/si\/#organization\",\"name\":\"VSN Media\",\"url\":\"https:\/\/hudo.com\/si\/\",\"logo\":{\"@type\":\"ImageObject\",\"inLanguage\":\"sl-SI\",\"@id\":\"https:\/\/hudo.com\/si\/#\/schema\/logo\/image\/\",\"url\":\"https:\/\/hudo.com\/si\/wp-content\/uploads\/sites\/2\/2021\/03\/hudo-app-2.png\",\"contentUrl\":\"https:\/\/hudo.com\/si\/wp-content\/uploads\/sites\/2\/2021\/03\/hudo-app-2.png\",\"width\":2185,\"height\":2167,\"caption\":\"VSN Media\"},\"image\":{\"@id\":\"https:\/\/hudo.com\/si\/#\/schema\/logo\/image\/\"},\"sameAs\":[\"https:\/\/www.facebook.com\/hudo.si\",\"https:\/\/twitter.com\/hudo_si\"]},{\"@type\":\"Person\",\"@id\":\"https:\/\/hudo.com\/si\/#\/schema\/person\/601cf3379633985b20f7e50f2bb47707\",\"name\":\"hudo\",\"image\":{\"@type\":\"ImageObject\",\"inLanguage\":\"sl-SI\",\"@id\":\"https:\/\/hudo.com\/si\/#\/schema\/person\/image\/\",\"url\":\"https:\/\/secure.gravatar.com\/avatar\/c4ca25fa72cace7a696b52ff5db9e095?s=96&d=mm&r=g\",\"contentUrl\":\"https:\/\/secure.gravatar.com\/avatar\/c4ca25fa72cace7a696b52ff5db9e095?s=96&d=mm&r=g\",\"caption\":\"hudo\"},\"url\":\"https:\/\/hudo.com\/si\/author\/hudo\/\"}]}<\/script>\n<!-- \/ Yoast SEO plugin. -->","yoast_head_json":{"title":"Nekdanja sodelavka Radana pri njegovem delu ni opa\u017eala napak - Hudo Slovenija","robots":{"index":"index","follow":"follow","max-snippet":"max-snippet:-1","max-image-preview":"max-image-preview:large","max-video-preview":"max-video-preview:-1"},"canonical":"https:\/\/hudo.com\/si\/aktualno\/nekdanja-sodelavka-radana-pri-njegovem-delu-ni-opazala-napak\/","og_locale":"sl_SI","og_type":"article","og_title":"Nekdanja sodelavka Radana pri njegovem delu ni opa\u017eala napak - Hudo Slovenija","og_description":"Kategorija: Slovenija Mon, 20 Jun 2016 16:27:00 +0200 Ljubljana - Nekdanja sodelavka zdravnika Ivana Radana na nevrolo\u0161ki kliniki Nata\u0161a Milivojevi\u0107 je v dana\u0161njem nadaljevanju sojenja dejala, da pred dogodkom s kalijem pri Radanu nikoli ni opazila strokovne napake. Je pa hkrati pojasnjevala, da je Radan po zaposlitvi vse pogosteje izostajal iz slu\u017ebe z nenavadnimi izgovori, v kolektiv pa vna\u0161al razdor. Milivojevi\u0107eva se spominja, da ji je Radan, ko je \u0161e delal internisti\u010dni prvi pomo\u010di interne klinike, kjer je sama bila na kro\u017eenju, ve\u010dkrat poto\u017eil, da se ne razume s sodelavci in je \u017ertev spletk, zaradi \u010desar se ji je zasmilil. Povabila ga je na nevrolo\u0161ko kliniko, na vabilo se je \u010dez nekaj mesecev odzval. Takrat je dobila klic, v katerem jo je kolegica - njenega imena danes ni \u017eelela razkriti - opozorila, da je Radan odvisnik in patolo\u0161ki la\u017enivec. Zaposlili\u00a0...","og_url":"https:\/\/hudo.com\/si\/aktualno\/nekdanja-sodelavka-radana-pri-njegovem-delu-ni-opazala-napak\/","og_site_name":"Hudo Slovenija","article_publisher":"https:\/\/www.facebook.com\/hudo.si","article_published_time":"2016-06-20T12:27:00+00:00","article_modified_time":"2016-06-21T05:01:32+00:00","og_image":[{"width":480,"height":290,"url":"https:\/\/hudo.com\/si\/wp-content\/uploads\/sites\/2\/2016\/06\/480x290_1_stran__djvu_2035234_lukaj_hires0.jpeg","type":"image\/jpeg"}],"author":"hudo","twitter_card":"summary_large_image","twitter_creator":"@hudo_si","twitter_site":"@hudo_si","twitter_misc":{"Written by":"hudo","Est. reading time":"1 minuta"},"schema":{"@context":"https:\/\/schema.org","@graph":[{"@type":"Article","@id":"https:\/\/hudo.com\/si\/aktualno\/nekdanja-sodelavka-radana-pri-njegovem-delu-ni-opazala-napak\/#article","isPartOf":{"@id":"https:\/\/hudo.com\/si\/aktualno\/nekdanja-sodelavka-radana-pri-njegovem-delu-ni-opazala-napak\/"},"author":{"name":"hudo","@id":"https:\/\/hudo.com\/si\/#\/schema\/person\/601cf3379633985b20f7e50f2bb47707"},"headline":"Nekdanja sodelavka Radana pri njegovem delu ni opa\u017eala napak","datePublished":"2016-06-20T12:27:00+00:00","dateModified":"2016-06-21T05:01:32+00:00","mainEntityOfPage":{"@id":"https:\/\/hudo.com\/si\/aktualno\/nekdanja-sodelavka-radana-pri-njegovem-delu-ni-opazala-napak\/"},"wordCount":160,"publisher":{"@id":"https:\/\/hudo.com\/si\/#organization"},"articleSection":["Aktualno"],"inLanguage":"sl-SI"},{"@type":"WebPage","@id":"https:\/\/hudo.com\/si\/aktualno\/nekdanja-sodelavka-radana-pri-njegovem-delu-ni-opazala-napak\/","url":"https:\/\/hudo.com\/si\/aktualno\/nekdanja-sodelavka-radana-pri-njegovem-delu-ni-opazala-napak\/","name":"Nekdanja sodelavka Radana pri njegovem delu ni opa\u017eala napak - Hudo Slovenija","isPartOf":{"@id":"https:\/\/hudo.com\/si\/#website"},"datePublished":"2016-06-20T12:27:00+00:00","dateModified":"2016-06-21T05:01:32+00:00","breadcrumb":{"@id":"https:\/\/hudo.com\/si\/aktualno\/nekdanja-sodelavka-radana-pri-njegovem-delu-ni-opazala-napak\/#breadcrumb"},"inLanguage":"sl-SI","potentialAction":[{"@type":"ReadAction","target":["https:\/\/hudo.com\/si\/aktualno\/nekdanja-sodelavka-radana-pri-njegovem-delu-ni-opazala-napak\/"]}]},{"@type":"BreadcrumbList","@id":"https:\/\/hudo.com\/si\/aktualno\/nekdanja-sodelavka-radana-pri-njegovem-delu-ni-opazala-napak\/#breadcrumb","itemListElement":[{"@type":"ListItem","position":1,"name":"Home","item":"https:\/\/hudo.com\/si\/"},{"@type":"ListItem","position":2,"name":"Nekdanja sodelavka Radana pri njegovem delu ni opa\u017eala napak"}]},{"@type":"WebSite","@id":"https:\/\/hudo.com\/si\/#website","url":"https:\/\/hudo.com\/si\/","name":"Hudo Slovenija","description":"Vse novice iz Slovenije in sveta","publisher":{"@id":"https:\/\/hudo.com\/si\/#organization"},"potentialAction":[{"@type":"SearchAction","target":{"@type":"EntryPoint","urlTemplate":"https:\/\/hudo.com\/si\/?s={search_term_string}"},"query-input":"required name=search_term_string"}],"inLanguage":"sl-SI"},{"@type":"Organization","@id":"https:\/\/hudo.com\/si\/#organization","name":"VSN Media","url":"https:\/\/hudo.com\/si\/","logo":{"@type":"ImageObject","inLanguage":"sl-SI","@id":"https:\/\/hudo.com\/si\/#\/schema\/logo\/image\/","url":"https:\/\/hudo.com\/si\/wp-content\/uploads\/sites\/2\/2021\/03\/hudo-app-2.png","contentUrl":"https:\/\/hudo.com\/si\/wp-content\/uploads\/sites\/2\/2021\/03\/hudo-app-2.png","width":2185,"height":2167,"caption":"VSN Media"},"image":{"@id":"https:\/\/hudo.com\/si\/#\/schema\/logo\/image\/"},"sameAs":["https:\/\/www.facebook.com\/hudo.si","https:\/\/twitter.com\/hudo_si"]},{"@type":"Person","@id":"https:\/\/hudo.com\/si\/#\/schema\/person\/601cf3379633985b20f7e50f2bb47707","name":"hudo","image":{"@type":"ImageObject","inLanguage":"sl-SI","@id":"https:\/\/hudo.com\/si\/#\/schema\/person\/image\/","url":"https:\/\/secure.gravatar.com\/avatar\/c4ca25fa72cace7a696b52ff5db9e095?s=96&d=mm&r=g","contentUrl":"https:\/\/secure.gravatar.com\/avatar\/c4ca25fa72cace7a696b52ff5db9e095?s=96&d=mm&r=g","caption":"hudo"},"url":"https:\/\/hudo.com\/si\/author\/hudo\/"}]}},"amp_enabled":true,"_links":{"self":[{"href":"https:\/\/hudo.com\/si\/wp-json\/wp\/v2\/posts\/79297"}],"collection":[{"href":"https:\/\/hudo.com\/si\/wp-json\/wp\/v2\/posts"}],"about":[{"href":"https:\/\/hudo.com\/si\/wp-json\/wp\/v2\/types\/post"}],"author":[{"embeddable":true,"href":"https:\/\/hudo.com\/si\/wp-json\/wp\/v2\/users\/1"}],"replies":[{"embeddable":true,"href":"https:\/\/hudo.com\/si\/wp-json\/wp\/v2\/comments?post=79297"}],"version-history":[{"count":1,"href":"https:\/\/hudo.com\/si\/wp-json\/wp\/v2\/posts\/79297\/revisions"}],"predecessor-version":[{"id":79403,"href":"https:\/\/hudo.com\/si\/wp-json\/wp\/v2\/posts\/79297\/revisions\/79403"}],"wp:attachment":[{"href":"https:\/\/hudo.com\/si\/wp-json\/wp\/v2\/media?parent=79297"}],"wp:term":[{"taxonomy":"category","embeddable":true,"href":"https:\/\/hudo.com\/si\/wp-json\/wp\/v2\/categories?post=79297"},{"taxonomy":"post_tag","embeddable":true,"href":"https:\/\/hudo.com\/si\/wp-json\/wp\/v2\/tags?post=79297"},{"taxonomy":"source","embeddable":true,"href":"https:\/\/hudo.com\/si\/wp-json\/wp\/v2\/source?post=79297"},{"taxonomy":"supertag","embeddable":true,"href":"https:\/\/hudo.com\/si\/wp-json\/wp\/v2\/supertag?post=79297"}],"curies":[{"name":"wp","href":"https:\/\/api.w.org\/{rel}","templated":true}]}}