{"id":79357,"date":"2016-06-19T22:00:00","date_gmt":"2016-06-19T20:00:00","guid":{"rendered":"http:\/\/hudo.com\/si\/2016\/06\/19\/lojze-peterle-ni-vec-v-predsedstvu-zdruzenja-za-vrednote-slovenske-osamosvojitve\/"},"modified":"2016-06-19T22:00:00","modified_gmt":"2016-06-19T20:00:00","slug":"lojze-peterle-ni-vec-v-predsedstvu-zdruzenja-za-vrednote-slovenske-osamosvojitve","status":"publish","type":"post","link":"https:\/\/hudo.com\/si\/aktualno\/lojze-peterle-ni-vec-v-predsedstvu-zdruzenja-za-vrednote-slovenske-osamosvojitve\/","title":{"rendered":"Lojze Peterle ni ve\u010d v predsedstvu Zdru\u017eenja za vrednote slovenske osamosvojitve"},"content":{"rendered":"<p>Predsednik prve slovenske vlade Lojze Peterle je odstopil kot \u010dlan predsedstva Zdru\u017eenja za vrednote slovenske osamosvojitve (VSO), ker se ne strinja, kako je bila v VSO sprejeta odlo\u010ditev o vlo\u017eitvi kazenske ovadbe zoper \u0161tiri \u010dlane nekdanjega slovenskega predsedstva. Ostaja pa \u010dlan VSO. VSO je ovadil \u0161tiri \u010dlane nekdanjega predsedstva republike &#8211; Milana Ku\u010dana, Du\u0161ana Pluta, Cirila Zlobca in Matja\u017ea Kmecla &#8211; ker so februarja 1991 sopodpisali deklaracijo za mir, s tem pa zahtevali Slovenijo brez vojske in voja\u0161ke industrije. V VSO so ob vlo\u017eitvi ovadbe izrazili prepri\u010danje, da so podpisniki s tem tik pred osamosvojitvijo zahtevali hitro in enostransko razoro\u017eitev Slovenije. Maja je VSO Ku\u010dana ovadil tudi, ker da kot predsednik predsedstva ni prepre\u010dil razoro\u017eitve Teritorialne obrambe. Kot je dejal Peterle, je kot \u010dlan predsedstva VSO odstopil, ker se ne strinja z na\u010dinom sprejemanja odlo\u010ditve o ovadbi. &#8220;V odlo\u010danje nisem bil vklju\u010den, pa\u010d pa sem za to zadevo izvedel iz medijev,&#8221; je dejal. Ne \u017eeli dajati svojega imena za zadeve, na katere nima vpliva. Na vpra\u0161anje, ali se strinja z vlo\u017eitvijo ovadbe, je odgovoril: &#8220;\u010ce bi bi me nekdo vpra\u0161al za mnenje, bi rekel ne na prazni\u010dni trenutek in ne po 25 letih. To pa da ne pomeni, da se vsebinsko opredeljuje do deklaracije za mir. Na petkovi predstavitvi knjige Slovenija in pika! je Peterle deklaracijo sicer ozna\u010dil kot to\u010dko, ki je sam ni videl kot prispevek k osamosvojitvi. Dejal je \u0161e, da ostaja \u010dlan VSO, ki ga je tudi pomagal soustanavljati. Predsednik VSO Ale\u0161 Hojs za STA danes ni bil dosegljiv. Za portal Nova24TV pa je povedal, da je bil Peterle o prvi ovadbi vseskozi obve\u0161\u010den prek elektronske po\u0161te in je v pogovorih tudi sodeloval, \u010deprav se na glasovanju na koncu ni izrekel, ali je za ali proti. O drugi ovadbi pa je predsedstvo VSO odlo\u010dalo na zadnjih dveh sestankih, ki sta bila sklicana v \u010detrtkovih terminih. Kot je pojasnil Hojs, so namre\u010d kar nekaj sej sklicali v petkovih terminih, ki da jih je \u017eelel izklju\u010dno Pe<\/p>\n","protected":false},"excerpt":{"rendered":"<p>Predsednik prve slovenske vlade Lojze Peterle je odstopil kot \u010dlan predsedstva Zdru\u017eenja za vrednote slovenske osamosvojitve (VSO), ker se ne strinja, kako je bila v VSO sprejeta odlo\u010ditev o vlo\u017eitvi kazenske ovadbe zoper \u0161tiri \u010dlane nekdanjega slovenskega predsedstva. Ostaja pa \u010dlan VSO. VSO je ovadil \u0161tiri \u010dlane nekdanjega predsedstva republike &#8211; Milana Ku\u010dana, Du\u0161ana Pluta, Cirila Zlobca in Matja\u017ea Kmecla &#8211; ker so februarja 1991 sopodpisali deklaracijo za mir, s tem pa zahtevali Slovenijo brez vojske in voja\u0161ke industrije. V VSO so ob vlo\u017eitvi ovadbe izrazili prepri\u010danje, da so podpisniki s tem tik pred osamosvojitvijo zahtevali hitro in enostransko razoro\u017eitev Slovenije. Maja je VSO Ku\u010dana ovadil tudi, ker da kot predsednik predsedstva ni prepre\u010dil razoro\u017eitve Teritorialne obrambe. Kot je dejal Peterle, je kot \u010dlan predsedstva VSO odstopil, ker se ne strinja z na\u010dinom sprejemanja odlo\u010ditve o ovadbi. &#8220;V odlo\u010danje nisem bil vklju\u010den, pa\u010d pa sem za to zadevo izvedel iz medijev,&#8221; je dejal. Ne \u017eeli dajati svojega imena za zadeve, na katere nima vpliva. Na vpra\u0161anje, ali se strinja z vlo\u017eitvijo ovadbe, je odgovoril: &#8220;\u010ce bi bi me nekdo vpra\u0161al za mnenje, bi rekel ne na prazni\u010dni trenutek in ne po 25 letih. To pa da ne pomeni, da se vsebinsko opredeljuje do deklaracije za mir. Na petkovi predstavitvi knjige Slovenija in pika! je Peterle deklaracijo sicer ozna\u010dil kot to\u010dko, ki je sam ni videl kot prispevek k osamosvojitvi. Dejal je \u0161e, da ostaja \u010dlan VSO, ki ga je tudi pomagal soustanavljati. Predsednik VSO Ale\u0161 Hojs za STA danes ni bil dosegljiv. Za portal Nova24TV pa je povedal, da je bil Peterle o prvi ovadbi vseskozi obve\u0161\u010den prek elektronske po\u0161te in je v pogovorih tudi sodeloval, \u010deprav se na glasovanju na koncu ni izrekel, ali je za ali proti. O drugi ovadbi pa je predsedstvo VSO odlo\u010dalo na zadnjih dveh sestankih, ki sta bila sklicana v \u010detrtkovih terminih. Kot je pojasnil Hojs, so namre\u010d kar nekaj sej sklicali v petkovih terminih, ki da jih je \u017eelel izklju\u010dno Pe<\/p>\n","protected":false},"author":1,"featured_media":0,"comment_status":"closed","ping_status":"closed","sticky":false,"template":"","format":"standard","meta":{"footnotes":""},"categories":[1179],"tags":[],"source":[1711],"supertag":[],"acf":[],"yoast_head":"<!-- This site is optimized with the Yoast SEO plugin v21.3 - https:\/\/yoast.com\/wordpress\/plugins\/seo\/ -->\n<title>Lojze Peterle ni ve\u010d v predsedstvu Zdru\u017eenja za vrednote slovenske osamosvojitve - Hudo Slovenija<\/title>\n<meta name=\"robots\" content=\"index, follow, max-snippet:-1, max-image-preview:large, max-video-preview:-1\" \/>\n<link rel=\"canonical\" href=\"https:\/\/hudo.com\/si\/aktualno\/lojze-peterle-ni-vec-v-predsedstvu-zdruzenja-za-vrednote-slovenske-osamosvojitve\/\" \/>\n<meta property=\"og:locale\" content=\"sl_SI\" \/>\n<meta property=\"og:type\" content=\"article\" \/>\n<meta property=\"og:title\" content=\"Lojze Peterle ni ve\u010d v predsedstvu Zdru\u017eenja za vrednote slovenske osamosvojitve - Hudo Slovenija\" \/>\n<meta property=\"og:description\" content=\"Predsednik prve slovenske vlade Lojze Peterle je odstopil kot \u010dlan predsedstva Zdru\u017eenja za vrednote slovenske osamosvojitve (VSO), ker se ne strinja, kako je bila v VSO sprejeta odlo\u010ditev o vlo\u017eitvi kazenske ovadbe zoper \u0161tiri \u010dlane nekdanjega slovenskega predsedstva. Ostaja pa \u010dlan VSO. VSO je ovadil \u0161tiri \u010dlane nekdanjega predsedstva republike - Milana Ku\u010dana, Du\u0161ana Pluta, Cirila Zlobca in Matja\u017ea Kmecla - ker so februarja 1991 sopodpisali deklaracijo za mir, s tem pa zahtevali Slovenijo brez vojske in voja\u0161ke industrije. V VSO so ob vlo\u017eitvi ovadbe izrazili prepri\u010danje, da so podpisniki s tem tik pred osamosvojitvijo zahtevali hitro in enostransko razoro\u017eitev Slovenije. Maja je VSO Ku\u010dana ovadil tudi, ker da kot predsednik predsedstva ni prepre\u010dil razoro\u017eitve Teritorialne obrambe. Kot je dejal Peterle, je kot \u010dlan predsedstva VSO odstopil, ker se ne strinja z na\u010dinom sprejemanja odlo\u010ditve o ovadbi. &quot;V odlo\u010danje nisem bil vklju\u010den, pa\u010d pa sem za to zadevo izvedel iz medijev,&quot; je dejal. Ne \u017eeli dajati svojega imena za zadeve, na katere nima vpliva. Na vpra\u0161anje, ali se strinja z vlo\u017eitvijo ovadbe, je odgovoril: &quot;\u010ce bi bi me nekdo vpra\u0161al za mnenje, bi rekel ne na prazni\u010dni trenutek in ne po 25 letih. To pa da ne pomeni, da se vsebinsko opredeljuje do deklaracije za mir. Na petkovi predstavitvi knjige Slovenija in pika! je Peterle deklaracijo sicer ozna\u010dil kot to\u010dko, ki je sam ni videl kot prispevek k osamosvojitvi. Dejal je \u0161e, da ostaja \u010dlan VSO, ki ga je tudi pomagal soustanavljati. Predsednik VSO Ale\u0161 Hojs za STA danes ni bil dosegljiv. Za portal Nova24TV pa je povedal, da je bil Peterle o prvi ovadbi vseskozi obve\u0161\u010den prek elektronske po\u0161te in je v pogovorih tudi sodeloval, \u010deprav se na glasovanju na koncu ni izrekel, ali je za ali proti. O drugi ovadbi pa je predsedstvo VSO odlo\u010dalo na zadnjih dveh sestankih, ki sta bila sklicana v \u010detrtkovih terminih. Kot je pojasnil Hojs, so namre\u010d kar nekaj sej sklicali v petkovih terminih, ki da jih je \u017eelel izklju\u010dno Pe\" \/>\n<meta property=\"og:url\" content=\"https:\/\/hudo.com\/si\/aktualno\/lojze-peterle-ni-vec-v-predsedstvu-zdruzenja-za-vrednote-slovenske-osamosvojitve\/\" \/>\n<meta property=\"og:site_name\" content=\"Hudo Slovenija\" \/>\n<meta property=\"article:publisher\" content=\"https:\/\/www.facebook.com\/hudo.si\" \/>\n<meta property=\"article:published_time\" content=\"2016-06-19T20:00:00+00:00\" \/>\n<meta property=\"og:image\" content=\"https:\/\/hudo.com\/si\/wp-content\/uploads\/sites\/2\/2016\/06\/00581663F-300.jpg\" \/>\n\t<meta property=\"og:image:width\" content=\"450\" \/>\n\t<meta property=\"og:image:height\" content=\"613\" \/>\n\t<meta property=\"og:image:type\" content=\"image\/jpeg\" \/>\n<meta name=\"author\" content=\"hudo\" \/>\n<meta name=\"twitter:card\" content=\"summary_large_image\" \/>\n<meta name=\"twitter:creator\" content=\"@hudo_si\" \/>\n<meta name=\"twitter:site\" content=\"@hudo_si\" \/>\n<meta name=\"twitter:label1\" content=\"Written by\" \/>\n\t<meta name=\"twitter:data1\" content=\"hudo\" \/>\n\t<meta name=\"twitter:label2\" content=\"Est. reading time\" \/>\n\t<meta name=\"twitter:data2\" content=\"2 minuti\" \/>\n<script type=\"application\/ld+json\" class=\"yoast-schema-graph\">{\"@context\":\"https:\/\/schema.org\",\"@graph\":[{\"@type\":\"Article\",\"@id\":\"https:\/\/hudo.com\/si\/aktualno\/lojze-peterle-ni-vec-v-predsedstvu-zdruzenja-za-vrednote-slovenske-osamosvojitve\/#article\",\"isPartOf\":{\"@id\":\"https:\/\/hudo.com\/si\/aktualno\/lojze-peterle-ni-vec-v-predsedstvu-zdruzenja-za-vrednote-slovenske-osamosvojitve\/\"},\"author\":{\"name\":\"hudo\",\"@id\":\"https:\/\/hudo.com\/si\/#\/schema\/person\/601cf3379633985b20f7e50f2bb47707\"},\"headline\":\"Lojze Peterle ni ve\u010d v predsedstvu Zdru\u017eenja za vrednote slovenske osamosvojitve\",\"datePublished\":\"2016-06-19T20:00:00+00:00\",\"dateModified\":\"2016-06-19T20:00:00+00:00\",\"mainEntityOfPage\":{\"@id\":\"https:\/\/hudo.com\/si\/aktualno\/lojze-peterle-ni-vec-v-predsedstvu-zdruzenja-za-vrednote-slovenske-osamosvojitve\/\"},\"wordCount\":366,\"publisher\":{\"@id\":\"https:\/\/hudo.com\/si\/#organization\"},\"articleSection\":[\"Aktualno\"],\"inLanguage\":\"sl-SI\"},{\"@type\":\"WebPage\",\"@id\":\"https:\/\/hudo.com\/si\/aktualno\/lojze-peterle-ni-vec-v-predsedstvu-zdruzenja-za-vrednote-slovenske-osamosvojitve\/\",\"url\":\"https:\/\/hudo.com\/si\/aktualno\/lojze-peterle-ni-vec-v-predsedstvu-zdruzenja-za-vrednote-slovenske-osamosvojitve\/\",\"name\":\"Lojze Peterle ni ve\u010d v predsedstvu Zdru\u017eenja za vrednote slovenske osamosvojitve - Hudo Slovenija\",\"isPartOf\":{\"@id\":\"https:\/\/hudo.com\/si\/#website\"},\"datePublished\":\"2016-06-19T20:00:00+00:00\",\"dateModified\":\"2016-06-19T20:00:00+00:00\",\"breadcrumb\":{\"@id\":\"https:\/\/hudo.com\/si\/aktualno\/lojze-peterle-ni-vec-v-predsedstvu-zdruzenja-za-vrednote-slovenske-osamosvojitve\/#breadcrumb\"},\"inLanguage\":\"sl-SI\",\"potentialAction\":[{\"@type\":\"ReadAction\",\"target\":[\"https:\/\/hudo.com\/si\/aktualno\/lojze-peterle-ni-vec-v-predsedstvu-zdruzenja-za-vrednote-slovenske-osamosvojitve\/\"]}]},{\"@type\":\"BreadcrumbList\",\"@id\":\"https:\/\/hudo.com\/si\/aktualno\/lojze-peterle-ni-vec-v-predsedstvu-zdruzenja-za-vrednote-slovenske-osamosvojitve\/#breadcrumb\",\"itemListElement\":[{\"@type\":\"ListItem\",\"position\":1,\"name\":\"Home\",\"item\":\"https:\/\/hudo.com\/si\/\"},{\"@type\":\"ListItem\",\"position\":2,\"name\":\"Lojze Peterle ni ve\u010d v predsedstvu Zdru\u017eenja za vrednote slovenske osamosvojitve\"}]},{\"@type\":\"WebSite\",\"@id\":\"https:\/\/hudo.com\/si\/#website\",\"url\":\"https:\/\/hudo.com\/si\/\",\"name\":\"Hudo Slovenija\",\"description\":\"Vse novice iz Slovenije in sveta\",\"publisher\":{\"@id\":\"https:\/\/hudo.com\/si\/#organization\"},\"potentialAction\":[{\"@type\":\"SearchAction\",\"target\":{\"@type\":\"EntryPoint\",\"urlTemplate\":\"https:\/\/hudo.com\/si\/?s={search_term_string}\"},\"query-input\":\"required name=search_term_string\"}],\"inLanguage\":\"sl-SI\"},{\"@type\":\"Organization\",\"@id\":\"https:\/\/hudo.com\/si\/#organization\",\"name\":\"VSN Media\",\"url\":\"https:\/\/hudo.com\/si\/\",\"logo\":{\"@type\":\"ImageObject\",\"inLanguage\":\"sl-SI\",\"@id\":\"https:\/\/hudo.com\/si\/#\/schema\/logo\/image\/\",\"url\":\"https:\/\/hudo.com\/si\/wp-content\/uploads\/sites\/2\/2021\/03\/hudo-app-2.png\",\"contentUrl\":\"https:\/\/hudo.com\/si\/wp-content\/uploads\/sites\/2\/2021\/03\/hudo-app-2.png\",\"width\":2185,\"height\":2167,\"caption\":\"VSN Media\"},\"image\":{\"@id\":\"https:\/\/hudo.com\/si\/#\/schema\/logo\/image\/\"},\"sameAs\":[\"https:\/\/www.facebook.com\/hudo.si\",\"https:\/\/twitter.com\/hudo_si\"]},{\"@type\":\"Person\",\"@id\":\"https:\/\/hudo.com\/si\/#\/schema\/person\/601cf3379633985b20f7e50f2bb47707\",\"name\":\"hudo\",\"image\":{\"@type\":\"ImageObject\",\"inLanguage\":\"sl-SI\",\"@id\":\"https:\/\/hudo.com\/si\/#\/schema\/person\/image\/\",\"url\":\"https:\/\/secure.gravatar.com\/avatar\/c4ca25fa72cace7a696b52ff5db9e095?s=96&d=mm&r=g\",\"contentUrl\":\"https:\/\/secure.gravatar.com\/avatar\/c4ca25fa72cace7a696b52ff5db9e095?s=96&d=mm&r=g\",\"caption\":\"hudo\"},\"url\":\"https:\/\/hudo.com\/si\/author\/hudo\/\"}]}<\/script>\n<!-- \/ Yoast SEO plugin. -->","yoast_head_json":{"title":"Lojze Peterle ni ve\u010d v predsedstvu Zdru\u017eenja za vrednote slovenske osamosvojitve - Hudo Slovenija","robots":{"index":"index","follow":"follow","max-snippet":"max-snippet:-1","max-image-preview":"max-image-preview:large","max-video-preview":"max-video-preview:-1"},"canonical":"https:\/\/hudo.com\/si\/aktualno\/lojze-peterle-ni-vec-v-predsedstvu-zdruzenja-za-vrednote-slovenske-osamosvojitve\/","og_locale":"sl_SI","og_type":"article","og_title":"Lojze Peterle ni ve\u010d v predsedstvu Zdru\u017eenja za vrednote slovenske osamosvojitve - Hudo Slovenija","og_description":"Predsednik prve slovenske vlade Lojze Peterle je odstopil kot \u010dlan predsedstva Zdru\u017eenja za vrednote slovenske osamosvojitve (VSO), ker se ne strinja, kako je bila v VSO sprejeta odlo\u010ditev o vlo\u017eitvi kazenske ovadbe zoper \u0161tiri \u010dlane nekdanjega slovenskega predsedstva. Ostaja pa \u010dlan VSO. VSO je ovadil \u0161tiri \u010dlane nekdanjega predsedstva republike - Milana Ku\u010dana, Du\u0161ana Pluta, Cirila Zlobca in Matja\u017ea Kmecla - ker so februarja 1991 sopodpisali deklaracijo za mir, s tem pa zahtevali Slovenijo brez vojske in voja\u0161ke industrije. V VSO so ob vlo\u017eitvi ovadbe izrazili prepri\u010danje, da so podpisniki s tem tik pred osamosvojitvijo zahtevali hitro in enostransko razoro\u017eitev Slovenije. Maja je VSO Ku\u010dana ovadil tudi, ker da kot predsednik predsedstva ni prepre\u010dil razoro\u017eitve Teritorialne obrambe. Kot je dejal Peterle, je kot \u010dlan predsedstva VSO odstopil, ker se ne strinja z na\u010dinom sprejemanja odlo\u010ditve o ovadbi. \"V odlo\u010danje nisem bil vklju\u010den, pa\u010d pa sem za to zadevo izvedel iz medijev,\" je dejal. Ne \u017eeli dajati svojega imena za zadeve, na katere nima vpliva. Na vpra\u0161anje, ali se strinja z vlo\u017eitvijo ovadbe, je odgovoril: \"\u010ce bi bi me nekdo vpra\u0161al za mnenje, bi rekel ne na prazni\u010dni trenutek in ne po 25 letih. To pa da ne pomeni, da se vsebinsko opredeljuje do deklaracije za mir. Na petkovi predstavitvi knjige Slovenija in pika! je Peterle deklaracijo sicer ozna\u010dil kot to\u010dko, ki je sam ni videl kot prispevek k osamosvojitvi. Dejal je \u0161e, da ostaja \u010dlan VSO, ki ga je tudi pomagal soustanavljati. Predsednik VSO Ale\u0161 Hojs za STA danes ni bil dosegljiv. Za portal Nova24TV pa je povedal, da je bil Peterle o prvi ovadbi vseskozi obve\u0161\u010den prek elektronske po\u0161te in je v pogovorih tudi sodeloval, \u010deprav se na glasovanju na koncu ni izrekel, ali je za ali proti. O drugi ovadbi pa je predsedstvo VSO odlo\u010dalo na zadnjih dveh sestankih, ki sta bila sklicana v \u010detrtkovih terminih. Kot je pojasnil Hojs, so namre\u010d kar nekaj sej sklicali v petkovih terminih, ki da jih je \u017eelel izklju\u010dno Pe","og_url":"https:\/\/hudo.com\/si\/aktualno\/lojze-peterle-ni-vec-v-predsedstvu-zdruzenja-za-vrednote-slovenske-osamosvojitve\/","og_site_name":"Hudo Slovenija","article_publisher":"https:\/\/www.facebook.com\/hudo.si","article_published_time":"2016-06-19T20:00:00+00:00","og_image":[{"width":450,"height":613,"url":"https:\/\/hudo.com\/si\/wp-content\/uploads\/sites\/2\/2016\/06\/00581663F-300.jpg","type":"image\/jpeg"}],"author":"hudo","twitter_card":"summary_large_image","twitter_creator":"@hudo_si","twitter_site":"@hudo_si","twitter_misc":{"Written by":"hudo","Est. reading time":"2 minuti"},"schema":{"@context":"https:\/\/schema.org","@graph":[{"@type":"Article","@id":"https:\/\/hudo.com\/si\/aktualno\/lojze-peterle-ni-vec-v-predsedstvu-zdruzenja-za-vrednote-slovenske-osamosvojitve\/#article","isPartOf":{"@id":"https:\/\/hudo.com\/si\/aktualno\/lojze-peterle-ni-vec-v-predsedstvu-zdruzenja-za-vrednote-slovenske-osamosvojitve\/"},"author":{"name":"hudo","@id":"https:\/\/hudo.com\/si\/#\/schema\/person\/601cf3379633985b20f7e50f2bb47707"},"headline":"Lojze Peterle ni ve\u010d v predsedstvu Zdru\u017eenja za vrednote slovenske osamosvojitve","datePublished":"2016-06-19T20:00:00+00:00","dateModified":"2016-06-19T20:00:00+00:00","mainEntityOfPage":{"@id":"https:\/\/hudo.com\/si\/aktualno\/lojze-peterle-ni-vec-v-predsedstvu-zdruzenja-za-vrednote-slovenske-osamosvojitve\/"},"wordCount":366,"publisher":{"@id":"https:\/\/hudo.com\/si\/#organization"},"articleSection":["Aktualno"],"inLanguage":"sl-SI"},{"@type":"WebPage","@id":"https:\/\/hudo.com\/si\/aktualno\/lojze-peterle-ni-vec-v-predsedstvu-zdruzenja-za-vrednote-slovenske-osamosvojitve\/","url":"https:\/\/hudo.com\/si\/aktualno\/lojze-peterle-ni-vec-v-predsedstvu-zdruzenja-za-vrednote-slovenske-osamosvojitve\/","name":"Lojze Peterle ni ve\u010d v predsedstvu Zdru\u017eenja za vrednote slovenske osamosvojitve - Hudo Slovenija","isPartOf":{"@id":"https:\/\/hudo.com\/si\/#website"},"datePublished":"2016-06-19T20:00:00+00:00","dateModified":"2016-06-19T20:00:00+00:00","breadcrumb":{"@id":"https:\/\/hudo.com\/si\/aktualno\/lojze-peterle-ni-vec-v-predsedstvu-zdruzenja-za-vrednote-slovenske-osamosvojitve\/#breadcrumb"},"inLanguage":"sl-SI","potentialAction":[{"@type":"ReadAction","target":["https:\/\/hudo.com\/si\/aktualno\/lojze-peterle-ni-vec-v-predsedstvu-zdruzenja-za-vrednote-slovenske-osamosvojitve\/"]}]},{"@type":"BreadcrumbList","@id":"https:\/\/hudo.com\/si\/aktualno\/lojze-peterle-ni-vec-v-predsedstvu-zdruzenja-za-vrednote-slovenske-osamosvojitve\/#breadcrumb","itemListElement":[{"@type":"ListItem","position":1,"name":"Home","item":"https:\/\/hudo.com\/si\/"},{"@type":"ListItem","position":2,"name":"Lojze Peterle ni ve\u010d v predsedstvu Zdru\u017eenja za vrednote slovenske osamosvojitve"}]},{"@type":"WebSite","@id":"https:\/\/hudo.com\/si\/#website","url":"https:\/\/hudo.com\/si\/","name":"Hudo Slovenija","description":"Vse novice iz Slovenije in sveta","publisher":{"@id":"https:\/\/hudo.com\/si\/#organization"},"potentialAction":[{"@type":"SearchAction","target":{"@type":"EntryPoint","urlTemplate":"https:\/\/hudo.com\/si\/?s={search_term_string}"},"query-input":"required name=search_term_string"}],"inLanguage":"sl-SI"},{"@type":"Organization","@id":"https:\/\/hudo.com\/si\/#organization","name":"VSN Media","url":"https:\/\/hudo.com\/si\/","logo":{"@type":"ImageObject","inLanguage":"sl-SI","@id":"https:\/\/hudo.com\/si\/#\/schema\/logo\/image\/","url":"https:\/\/hudo.com\/si\/wp-content\/uploads\/sites\/2\/2021\/03\/hudo-app-2.png","contentUrl":"https:\/\/hudo.com\/si\/wp-content\/uploads\/sites\/2\/2021\/03\/hudo-app-2.png","width":2185,"height":2167,"caption":"VSN Media"},"image":{"@id":"https:\/\/hudo.com\/si\/#\/schema\/logo\/image\/"},"sameAs":["https:\/\/www.facebook.com\/hudo.si","https:\/\/twitter.com\/hudo_si"]},{"@type":"Person","@id":"https:\/\/hudo.com\/si\/#\/schema\/person\/601cf3379633985b20f7e50f2bb47707","name":"hudo","image":{"@type":"ImageObject","inLanguage":"sl-SI","@id":"https:\/\/hudo.com\/si\/#\/schema\/person\/image\/","url":"https:\/\/secure.gravatar.com\/avatar\/c4ca25fa72cace7a696b52ff5db9e095?s=96&d=mm&r=g","contentUrl":"https:\/\/secure.gravatar.com\/avatar\/c4ca25fa72cace7a696b52ff5db9e095?s=96&d=mm&r=g","caption":"hudo"},"url":"https:\/\/hudo.com\/si\/author\/hudo\/"}]}},"amp_enabled":true,"_links":{"self":[{"href":"https:\/\/hudo.com\/si\/wp-json\/wp\/v2\/posts\/79357"}],"collection":[{"href":"https:\/\/hudo.com\/si\/wp-json\/wp\/v2\/posts"}],"about":[{"href":"https:\/\/hudo.com\/si\/wp-json\/wp\/v2\/types\/post"}],"author":[{"embeddable":true,"href":"https:\/\/hudo.com\/si\/wp-json\/wp\/v2\/users\/1"}],"replies":[{"embeddable":true,"href":"https:\/\/hudo.com\/si\/wp-json\/wp\/v2\/comments?post=79357"}],"version-history":[{"count":0,"href":"https:\/\/hudo.com\/si\/wp-json\/wp\/v2\/posts\/79357\/revisions"}],"wp:attachment":[{"href":"https:\/\/hudo.com\/si\/wp-json\/wp\/v2\/media?parent=79357"}],"wp:term":[{"taxonomy":"category","embeddable":true,"href":"https:\/\/hudo.com\/si\/wp-json\/wp\/v2\/categories?post=79357"},{"taxonomy":"post_tag","embeddable":true,"href":"https:\/\/hudo.com\/si\/wp-json\/wp\/v2\/tags?post=79357"},{"taxonomy":"source","embeddable":true,"href":"https:\/\/hudo.com\/si\/wp-json\/wp\/v2\/source?post=79357"},{"taxonomy":"supertag","embeddable":true,"href":"https:\/\/hudo.com\/si\/wp-json\/wp\/v2\/supertag?post=79357"}],"curies":[{"name":"wp","href":"https:\/\/api.w.org\/{rel}","templated":true}]}}