{"id":79825,"date":"2016-06-21T11:34:00","date_gmt":"2016-06-21T09:34:00","guid":{"rendered":"http:\/\/hudo.com\/si\/2016\/06\/21\/morata-se-bo-vrnil-v-real-bo-tam-tudi-ostal\/"},"modified":"2016-06-21T11:34:00","modified_gmt":"2016-06-21T09:34:00","slug":"morata-se-bo-vrnil-v-real-bo-tam-tudi-ostal","status":"publish","type":"post","link":"https:\/\/hudo.com\/si\/aktualno\/morata-se-bo-vrnil-v-real-bo-tam-tudi-ostal\/","title":{"rendered":"Morata se bo vrnil v Real, bo tam tudi ostal?"},"content":{"rendered":"<p>Kategorija: Nogomet Tue, 21 Jun 2016 13:34:00 +0200  Torino &#8211; \u0160panski reprezentan\u010dni napadalec Alvaro Morata bo v tem prestopnem roku od\u0161el iz Juventusa in se vrnil k madridskemu Realu, je sporo\u010dil direktor italijanskega prvaka Beppe Marotta. \u0160panski reprezentant je za \u010dlansko mo\u0161tvo Reala igral med letoma 2010 in 2014 ter se nato za 20 milijonov evrov preselil k Juventusu, pri \u010demer so Madrid\u010dani v pogodbo vstavili tudi pravico odkupa. Morata je pri Juventusu igral zelo dobro, na skupno 93 tekmah dosegel 27 golov in 19 podaj ter Torin\u010danom pomagal do petih lovorik. To je pritegnilo pozornost Reala, ki bo izkoristil mo\u017enost odkupa in ga za 30 milijonov evrov ponovno pripeljal v Madrid. \u00bbPri Realu bodo izkoristili mo\u017enost odkupa, zdaj \u010dakamo le \u0161e na uradno ponudbo. Obstaja le malo mo\u017enosti, da igralca zadr\u017eimo v klubu, v primeru odhoda ga bomo posku\u0161ali zamenjati\u00a0&#8230;<\/p>\n","protected":false},"excerpt":{"rendered":"<p>Kategorija: Nogomet Tue, 21 Jun 2016 13:34:00 +0200  Torino &#8211; \u0160panski reprezentan\u010dni napadalec Alvaro Morata bo v tem prestopnem roku od\u0161el iz Juventusa in se vrnil k madridskemu Realu, je sporo\u010dil direktor italijanskega prvaka Beppe Marotta. \u0160panski reprezentant je za \u010dlansko mo\u0161tvo Reala igral med letoma 2010 in 2014 ter se nato za 20 milijonov evrov preselil k Juventusu, pri \u010demer so Madrid\u010dani v pogodbo vstavili tudi pravico odkupa. Morata je pri Juventusu igral zelo dobro, na skupno 93 tekmah dosegel 27 golov in 19 podaj ter Torin\u010danom pomagal do petih lovorik. To je pritegnilo pozornost Reala, ki bo izkoristil mo\u017enost odkupa in ga za 30 milijonov evrov ponovno pripeljal v Madrid. \u00bbPri Realu bodo izkoristili mo\u017enost odkupa, zdaj \u010dakamo le \u0161e na uradno ponudbo. Obstaja le malo mo\u017enosti, da igralca zadr\u017eimo v klubu, v primeru odhoda ga bomo posku\u0161ali zamenjati\u00a0&#8230;<\/p>\n","protected":false},"author":1,"featured_media":0,"comment_status":"closed","ping_status":"closed","sticky":false,"template":"","format":"standard","meta":{"footnotes":""},"categories":[1179],"tags":[],"source":[4511],"supertag":[],"acf":[],"yoast_head":"<!-- This site is optimized with the Yoast SEO plugin v21.3 - https:\/\/yoast.com\/wordpress\/plugins\/seo\/ -->\n<title>Morata se bo vrnil v Real, bo tam tudi ostal? - Hudo Slovenija<\/title>\n<meta name=\"robots\" content=\"index, follow, max-snippet:-1, max-image-preview:large, max-video-preview:-1\" \/>\n<link rel=\"canonical\" href=\"https:\/\/hudo.com\/si\/aktualno\/morata-se-bo-vrnil-v-real-bo-tam-tudi-ostal\/\" \/>\n<meta property=\"og:locale\" content=\"sl_SI\" \/>\n<meta property=\"og:type\" content=\"article\" \/>\n<meta property=\"og:title\" content=\"Morata se bo vrnil v Real, bo tam tudi ostal? - Hudo Slovenija\" \/>\n<meta property=\"og:description\" content=\"Kategorija: Nogomet Tue, 21 Jun 2016 13:34:00 +0200 Torino - \u0160panski reprezentan\u010dni napadalec Alvaro Morata bo v tem prestopnem roku od\u0161el iz Juventusa in se vrnil k madridskemu Realu, je sporo\u010dil direktor italijanskega prvaka Beppe Marotta. \u0160panski reprezentant je za \u010dlansko mo\u0161tvo Reala igral med letoma 2010 in 2014 ter se nato za 20 milijonov evrov preselil k Juventusu, pri \u010demer so Madrid\u010dani v pogodbo vstavili tudi pravico odkupa. Morata je pri Juventusu igral zelo dobro, na skupno 93 tekmah dosegel 27 golov in 19 podaj ter Torin\u010danom pomagal do petih lovorik. To je pritegnilo pozornost Reala, ki bo izkoristil mo\u017enost odkupa in ga za 30 milijonov evrov ponovno pripeljal v Madrid. \u00bbPri Realu bodo izkoristili mo\u017enost odkupa, zdaj \u010dakamo le \u0161e na uradno ponudbo. Obstaja le malo mo\u017enosti, da igralca zadr\u017eimo v klubu, v primeru odhoda ga bomo posku\u0161ali zamenjati\u00a0...\" \/>\n<meta property=\"og:url\" content=\"https:\/\/hudo.com\/si\/aktualno\/morata-se-bo-vrnil-v-real-bo-tam-tudi-ostal\/\" \/>\n<meta property=\"og:site_name\" content=\"Hudo Slovenija\" \/>\n<meta property=\"article:publisher\" content=\"https:\/\/www.facebook.com\/hudo.si\" \/>\n<meta property=\"article:published_time\" content=\"2016-06-21T09:34:00+00:00\" \/>\n<meta property=\"og:image\" content=\"https:\/\/hudo.com\/si\/wp-content\/uploads\/sites\/2\/2016\/06\/480x290_alvaro20morata.jpeg\" \/>\n\t<meta property=\"og:image:width\" content=\"480\" \/>\n\t<meta property=\"og:image:height\" content=\"290\" \/>\n\t<meta property=\"og:image:type\" content=\"image\/jpeg\" \/>\n<meta name=\"author\" content=\"hudo\" \/>\n<meta name=\"twitter:card\" content=\"summary_large_image\" \/>\n<meta name=\"twitter:creator\" content=\"@hudo_si\" \/>\n<meta name=\"twitter:site\" content=\"@hudo_si\" \/>\n<meta name=\"twitter:label1\" content=\"Written by\" \/>\n\t<meta name=\"twitter:data1\" content=\"hudo\" \/>\n\t<meta name=\"twitter:label2\" content=\"Est. reading time\" \/>\n\t<meta name=\"twitter:data2\" content=\"1 minuta\" \/>\n<script type=\"application\/ld+json\" class=\"yoast-schema-graph\">{\"@context\":\"https:\/\/schema.org\",\"@graph\":[{\"@type\":\"Article\",\"@id\":\"https:\/\/hudo.com\/si\/aktualno\/morata-se-bo-vrnil-v-real-bo-tam-tudi-ostal\/#article\",\"isPartOf\":{\"@id\":\"https:\/\/hudo.com\/si\/aktualno\/morata-se-bo-vrnil-v-real-bo-tam-tudi-ostal\/\"},\"author\":{\"name\":\"hudo\",\"@id\":\"https:\/\/hudo.com\/si\/#\/schema\/person\/601cf3379633985b20f7e50f2bb47707\"},\"headline\":\"Morata se bo vrnil v Real, bo tam tudi ostal?\",\"datePublished\":\"2016-06-21T09:34:00+00:00\",\"dateModified\":\"2016-06-21T09:34:00+00:00\",\"mainEntityOfPage\":{\"@id\":\"https:\/\/hudo.com\/si\/aktualno\/morata-se-bo-vrnil-v-real-bo-tam-tudi-ostal\/\"},\"wordCount\":151,\"publisher\":{\"@id\":\"https:\/\/hudo.com\/si\/#organization\"},\"articleSection\":[\"Aktualno\"],\"inLanguage\":\"sl-SI\"},{\"@type\":\"WebPage\",\"@id\":\"https:\/\/hudo.com\/si\/aktualno\/morata-se-bo-vrnil-v-real-bo-tam-tudi-ostal\/\",\"url\":\"https:\/\/hudo.com\/si\/aktualno\/morata-se-bo-vrnil-v-real-bo-tam-tudi-ostal\/\",\"name\":\"Morata se bo vrnil v Real, bo tam tudi ostal? - Hudo Slovenija\",\"isPartOf\":{\"@id\":\"https:\/\/hudo.com\/si\/#website\"},\"datePublished\":\"2016-06-21T09:34:00+00:00\",\"dateModified\":\"2016-06-21T09:34:00+00:00\",\"breadcrumb\":{\"@id\":\"https:\/\/hudo.com\/si\/aktualno\/morata-se-bo-vrnil-v-real-bo-tam-tudi-ostal\/#breadcrumb\"},\"inLanguage\":\"sl-SI\",\"potentialAction\":[{\"@type\":\"ReadAction\",\"target\":[\"https:\/\/hudo.com\/si\/aktualno\/morata-se-bo-vrnil-v-real-bo-tam-tudi-ostal\/\"]}]},{\"@type\":\"BreadcrumbList\",\"@id\":\"https:\/\/hudo.com\/si\/aktualno\/morata-se-bo-vrnil-v-real-bo-tam-tudi-ostal\/#breadcrumb\",\"itemListElement\":[{\"@type\":\"ListItem\",\"position\":1,\"name\":\"Home\",\"item\":\"https:\/\/hudo.com\/si\/\"},{\"@type\":\"ListItem\",\"position\":2,\"name\":\"Morata se bo vrnil v Real, bo tam tudi ostal?\"}]},{\"@type\":\"WebSite\",\"@id\":\"https:\/\/hudo.com\/si\/#website\",\"url\":\"https:\/\/hudo.com\/si\/\",\"name\":\"Hudo Slovenija\",\"description\":\"Vse novice iz Slovenije in sveta\",\"publisher\":{\"@id\":\"https:\/\/hudo.com\/si\/#organization\"},\"potentialAction\":[{\"@type\":\"SearchAction\",\"target\":{\"@type\":\"EntryPoint\",\"urlTemplate\":\"https:\/\/hudo.com\/si\/?s={search_term_string}\"},\"query-input\":\"required name=search_term_string\"}],\"inLanguage\":\"sl-SI\"},{\"@type\":\"Organization\",\"@id\":\"https:\/\/hudo.com\/si\/#organization\",\"name\":\"VSN Media\",\"url\":\"https:\/\/hudo.com\/si\/\",\"logo\":{\"@type\":\"ImageObject\",\"inLanguage\":\"sl-SI\",\"@id\":\"https:\/\/hudo.com\/si\/#\/schema\/logo\/image\/\",\"url\":\"https:\/\/hudo.com\/si\/wp-content\/uploads\/sites\/2\/2021\/03\/hudo-app-2.png\",\"contentUrl\":\"https:\/\/hudo.com\/si\/wp-content\/uploads\/sites\/2\/2021\/03\/hudo-app-2.png\",\"width\":2185,\"height\":2167,\"caption\":\"VSN Media\"},\"image\":{\"@id\":\"https:\/\/hudo.com\/si\/#\/schema\/logo\/image\/\"},\"sameAs\":[\"https:\/\/www.facebook.com\/hudo.si\",\"https:\/\/twitter.com\/hudo_si\"]},{\"@type\":\"Person\",\"@id\":\"https:\/\/hudo.com\/si\/#\/schema\/person\/601cf3379633985b20f7e50f2bb47707\",\"name\":\"hudo\",\"image\":{\"@type\":\"ImageObject\",\"inLanguage\":\"sl-SI\",\"@id\":\"https:\/\/hudo.com\/si\/#\/schema\/person\/image\/\",\"url\":\"https:\/\/secure.gravatar.com\/avatar\/c4ca25fa72cace7a696b52ff5db9e095?s=96&d=mm&r=g\",\"contentUrl\":\"https:\/\/secure.gravatar.com\/avatar\/c4ca25fa72cace7a696b52ff5db9e095?s=96&d=mm&r=g\",\"caption\":\"hudo\"},\"url\":\"https:\/\/hudo.com\/si\/author\/hudo\/\"}]}<\/script>\n<!-- \/ Yoast SEO plugin. -->","yoast_head_json":{"title":"Morata se bo vrnil v Real, bo tam tudi ostal? - Hudo Slovenija","robots":{"index":"index","follow":"follow","max-snippet":"max-snippet:-1","max-image-preview":"max-image-preview:large","max-video-preview":"max-video-preview:-1"},"canonical":"https:\/\/hudo.com\/si\/aktualno\/morata-se-bo-vrnil-v-real-bo-tam-tudi-ostal\/","og_locale":"sl_SI","og_type":"article","og_title":"Morata se bo vrnil v Real, bo tam tudi ostal? - Hudo Slovenija","og_description":"Kategorija: Nogomet Tue, 21 Jun 2016 13:34:00 +0200 Torino - \u0160panski reprezentan\u010dni napadalec Alvaro Morata bo v tem prestopnem roku od\u0161el iz Juventusa in se vrnil k madridskemu Realu, je sporo\u010dil direktor italijanskega prvaka Beppe Marotta. \u0160panski reprezentant je za \u010dlansko mo\u0161tvo Reala igral med letoma 2010 in 2014 ter se nato za 20 milijonov evrov preselil k Juventusu, pri \u010demer so Madrid\u010dani v pogodbo vstavili tudi pravico odkupa. Morata je pri Juventusu igral zelo dobro, na skupno 93 tekmah dosegel 27 golov in 19 podaj ter Torin\u010danom pomagal do petih lovorik. To je pritegnilo pozornost Reala, ki bo izkoristil mo\u017enost odkupa in ga za 30 milijonov evrov ponovno pripeljal v Madrid. \u00bbPri Realu bodo izkoristili mo\u017enost odkupa, zdaj \u010dakamo le \u0161e na uradno ponudbo. Obstaja le malo mo\u017enosti, da igralca zadr\u017eimo v klubu, v primeru odhoda ga bomo posku\u0161ali zamenjati\u00a0...","og_url":"https:\/\/hudo.com\/si\/aktualno\/morata-se-bo-vrnil-v-real-bo-tam-tudi-ostal\/","og_site_name":"Hudo Slovenija","article_publisher":"https:\/\/www.facebook.com\/hudo.si","article_published_time":"2016-06-21T09:34:00+00:00","og_image":[{"width":480,"height":290,"url":"https:\/\/hudo.com\/si\/wp-content\/uploads\/sites\/2\/2016\/06\/480x290_alvaro20morata.jpeg","type":"image\/jpeg"}],"author":"hudo","twitter_card":"summary_large_image","twitter_creator":"@hudo_si","twitter_site":"@hudo_si","twitter_misc":{"Written by":"hudo","Est. reading time":"1 minuta"},"schema":{"@context":"https:\/\/schema.org","@graph":[{"@type":"Article","@id":"https:\/\/hudo.com\/si\/aktualno\/morata-se-bo-vrnil-v-real-bo-tam-tudi-ostal\/#article","isPartOf":{"@id":"https:\/\/hudo.com\/si\/aktualno\/morata-se-bo-vrnil-v-real-bo-tam-tudi-ostal\/"},"author":{"name":"hudo","@id":"https:\/\/hudo.com\/si\/#\/schema\/person\/601cf3379633985b20f7e50f2bb47707"},"headline":"Morata se bo vrnil v Real, bo tam tudi ostal?","datePublished":"2016-06-21T09:34:00+00:00","dateModified":"2016-06-21T09:34:00+00:00","mainEntityOfPage":{"@id":"https:\/\/hudo.com\/si\/aktualno\/morata-se-bo-vrnil-v-real-bo-tam-tudi-ostal\/"},"wordCount":151,"publisher":{"@id":"https:\/\/hudo.com\/si\/#organization"},"articleSection":["Aktualno"],"inLanguage":"sl-SI"},{"@type":"WebPage","@id":"https:\/\/hudo.com\/si\/aktualno\/morata-se-bo-vrnil-v-real-bo-tam-tudi-ostal\/","url":"https:\/\/hudo.com\/si\/aktualno\/morata-se-bo-vrnil-v-real-bo-tam-tudi-ostal\/","name":"Morata se bo vrnil v Real, bo tam tudi ostal? - Hudo Slovenija","isPartOf":{"@id":"https:\/\/hudo.com\/si\/#website"},"datePublished":"2016-06-21T09:34:00+00:00","dateModified":"2016-06-21T09:34:00+00:00","breadcrumb":{"@id":"https:\/\/hudo.com\/si\/aktualno\/morata-se-bo-vrnil-v-real-bo-tam-tudi-ostal\/#breadcrumb"},"inLanguage":"sl-SI","potentialAction":[{"@type":"ReadAction","target":["https:\/\/hudo.com\/si\/aktualno\/morata-se-bo-vrnil-v-real-bo-tam-tudi-ostal\/"]}]},{"@type":"BreadcrumbList","@id":"https:\/\/hudo.com\/si\/aktualno\/morata-se-bo-vrnil-v-real-bo-tam-tudi-ostal\/#breadcrumb","itemListElement":[{"@type":"ListItem","position":1,"name":"Home","item":"https:\/\/hudo.com\/si\/"},{"@type":"ListItem","position":2,"name":"Morata se bo vrnil v Real, bo tam tudi ostal?"}]},{"@type":"WebSite","@id":"https:\/\/hudo.com\/si\/#website","url":"https:\/\/hudo.com\/si\/","name":"Hudo Slovenija","description":"Vse novice iz Slovenije in sveta","publisher":{"@id":"https:\/\/hudo.com\/si\/#organization"},"potentialAction":[{"@type":"SearchAction","target":{"@type":"EntryPoint","urlTemplate":"https:\/\/hudo.com\/si\/?s={search_term_string}"},"query-input":"required name=search_term_string"}],"inLanguage":"sl-SI"},{"@type":"Organization","@id":"https:\/\/hudo.com\/si\/#organization","name":"VSN Media","url":"https:\/\/hudo.com\/si\/","logo":{"@type":"ImageObject","inLanguage":"sl-SI","@id":"https:\/\/hudo.com\/si\/#\/schema\/logo\/image\/","url":"https:\/\/hudo.com\/si\/wp-content\/uploads\/sites\/2\/2021\/03\/hudo-app-2.png","contentUrl":"https:\/\/hudo.com\/si\/wp-content\/uploads\/sites\/2\/2021\/03\/hudo-app-2.png","width":2185,"height":2167,"caption":"VSN Media"},"image":{"@id":"https:\/\/hudo.com\/si\/#\/schema\/logo\/image\/"},"sameAs":["https:\/\/www.facebook.com\/hudo.si","https:\/\/twitter.com\/hudo_si"]},{"@type":"Person","@id":"https:\/\/hudo.com\/si\/#\/schema\/person\/601cf3379633985b20f7e50f2bb47707","name":"hudo","image":{"@type":"ImageObject","inLanguage":"sl-SI","@id":"https:\/\/hudo.com\/si\/#\/schema\/person\/image\/","url":"https:\/\/secure.gravatar.com\/avatar\/c4ca25fa72cace7a696b52ff5db9e095?s=96&d=mm&r=g","contentUrl":"https:\/\/secure.gravatar.com\/avatar\/c4ca25fa72cace7a696b52ff5db9e095?s=96&d=mm&r=g","caption":"hudo"},"url":"https:\/\/hudo.com\/si\/author\/hudo\/"}]}},"amp_enabled":true,"_links":{"self":[{"href":"https:\/\/hudo.com\/si\/wp-json\/wp\/v2\/posts\/79825"}],"collection":[{"href":"https:\/\/hudo.com\/si\/wp-json\/wp\/v2\/posts"}],"about":[{"href":"https:\/\/hudo.com\/si\/wp-json\/wp\/v2\/types\/post"}],"author":[{"embeddable":true,"href":"https:\/\/hudo.com\/si\/wp-json\/wp\/v2\/users\/1"}],"replies":[{"embeddable":true,"href":"https:\/\/hudo.com\/si\/wp-json\/wp\/v2\/comments?post=79825"}],"version-history":[{"count":0,"href":"https:\/\/hudo.com\/si\/wp-json\/wp\/v2\/posts\/79825\/revisions"}],"wp:attachment":[{"href":"https:\/\/hudo.com\/si\/wp-json\/wp\/v2\/media?parent=79825"}],"wp:term":[{"taxonomy":"category","embeddable":true,"href":"https:\/\/hudo.com\/si\/wp-json\/wp\/v2\/categories?post=79825"},{"taxonomy":"post_tag","embeddable":true,"href":"https:\/\/hudo.com\/si\/wp-json\/wp\/v2\/tags?post=79825"},{"taxonomy":"source","embeddable":true,"href":"https:\/\/hudo.com\/si\/wp-json\/wp\/v2\/source?post=79825"},{"taxonomy":"supertag","embeddable":true,"href":"https:\/\/hudo.com\/si\/wp-json\/wp\/v2\/supertag?post=79825"}],"curies":[{"name":"wp","href":"https:\/\/api.w.org\/{rel}","templated":true}]}}