{"id":79829,"date":"2016-06-21T11:25:00","date_gmt":"2016-06-21T09:25:00","guid":{"rendered":"http:\/\/hudo.com\/si\/2016\/06\/21\/nemsko-ustavno-sodisce-ne-nasprotuje-evropski-centralni-banki\/"},"modified":"2016-06-21T11:25:00","modified_gmt":"2016-06-21T09:25:00","slug":"nemsko-ustavno-sodisce-ne-nasprotuje-evropski-centralni-banki","status":"publish","type":"post","link":"https:\/\/hudo.com\/si\/aktualno\/nemsko-ustavno-sodisce-ne-nasprotuje-evropski-centralni-banki\/","title":{"rendered":"Nem\u0161ko ustavno sodi\u0161\u010de ne nasprotuje Evropski centralni banki"},"content":{"rendered":"<p>Kategorija: Ekonomija Tue, 21 Jun 2016 13:25:00 +0200  Berlin \u2212 Nem\u0161ko ustavno sodi\u0161\u010de ne nasprotuje programu OMT (Outright monetary transactions), s katerim je Evropska centralna banka sredi najhuj\u0161e evrske krize brez enega samega centa pomirila finan\u010dne trge. Dokler program, ki pod dolo\u010denimi pogoji dovoljuje nakupe dr\u017eavnih obveznic na sekundarnih trgih, nadzorujeta nem\u0161ka vlada in bundestag, po mnenju sodnikov iz Karlsruheja tak\u0161ni ukrepi niso v nasprotju s prepovedjo financiranja dr\u017eav z denarno politiko. Leta 2014 so tudi nem\u0161ki ustavni sodniki presodili, da so pri ECB z OMT prestopili svoje pristojnosti, a so za dodatno mnenje zaprosili evropsko sodi\u0161\u010de, ki je program julija lani ocenilo pozitivno. \u017de med februarskimi razpravami je predsednik drugega senata Andreas Vo\u00dfkuhle nakazal, da ne bodo nasprotovali evropskemu sodi\u0161\u010du. Predstavniki ECB in nem\u0161kega finan\u010dnega ministrstva so sodi\u0161\u010du zagotovili, da je OMT nujen za delovanje evropskega re\u0161evalnega\u00a0&#8230;<\/p>\n","protected":false},"excerpt":{"rendered":"<p>Kategorija: Ekonomija Tue, 21 Jun 2016 13:25:00 +0200  Berlin \u2212 Nem\u0161ko ustavno sodi\u0161\u010de ne nasprotuje programu OMT (Outright monetary transactions), s katerim je Evropska centralna banka sredi najhuj\u0161e evrske krize brez enega samega centa pomirila finan\u010dne trge. Dokler program, ki pod dolo\u010denimi pogoji dovoljuje nakupe dr\u017eavnih obveznic na sekundarnih trgih, nadzorujeta nem\u0161ka vlada in bundestag, po mnenju sodnikov iz Karlsruheja tak\u0161ni ukrepi niso v nasprotju s prepovedjo financiranja dr\u017eav z denarno politiko. Leta 2014 so tudi nem\u0161ki ustavni sodniki presodili, da so pri ECB z OMT prestopili svoje pristojnosti, a so za dodatno mnenje zaprosili evropsko sodi\u0161\u010de, ki je program julija lani ocenilo pozitivno. \u017de med februarskimi razpravami je predsednik drugega senata Andreas Vo\u00dfkuhle nakazal, da ne bodo nasprotovali evropskemu sodi\u0161\u010du. Predstavniki ECB in nem\u0161kega finan\u010dnega ministrstva so sodi\u0161\u010du zagotovili, da je OMT nujen za delovanje evropskega re\u0161evalnega\u00a0&#8230;<\/p>\n","protected":false},"author":1,"featured_media":0,"comment_status":"closed","ping_status":"closed","sticky":false,"template":"","format":"standard","meta":{"footnotes":""},"categories":[1179],"tags":[],"source":[4511],"supertag":[],"acf":[],"yoast_head":"<!-- This site is optimized with the Yoast SEO plugin v21.3 - https:\/\/yoast.com\/wordpress\/plugins\/seo\/ -->\n<title>Nem\u0161ko ustavno sodi\u0161\u010de ne nasprotuje Evropski centralni banki - Hudo Slovenija<\/title>\n<meta name=\"robots\" content=\"index, follow, max-snippet:-1, max-image-preview:large, max-video-preview:-1\" \/>\n<link rel=\"canonical\" href=\"https:\/\/hudo.com\/si\/aktualno\/nemsko-ustavno-sodisce-ne-nasprotuje-evropski-centralni-banki\/\" \/>\n<meta property=\"og:locale\" content=\"sl_SI\" \/>\n<meta property=\"og:type\" content=\"article\" \/>\n<meta property=\"og:title\" content=\"Nem\u0161ko ustavno sodi\u0161\u010de ne nasprotuje Evropski centralni banki - Hudo Slovenija\" \/>\n<meta property=\"og:description\" content=\"Kategorija: Ekonomija Tue, 21 Jun 2016 13:25:00 +0200 Berlin \u2212 Nem\u0161ko ustavno sodi\u0161\u010de ne nasprotuje programu OMT (Outright monetary transactions), s katerim je Evropska centralna banka sredi najhuj\u0161e evrske krize brez enega samega centa pomirila finan\u010dne trge. Dokler program, ki pod dolo\u010denimi pogoji dovoljuje nakupe dr\u017eavnih obveznic na sekundarnih trgih, nadzorujeta nem\u0161ka vlada in bundestag, po mnenju sodnikov iz Karlsruheja tak\u0161ni ukrepi niso v nasprotju s prepovedjo financiranja dr\u017eav z denarno politiko. Leta 2014 so tudi nem\u0161ki ustavni sodniki presodili, da so pri ECB z OMT prestopili svoje pristojnosti, a so za dodatno mnenje zaprosili evropsko sodi\u0161\u010de, ki je program julija lani ocenilo pozitivno. \u017de med februarskimi razpravami je predsednik drugega senata Andreas Vo\u00dfkuhle nakazal, da ne bodo nasprotovali evropskemu sodi\u0161\u010du. Predstavniki ECB in nem\u0161kega finan\u010dnega ministrstva so sodi\u0161\u010du zagotovili, da je OMT nujen za delovanje evropskega re\u0161evalnega\u00a0...\" \/>\n<meta property=\"og:url\" content=\"https:\/\/hudo.com\/si\/aktualno\/nemsko-ustavno-sodisce-ne-nasprotuje-evropski-centralni-banki\/\" \/>\n<meta property=\"og:site_name\" content=\"Hudo Slovenija\" \/>\n<meta property=\"article:publisher\" content=\"https:\/\/www.facebook.com\/hudo.si\" \/>\n<meta property=\"article:published_time\" content=\"2016-06-21T09:25:00+00:00\" \/>\n<meta property=\"og:image\" content=\"https:\/\/hudo.com\/si\/wp-content\/uploads\/sites\/2\/2016\/06\/480x290_djvu_2234331_damjan_reu-ECB-POLICY.jpeg\" \/>\n\t<meta property=\"og:image:width\" content=\"480\" \/>\n\t<meta property=\"og:image:height\" content=\"290\" \/>\n\t<meta property=\"og:image:type\" content=\"image\/jpeg\" \/>\n<meta name=\"author\" content=\"hudo\" \/>\n<meta name=\"twitter:card\" content=\"summary_large_image\" \/>\n<meta name=\"twitter:creator\" content=\"@hudo_si\" \/>\n<meta name=\"twitter:site\" content=\"@hudo_si\" \/>\n<meta name=\"twitter:label1\" content=\"Written by\" \/>\n\t<meta name=\"twitter:data1\" content=\"hudo\" \/>\n\t<meta name=\"twitter:label2\" content=\"Est. reading time\" \/>\n\t<meta name=\"twitter:data2\" content=\"1 minuta\" \/>\n<script type=\"application\/ld+json\" class=\"yoast-schema-graph\">{\"@context\":\"https:\/\/schema.org\",\"@graph\":[{\"@type\":\"Article\",\"@id\":\"https:\/\/hudo.com\/si\/aktualno\/nemsko-ustavno-sodisce-ne-nasprotuje-evropski-centralni-banki\/#article\",\"isPartOf\":{\"@id\":\"https:\/\/hudo.com\/si\/aktualno\/nemsko-ustavno-sodisce-ne-nasprotuje-evropski-centralni-banki\/\"},\"author\":{\"name\":\"hudo\",\"@id\":\"https:\/\/hudo.com\/si\/#\/schema\/person\/601cf3379633985b20f7e50f2bb47707\"},\"headline\":\"Nem\u0161ko ustavno sodi\u0161\u010de ne nasprotuje Evropski centralni banki\",\"datePublished\":\"2016-06-21T09:25:00+00:00\",\"dateModified\":\"2016-06-21T09:25:00+00:00\",\"mainEntityOfPage\":{\"@id\":\"https:\/\/hudo.com\/si\/aktualno\/nemsko-ustavno-sodisce-ne-nasprotuje-evropski-centralni-banki\/\"},\"wordCount\":159,\"publisher\":{\"@id\":\"https:\/\/hudo.com\/si\/#organization\"},\"articleSection\":[\"Aktualno\"],\"inLanguage\":\"sl-SI\"},{\"@type\":\"WebPage\",\"@id\":\"https:\/\/hudo.com\/si\/aktualno\/nemsko-ustavno-sodisce-ne-nasprotuje-evropski-centralni-banki\/\",\"url\":\"https:\/\/hudo.com\/si\/aktualno\/nemsko-ustavno-sodisce-ne-nasprotuje-evropski-centralni-banki\/\",\"name\":\"Nem\u0161ko ustavno sodi\u0161\u010de ne nasprotuje Evropski centralni banki - Hudo Slovenija\",\"isPartOf\":{\"@id\":\"https:\/\/hudo.com\/si\/#website\"},\"datePublished\":\"2016-06-21T09:25:00+00:00\",\"dateModified\":\"2016-06-21T09:25:00+00:00\",\"breadcrumb\":{\"@id\":\"https:\/\/hudo.com\/si\/aktualno\/nemsko-ustavno-sodisce-ne-nasprotuje-evropski-centralni-banki\/#breadcrumb\"},\"inLanguage\":\"sl-SI\",\"potentialAction\":[{\"@type\":\"ReadAction\",\"target\":[\"https:\/\/hudo.com\/si\/aktualno\/nemsko-ustavno-sodisce-ne-nasprotuje-evropski-centralni-banki\/\"]}]},{\"@type\":\"BreadcrumbList\",\"@id\":\"https:\/\/hudo.com\/si\/aktualno\/nemsko-ustavno-sodisce-ne-nasprotuje-evropski-centralni-banki\/#breadcrumb\",\"itemListElement\":[{\"@type\":\"ListItem\",\"position\":1,\"name\":\"Home\",\"item\":\"https:\/\/hudo.com\/si\/\"},{\"@type\":\"ListItem\",\"position\":2,\"name\":\"Nem\u0161ko ustavno sodi\u0161\u010de ne nasprotuje Evropski centralni banki\"}]},{\"@type\":\"WebSite\",\"@id\":\"https:\/\/hudo.com\/si\/#website\",\"url\":\"https:\/\/hudo.com\/si\/\",\"name\":\"Hudo Slovenija\",\"description\":\"Vse novice iz Slovenije in sveta\",\"publisher\":{\"@id\":\"https:\/\/hudo.com\/si\/#organization\"},\"potentialAction\":[{\"@type\":\"SearchAction\",\"target\":{\"@type\":\"EntryPoint\",\"urlTemplate\":\"https:\/\/hudo.com\/si\/?s={search_term_string}\"},\"query-input\":\"required name=search_term_string\"}],\"inLanguage\":\"sl-SI\"},{\"@type\":\"Organization\",\"@id\":\"https:\/\/hudo.com\/si\/#organization\",\"name\":\"VSN Media\",\"url\":\"https:\/\/hudo.com\/si\/\",\"logo\":{\"@type\":\"ImageObject\",\"inLanguage\":\"sl-SI\",\"@id\":\"https:\/\/hudo.com\/si\/#\/schema\/logo\/image\/\",\"url\":\"https:\/\/hudo.com\/si\/wp-content\/uploads\/sites\/2\/2021\/03\/hudo-app-2.png\",\"contentUrl\":\"https:\/\/hudo.com\/si\/wp-content\/uploads\/sites\/2\/2021\/03\/hudo-app-2.png\",\"width\":2185,\"height\":2167,\"caption\":\"VSN Media\"},\"image\":{\"@id\":\"https:\/\/hudo.com\/si\/#\/schema\/logo\/image\/\"},\"sameAs\":[\"https:\/\/www.facebook.com\/hudo.si\",\"https:\/\/twitter.com\/hudo_si\"]},{\"@type\":\"Person\",\"@id\":\"https:\/\/hudo.com\/si\/#\/schema\/person\/601cf3379633985b20f7e50f2bb47707\",\"name\":\"hudo\",\"image\":{\"@type\":\"ImageObject\",\"inLanguage\":\"sl-SI\",\"@id\":\"https:\/\/hudo.com\/si\/#\/schema\/person\/image\/\",\"url\":\"https:\/\/secure.gravatar.com\/avatar\/c4ca25fa72cace7a696b52ff5db9e095?s=96&d=mm&r=g\",\"contentUrl\":\"https:\/\/secure.gravatar.com\/avatar\/c4ca25fa72cace7a696b52ff5db9e095?s=96&d=mm&r=g\",\"caption\":\"hudo\"},\"url\":\"https:\/\/hudo.com\/si\/author\/hudo\/\"}]}<\/script>\n<!-- \/ Yoast SEO plugin. -->","yoast_head_json":{"title":"Nem\u0161ko ustavno sodi\u0161\u010de ne nasprotuje Evropski centralni banki - Hudo Slovenija","robots":{"index":"index","follow":"follow","max-snippet":"max-snippet:-1","max-image-preview":"max-image-preview:large","max-video-preview":"max-video-preview:-1"},"canonical":"https:\/\/hudo.com\/si\/aktualno\/nemsko-ustavno-sodisce-ne-nasprotuje-evropski-centralni-banki\/","og_locale":"sl_SI","og_type":"article","og_title":"Nem\u0161ko ustavno sodi\u0161\u010de ne nasprotuje Evropski centralni banki - Hudo Slovenija","og_description":"Kategorija: Ekonomija Tue, 21 Jun 2016 13:25:00 +0200 Berlin \u2212 Nem\u0161ko ustavno sodi\u0161\u010de ne nasprotuje programu OMT (Outright monetary transactions), s katerim je Evropska centralna banka sredi najhuj\u0161e evrske krize brez enega samega centa pomirila finan\u010dne trge. Dokler program, ki pod dolo\u010denimi pogoji dovoljuje nakupe dr\u017eavnih obveznic na sekundarnih trgih, nadzorujeta nem\u0161ka vlada in bundestag, po mnenju sodnikov iz Karlsruheja tak\u0161ni ukrepi niso v nasprotju s prepovedjo financiranja dr\u017eav z denarno politiko. Leta 2014 so tudi nem\u0161ki ustavni sodniki presodili, da so pri ECB z OMT prestopili svoje pristojnosti, a so za dodatno mnenje zaprosili evropsko sodi\u0161\u010de, ki je program julija lani ocenilo pozitivno. \u017de med februarskimi razpravami je predsednik drugega senata Andreas Vo\u00dfkuhle nakazal, da ne bodo nasprotovali evropskemu sodi\u0161\u010du. Predstavniki ECB in nem\u0161kega finan\u010dnega ministrstva so sodi\u0161\u010du zagotovili, da je OMT nujen za delovanje evropskega re\u0161evalnega\u00a0...","og_url":"https:\/\/hudo.com\/si\/aktualno\/nemsko-ustavno-sodisce-ne-nasprotuje-evropski-centralni-banki\/","og_site_name":"Hudo Slovenija","article_publisher":"https:\/\/www.facebook.com\/hudo.si","article_published_time":"2016-06-21T09:25:00+00:00","og_image":[{"width":480,"height":290,"url":"https:\/\/hudo.com\/si\/wp-content\/uploads\/sites\/2\/2016\/06\/480x290_djvu_2234331_damjan_reu-ECB-POLICY.jpeg","type":"image\/jpeg"}],"author":"hudo","twitter_card":"summary_large_image","twitter_creator":"@hudo_si","twitter_site":"@hudo_si","twitter_misc":{"Written by":"hudo","Est. reading time":"1 minuta"},"schema":{"@context":"https:\/\/schema.org","@graph":[{"@type":"Article","@id":"https:\/\/hudo.com\/si\/aktualno\/nemsko-ustavno-sodisce-ne-nasprotuje-evropski-centralni-banki\/#article","isPartOf":{"@id":"https:\/\/hudo.com\/si\/aktualno\/nemsko-ustavno-sodisce-ne-nasprotuje-evropski-centralni-banki\/"},"author":{"name":"hudo","@id":"https:\/\/hudo.com\/si\/#\/schema\/person\/601cf3379633985b20f7e50f2bb47707"},"headline":"Nem\u0161ko ustavno sodi\u0161\u010de ne nasprotuje Evropski centralni banki","datePublished":"2016-06-21T09:25:00+00:00","dateModified":"2016-06-21T09:25:00+00:00","mainEntityOfPage":{"@id":"https:\/\/hudo.com\/si\/aktualno\/nemsko-ustavno-sodisce-ne-nasprotuje-evropski-centralni-banki\/"},"wordCount":159,"publisher":{"@id":"https:\/\/hudo.com\/si\/#organization"},"articleSection":["Aktualno"],"inLanguage":"sl-SI"},{"@type":"WebPage","@id":"https:\/\/hudo.com\/si\/aktualno\/nemsko-ustavno-sodisce-ne-nasprotuje-evropski-centralni-banki\/","url":"https:\/\/hudo.com\/si\/aktualno\/nemsko-ustavno-sodisce-ne-nasprotuje-evropski-centralni-banki\/","name":"Nem\u0161ko ustavno sodi\u0161\u010de ne nasprotuje Evropski centralni banki - Hudo Slovenija","isPartOf":{"@id":"https:\/\/hudo.com\/si\/#website"},"datePublished":"2016-06-21T09:25:00+00:00","dateModified":"2016-06-21T09:25:00+00:00","breadcrumb":{"@id":"https:\/\/hudo.com\/si\/aktualno\/nemsko-ustavno-sodisce-ne-nasprotuje-evropski-centralni-banki\/#breadcrumb"},"inLanguage":"sl-SI","potentialAction":[{"@type":"ReadAction","target":["https:\/\/hudo.com\/si\/aktualno\/nemsko-ustavno-sodisce-ne-nasprotuje-evropski-centralni-banki\/"]}]},{"@type":"BreadcrumbList","@id":"https:\/\/hudo.com\/si\/aktualno\/nemsko-ustavno-sodisce-ne-nasprotuje-evropski-centralni-banki\/#breadcrumb","itemListElement":[{"@type":"ListItem","position":1,"name":"Home","item":"https:\/\/hudo.com\/si\/"},{"@type":"ListItem","position":2,"name":"Nem\u0161ko ustavno sodi\u0161\u010de ne nasprotuje Evropski centralni banki"}]},{"@type":"WebSite","@id":"https:\/\/hudo.com\/si\/#website","url":"https:\/\/hudo.com\/si\/","name":"Hudo Slovenija","description":"Vse novice iz Slovenije in sveta","publisher":{"@id":"https:\/\/hudo.com\/si\/#organization"},"potentialAction":[{"@type":"SearchAction","target":{"@type":"EntryPoint","urlTemplate":"https:\/\/hudo.com\/si\/?s={search_term_string}"},"query-input":"required name=search_term_string"}],"inLanguage":"sl-SI"},{"@type":"Organization","@id":"https:\/\/hudo.com\/si\/#organization","name":"VSN Media","url":"https:\/\/hudo.com\/si\/","logo":{"@type":"ImageObject","inLanguage":"sl-SI","@id":"https:\/\/hudo.com\/si\/#\/schema\/logo\/image\/","url":"https:\/\/hudo.com\/si\/wp-content\/uploads\/sites\/2\/2021\/03\/hudo-app-2.png","contentUrl":"https:\/\/hudo.com\/si\/wp-content\/uploads\/sites\/2\/2021\/03\/hudo-app-2.png","width":2185,"height":2167,"caption":"VSN Media"},"image":{"@id":"https:\/\/hudo.com\/si\/#\/schema\/logo\/image\/"},"sameAs":["https:\/\/www.facebook.com\/hudo.si","https:\/\/twitter.com\/hudo_si"]},{"@type":"Person","@id":"https:\/\/hudo.com\/si\/#\/schema\/person\/601cf3379633985b20f7e50f2bb47707","name":"hudo","image":{"@type":"ImageObject","inLanguage":"sl-SI","@id":"https:\/\/hudo.com\/si\/#\/schema\/person\/image\/","url":"https:\/\/secure.gravatar.com\/avatar\/c4ca25fa72cace7a696b52ff5db9e095?s=96&d=mm&r=g","contentUrl":"https:\/\/secure.gravatar.com\/avatar\/c4ca25fa72cace7a696b52ff5db9e095?s=96&d=mm&r=g","caption":"hudo"},"url":"https:\/\/hudo.com\/si\/author\/hudo\/"}]}},"amp_enabled":true,"_links":{"self":[{"href":"https:\/\/hudo.com\/si\/wp-json\/wp\/v2\/posts\/79829"}],"collection":[{"href":"https:\/\/hudo.com\/si\/wp-json\/wp\/v2\/posts"}],"about":[{"href":"https:\/\/hudo.com\/si\/wp-json\/wp\/v2\/types\/post"}],"author":[{"embeddable":true,"href":"https:\/\/hudo.com\/si\/wp-json\/wp\/v2\/users\/1"}],"replies":[{"embeddable":true,"href":"https:\/\/hudo.com\/si\/wp-json\/wp\/v2\/comments?post=79829"}],"version-history":[{"count":0,"href":"https:\/\/hudo.com\/si\/wp-json\/wp\/v2\/posts\/79829\/revisions"}],"wp:attachment":[{"href":"https:\/\/hudo.com\/si\/wp-json\/wp\/v2\/media?parent=79829"}],"wp:term":[{"taxonomy":"category","embeddable":true,"href":"https:\/\/hudo.com\/si\/wp-json\/wp\/v2\/categories?post=79829"},{"taxonomy":"post_tag","embeddable":true,"href":"https:\/\/hudo.com\/si\/wp-json\/wp\/v2\/tags?post=79829"},{"taxonomy":"source","embeddable":true,"href":"https:\/\/hudo.com\/si\/wp-json\/wp\/v2\/source?post=79829"},{"taxonomy":"supertag","embeddable":true,"href":"https:\/\/hudo.com\/si\/wp-json\/wp\/v2\/supertag?post=79829"}],"curies":[{"name":"wp","href":"https:\/\/api.w.org\/{rel}","templated":true}]}}