{"id":80010,"date":"2016-06-21T14:06:00","date_gmt":"2016-06-21T12:06:00","guid":{"rendered":"http:\/\/hudo.com\/si\/2016\/06\/21\/polanc-in-pibernik-prvic-na-tour\/"},"modified":"2016-06-21T14:06:00","modified_gmt":"2016-06-21T12:06:00","slug":"polanc-in-pibernik-prvic-na-tour","status":"publish","type":"post","link":"https:\/\/hudo.com\/si\/aktualno\/polanc-in-pibernik-prvic-na-tour\/","title":{"rendered":"Polanc in Pibernik prvi\u010d na Tour"},"content":{"rendered":"<p>Kategorija: Kolesarstvo Tue, 21 Jun 2016 16:06:00 +0200  Ljubljana &#8211; Bli\u017ea se kolesarski vrhunec sezone z dirko Po Franciji, na njej pa sta za zdaj potrjena vsaj dva slovenska kolesarja. Italijanska kolesarska profesionalna ekipa Lampre-Meridaje namre\u010d sporo\u010dila, da bosra v njeni zasedbi tudi dva Slovenca: Jan Polanc in Luka Pibernik. Oba bosta na slovitem Touru, med 2. in 24. julijem, nastopila prvi\u010d. Pibernik, najvi\u0161je uvr\u0161\u010deni kolesar Lampreja na pravkar kon\u010dani dirki po Sloveniji, bo sploh prvi\u010d nastopil na eni od treh tritedenskih dirk, medtem ko Polanc izku\u0161nje z najve\u010djimi dirkami \u017ee ima, lani je na italijanskem Giru zmagal etapo, na Touru pa bo kolesaril prvi\u010d. Poleg Polanca in Pibernika Lampre na francoske ceste po\u0161ilja Japonca Yukiyo Arashira, Italijana Mattea Bona in Davideja Cimolaija, Portugalca Ruija Costo, Hrvata Kristijan \u0110uraseka, Etiopijca Tsgabuja Grmayja in Ju\u017enoafri\u010dana Louisa Meintjesa. Grmay\u00a0&#8230;<\/p>\n","protected":false},"excerpt":{"rendered":"<p>Kategorija: Kolesarstvo Tue, 21 Jun 2016 16:06:00 +0200  Ljubljana &#8211; Bli\u017ea se kolesarski vrhunec sezone z dirko Po Franciji, na njej pa sta za zdaj potrjena vsaj dva slovenska kolesarja. Italijanska kolesarska profesionalna ekipa Lampre-Meridaje namre\u010d sporo\u010dila, da bosra v njeni zasedbi tudi dva Slovenca: Jan Polanc in Luka Pibernik. Oba bosta na slovitem Touru, med 2. in 24. julijem, nastopila prvi\u010d. Pibernik, najvi\u0161je uvr\u0161\u010deni kolesar Lampreja na pravkar kon\u010dani dirki po Sloveniji, bo sploh prvi\u010d nastopil na eni od treh tritedenskih dirk, medtem ko Polanc izku\u0161nje z najve\u010djimi dirkami \u017ee ima, lani je na italijanskem Giru zmagal etapo, na Touru pa bo kolesaril prvi\u010d. Poleg Polanca in Pibernika Lampre na francoske ceste po\u0161ilja Japonca Yukiyo Arashira, Italijana Mattea Bona in Davideja Cimolaija, Portugalca Ruija Costo, Hrvata Kristijan \u0110uraseka, Etiopijca Tsgabuja Grmayja in Ju\u017enoafri\u010dana Louisa Meintjesa. Grmay\u00a0&#8230;<\/p>\n","protected":false},"author":1,"featured_media":0,"comment_status":"closed","ping_status":"closed","sticky":false,"template":"","format":"standard","meta":{"footnotes":""},"categories":[1179],"tags":[],"source":[4511],"supertag":[],"acf":[],"yoast_head":"<!-- This site is optimized with the Yoast SEO plugin v21.3 - https:\/\/yoast.com\/wordpress\/plugins\/seo\/ -->\n<title>Polanc in Pibernik prvi\u010d na Tour - Hudo Slovenija<\/title>\n<meta name=\"robots\" content=\"index, follow, max-snippet:-1, max-image-preview:large, max-video-preview:-1\" \/>\n<link rel=\"canonical\" href=\"https:\/\/hudo.com\/si\/aktualno\/polanc-in-pibernik-prvic-na-tour\/\" \/>\n<meta property=\"og:locale\" content=\"sl_SI\" \/>\n<meta property=\"og:type\" content=\"article\" \/>\n<meta property=\"og:title\" content=\"Polanc in Pibernik prvi\u010d na Tour - Hudo Slovenija\" \/>\n<meta property=\"og:description\" content=\"Kategorija: Kolesarstvo Tue, 21 Jun 2016 16:06:00 +0200 Ljubljana - Bli\u017ea se kolesarski vrhunec sezone z dirko Po Franciji, na njej pa sta za zdaj potrjena vsaj dva slovenska kolesarja. Italijanska kolesarska profesionalna ekipa Lampre-Meridaje namre\u010d sporo\u010dila, da bosra v njeni zasedbi tudi dva Slovenca: Jan Polanc in Luka Pibernik. Oba bosta na slovitem Touru, med 2. in 24. julijem, nastopila prvi\u010d. Pibernik, najvi\u0161je uvr\u0161\u010deni kolesar Lampreja na pravkar kon\u010dani dirki po Sloveniji, bo sploh prvi\u010d nastopil na eni od treh tritedenskih dirk, medtem ko Polanc izku\u0161nje z najve\u010djimi dirkami \u017ee ima, lani je na italijanskem Giru zmagal etapo, na Touru pa bo kolesaril prvi\u010d. Poleg Polanca in Pibernika Lampre na francoske ceste po\u0161ilja Japonca Yukiyo Arashira, Italijana Mattea Bona in Davideja Cimolaija, Portugalca Ruija Costo, Hrvata Kristijan \u0110uraseka, Etiopijca Tsgabuja Grmayja in Ju\u017enoafri\u010dana Louisa Meintjesa. Grmay\u00a0...\" \/>\n<meta property=\"og:url\" content=\"https:\/\/hudo.com\/si\/aktualno\/polanc-in-pibernik-prvic-na-tour\/\" \/>\n<meta property=\"og:site_name\" content=\"Hudo Slovenija\" \/>\n<meta property=\"article:publisher\" content=\"https:\/\/www.facebook.com\/hudo.si\" \/>\n<meta property=\"article:published_time\" content=\"2016-06-21T12:06:00+00:00\" \/>\n<meta property=\"og:image\" content=\"https:\/\/hudo.com\/si\/wp-content\/uploads\/sites\/2\/2016\/06\/480x290_Sport__djvu_1909085_levstek_hires0.jpeg\" \/>\n\t<meta property=\"og:image:width\" content=\"480\" \/>\n\t<meta property=\"og:image:height\" content=\"290\" \/>\n\t<meta property=\"og:image:type\" content=\"image\/jpeg\" \/>\n<meta name=\"author\" content=\"hudo\" \/>\n<meta name=\"twitter:card\" content=\"summary_large_image\" \/>\n<meta name=\"twitter:creator\" content=\"@hudo_si\" \/>\n<meta name=\"twitter:site\" content=\"@hudo_si\" \/>\n<meta name=\"twitter:label1\" content=\"Written by\" \/>\n\t<meta name=\"twitter:data1\" content=\"hudo\" \/>\n\t<meta name=\"twitter:label2\" content=\"Est. reading time\" \/>\n\t<meta name=\"twitter:data2\" content=\"1 minuta\" \/>\n<script type=\"application\/ld+json\" class=\"yoast-schema-graph\">{\"@context\":\"https:\/\/schema.org\",\"@graph\":[{\"@type\":\"Article\",\"@id\":\"https:\/\/hudo.com\/si\/aktualno\/polanc-in-pibernik-prvic-na-tour\/#article\",\"isPartOf\":{\"@id\":\"https:\/\/hudo.com\/si\/aktualno\/polanc-in-pibernik-prvic-na-tour\/\"},\"author\":{\"name\":\"hudo\",\"@id\":\"https:\/\/hudo.com\/si\/#\/schema\/person\/601cf3379633985b20f7e50f2bb47707\"},\"headline\":\"Polanc in Pibernik prvi\u010d na Tour\",\"datePublished\":\"2016-06-21T12:06:00+00:00\",\"dateModified\":\"2016-06-21T12:06:00+00:00\",\"mainEntityOfPage\":{\"@id\":\"https:\/\/hudo.com\/si\/aktualno\/polanc-in-pibernik-prvic-na-tour\/\"},\"wordCount\":147,\"publisher\":{\"@id\":\"https:\/\/hudo.com\/si\/#organization\"},\"articleSection\":[\"Aktualno\"],\"inLanguage\":\"sl-SI\"},{\"@type\":\"WebPage\",\"@id\":\"https:\/\/hudo.com\/si\/aktualno\/polanc-in-pibernik-prvic-na-tour\/\",\"url\":\"https:\/\/hudo.com\/si\/aktualno\/polanc-in-pibernik-prvic-na-tour\/\",\"name\":\"Polanc in Pibernik prvi\u010d na Tour - Hudo Slovenija\",\"isPartOf\":{\"@id\":\"https:\/\/hudo.com\/si\/#website\"},\"datePublished\":\"2016-06-21T12:06:00+00:00\",\"dateModified\":\"2016-06-21T12:06:00+00:00\",\"breadcrumb\":{\"@id\":\"https:\/\/hudo.com\/si\/aktualno\/polanc-in-pibernik-prvic-na-tour\/#breadcrumb\"},\"inLanguage\":\"sl-SI\",\"potentialAction\":[{\"@type\":\"ReadAction\",\"target\":[\"https:\/\/hudo.com\/si\/aktualno\/polanc-in-pibernik-prvic-na-tour\/\"]}]},{\"@type\":\"BreadcrumbList\",\"@id\":\"https:\/\/hudo.com\/si\/aktualno\/polanc-in-pibernik-prvic-na-tour\/#breadcrumb\",\"itemListElement\":[{\"@type\":\"ListItem\",\"position\":1,\"name\":\"Home\",\"item\":\"https:\/\/hudo.com\/si\/\"},{\"@type\":\"ListItem\",\"position\":2,\"name\":\"Polanc in Pibernik prvi\u010d na Tour\"}]},{\"@type\":\"WebSite\",\"@id\":\"https:\/\/hudo.com\/si\/#website\",\"url\":\"https:\/\/hudo.com\/si\/\",\"name\":\"Hudo Slovenija\",\"description\":\"Vse novice iz Slovenije in sveta\",\"publisher\":{\"@id\":\"https:\/\/hudo.com\/si\/#organization\"},\"potentialAction\":[{\"@type\":\"SearchAction\",\"target\":{\"@type\":\"EntryPoint\",\"urlTemplate\":\"https:\/\/hudo.com\/si\/?s={search_term_string}\"},\"query-input\":\"required name=search_term_string\"}],\"inLanguage\":\"sl-SI\"},{\"@type\":\"Organization\",\"@id\":\"https:\/\/hudo.com\/si\/#organization\",\"name\":\"VSN Media\",\"url\":\"https:\/\/hudo.com\/si\/\",\"logo\":{\"@type\":\"ImageObject\",\"inLanguage\":\"sl-SI\",\"@id\":\"https:\/\/hudo.com\/si\/#\/schema\/logo\/image\/\",\"url\":\"https:\/\/hudo.com\/si\/wp-content\/uploads\/sites\/2\/2021\/03\/hudo-app-2.png\",\"contentUrl\":\"https:\/\/hudo.com\/si\/wp-content\/uploads\/sites\/2\/2021\/03\/hudo-app-2.png\",\"width\":2185,\"height\":2167,\"caption\":\"VSN Media\"},\"image\":{\"@id\":\"https:\/\/hudo.com\/si\/#\/schema\/logo\/image\/\"},\"sameAs\":[\"https:\/\/www.facebook.com\/hudo.si\",\"https:\/\/twitter.com\/hudo_si\"]},{\"@type\":\"Person\",\"@id\":\"https:\/\/hudo.com\/si\/#\/schema\/person\/601cf3379633985b20f7e50f2bb47707\",\"name\":\"hudo\",\"image\":{\"@type\":\"ImageObject\",\"inLanguage\":\"sl-SI\",\"@id\":\"https:\/\/hudo.com\/si\/#\/schema\/person\/image\/\",\"url\":\"https:\/\/secure.gravatar.com\/avatar\/c4ca25fa72cace7a696b52ff5db9e095?s=96&d=mm&r=g\",\"contentUrl\":\"https:\/\/secure.gravatar.com\/avatar\/c4ca25fa72cace7a696b52ff5db9e095?s=96&d=mm&r=g\",\"caption\":\"hudo\"},\"url\":\"https:\/\/hudo.com\/si\/author\/hudo\/\"}]}<\/script>\n<!-- \/ Yoast SEO plugin. -->","yoast_head_json":{"title":"Polanc in Pibernik prvi\u010d na Tour - Hudo Slovenija","robots":{"index":"index","follow":"follow","max-snippet":"max-snippet:-1","max-image-preview":"max-image-preview:large","max-video-preview":"max-video-preview:-1"},"canonical":"https:\/\/hudo.com\/si\/aktualno\/polanc-in-pibernik-prvic-na-tour\/","og_locale":"sl_SI","og_type":"article","og_title":"Polanc in Pibernik prvi\u010d na Tour - Hudo Slovenija","og_description":"Kategorija: Kolesarstvo Tue, 21 Jun 2016 16:06:00 +0200 Ljubljana - Bli\u017ea se kolesarski vrhunec sezone z dirko Po Franciji, na njej pa sta za zdaj potrjena vsaj dva slovenska kolesarja. Italijanska kolesarska profesionalna ekipa Lampre-Meridaje namre\u010d sporo\u010dila, da bosra v njeni zasedbi tudi dva Slovenca: Jan Polanc in Luka Pibernik. Oba bosta na slovitem Touru, med 2. in 24. julijem, nastopila prvi\u010d. Pibernik, najvi\u0161je uvr\u0161\u010deni kolesar Lampreja na pravkar kon\u010dani dirki po Sloveniji, bo sploh prvi\u010d nastopil na eni od treh tritedenskih dirk, medtem ko Polanc izku\u0161nje z najve\u010djimi dirkami \u017ee ima, lani je na italijanskem Giru zmagal etapo, na Touru pa bo kolesaril prvi\u010d. Poleg Polanca in Pibernika Lampre na francoske ceste po\u0161ilja Japonca Yukiyo Arashira, Italijana Mattea Bona in Davideja Cimolaija, Portugalca Ruija Costo, Hrvata Kristijan \u0110uraseka, Etiopijca Tsgabuja Grmayja in Ju\u017enoafri\u010dana Louisa Meintjesa. Grmay\u00a0...","og_url":"https:\/\/hudo.com\/si\/aktualno\/polanc-in-pibernik-prvic-na-tour\/","og_site_name":"Hudo Slovenija","article_publisher":"https:\/\/www.facebook.com\/hudo.si","article_published_time":"2016-06-21T12:06:00+00:00","og_image":[{"width":480,"height":290,"url":"https:\/\/hudo.com\/si\/wp-content\/uploads\/sites\/2\/2016\/06\/480x290_Sport__djvu_1909085_levstek_hires0.jpeg","type":"image\/jpeg"}],"author":"hudo","twitter_card":"summary_large_image","twitter_creator":"@hudo_si","twitter_site":"@hudo_si","twitter_misc":{"Written by":"hudo","Est. reading time":"1 minuta"},"schema":{"@context":"https:\/\/schema.org","@graph":[{"@type":"Article","@id":"https:\/\/hudo.com\/si\/aktualno\/polanc-in-pibernik-prvic-na-tour\/#article","isPartOf":{"@id":"https:\/\/hudo.com\/si\/aktualno\/polanc-in-pibernik-prvic-na-tour\/"},"author":{"name":"hudo","@id":"https:\/\/hudo.com\/si\/#\/schema\/person\/601cf3379633985b20f7e50f2bb47707"},"headline":"Polanc in Pibernik prvi\u010d na Tour","datePublished":"2016-06-21T12:06:00+00:00","dateModified":"2016-06-21T12:06:00+00:00","mainEntityOfPage":{"@id":"https:\/\/hudo.com\/si\/aktualno\/polanc-in-pibernik-prvic-na-tour\/"},"wordCount":147,"publisher":{"@id":"https:\/\/hudo.com\/si\/#organization"},"articleSection":["Aktualno"],"inLanguage":"sl-SI"},{"@type":"WebPage","@id":"https:\/\/hudo.com\/si\/aktualno\/polanc-in-pibernik-prvic-na-tour\/","url":"https:\/\/hudo.com\/si\/aktualno\/polanc-in-pibernik-prvic-na-tour\/","name":"Polanc in Pibernik prvi\u010d na Tour - Hudo Slovenija","isPartOf":{"@id":"https:\/\/hudo.com\/si\/#website"},"datePublished":"2016-06-21T12:06:00+00:00","dateModified":"2016-06-21T12:06:00+00:00","breadcrumb":{"@id":"https:\/\/hudo.com\/si\/aktualno\/polanc-in-pibernik-prvic-na-tour\/#breadcrumb"},"inLanguage":"sl-SI","potentialAction":[{"@type":"ReadAction","target":["https:\/\/hudo.com\/si\/aktualno\/polanc-in-pibernik-prvic-na-tour\/"]}]},{"@type":"BreadcrumbList","@id":"https:\/\/hudo.com\/si\/aktualno\/polanc-in-pibernik-prvic-na-tour\/#breadcrumb","itemListElement":[{"@type":"ListItem","position":1,"name":"Home","item":"https:\/\/hudo.com\/si\/"},{"@type":"ListItem","position":2,"name":"Polanc in Pibernik prvi\u010d na Tour"}]},{"@type":"WebSite","@id":"https:\/\/hudo.com\/si\/#website","url":"https:\/\/hudo.com\/si\/","name":"Hudo Slovenija","description":"Vse novice iz Slovenije in sveta","publisher":{"@id":"https:\/\/hudo.com\/si\/#organization"},"potentialAction":[{"@type":"SearchAction","target":{"@type":"EntryPoint","urlTemplate":"https:\/\/hudo.com\/si\/?s={search_term_string}"},"query-input":"required name=search_term_string"}],"inLanguage":"sl-SI"},{"@type":"Organization","@id":"https:\/\/hudo.com\/si\/#organization","name":"VSN Media","url":"https:\/\/hudo.com\/si\/","logo":{"@type":"ImageObject","inLanguage":"sl-SI","@id":"https:\/\/hudo.com\/si\/#\/schema\/logo\/image\/","url":"https:\/\/hudo.com\/si\/wp-content\/uploads\/sites\/2\/2021\/03\/hudo-app-2.png","contentUrl":"https:\/\/hudo.com\/si\/wp-content\/uploads\/sites\/2\/2021\/03\/hudo-app-2.png","width":2185,"height":2167,"caption":"VSN Media"},"image":{"@id":"https:\/\/hudo.com\/si\/#\/schema\/logo\/image\/"},"sameAs":["https:\/\/www.facebook.com\/hudo.si","https:\/\/twitter.com\/hudo_si"]},{"@type":"Person","@id":"https:\/\/hudo.com\/si\/#\/schema\/person\/601cf3379633985b20f7e50f2bb47707","name":"hudo","image":{"@type":"ImageObject","inLanguage":"sl-SI","@id":"https:\/\/hudo.com\/si\/#\/schema\/person\/image\/","url":"https:\/\/secure.gravatar.com\/avatar\/c4ca25fa72cace7a696b52ff5db9e095?s=96&d=mm&r=g","contentUrl":"https:\/\/secure.gravatar.com\/avatar\/c4ca25fa72cace7a696b52ff5db9e095?s=96&d=mm&r=g","caption":"hudo"},"url":"https:\/\/hudo.com\/si\/author\/hudo\/"}]}},"amp_enabled":true,"_links":{"self":[{"href":"https:\/\/hudo.com\/si\/wp-json\/wp\/v2\/posts\/80010"}],"collection":[{"href":"https:\/\/hudo.com\/si\/wp-json\/wp\/v2\/posts"}],"about":[{"href":"https:\/\/hudo.com\/si\/wp-json\/wp\/v2\/types\/post"}],"author":[{"embeddable":true,"href":"https:\/\/hudo.com\/si\/wp-json\/wp\/v2\/users\/1"}],"replies":[{"embeddable":true,"href":"https:\/\/hudo.com\/si\/wp-json\/wp\/v2\/comments?post=80010"}],"version-history":[{"count":0,"href":"https:\/\/hudo.com\/si\/wp-json\/wp\/v2\/posts\/80010\/revisions"}],"wp:attachment":[{"href":"https:\/\/hudo.com\/si\/wp-json\/wp\/v2\/media?parent=80010"}],"wp:term":[{"taxonomy":"category","embeddable":true,"href":"https:\/\/hudo.com\/si\/wp-json\/wp\/v2\/categories?post=80010"},{"taxonomy":"post_tag","embeddable":true,"href":"https:\/\/hudo.com\/si\/wp-json\/wp\/v2\/tags?post=80010"},{"taxonomy":"source","embeddable":true,"href":"https:\/\/hudo.com\/si\/wp-json\/wp\/v2\/source?post=80010"},{"taxonomy":"supertag","embeddable":true,"href":"https:\/\/hudo.com\/si\/wp-json\/wp\/v2\/supertag?post=80010"}],"curies":[{"name":"wp","href":"https:\/\/api.w.org\/{rel}","templated":true}]}}