{"id":80016,"date":"2016-06-21T13:45:00","date_gmt":"2016-06-21T11:45:00","guid":{"rendered":"http:\/\/hudo.com\/si\/2016\/06\/21\/nk-maribor-predstavil-prvo-okrepitev-v-ljudski-vrt-se-vraca-aleks-pihler\/"},"modified":"2016-06-22T14:52:14","modified_gmt":"2016-06-22T12:52:14","slug":"nk-maribor-predstavil-prvo-okrepitev-v-ljudski-vrt-se-vraca-aleks-pihler","status":"publish","type":"post","link":"https:\/\/hudo.com\/si\/aktualno\/nk-maribor-predstavil-prvo-okrepitev-v-ljudski-vrt-se-vraca-aleks-pihler\/","title":{"rendered":"NK Maribor predstavil prvo okrepitev: v Ljudski vrt se vra\u010da Aleks Pihler"},"content":{"rendered":"<p>NK Maribor je predstavil prvo okrepitev za prihajajo\u010do sezono. Vijoli\u010dasti dres bo spet oblekel Aleks Pihler. Zvezni igralec, ki je nazadnje igral za Zavr\u010d, je s klubom podpisal triletno pogodbo. &#8220;Zelo sem vesel, da se vra\u010dam. Ljudski vrt je bil moj dom kar devet let, tukaj sem naredil prve nogometne korake, igral v vseh mlaj\u0161ih selekcijah in lahko re\u010dem, da sem spet doma. Ko sem od\u0161el, ni bilo prilo\u017enosti, zato bi rad zdaj pokazal navija\u010dem, kaj zmorem,&#8221; je za klubsko spletno stran dejal Aleks Pihler, ki se je v mladinski \u0161oli vijoli\u010dastih krepil med leti 2003 in 2012.  Mladinski reprezentant se je \u017ee pridru\u017eil novim sogiralcem, ki so se odpravili na petdnevne priprave v Moravske Toplice. Danes bodo v Bakopvcih odigrali prijateljsko tekmo z gruzijsko \u010cikuro. &#8220;Cilj z mo\u0161tvom je znan: vrniti naslov v Ljudski vrt. Dileme pri odlo\u010ditvi, ko sem dobil ponudbo, nisem imel. Vemo, da se Maribora ne zavra\u010da. V Sloveniji so, pardon, smo najbolj\u0161i klub in takoj sem sprejel izziv. Tukaj sem se v devetih letih nau\u010dil vsega, kar znam. Druga okolja so nato nekaj dodala, osnova pa izhaja iz Ljudskega vrta. Ne bojim se konkurence, verjamem, da si bom priboril mesto v ekipi in upam, da se za\u010denja prijetno skupno obdobje,&#8221; je prepri\u010dan Aleks Pihler.  Ekipa Maribora bo v prihodnji sezoni nekoliko spremenjena. Ljudski vrt so \u017ee zapustili Agim Ibraimi, Welle N\u2018Diaye, Amir Dervi\u0161evi\u0107 in Marko Jankovi\u0107. \u017deljko Filipovi\u0107 bo kariero nadaljeval v belgijskem Mechelenu, Jean-Philippe Mendy pa je tik pred selitvijo na Kitajsko. Francoskega napadalca \u010dakajo \u0161e zdravstveni pregledi, preden bo podpisal pogodbo s klubom Shijazhuang Ever Brighita.\u0160port<\/p>\n","protected":false},"excerpt":{"rendered":"<p>NK Maribor je predstavil prvo okrepitev za prihajajo\u010do sezono. Vijoli\u010dasti dres bo spet oblekel Aleks Pihler. Zvezni igralec, ki je nazadnje igral za Zavr\u010d, je s klubom podpisal triletno pogodbo. &#8220;Zelo sem vesel, da se vra\u010dam. Ljudski vrt je bil moj dom kar devet let, tukaj sem naredil prve nogometne korake, igral v vseh mlaj\u0161ih selekcijah in lahko re\u010dem, da sem spet doma. Ko sem od\u0161el, ni bilo prilo\u017enosti, zato bi rad zdaj pokazal navija\u010dem, kaj zmorem,&#8221; je za klubsko spletno stran dejal Aleks Pihler, ki se je v mladinski \u0161oli vijoli\u010dastih krepil med leti 2003 in 2012.  Mladinski reprezentant se je \u017ee pridru\u017eil novim sogiralcem, ki so se odpravili na petdnevne priprave v Moravske Toplice. Danes bodo v Bakopvcih odigrali prijateljsko tekmo z gruzijsko \u010cikuro. &#8220;Cilj z mo\u0161tvom je znan: vrniti naslov v Ljudski vrt. Dileme pri odlo\u010ditvi, ko sem dobil ponudbo, nisem imel. Vemo, da se Maribora ne zavra\u010da. V Sloveniji so, pardon, smo najbolj\u0161i klub in takoj sem sprejel izziv. Tukaj sem se v devetih letih nau\u010dil vsega, kar znam. Druga okolja so nato nekaj dodala, osnova pa izhaja iz Ljudskega vrta. Ne bojim se konkurence, verjamem, da si bom priboril mesto v ekipi in upam, da se za\u010denja prijetno skupno obdobje,&#8221; je prepri\u010dan Aleks Pihler.  Ekipa Maribora bo v prihodnji sezoni nekoliko spremenjena. Ljudski vrt so \u017ee zapustili Agim Ibraimi, Welle N\u2018Diaye, Amir Dervi\u0161evi\u0107 in Marko Jankovi\u0107. \u017deljko Filipovi\u0107 bo kariero nadaljeval v belgijskem Mechelenu, Jean-Philippe Mendy pa je tik pred selitvijo na Kitajsko. Francoskega napadalca \u010dakajo \u0161e zdravstveni pregledi, preden bo podpisal pogodbo s klubom Shijazhuang Ever Brighita.\u0160port<\/p>\n","protected":false},"author":1,"featured_media":0,"comment_status":"closed","ping_status":"closed","sticky":false,"template":"","format":"standard","meta":{"footnotes":""},"categories":[1179],"tags":[],"source":[1711],"supertag":[],"acf":[],"yoast_head":"<!-- This site is optimized with the Yoast SEO plugin v21.3 - https:\/\/yoast.com\/wordpress\/plugins\/seo\/ -->\n<title>NK Maribor predstavil prvo okrepitev: v Ljudski vrt se vra\u010da Aleks Pihler - Hudo Slovenija<\/title>\n<meta name=\"robots\" content=\"index, follow, max-snippet:-1, max-image-preview:large, max-video-preview:-1\" \/>\n<link rel=\"canonical\" href=\"https:\/\/hudo.com\/si\/aktualno\/nk-maribor-predstavil-prvo-okrepitev-v-ljudski-vrt-se-vraca-aleks-pihler\/\" \/>\n<meta property=\"og:locale\" content=\"sl_SI\" \/>\n<meta property=\"og:type\" content=\"article\" \/>\n<meta property=\"og:title\" content=\"NK Maribor predstavil prvo okrepitev: v Ljudski vrt se vra\u010da Aleks Pihler - Hudo Slovenija\" \/>\n<meta property=\"og:description\" content=\"NK Maribor je predstavil prvo okrepitev za prihajajo\u010do sezono. Vijoli\u010dasti dres bo spet oblekel Aleks Pihler. Zvezni igralec, ki je nazadnje igral za Zavr\u010d, je s klubom podpisal triletno pogodbo. &quot;Zelo sem vesel, da se vra\u010dam. Ljudski vrt je bil moj dom kar devet let, tukaj sem naredil prve nogometne korake, igral v vseh mlaj\u0161ih selekcijah in lahko re\u010dem, da sem spet doma. Ko sem od\u0161el, ni bilo prilo\u017enosti, zato bi rad zdaj pokazal navija\u010dem, kaj zmorem,&quot; je za klubsko spletno stran dejal Aleks Pihler, ki se je v mladinski \u0161oli vijoli\u010dastih krepil med leti 2003 in 2012. Mladinski reprezentant se je \u017ee pridru\u017eil novim sogiralcem, ki so se odpravili na petdnevne priprave v Moravske Toplice. Danes bodo v Bakopvcih odigrali prijateljsko tekmo z gruzijsko \u010cikuro. &quot;Cilj z mo\u0161tvom je znan: vrniti naslov v Ljudski vrt. Dileme pri odlo\u010ditvi, ko sem dobil ponudbo, nisem imel. Vemo, da se Maribora ne zavra\u010da. V Sloveniji so, pardon, smo najbolj\u0161i klub in takoj sem sprejel izziv. Tukaj sem se v devetih letih nau\u010dil vsega, kar znam. Druga okolja so nato nekaj dodala, osnova pa izhaja iz Ljudskega vrta. Ne bojim se konkurence, verjamem, da si bom priboril mesto v ekipi in upam, da se za\u010denja prijetno skupno obdobje,&quot; je prepri\u010dan Aleks Pihler. Ekipa Maribora bo v prihodnji sezoni nekoliko spremenjena. Ljudski vrt so \u017ee zapustili Agim Ibraimi, Welle N\u2018Diaye, Amir Dervi\u0161evi\u0107 in Marko Jankovi\u0107. \u017deljko Filipovi\u0107 bo kariero nadaljeval v belgijskem Mechelenu, Jean-Philippe Mendy pa je tik pred selitvijo na Kitajsko. Francoskega napadalca \u010dakajo \u0161e zdravstveni pregledi, preden bo podpisal pogodbo s klubom Shijazhuang Ever Brighita.\u0160port\" \/>\n<meta property=\"og:url\" content=\"https:\/\/hudo.com\/si\/aktualno\/nk-maribor-predstavil-prvo-okrepitev-v-ljudski-vrt-se-vraca-aleks-pihler\/\" \/>\n<meta property=\"og:site_name\" content=\"Hudo Slovenija\" \/>\n<meta property=\"article:publisher\" content=\"https:\/\/www.facebook.com\/hudo.si\" \/>\n<meta property=\"article:published_time\" content=\"2016-06-21T11:45:00+00:00\" \/>\n<meta property=\"article:modified_time\" content=\"2016-06-22T12:52:14+00:00\" \/>\n<meta property=\"og:image\" content=\"https:\/\/hudo.com\/si\/wp-content\/uploads\/sites\/2\/2016\/06\/3F4P9185_6_7_tonemapped_3-300.jpg\" \/>\n\t<meta property=\"og:image:width\" content=\"450\" \/>\n\t<meta property=\"og:image:height\" content=\"310\" \/>\n\t<meta property=\"og:image:type\" content=\"image\/jpeg\" \/>\n<meta name=\"author\" content=\"hudo\" \/>\n<meta name=\"twitter:card\" content=\"summary_large_image\" \/>\n<meta name=\"twitter:creator\" content=\"@hudo_si\" \/>\n<meta name=\"twitter:site\" content=\"@hudo_si\" \/>\n<meta name=\"twitter:label1\" content=\"Written by\" \/>\n\t<meta name=\"twitter:data1\" content=\"hudo\" \/>\n\t<meta name=\"twitter:label2\" content=\"Est. reading time\" \/>\n\t<meta name=\"twitter:data2\" content=\"1 minuta\" \/>\n<script type=\"application\/ld+json\" class=\"yoast-schema-graph\">{\"@context\":\"https:\/\/schema.org\",\"@graph\":[{\"@type\":\"Article\",\"@id\":\"https:\/\/hudo.com\/si\/aktualno\/nk-maribor-predstavil-prvo-okrepitev-v-ljudski-vrt-se-vraca-aleks-pihler\/#article\",\"isPartOf\":{\"@id\":\"https:\/\/hudo.com\/si\/aktualno\/nk-maribor-predstavil-prvo-okrepitev-v-ljudski-vrt-se-vraca-aleks-pihler\/\"},\"author\":{\"name\":\"hudo\",\"@id\":\"https:\/\/hudo.com\/si\/#\/schema\/person\/601cf3379633985b20f7e50f2bb47707\"},\"headline\":\"NK Maribor predstavil prvo okrepitev: v Ljudski vrt se vra\u010da Aleks Pihler\",\"datePublished\":\"2016-06-21T11:45:00+00:00\",\"dateModified\":\"2016-06-22T12:52:14+00:00\",\"mainEntityOfPage\":{\"@id\":\"https:\/\/hudo.com\/si\/aktualno\/nk-maribor-predstavil-prvo-okrepitev-v-ljudski-vrt-se-vraca-aleks-pihler\/\"},\"wordCount\":294,\"publisher\":{\"@id\":\"https:\/\/hudo.com\/si\/#organization\"},\"articleSection\":[\"Aktualno\"],\"inLanguage\":\"sl-SI\"},{\"@type\":\"WebPage\",\"@id\":\"https:\/\/hudo.com\/si\/aktualno\/nk-maribor-predstavil-prvo-okrepitev-v-ljudski-vrt-se-vraca-aleks-pihler\/\",\"url\":\"https:\/\/hudo.com\/si\/aktualno\/nk-maribor-predstavil-prvo-okrepitev-v-ljudski-vrt-se-vraca-aleks-pihler\/\",\"name\":\"NK Maribor predstavil prvo okrepitev: v Ljudski vrt se vra\u010da Aleks Pihler - Hudo Slovenija\",\"isPartOf\":{\"@id\":\"https:\/\/hudo.com\/si\/#website\"},\"datePublished\":\"2016-06-21T11:45:00+00:00\",\"dateModified\":\"2016-06-22T12:52:14+00:00\",\"breadcrumb\":{\"@id\":\"https:\/\/hudo.com\/si\/aktualno\/nk-maribor-predstavil-prvo-okrepitev-v-ljudski-vrt-se-vraca-aleks-pihler\/#breadcrumb\"},\"inLanguage\":\"sl-SI\",\"potentialAction\":[{\"@type\":\"ReadAction\",\"target\":[\"https:\/\/hudo.com\/si\/aktualno\/nk-maribor-predstavil-prvo-okrepitev-v-ljudski-vrt-se-vraca-aleks-pihler\/\"]}]},{\"@type\":\"BreadcrumbList\",\"@id\":\"https:\/\/hudo.com\/si\/aktualno\/nk-maribor-predstavil-prvo-okrepitev-v-ljudski-vrt-se-vraca-aleks-pihler\/#breadcrumb\",\"itemListElement\":[{\"@type\":\"ListItem\",\"position\":1,\"name\":\"Home\",\"item\":\"https:\/\/hudo.com\/si\/\"},{\"@type\":\"ListItem\",\"position\":2,\"name\":\"NK Maribor predstavil prvo okrepitev: v Ljudski vrt se vra\u010da Aleks Pihler\"}]},{\"@type\":\"WebSite\",\"@id\":\"https:\/\/hudo.com\/si\/#website\",\"url\":\"https:\/\/hudo.com\/si\/\",\"name\":\"Hudo Slovenija\",\"description\":\"Vse novice iz Slovenije in sveta\",\"publisher\":{\"@id\":\"https:\/\/hudo.com\/si\/#organization\"},\"potentialAction\":[{\"@type\":\"SearchAction\",\"target\":{\"@type\":\"EntryPoint\",\"urlTemplate\":\"https:\/\/hudo.com\/si\/?s={search_term_string}\"},\"query-input\":\"required name=search_term_string\"}],\"inLanguage\":\"sl-SI\"},{\"@type\":\"Organization\",\"@id\":\"https:\/\/hudo.com\/si\/#organization\",\"name\":\"VSN Media\",\"url\":\"https:\/\/hudo.com\/si\/\",\"logo\":{\"@type\":\"ImageObject\",\"inLanguage\":\"sl-SI\",\"@id\":\"https:\/\/hudo.com\/si\/#\/schema\/logo\/image\/\",\"url\":\"https:\/\/hudo.com\/si\/wp-content\/uploads\/sites\/2\/2021\/03\/hudo-app-2.png\",\"contentUrl\":\"https:\/\/hudo.com\/si\/wp-content\/uploads\/sites\/2\/2021\/03\/hudo-app-2.png\",\"width\":2185,\"height\":2167,\"caption\":\"VSN Media\"},\"image\":{\"@id\":\"https:\/\/hudo.com\/si\/#\/schema\/logo\/image\/\"},\"sameAs\":[\"https:\/\/www.facebook.com\/hudo.si\",\"https:\/\/twitter.com\/hudo_si\"]},{\"@type\":\"Person\",\"@id\":\"https:\/\/hudo.com\/si\/#\/schema\/person\/601cf3379633985b20f7e50f2bb47707\",\"name\":\"hudo\",\"image\":{\"@type\":\"ImageObject\",\"inLanguage\":\"sl-SI\",\"@id\":\"https:\/\/hudo.com\/si\/#\/schema\/person\/image\/\",\"url\":\"https:\/\/secure.gravatar.com\/avatar\/c4ca25fa72cace7a696b52ff5db9e095?s=96&d=mm&r=g\",\"contentUrl\":\"https:\/\/secure.gravatar.com\/avatar\/c4ca25fa72cace7a696b52ff5db9e095?s=96&d=mm&r=g\",\"caption\":\"hudo\"},\"url\":\"https:\/\/hudo.com\/si\/author\/hudo\/\"}]}<\/script>\n<!-- \/ Yoast SEO plugin. -->","yoast_head_json":{"title":"NK Maribor predstavil prvo okrepitev: v Ljudski vrt se vra\u010da Aleks Pihler - Hudo Slovenija","robots":{"index":"index","follow":"follow","max-snippet":"max-snippet:-1","max-image-preview":"max-image-preview:large","max-video-preview":"max-video-preview:-1"},"canonical":"https:\/\/hudo.com\/si\/aktualno\/nk-maribor-predstavil-prvo-okrepitev-v-ljudski-vrt-se-vraca-aleks-pihler\/","og_locale":"sl_SI","og_type":"article","og_title":"NK Maribor predstavil prvo okrepitev: v Ljudski vrt se vra\u010da Aleks Pihler - Hudo Slovenija","og_description":"NK Maribor je predstavil prvo okrepitev za prihajajo\u010do sezono. Vijoli\u010dasti dres bo spet oblekel Aleks Pihler. Zvezni igralec, ki je nazadnje igral za Zavr\u010d, je s klubom podpisal triletno pogodbo. \"Zelo sem vesel, da se vra\u010dam. Ljudski vrt je bil moj dom kar devet let, tukaj sem naredil prve nogometne korake, igral v vseh mlaj\u0161ih selekcijah in lahko re\u010dem, da sem spet doma. Ko sem od\u0161el, ni bilo prilo\u017enosti, zato bi rad zdaj pokazal navija\u010dem, kaj zmorem,\" je za klubsko spletno stran dejal Aleks Pihler, ki se je v mladinski \u0161oli vijoli\u010dastih krepil med leti 2003 in 2012. Mladinski reprezentant se je \u017ee pridru\u017eil novim sogiralcem, ki so se odpravili na petdnevne priprave v Moravske Toplice. Danes bodo v Bakopvcih odigrali prijateljsko tekmo z gruzijsko \u010cikuro. \"Cilj z mo\u0161tvom je znan: vrniti naslov v Ljudski vrt. Dileme pri odlo\u010ditvi, ko sem dobil ponudbo, nisem imel. Vemo, da se Maribora ne zavra\u010da. V Sloveniji so, pardon, smo najbolj\u0161i klub in takoj sem sprejel izziv. Tukaj sem se v devetih letih nau\u010dil vsega, kar znam. Druga okolja so nato nekaj dodala, osnova pa izhaja iz Ljudskega vrta. Ne bojim se konkurence, verjamem, da si bom priboril mesto v ekipi in upam, da se za\u010denja prijetno skupno obdobje,\" je prepri\u010dan Aleks Pihler. Ekipa Maribora bo v prihodnji sezoni nekoliko spremenjena. Ljudski vrt so \u017ee zapustili Agim Ibraimi, Welle N\u2018Diaye, Amir Dervi\u0161evi\u0107 in Marko Jankovi\u0107. \u017deljko Filipovi\u0107 bo kariero nadaljeval v belgijskem Mechelenu, Jean-Philippe Mendy pa je tik pred selitvijo na Kitajsko. Francoskega napadalca \u010dakajo \u0161e zdravstveni pregledi, preden bo podpisal pogodbo s klubom Shijazhuang Ever Brighita.\u0160port","og_url":"https:\/\/hudo.com\/si\/aktualno\/nk-maribor-predstavil-prvo-okrepitev-v-ljudski-vrt-se-vraca-aleks-pihler\/","og_site_name":"Hudo Slovenija","article_publisher":"https:\/\/www.facebook.com\/hudo.si","article_published_time":"2016-06-21T11:45:00+00:00","article_modified_time":"2016-06-22T12:52:14+00:00","og_image":[{"width":450,"height":310,"url":"https:\/\/hudo.com\/si\/wp-content\/uploads\/sites\/2\/2016\/06\/3F4P9185_6_7_tonemapped_3-300.jpg","type":"image\/jpeg"}],"author":"hudo","twitter_card":"summary_large_image","twitter_creator":"@hudo_si","twitter_site":"@hudo_si","twitter_misc":{"Written by":"hudo","Est. reading time":"1 minuta"},"schema":{"@context":"https:\/\/schema.org","@graph":[{"@type":"Article","@id":"https:\/\/hudo.com\/si\/aktualno\/nk-maribor-predstavil-prvo-okrepitev-v-ljudski-vrt-se-vraca-aleks-pihler\/#article","isPartOf":{"@id":"https:\/\/hudo.com\/si\/aktualno\/nk-maribor-predstavil-prvo-okrepitev-v-ljudski-vrt-se-vraca-aleks-pihler\/"},"author":{"name":"hudo","@id":"https:\/\/hudo.com\/si\/#\/schema\/person\/601cf3379633985b20f7e50f2bb47707"},"headline":"NK Maribor predstavil prvo okrepitev: v Ljudski vrt se vra\u010da Aleks Pihler","datePublished":"2016-06-21T11:45:00+00:00","dateModified":"2016-06-22T12:52:14+00:00","mainEntityOfPage":{"@id":"https:\/\/hudo.com\/si\/aktualno\/nk-maribor-predstavil-prvo-okrepitev-v-ljudski-vrt-se-vraca-aleks-pihler\/"},"wordCount":294,"publisher":{"@id":"https:\/\/hudo.com\/si\/#organization"},"articleSection":["Aktualno"],"inLanguage":"sl-SI"},{"@type":"WebPage","@id":"https:\/\/hudo.com\/si\/aktualno\/nk-maribor-predstavil-prvo-okrepitev-v-ljudski-vrt-se-vraca-aleks-pihler\/","url":"https:\/\/hudo.com\/si\/aktualno\/nk-maribor-predstavil-prvo-okrepitev-v-ljudski-vrt-se-vraca-aleks-pihler\/","name":"NK Maribor predstavil prvo okrepitev: v Ljudski vrt se vra\u010da Aleks Pihler - Hudo Slovenija","isPartOf":{"@id":"https:\/\/hudo.com\/si\/#website"},"datePublished":"2016-06-21T11:45:00+00:00","dateModified":"2016-06-22T12:52:14+00:00","breadcrumb":{"@id":"https:\/\/hudo.com\/si\/aktualno\/nk-maribor-predstavil-prvo-okrepitev-v-ljudski-vrt-se-vraca-aleks-pihler\/#breadcrumb"},"inLanguage":"sl-SI","potentialAction":[{"@type":"ReadAction","target":["https:\/\/hudo.com\/si\/aktualno\/nk-maribor-predstavil-prvo-okrepitev-v-ljudski-vrt-se-vraca-aleks-pihler\/"]}]},{"@type":"BreadcrumbList","@id":"https:\/\/hudo.com\/si\/aktualno\/nk-maribor-predstavil-prvo-okrepitev-v-ljudski-vrt-se-vraca-aleks-pihler\/#breadcrumb","itemListElement":[{"@type":"ListItem","position":1,"name":"Home","item":"https:\/\/hudo.com\/si\/"},{"@type":"ListItem","position":2,"name":"NK Maribor predstavil prvo okrepitev: v Ljudski vrt se vra\u010da Aleks Pihler"}]},{"@type":"WebSite","@id":"https:\/\/hudo.com\/si\/#website","url":"https:\/\/hudo.com\/si\/","name":"Hudo Slovenija","description":"Vse novice iz Slovenije in sveta","publisher":{"@id":"https:\/\/hudo.com\/si\/#organization"},"potentialAction":[{"@type":"SearchAction","target":{"@type":"EntryPoint","urlTemplate":"https:\/\/hudo.com\/si\/?s={search_term_string}"},"query-input":"required name=search_term_string"}],"inLanguage":"sl-SI"},{"@type":"Organization","@id":"https:\/\/hudo.com\/si\/#organization","name":"VSN Media","url":"https:\/\/hudo.com\/si\/","logo":{"@type":"ImageObject","inLanguage":"sl-SI","@id":"https:\/\/hudo.com\/si\/#\/schema\/logo\/image\/","url":"https:\/\/hudo.com\/si\/wp-content\/uploads\/sites\/2\/2021\/03\/hudo-app-2.png","contentUrl":"https:\/\/hudo.com\/si\/wp-content\/uploads\/sites\/2\/2021\/03\/hudo-app-2.png","width":2185,"height":2167,"caption":"VSN Media"},"image":{"@id":"https:\/\/hudo.com\/si\/#\/schema\/logo\/image\/"},"sameAs":["https:\/\/www.facebook.com\/hudo.si","https:\/\/twitter.com\/hudo_si"]},{"@type":"Person","@id":"https:\/\/hudo.com\/si\/#\/schema\/person\/601cf3379633985b20f7e50f2bb47707","name":"hudo","image":{"@type":"ImageObject","inLanguage":"sl-SI","@id":"https:\/\/hudo.com\/si\/#\/schema\/person\/image\/","url":"https:\/\/secure.gravatar.com\/avatar\/c4ca25fa72cace7a696b52ff5db9e095?s=96&d=mm&r=g","contentUrl":"https:\/\/secure.gravatar.com\/avatar\/c4ca25fa72cace7a696b52ff5db9e095?s=96&d=mm&r=g","caption":"hudo"},"url":"https:\/\/hudo.com\/si\/author\/hudo\/"}]}},"amp_enabled":true,"_links":{"self":[{"href":"https:\/\/hudo.com\/si\/wp-json\/wp\/v2\/posts\/80016"}],"collection":[{"href":"https:\/\/hudo.com\/si\/wp-json\/wp\/v2\/posts"}],"about":[{"href":"https:\/\/hudo.com\/si\/wp-json\/wp\/v2\/types\/post"}],"author":[{"embeddable":true,"href":"https:\/\/hudo.com\/si\/wp-json\/wp\/v2\/users\/1"}],"replies":[{"embeddable":true,"href":"https:\/\/hudo.com\/si\/wp-json\/wp\/v2\/comments?post=80016"}],"version-history":[{"count":1,"href":"https:\/\/hudo.com\/si\/wp-json\/wp\/v2\/posts\/80016\/revisions"}],"predecessor-version":[{"id":80149,"href":"https:\/\/hudo.com\/si\/wp-json\/wp\/v2\/posts\/80016\/revisions\/80149"}],"wp:attachment":[{"href":"https:\/\/hudo.com\/si\/wp-json\/wp\/v2\/media?parent=80016"}],"wp:term":[{"taxonomy":"category","embeddable":true,"href":"https:\/\/hudo.com\/si\/wp-json\/wp\/v2\/categories?post=80016"},{"taxonomy":"post_tag","embeddable":true,"href":"https:\/\/hudo.com\/si\/wp-json\/wp\/v2\/tags?post=80016"},{"taxonomy":"source","embeddable":true,"href":"https:\/\/hudo.com\/si\/wp-json\/wp\/v2\/source?post=80016"},{"taxonomy":"supertag","embeddable":true,"href":"https:\/\/hudo.com\/si\/wp-json\/wp\/v2\/supertag?post=80016"}],"curies":[{"name":"wp","href":"https:\/\/api.w.org\/{rel}","templated":true}]}}