{"id":80020,"date":"2016-06-21T13:34:22","date_gmt":"2016-06-21T11:34:22","guid":{"rendered":"http:\/\/hudo.com\/si\/2016\/06\/21\/dobrodosli-v-poletje-prihaja-ze-prvi-vrocinski-val-letosnje-poletje-pa-bo\/"},"modified":"2016-06-22T14:52:18","modified_gmt":"2016-06-22T12:52:18","slug":"dobrodosli-v-poletje-prihaja-ze-prvi-vrocinski-val-letosnje-poletje-pa-bo","status":"publish","type":"post","link":"https:\/\/hudo.com\/si\/aktualno\/dobrodosli-v-poletje-prihaja-ze-prvi-vrocinski-val-letosnje-poletje-pa-bo\/","title":{"rendered":"Dobrodo\u0161li v poletje! Prihaja \u017ee prvi vro\u010dinski val, leto\u0161nje poletje pa bo \u2026"},"content":{"rendered":"<p>Nastopil je Son\u010dev obrat ali poletni solsticij, kar velja za za\u010detek astronomskega poletja. Zadnje dni je sicer zaznamovalo razmeroma hladno in de\u017eevno vreme, vendar nas po besedah Braneta Gregor\u010di\u010da iz agencije za okolje zdaj \u010dakajo lep\u0161i dnevi, ki bodo son\u010dni in toplej\u0161i. Poletje je torej pri\u0161lo skladno s koledarjem.\u00a0 Danes bodo temperature \u017ee podobne poletnim,<\/p>\n","protected":false},"excerpt":{"rendered":"<p>Nastopil je Son\u010dev obrat ali poletni solsticij, kar velja za za\u010detek astronomskega poletja. Zadnje dni je sicer zaznamovalo razmeroma hladno in de\u017eevno vreme, vendar nas po besedah Braneta Gregor\u010di\u010da iz agencije za okolje zdaj \u010dakajo lep\u0161i dnevi, ki bodo son\u010dni in toplej\u0161i. Poletje je torej pri\u0161lo skladno s koledarjem.\u00a0 Danes bodo temperature \u017ee podobne poletnim,<\/p>\n","protected":false},"author":1,"featured_media":0,"comment_status":"closed","ping_status":"closed","sticky":false,"template":"","format":"standard","meta":{"footnotes":""},"categories":[1179],"tags":[],"source":[1710],"supertag":[],"acf":[],"yoast_head":"<!-- This site is optimized with the Yoast SEO plugin v21.3 - https:\/\/yoast.com\/wordpress\/plugins\/seo\/ -->\n<title>Dobrodo\u0161li v poletje! Prihaja \u017ee prvi vro\u010dinski val, leto\u0161nje poletje pa bo \u2026 - Hudo Slovenija<\/title>\n<meta name=\"robots\" content=\"index, follow, max-snippet:-1, max-image-preview:large, max-video-preview:-1\" \/>\n<link rel=\"canonical\" href=\"https:\/\/hudo.com\/si\/aktualno\/dobrodosli-v-poletje-prihaja-ze-prvi-vrocinski-val-letosnje-poletje-pa-bo\/\" \/>\n<meta property=\"og:locale\" content=\"sl_SI\" \/>\n<meta property=\"og:type\" content=\"article\" \/>\n<meta property=\"og:title\" content=\"Dobrodo\u0161li v poletje! Prihaja \u017ee prvi vro\u010dinski val, leto\u0161nje poletje pa bo \u2026 - Hudo Slovenija\" \/>\n<meta property=\"og:description\" content=\"Nastopil je Son\u010dev obrat ali poletni solsticij, kar velja za za\u010detek astronomskega poletja. Zadnje dni je sicer zaznamovalo razmeroma hladno in de\u017eevno vreme, vendar nas po besedah Braneta Gregor\u010di\u010da iz agencije za okolje zdaj \u010dakajo lep\u0161i dnevi, ki bodo son\u010dni in toplej\u0161i. Poletje je torej pri\u0161lo skladno s koledarjem.\u00a0 Danes bodo temperature \u017ee podobne poletnim,\" \/>\n<meta property=\"og:url\" content=\"https:\/\/hudo.com\/si\/aktualno\/dobrodosli-v-poletje-prihaja-ze-prvi-vrocinski-val-letosnje-poletje-pa-bo\/\" \/>\n<meta property=\"og:site_name\" content=\"Hudo Slovenija\" \/>\n<meta property=\"article:publisher\" content=\"https:\/\/www.facebook.com\/hudo.si\" \/>\n<meta property=\"article:published_time\" content=\"2016-06-21T11:34:22+00:00\" \/>\n<meta property=\"article:modified_time\" content=\"2016-06-22T12:52:18+00:00\" \/>\n<meta property=\"og:image\" content=\"https:\/\/hudo.com\/si\/wp-content\/uploads\/sites\/2\/2016\/06\/dobrodosli-v-poletje-cakajo-nas-visoke-temperature-in-soncno-vreme-02.jpg\" \/>\n\t<meta property=\"og:image:width\" content=\"1280\" \/>\n\t<meta property=\"og:image:height\" content=\"853\" \/>\n\t<meta property=\"og:image:type\" content=\"image\/jpeg\" \/>\n<meta name=\"author\" content=\"hudo\" \/>\n<meta name=\"twitter:card\" content=\"summary_large_image\" \/>\n<meta name=\"twitter:creator\" content=\"@hudo_si\" \/>\n<meta name=\"twitter:site\" content=\"@hudo_si\" \/>\n<meta name=\"twitter:label1\" content=\"Written by\" \/>\n\t<meta name=\"twitter:data1\" content=\"hudo\" \/>\n<script type=\"application\/ld+json\" class=\"yoast-schema-graph\">{\"@context\":\"https:\/\/schema.org\",\"@graph\":[{\"@type\":\"Article\",\"@id\":\"https:\/\/hudo.com\/si\/aktualno\/dobrodosli-v-poletje-prihaja-ze-prvi-vrocinski-val-letosnje-poletje-pa-bo\/#article\",\"isPartOf\":{\"@id\":\"https:\/\/hudo.com\/si\/aktualno\/dobrodosli-v-poletje-prihaja-ze-prvi-vrocinski-val-letosnje-poletje-pa-bo\/\"},\"author\":{\"name\":\"hudo\",\"@id\":\"https:\/\/hudo.com\/si\/#\/schema\/person\/601cf3379633985b20f7e50f2bb47707\"},\"headline\":\"Dobrodo\u0161li v poletje! Prihaja \u017ee prvi vro\u010dinski val, leto\u0161nje poletje pa bo \u2026\",\"datePublished\":\"2016-06-21T11:34:22+00:00\",\"dateModified\":\"2016-06-22T12:52:18+00:00\",\"mainEntityOfPage\":{\"@id\":\"https:\/\/hudo.com\/si\/aktualno\/dobrodosli-v-poletje-prihaja-ze-prvi-vrocinski-val-letosnje-poletje-pa-bo\/\"},\"wordCount\":79,\"publisher\":{\"@id\":\"https:\/\/hudo.com\/si\/#organization\"},\"articleSection\":[\"Aktualno\"],\"inLanguage\":\"sl-SI\"},{\"@type\":\"WebPage\",\"@id\":\"https:\/\/hudo.com\/si\/aktualno\/dobrodosli-v-poletje-prihaja-ze-prvi-vrocinski-val-letosnje-poletje-pa-bo\/\",\"url\":\"https:\/\/hudo.com\/si\/aktualno\/dobrodosli-v-poletje-prihaja-ze-prvi-vrocinski-val-letosnje-poletje-pa-bo\/\",\"name\":\"Dobrodo\u0161li v poletje! Prihaja \u017ee prvi vro\u010dinski val, leto\u0161nje poletje pa bo \u2026 - Hudo Slovenija\",\"isPartOf\":{\"@id\":\"https:\/\/hudo.com\/si\/#website\"},\"datePublished\":\"2016-06-21T11:34:22+00:00\",\"dateModified\":\"2016-06-22T12:52:18+00:00\",\"breadcrumb\":{\"@id\":\"https:\/\/hudo.com\/si\/aktualno\/dobrodosli-v-poletje-prihaja-ze-prvi-vrocinski-val-letosnje-poletje-pa-bo\/#breadcrumb\"},\"inLanguage\":\"sl-SI\",\"potentialAction\":[{\"@type\":\"ReadAction\",\"target\":[\"https:\/\/hudo.com\/si\/aktualno\/dobrodosli-v-poletje-prihaja-ze-prvi-vrocinski-val-letosnje-poletje-pa-bo\/\"]}]},{\"@type\":\"BreadcrumbList\",\"@id\":\"https:\/\/hudo.com\/si\/aktualno\/dobrodosli-v-poletje-prihaja-ze-prvi-vrocinski-val-letosnje-poletje-pa-bo\/#breadcrumb\",\"itemListElement\":[{\"@type\":\"ListItem\",\"position\":1,\"name\":\"Home\",\"item\":\"https:\/\/hudo.com\/si\/\"},{\"@type\":\"ListItem\",\"position\":2,\"name\":\"Dobrodo\u0161li v poletje! Prihaja \u017ee prvi vro\u010dinski val, leto\u0161nje poletje pa bo \u2026\"}]},{\"@type\":\"WebSite\",\"@id\":\"https:\/\/hudo.com\/si\/#website\",\"url\":\"https:\/\/hudo.com\/si\/\",\"name\":\"Hudo Slovenija\",\"description\":\"Vse novice iz Slovenije in sveta\",\"publisher\":{\"@id\":\"https:\/\/hudo.com\/si\/#organization\"},\"potentialAction\":[{\"@type\":\"SearchAction\",\"target\":{\"@type\":\"EntryPoint\",\"urlTemplate\":\"https:\/\/hudo.com\/si\/?s={search_term_string}\"},\"query-input\":\"required name=search_term_string\"}],\"inLanguage\":\"sl-SI\"},{\"@type\":\"Organization\",\"@id\":\"https:\/\/hudo.com\/si\/#organization\",\"name\":\"VSN Media\",\"url\":\"https:\/\/hudo.com\/si\/\",\"logo\":{\"@type\":\"ImageObject\",\"inLanguage\":\"sl-SI\",\"@id\":\"https:\/\/hudo.com\/si\/#\/schema\/logo\/image\/\",\"url\":\"https:\/\/hudo.com\/si\/wp-content\/uploads\/sites\/2\/2021\/03\/hudo-app-2.png\",\"contentUrl\":\"https:\/\/hudo.com\/si\/wp-content\/uploads\/sites\/2\/2021\/03\/hudo-app-2.png\",\"width\":2185,\"height\":2167,\"caption\":\"VSN Media\"},\"image\":{\"@id\":\"https:\/\/hudo.com\/si\/#\/schema\/logo\/image\/\"},\"sameAs\":[\"https:\/\/www.facebook.com\/hudo.si\",\"https:\/\/twitter.com\/hudo_si\"]},{\"@type\":\"Person\",\"@id\":\"https:\/\/hudo.com\/si\/#\/schema\/person\/601cf3379633985b20f7e50f2bb47707\",\"name\":\"hudo\",\"image\":{\"@type\":\"ImageObject\",\"inLanguage\":\"sl-SI\",\"@id\":\"https:\/\/hudo.com\/si\/#\/schema\/person\/image\/\",\"url\":\"https:\/\/secure.gravatar.com\/avatar\/c4ca25fa72cace7a696b52ff5db9e095?s=96&d=mm&r=g\",\"contentUrl\":\"https:\/\/secure.gravatar.com\/avatar\/c4ca25fa72cace7a696b52ff5db9e095?s=96&d=mm&r=g\",\"caption\":\"hudo\"},\"url\":\"https:\/\/hudo.com\/si\/author\/hudo\/\"}]}<\/script>\n<!-- \/ Yoast SEO plugin. -->","yoast_head_json":{"title":"Dobrodo\u0161li v poletje! Prihaja \u017ee prvi vro\u010dinski val, leto\u0161nje poletje pa bo \u2026 - Hudo Slovenija","robots":{"index":"index","follow":"follow","max-snippet":"max-snippet:-1","max-image-preview":"max-image-preview:large","max-video-preview":"max-video-preview:-1"},"canonical":"https:\/\/hudo.com\/si\/aktualno\/dobrodosli-v-poletje-prihaja-ze-prvi-vrocinski-val-letosnje-poletje-pa-bo\/","og_locale":"sl_SI","og_type":"article","og_title":"Dobrodo\u0161li v poletje! Prihaja \u017ee prvi vro\u010dinski val, leto\u0161nje poletje pa bo \u2026 - Hudo Slovenija","og_description":"Nastopil je Son\u010dev obrat ali poletni solsticij, kar velja za za\u010detek astronomskega poletja. Zadnje dni je sicer zaznamovalo razmeroma hladno in de\u017eevno vreme, vendar nas po besedah Braneta Gregor\u010di\u010da iz agencije za okolje zdaj \u010dakajo lep\u0161i dnevi, ki bodo son\u010dni in toplej\u0161i. Poletje je torej pri\u0161lo skladno s koledarjem.\u00a0 Danes bodo temperature \u017ee podobne poletnim,","og_url":"https:\/\/hudo.com\/si\/aktualno\/dobrodosli-v-poletje-prihaja-ze-prvi-vrocinski-val-letosnje-poletje-pa-bo\/","og_site_name":"Hudo Slovenija","article_publisher":"https:\/\/www.facebook.com\/hudo.si","article_published_time":"2016-06-21T11:34:22+00:00","article_modified_time":"2016-06-22T12:52:18+00:00","og_image":[{"width":1280,"height":853,"url":"https:\/\/hudo.com\/si\/wp-content\/uploads\/sites\/2\/2016\/06\/dobrodosli-v-poletje-cakajo-nas-visoke-temperature-in-soncno-vreme-02.jpg","type":"image\/jpeg"}],"author":"hudo","twitter_card":"summary_large_image","twitter_creator":"@hudo_si","twitter_site":"@hudo_si","twitter_misc":{"Written by":"hudo"},"schema":{"@context":"https:\/\/schema.org","@graph":[{"@type":"Article","@id":"https:\/\/hudo.com\/si\/aktualno\/dobrodosli-v-poletje-prihaja-ze-prvi-vrocinski-val-letosnje-poletje-pa-bo\/#article","isPartOf":{"@id":"https:\/\/hudo.com\/si\/aktualno\/dobrodosli-v-poletje-prihaja-ze-prvi-vrocinski-val-letosnje-poletje-pa-bo\/"},"author":{"name":"hudo","@id":"https:\/\/hudo.com\/si\/#\/schema\/person\/601cf3379633985b20f7e50f2bb47707"},"headline":"Dobrodo\u0161li v poletje! Prihaja \u017ee prvi vro\u010dinski val, leto\u0161nje poletje pa bo \u2026","datePublished":"2016-06-21T11:34:22+00:00","dateModified":"2016-06-22T12:52:18+00:00","mainEntityOfPage":{"@id":"https:\/\/hudo.com\/si\/aktualno\/dobrodosli-v-poletje-prihaja-ze-prvi-vrocinski-val-letosnje-poletje-pa-bo\/"},"wordCount":79,"publisher":{"@id":"https:\/\/hudo.com\/si\/#organization"},"articleSection":["Aktualno"],"inLanguage":"sl-SI"},{"@type":"WebPage","@id":"https:\/\/hudo.com\/si\/aktualno\/dobrodosli-v-poletje-prihaja-ze-prvi-vrocinski-val-letosnje-poletje-pa-bo\/","url":"https:\/\/hudo.com\/si\/aktualno\/dobrodosli-v-poletje-prihaja-ze-prvi-vrocinski-val-letosnje-poletje-pa-bo\/","name":"Dobrodo\u0161li v poletje! Prihaja \u017ee prvi vro\u010dinski val, leto\u0161nje poletje pa bo \u2026 - Hudo Slovenija","isPartOf":{"@id":"https:\/\/hudo.com\/si\/#website"},"datePublished":"2016-06-21T11:34:22+00:00","dateModified":"2016-06-22T12:52:18+00:00","breadcrumb":{"@id":"https:\/\/hudo.com\/si\/aktualno\/dobrodosli-v-poletje-prihaja-ze-prvi-vrocinski-val-letosnje-poletje-pa-bo\/#breadcrumb"},"inLanguage":"sl-SI","potentialAction":[{"@type":"ReadAction","target":["https:\/\/hudo.com\/si\/aktualno\/dobrodosli-v-poletje-prihaja-ze-prvi-vrocinski-val-letosnje-poletje-pa-bo\/"]}]},{"@type":"BreadcrumbList","@id":"https:\/\/hudo.com\/si\/aktualno\/dobrodosli-v-poletje-prihaja-ze-prvi-vrocinski-val-letosnje-poletje-pa-bo\/#breadcrumb","itemListElement":[{"@type":"ListItem","position":1,"name":"Home","item":"https:\/\/hudo.com\/si\/"},{"@type":"ListItem","position":2,"name":"Dobrodo\u0161li v poletje! Prihaja \u017ee prvi vro\u010dinski val, leto\u0161nje poletje pa bo \u2026"}]},{"@type":"WebSite","@id":"https:\/\/hudo.com\/si\/#website","url":"https:\/\/hudo.com\/si\/","name":"Hudo Slovenija","description":"Vse novice iz Slovenije in sveta","publisher":{"@id":"https:\/\/hudo.com\/si\/#organization"},"potentialAction":[{"@type":"SearchAction","target":{"@type":"EntryPoint","urlTemplate":"https:\/\/hudo.com\/si\/?s={search_term_string}"},"query-input":"required name=search_term_string"}],"inLanguage":"sl-SI"},{"@type":"Organization","@id":"https:\/\/hudo.com\/si\/#organization","name":"VSN Media","url":"https:\/\/hudo.com\/si\/","logo":{"@type":"ImageObject","inLanguage":"sl-SI","@id":"https:\/\/hudo.com\/si\/#\/schema\/logo\/image\/","url":"https:\/\/hudo.com\/si\/wp-content\/uploads\/sites\/2\/2021\/03\/hudo-app-2.png","contentUrl":"https:\/\/hudo.com\/si\/wp-content\/uploads\/sites\/2\/2021\/03\/hudo-app-2.png","width":2185,"height":2167,"caption":"VSN Media"},"image":{"@id":"https:\/\/hudo.com\/si\/#\/schema\/logo\/image\/"},"sameAs":["https:\/\/www.facebook.com\/hudo.si","https:\/\/twitter.com\/hudo_si"]},{"@type":"Person","@id":"https:\/\/hudo.com\/si\/#\/schema\/person\/601cf3379633985b20f7e50f2bb47707","name":"hudo","image":{"@type":"ImageObject","inLanguage":"sl-SI","@id":"https:\/\/hudo.com\/si\/#\/schema\/person\/image\/","url":"https:\/\/secure.gravatar.com\/avatar\/c4ca25fa72cace7a696b52ff5db9e095?s=96&d=mm&r=g","contentUrl":"https:\/\/secure.gravatar.com\/avatar\/c4ca25fa72cace7a696b52ff5db9e095?s=96&d=mm&r=g","caption":"hudo"},"url":"https:\/\/hudo.com\/si\/author\/hudo\/"}]}},"amp_enabled":true,"_links":{"self":[{"href":"https:\/\/hudo.com\/si\/wp-json\/wp\/v2\/posts\/80020"}],"collection":[{"href":"https:\/\/hudo.com\/si\/wp-json\/wp\/v2\/posts"}],"about":[{"href":"https:\/\/hudo.com\/si\/wp-json\/wp\/v2\/types\/post"}],"author":[{"embeddable":true,"href":"https:\/\/hudo.com\/si\/wp-json\/wp\/v2\/users\/1"}],"replies":[{"embeddable":true,"href":"https:\/\/hudo.com\/si\/wp-json\/wp\/v2\/comments?post=80020"}],"version-history":[{"count":1,"href":"https:\/\/hudo.com\/si\/wp-json\/wp\/v2\/posts\/80020\/revisions"}],"predecessor-version":[{"id":80150,"href":"https:\/\/hudo.com\/si\/wp-json\/wp\/v2\/posts\/80020\/revisions\/80150"}],"wp:attachment":[{"href":"https:\/\/hudo.com\/si\/wp-json\/wp\/v2\/media?parent=80020"}],"wp:term":[{"taxonomy":"category","embeddable":true,"href":"https:\/\/hudo.com\/si\/wp-json\/wp\/v2\/categories?post=80020"},{"taxonomy":"post_tag","embeddable":true,"href":"https:\/\/hudo.com\/si\/wp-json\/wp\/v2\/tags?post=80020"},{"taxonomy":"source","embeddable":true,"href":"https:\/\/hudo.com\/si\/wp-json\/wp\/v2\/source?post=80020"},{"taxonomy":"supertag","embeddable":true,"href":"https:\/\/hudo.com\/si\/wp-json\/wp\/v2\/supertag?post=80020"}],"curies":[{"name":"wp","href":"https:\/\/api.w.org\/{rel}","templated":true}]}}