{"id":80154,"date":"2016-06-21T13:00:00","date_gmt":"2016-06-21T11:00:00","guid":{"rendered":"http:\/\/hudo.com\/si\/2016\/06\/21\/mleku-in-cepivu-je-zbogar-rekel-ne\/"},"modified":"2016-06-22T07:37:24","modified_gmt":"2016-06-22T05:37:24","slug":"mleku-in-cepivu-je-zbogar-rekel-ne","status":"publish","type":"post","link":"https:\/\/hudo.com\/si\/aktualno\/mleku-in-cepivu-je-zbogar-rekel-ne\/","title":{"rendered":"Mleku in cepivu je \u017dbogar rekel ne"},"content":{"rendered":"<p>Kategorija: Drugi \u0161porti Tue, 21 Jun 2016 15:00:00 +0200  Ljubljana \u2013 Deset let je starej\u0161i od vseh tekmecev, pravi \u00bbnono\u00ab , kot se \u0161ali sam, pa vseeno se Vasilij \u017dbogar v telesno izjemno zahtevnem razredu finn na OI ne bo dal kar tako ukaniti mlade\u017ei. Za njim so odli\u010dne priprave, po\u010duti se bolje kot marsikdaj prej, te dni pa se bo v Braziliji seznanjal \u0161e z zadnjimi podrobnostmi, ki ga \u010dakajo na njegovih \u010detrtih igrah. \u00bb\u010caka nas \u0161e zadnjih 20 dni priprav. Mislim, da nimam ve\u010d kaj veliko popravljati, morda moram le \u010dim bolje testirati to novo jadro za lahek veter, radi bi ga preizkusili \u0161e na regatnem polju. Sicer pa je vse nared. Vzdr\u017eevati moram to formo, ostati zdrav in nadaljevati brez po\u0161kodb. Ve\u010d ur bom na vodi, da dodatno spoznam polja, dobim \u0161e kak\u0161no informacijo ve\u010d, ki gotovo\u00a0&#8230;<\/p>\n","protected":false},"excerpt":{"rendered":"<p>Kategorija: Drugi \u0161porti Tue, 21 Jun 2016 15:00:00 +0200  Ljubljana \u2013 Deset let je starej\u0161i od vseh tekmecev, pravi \u00bbnono\u00ab , kot se \u0161ali sam, pa vseeno se Vasilij \u017dbogar v telesno izjemno zahtevnem razredu finn na OI ne bo dal kar tako ukaniti mlade\u017ei. Za njim so odli\u010dne priprave, po\u010duti se bolje kot marsikdaj prej, te dni pa se bo v Braziliji seznanjal \u0161e z zadnjimi podrobnostmi, ki ga \u010dakajo na njegovih \u010detrtih igrah. \u00bb\u010caka nas \u0161e zadnjih 20 dni priprav. Mislim, da nimam ve\u010d kaj veliko popravljati, morda moram le \u010dim bolje testirati to novo jadro za lahek veter, radi bi ga preizkusili \u0161e na regatnem polju. Sicer pa je vse nared. Vzdr\u017eevati moram to formo, ostati zdrav in nadaljevati brez po\u0161kodb. Ve\u010d ur bom na vodi, da dodatno spoznam polja, dobim \u0161e kak\u0161no informacijo ve\u010d, ki gotovo\u00a0&#8230;<\/p>\n","protected":false},"author":1,"featured_media":0,"comment_status":"closed","ping_status":"closed","sticky":false,"template":"","format":"standard","meta":{"footnotes":""},"categories":[1179],"tags":[],"source":[4511],"supertag":[],"acf":[],"yoast_head":"<!-- This site is optimized with the Yoast SEO plugin v21.3 - https:\/\/yoast.com\/wordpress\/plugins\/seo\/ -->\n<title>Mleku in cepivu je \u017dbogar rekel ne - Hudo Slovenija<\/title>\n<meta name=\"robots\" content=\"index, follow, max-snippet:-1, max-image-preview:large, max-video-preview:-1\" \/>\n<link rel=\"canonical\" href=\"https:\/\/hudo.com\/si\/aktualno\/mleku-in-cepivu-je-zbogar-rekel-ne\/\" \/>\n<meta property=\"og:locale\" content=\"sl_SI\" \/>\n<meta property=\"og:type\" content=\"article\" \/>\n<meta property=\"og:title\" content=\"Mleku in cepivu je \u017dbogar rekel ne - Hudo Slovenija\" \/>\n<meta property=\"og:description\" content=\"Kategorija: Drugi \u0161porti Tue, 21 Jun 2016 15:00:00 +0200 Ljubljana \u2013 Deset let je starej\u0161i od vseh tekmecev, pravi \u00bbnono\u00ab , kot se \u0161ali sam, pa vseeno se Vasilij \u017dbogar v telesno izjemno zahtevnem razredu finn na OI ne bo dal kar tako ukaniti mlade\u017ei. Za njim so odli\u010dne priprave, po\u010duti se bolje kot marsikdaj prej, te dni pa se bo v Braziliji seznanjal \u0161e z zadnjimi podrobnostmi, ki ga \u010dakajo na njegovih \u010detrtih igrah. \u00bb\u010caka nas \u0161e zadnjih 20 dni priprav. Mislim, da nimam ve\u010d kaj veliko popravljati, morda moram le \u010dim bolje testirati to novo jadro za lahek veter, radi bi ga preizkusili \u0161e na regatnem polju. Sicer pa je vse nared. Vzdr\u017eevati moram to formo, ostati zdrav in nadaljevati brez po\u0161kodb. Ve\u010d ur bom na vodi, da dodatno spoznam polja, dobim \u0161e kak\u0161no informacijo ve\u010d, ki gotovo\u00a0...\" \/>\n<meta property=\"og:url\" content=\"https:\/\/hudo.com\/si\/aktualno\/mleku-in-cepivu-je-zbogar-rekel-ne\/\" \/>\n<meta property=\"og:site_name\" content=\"Hudo Slovenija\" \/>\n<meta property=\"article:publisher\" content=\"https:\/\/www.facebook.com\/hudo.si\" \/>\n<meta property=\"article:published_time\" content=\"2016-06-21T11:00:00+00:00\" \/>\n<meta property=\"article:modified_time\" content=\"2016-06-22T05:37:24+00:00\" \/>\n<meta property=\"og:image\" content=\"https:\/\/hudo.com\/si\/wp-content\/uploads\/sites\/2\/2016\/06\/480x290_Sport__djvu_1794046_spelar__hires0.jpeg\" \/>\n\t<meta property=\"og:image:width\" content=\"480\" \/>\n\t<meta property=\"og:image:height\" content=\"290\" \/>\n\t<meta property=\"og:image:type\" content=\"image\/jpeg\" \/>\n<meta name=\"author\" content=\"hudo\" \/>\n<meta name=\"twitter:card\" content=\"summary_large_image\" \/>\n<meta name=\"twitter:creator\" content=\"@hudo_si\" \/>\n<meta name=\"twitter:site\" content=\"@hudo_si\" \/>\n<meta name=\"twitter:label1\" content=\"Written by\" \/>\n\t<meta name=\"twitter:data1\" content=\"hudo\" \/>\n\t<meta name=\"twitter:label2\" content=\"Est. reading time\" \/>\n\t<meta name=\"twitter:data2\" content=\"1 minuta\" \/>\n<script type=\"application\/ld+json\" class=\"yoast-schema-graph\">{\"@context\":\"https:\/\/schema.org\",\"@graph\":[{\"@type\":\"Article\",\"@id\":\"https:\/\/hudo.com\/si\/aktualno\/mleku-in-cepivu-je-zbogar-rekel-ne\/#article\",\"isPartOf\":{\"@id\":\"https:\/\/hudo.com\/si\/aktualno\/mleku-in-cepivu-je-zbogar-rekel-ne\/\"},\"author\":{\"name\":\"hudo\",\"@id\":\"https:\/\/hudo.com\/si\/#\/schema\/person\/601cf3379633985b20f7e50f2bb47707\"},\"headline\":\"Mleku in cepivu je \u017dbogar rekel ne\",\"datePublished\":\"2016-06-21T11:00:00+00:00\",\"dateModified\":\"2016-06-22T05:37:24+00:00\",\"mainEntityOfPage\":{\"@id\":\"https:\/\/hudo.com\/si\/aktualno\/mleku-in-cepivu-je-zbogar-rekel-ne\/\"},\"wordCount\":147,\"publisher\":{\"@id\":\"https:\/\/hudo.com\/si\/#organization\"},\"articleSection\":[\"Aktualno\"],\"inLanguage\":\"sl-SI\"},{\"@type\":\"WebPage\",\"@id\":\"https:\/\/hudo.com\/si\/aktualno\/mleku-in-cepivu-je-zbogar-rekel-ne\/\",\"url\":\"https:\/\/hudo.com\/si\/aktualno\/mleku-in-cepivu-je-zbogar-rekel-ne\/\",\"name\":\"Mleku in cepivu je \u017dbogar rekel ne - Hudo Slovenija\",\"isPartOf\":{\"@id\":\"https:\/\/hudo.com\/si\/#website\"},\"datePublished\":\"2016-06-21T11:00:00+00:00\",\"dateModified\":\"2016-06-22T05:37:24+00:00\",\"breadcrumb\":{\"@id\":\"https:\/\/hudo.com\/si\/aktualno\/mleku-in-cepivu-je-zbogar-rekel-ne\/#breadcrumb\"},\"inLanguage\":\"sl-SI\",\"potentialAction\":[{\"@type\":\"ReadAction\",\"target\":[\"https:\/\/hudo.com\/si\/aktualno\/mleku-in-cepivu-je-zbogar-rekel-ne\/\"]}]},{\"@type\":\"BreadcrumbList\",\"@id\":\"https:\/\/hudo.com\/si\/aktualno\/mleku-in-cepivu-je-zbogar-rekel-ne\/#breadcrumb\",\"itemListElement\":[{\"@type\":\"ListItem\",\"position\":1,\"name\":\"Home\",\"item\":\"https:\/\/hudo.com\/si\/\"},{\"@type\":\"ListItem\",\"position\":2,\"name\":\"Mleku in cepivu je \u017dbogar rekel ne\"}]},{\"@type\":\"WebSite\",\"@id\":\"https:\/\/hudo.com\/si\/#website\",\"url\":\"https:\/\/hudo.com\/si\/\",\"name\":\"Hudo Slovenija\",\"description\":\"Vse novice iz Slovenije in sveta\",\"publisher\":{\"@id\":\"https:\/\/hudo.com\/si\/#organization\"},\"potentialAction\":[{\"@type\":\"SearchAction\",\"target\":{\"@type\":\"EntryPoint\",\"urlTemplate\":\"https:\/\/hudo.com\/si\/?s={search_term_string}\"},\"query-input\":\"required name=search_term_string\"}],\"inLanguage\":\"sl-SI\"},{\"@type\":\"Organization\",\"@id\":\"https:\/\/hudo.com\/si\/#organization\",\"name\":\"VSN Media\",\"url\":\"https:\/\/hudo.com\/si\/\",\"logo\":{\"@type\":\"ImageObject\",\"inLanguage\":\"sl-SI\",\"@id\":\"https:\/\/hudo.com\/si\/#\/schema\/logo\/image\/\",\"url\":\"https:\/\/hudo.com\/si\/wp-content\/uploads\/sites\/2\/2021\/03\/hudo-app-2.png\",\"contentUrl\":\"https:\/\/hudo.com\/si\/wp-content\/uploads\/sites\/2\/2021\/03\/hudo-app-2.png\",\"width\":2185,\"height\":2167,\"caption\":\"VSN Media\"},\"image\":{\"@id\":\"https:\/\/hudo.com\/si\/#\/schema\/logo\/image\/\"},\"sameAs\":[\"https:\/\/www.facebook.com\/hudo.si\",\"https:\/\/twitter.com\/hudo_si\"]},{\"@type\":\"Person\",\"@id\":\"https:\/\/hudo.com\/si\/#\/schema\/person\/601cf3379633985b20f7e50f2bb47707\",\"name\":\"hudo\",\"image\":{\"@type\":\"ImageObject\",\"inLanguage\":\"sl-SI\",\"@id\":\"https:\/\/hudo.com\/si\/#\/schema\/person\/image\/\",\"url\":\"https:\/\/secure.gravatar.com\/avatar\/c4ca25fa72cace7a696b52ff5db9e095?s=96&d=mm&r=g\",\"contentUrl\":\"https:\/\/secure.gravatar.com\/avatar\/c4ca25fa72cace7a696b52ff5db9e095?s=96&d=mm&r=g\",\"caption\":\"hudo\"},\"url\":\"https:\/\/hudo.com\/si\/author\/hudo\/\"}]}<\/script>\n<!-- \/ Yoast SEO plugin. -->","yoast_head_json":{"title":"Mleku in cepivu je \u017dbogar rekel ne - Hudo Slovenija","robots":{"index":"index","follow":"follow","max-snippet":"max-snippet:-1","max-image-preview":"max-image-preview:large","max-video-preview":"max-video-preview:-1"},"canonical":"https:\/\/hudo.com\/si\/aktualno\/mleku-in-cepivu-je-zbogar-rekel-ne\/","og_locale":"sl_SI","og_type":"article","og_title":"Mleku in cepivu je \u017dbogar rekel ne - Hudo Slovenija","og_description":"Kategorija: Drugi \u0161porti Tue, 21 Jun 2016 15:00:00 +0200 Ljubljana \u2013 Deset let je starej\u0161i od vseh tekmecev, pravi \u00bbnono\u00ab , kot se \u0161ali sam, pa vseeno se Vasilij \u017dbogar v telesno izjemno zahtevnem razredu finn na OI ne bo dal kar tako ukaniti mlade\u017ei. Za njim so odli\u010dne priprave, po\u010duti se bolje kot marsikdaj prej, te dni pa se bo v Braziliji seznanjal \u0161e z zadnjimi podrobnostmi, ki ga \u010dakajo na njegovih \u010detrtih igrah. \u00bb\u010caka nas \u0161e zadnjih 20 dni priprav. Mislim, da nimam ve\u010d kaj veliko popravljati, morda moram le \u010dim bolje testirati to novo jadro za lahek veter, radi bi ga preizkusili \u0161e na regatnem polju. Sicer pa je vse nared. Vzdr\u017eevati moram to formo, ostati zdrav in nadaljevati brez po\u0161kodb. Ve\u010d ur bom na vodi, da dodatno spoznam polja, dobim \u0161e kak\u0161no informacijo ve\u010d, ki gotovo\u00a0...","og_url":"https:\/\/hudo.com\/si\/aktualno\/mleku-in-cepivu-je-zbogar-rekel-ne\/","og_site_name":"Hudo Slovenija","article_publisher":"https:\/\/www.facebook.com\/hudo.si","article_published_time":"2016-06-21T11:00:00+00:00","article_modified_time":"2016-06-22T05:37:24+00:00","og_image":[{"width":480,"height":290,"url":"https:\/\/hudo.com\/si\/wp-content\/uploads\/sites\/2\/2016\/06\/480x290_Sport__djvu_1794046_spelar__hires0.jpeg","type":"image\/jpeg"}],"author":"hudo","twitter_card":"summary_large_image","twitter_creator":"@hudo_si","twitter_site":"@hudo_si","twitter_misc":{"Written by":"hudo","Est. reading time":"1 minuta"},"schema":{"@context":"https:\/\/schema.org","@graph":[{"@type":"Article","@id":"https:\/\/hudo.com\/si\/aktualno\/mleku-in-cepivu-je-zbogar-rekel-ne\/#article","isPartOf":{"@id":"https:\/\/hudo.com\/si\/aktualno\/mleku-in-cepivu-je-zbogar-rekel-ne\/"},"author":{"name":"hudo","@id":"https:\/\/hudo.com\/si\/#\/schema\/person\/601cf3379633985b20f7e50f2bb47707"},"headline":"Mleku in cepivu je \u017dbogar rekel ne","datePublished":"2016-06-21T11:00:00+00:00","dateModified":"2016-06-22T05:37:24+00:00","mainEntityOfPage":{"@id":"https:\/\/hudo.com\/si\/aktualno\/mleku-in-cepivu-je-zbogar-rekel-ne\/"},"wordCount":147,"publisher":{"@id":"https:\/\/hudo.com\/si\/#organization"},"articleSection":["Aktualno"],"inLanguage":"sl-SI"},{"@type":"WebPage","@id":"https:\/\/hudo.com\/si\/aktualno\/mleku-in-cepivu-je-zbogar-rekel-ne\/","url":"https:\/\/hudo.com\/si\/aktualno\/mleku-in-cepivu-je-zbogar-rekel-ne\/","name":"Mleku in cepivu je \u017dbogar rekel ne - Hudo Slovenija","isPartOf":{"@id":"https:\/\/hudo.com\/si\/#website"},"datePublished":"2016-06-21T11:00:00+00:00","dateModified":"2016-06-22T05:37:24+00:00","breadcrumb":{"@id":"https:\/\/hudo.com\/si\/aktualno\/mleku-in-cepivu-je-zbogar-rekel-ne\/#breadcrumb"},"inLanguage":"sl-SI","potentialAction":[{"@type":"ReadAction","target":["https:\/\/hudo.com\/si\/aktualno\/mleku-in-cepivu-je-zbogar-rekel-ne\/"]}]},{"@type":"BreadcrumbList","@id":"https:\/\/hudo.com\/si\/aktualno\/mleku-in-cepivu-je-zbogar-rekel-ne\/#breadcrumb","itemListElement":[{"@type":"ListItem","position":1,"name":"Home","item":"https:\/\/hudo.com\/si\/"},{"@type":"ListItem","position":2,"name":"Mleku in cepivu je \u017dbogar rekel ne"}]},{"@type":"WebSite","@id":"https:\/\/hudo.com\/si\/#website","url":"https:\/\/hudo.com\/si\/","name":"Hudo Slovenija","description":"Vse novice iz Slovenije in sveta","publisher":{"@id":"https:\/\/hudo.com\/si\/#organization"},"potentialAction":[{"@type":"SearchAction","target":{"@type":"EntryPoint","urlTemplate":"https:\/\/hudo.com\/si\/?s={search_term_string}"},"query-input":"required name=search_term_string"}],"inLanguage":"sl-SI"},{"@type":"Organization","@id":"https:\/\/hudo.com\/si\/#organization","name":"VSN Media","url":"https:\/\/hudo.com\/si\/","logo":{"@type":"ImageObject","inLanguage":"sl-SI","@id":"https:\/\/hudo.com\/si\/#\/schema\/logo\/image\/","url":"https:\/\/hudo.com\/si\/wp-content\/uploads\/sites\/2\/2021\/03\/hudo-app-2.png","contentUrl":"https:\/\/hudo.com\/si\/wp-content\/uploads\/sites\/2\/2021\/03\/hudo-app-2.png","width":2185,"height":2167,"caption":"VSN Media"},"image":{"@id":"https:\/\/hudo.com\/si\/#\/schema\/logo\/image\/"},"sameAs":["https:\/\/www.facebook.com\/hudo.si","https:\/\/twitter.com\/hudo_si"]},{"@type":"Person","@id":"https:\/\/hudo.com\/si\/#\/schema\/person\/601cf3379633985b20f7e50f2bb47707","name":"hudo","image":{"@type":"ImageObject","inLanguage":"sl-SI","@id":"https:\/\/hudo.com\/si\/#\/schema\/person\/image\/","url":"https:\/\/secure.gravatar.com\/avatar\/c4ca25fa72cace7a696b52ff5db9e095?s=96&d=mm&r=g","contentUrl":"https:\/\/secure.gravatar.com\/avatar\/c4ca25fa72cace7a696b52ff5db9e095?s=96&d=mm&r=g","caption":"hudo"},"url":"https:\/\/hudo.com\/si\/author\/hudo\/"}]}},"amp_enabled":true,"_links":{"self":[{"href":"https:\/\/hudo.com\/si\/wp-json\/wp\/v2\/posts\/80154"}],"collection":[{"href":"https:\/\/hudo.com\/si\/wp-json\/wp\/v2\/posts"}],"about":[{"href":"https:\/\/hudo.com\/si\/wp-json\/wp\/v2\/types\/post"}],"author":[{"embeddable":true,"href":"https:\/\/hudo.com\/si\/wp-json\/wp\/v2\/users\/1"}],"replies":[{"embeddable":true,"href":"https:\/\/hudo.com\/si\/wp-json\/wp\/v2\/comments?post=80154"}],"version-history":[{"count":1,"href":"https:\/\/hudo.com\/si\/wp-json\/wp\/v2\/posts\/80154\/revisions"}],"predecessor-version":[{"id":80248,"href":"https:\/\/hudo.com\/si\/wp-json\/wp\/v2\/posts\/80154\/revisions\/80248"}],"wp:attachment":[{"href":"https:\/\/hudo.com\/si\/wp-json\/wp\/v2\/media?parent=80154"}],"wp:term":[{"taxonomy":"category","embeddable":true,"href":"https:\/\/hudo.com\/si\/wp-json\/wp\/v2\/categories?post=80154"},{"taxonomy":"post_tag","embeddable":true,"href":"https:\/\/hudo.com\/si\/wp-json\/wp\/v2\/tags?post=80154"},{"taxonomy":"source","embeddable":true,"href":"https:\/\/hudo.com\/si\/wp-json\/wp\/v2\/source?post=80154"},{"taxonomy":"supertag","embeddable":true,"href":"https:\/\/hudo.com\/si\/wp-json\/wp\/v2\/supertag?post=80154"}],"curies":[{"name":"wp","href":"https:\/\/api.w.org\/{rel}","templated":true}]}}