{"id":81181,"date":"2016-06-23T12:00:00","date_gmt":"2016-06-23T10:00:00","guid":{"rendered":"http:\/\/hudo.com\/si\/2016\/06\/23\/wolfgang-schussel-svet-je-bistveno-bolj-raznolik-a-tudi-bolj-zapleten\/"},"modified":"2016-06-23T12:00:00","modified_gmt":"2016-06-23T10:00:00","slug":"wolfgang-schussel-svet-je-bistveno-bolj-raznolik-a-tudi-bolj-zapleten","status":"publish","type":"post","link":"https:\/\/hudo.com\/si\/aktualno\/wolfgang-schussel-svet-je-bistveno-bolj-raznolik-a-tudi-bolj-zapleten\/","title":{"rendered":"Wolfgang Sch\u00fcssel: Svet je bistveno bolj raznolik, a tudi bolj zapleten"},"content":{"rendered":"<p>Kategorija: Politika Thu, 23 Jun 2016 14:00:00 +0200  Spremembe, ki jih Srednja Evropa do\u017eivlja v zadnjem \u010dasu, so po mnenju nekdanjega avstrijskega kanclerja odsev policentri\u010dnega sveta, v katerem \u017eivimo in v katerem Zahod ni ve\u010d edini ideal. Slovenijo \u0161e vedno dojema kot najuspe\u0161nej\u0161o izmed novih \u010dlanic EU. Konec tedna bo slovenska dr\u017eava obele\u017eila 25. obletnico samostojnosti. V ta namen je pred dnevi v Ljubljani potekala mednarodna konferenca z naslovom Slovenija in Srednja Evropa 25 let kasneje, ki sta jo organizirala gibanje Fokus 2031 in center Wilfrieda Martensa za evropske \u0161tudije. Na njej je nastopilo ve\u010d uglednih gostov, tudi Wolfgang Sch\u00fcssel, avstrijski kancler v letih 2000\u20132007, ki je v intervjuju za Delo komentiral razvoj regije po padcu \u017eelezne zaveze. Dotaknil se je tudi aktualnih vpra\u0161anj, povezanih s prihodnostjo evropskega projekta. Kaj je pred 25 leti najbolj definiralo srednjeevropski prostor?\u00a0&#8230;<\/p>\n","protected":false},"excerpt":{"rendered":"<p>Kategorija: Politika Thu, 23 Jun 2016 14:00:00 +0200  Spremembe, ki jih Srednja Evropa do\u017eivlja v zadnjem \u010dasu, so po mnenju nekdanjega avstrijskega kanclerja odsev policentri\u010dnega sveta, v katerem \u017eivimo in v katerem Zahod ni ve\u010d edini ideal. Slovenijo \u0161e vedno dojema kot najuspe\u0161nej\u0161o izmed novih \u010dlanic EU. Konec tedna bo slovenska dr\u017eava obele\u017eila 25. obletnico samostojnosti. V ta namen je pred dnevi v Ljubljani potekala mednarodna konferenca z naslovom Slovenija in Srednja Evropa 25 let kasneje, ki sta jo organizirala gibanje Fokus 2031 in center Wilfrieda Martensa za evropske \u0161tudije. Na njej je nastopilo ve\u010d uglednih gostov, tudi Wolfgang Sch\u00fcssel, avstrijski kancler v letih 2000\u20132007, ki je v intervjuju za Delo komentiral razvoj regije po padcu \u017eelezne zaveze. Dotaknil se je tudi aktualnih vpra\u0161anj, povezanih s prihodnostjo evropskega projekta. Kaj je pred 25 leti najbolj definiralo srednjeevropski prostor?\u00a0&#8230;<\/p>\n","protected":false},"author":1,"featured_media":0,"comment_status":"closed","ping_status":"closed","sticky":false,"template":"","format":"standard","meta":{"footnotes":""},"categories":[1179],"tags":[],"source":[4511],"supertag":[],"acf":[],"yoast_head":"<!-- This site is optimized with the Yoast SEO plugin v21.3 - https:\/\/yoast.com\/wordpress\/plugins\/seo\/ -->\n<title>Wolfgang Sch\u00fcssel: Svet je bistveno bolj raznolik, a tudi bolj zapleten - Hudo Slovenija<\/title>\n<meta name=\"robots\" content=\"index, follow, max-snippet:-1, max-image-preview:large, max-video-preview:-1\" \/>\n<link rel=\"canonical\" href=\"https:\/\/hudo.com\/si\/aktualno\/wolfgang-schussel-svet-je-bistveno-bolj-raznolik-a-tudi-bolj-zapleten\/\" \/>\n<meta property=\"og:locale\" content=\"sl_SI\" \/>\n<meta property=\"og:type\" content=\"article\" \/>\n<meta property=\"og:title\" content=\"Wolfgang Sch\u00fcssel: Svet je bistveno bolj raznolik, a tudi bolj zapleten - Hudo Slovenija\" \/>\n<meta property=\"og:description\" content=\"Kategorija: Politika Thu, 23 Jun 2016 14:00:00 +0200 Spremembe, ki jih Srednja Evropa do\u017eivlja v zadnjem \u010dasu, so po mnenju nekdanjega avstrijskega kanclerja odsev policentri\u010dnega sveta, v katerem \u017eivimo in v katerem Zahod ni ve\u010d edini ideal. Slovenijo \u0161e vedno dojema kot najuspe\u0161nej\u0161o izmed novih \u010dlanic EU. Konec tedna bo slovenska dr\u017eava obele\u017eila 25. obletnico samostojnosti. V ta namen je pred dnevi v Ljubljani potekala mednarodna konferenca z naslovom Slovenija in Srednja Evropa 25 let kasneje, ki sta jo organizirala gibanje Fokus 2031 in center Wilfrieda Martensa za evropske \u0161tudije. Na njej je nastopilo ve\u010d uglednih gostov, tudi Wolfgang Sch\u00fcssel, avstrijski kancler v letih 2000\u20132007, ki je v intervjuju za Delo komentiral razvoj regije po padcu \u017eelezne zaveze. Dotaknil se je tudi aktualnih vpra\u0161anj, povezanih s prihodnostjo evropskega projekta. Kaj je pred 25 leti najbolj definiralo srednjeevropski prostor?\u00a0...\" \/>\n<meta property=\"og:url\" content=\"https:\/\/hudo.com\/si\/aktualno\/wolfgang-schussel-svet-je-bistveno-bolj-raznolik-a-tudi-bolj-zapleten\/\" \/>\n<meta property=\"og:site_name\" content=\"Hudo Slovenija\" \/>\n<meta property=\"article:publisher\" content=\"https:\/\/www.facebook.com\/hudo.si\" \/>\n<meta property=\"article:published_time\" content=\"2016-06-23T10:00:00+00:00\" \/>\n<meta property=\"og:image\" content=\"https:\/\/hudo.com\/si\/wp-content\/uploads\/sites\/2\/2016\/06\/480x290_Delo_Foto-20160620142642-89746900.jpeg\" \/>\n\t<meta property=\"og:image:width\" content=\"480\" \/>\n\t<meta property=\"og:image:height\" content=\"290\" \/>\n\t<meta property=\"og:image:type\" content=\"image\/jpeg\" \/>\n<meta name=\"author\" content=\"hudo\" \/>\n<meta name=\"twitter:card\" content=\"summary_large_image\" \/>\n<meta name=\"twitter:creator\" content=\"@hudo_si\" \/>\n<meta name=\"twitter:site\" content=\"@hudo_si\" \/>\n<meta name=\"twitter:label1\" content=\"Written by\" \/>\n\t<meta name=\"twitter:data1\" content=\"hudo\" \/>\n\t<meta name=\"twitter:label2\" content=\"Est. reading time\" \/>\n\t<meta name=\"twitter:data2\" content=\"1 minuta\" \/>\n<script type=\"application\/ld+json\" class=\"yoast-schema-graph\">{\"@context\":\"https:\/\/schema.org\",\"@graph\":[{\"@type\":\"Article\",\"@id\":\"https:\/\/hudo.com\/si\/aktualno\/wolfgang-schussel-svet-je-bistveno-bolj-raznolik-a-tudi-bolj-zapleten\/#article\",\"isPartOf\":{\"@id\":\"https:\/\/hudo.com\/si\/aktualno\/wolfgang-schussel-svet-je-bistveno-bolj-raznolik-a-tudi-bolj-zapleten\/\"},\"author\":{\"name\":\"hudo\",\"@id\":\"https:\/\/hudo.com\/si\/#\/schema\/person\/601cf3379633985b20f7e50f2bb47707\"},\"headline\":\"Wolfgang Sch\u00fcssel: Svet je bistveno bolj raznolik, a tudi bolj zapleten\",\"datePublished\":\"2016-06-23T10:00:00+00:00\",\"dateModified\":\"2016-06-23T10:00:00+00:00\",\"mainEntityOfPage\":{\"@id\":\"https:\/\/hudo.com\/si\/aktualno\/wolfgang-schussel-svet-je-bistveno-bolj-raznolik-a-tudi-bolj-zapleten\/\"},\"wordCount\":149,\"publisher\":{\"@id\":\"https:\/\/hudo.com\/si\/#organization\"},\"articleSection\":[\"Aktualno\"],\"inLanguage\":\"sl-SI\"},{\"@type\":\"WebPage\",\"@id\":\"https:\/\/hudo.com\/si\/aktualno\/wolfgang-schussel-svet-je-bistveno-bolj-raznolik-a-tudi-bolj-zapleten\/\",\"url\":\"https:\/\/hudo.com\/si\/aktualno\/wolfgang-schussel-svet-je-bistveno-bolj-raznolik-a-tudi-bolj-zapleten\/\",\"name\":\"Wolfgang Sch\u00fcssel: Svet je bistveno bolj raznolik, a tudi bolj zapleten - Hudo Slovenija\",\"isPartOf\":{\"@id\":\"https:\/\/hudo.com\/si\/#website\"},\"datePublished\":\"2016-06-23T10:00:00+00:00\",\"dateModified\":\"2016-06-23T10:00:00+00:00\",\"breadcrumb\":{\"@id\":\"https:\/\/hudo.com\/si\/aktualno\/wolfgang-schussel-svet-je-bistveno-bolj-raznolik-a-tudi-bolj-zapleten\/#breadcrumb\"},\"inLanguage\":\"sl-SI\",\"potentialAction\":[{\"@type\":\"ReadAction\",\"target\":[\"https:\/\/hudo.com\/si\/aktualno\/wolfgang-schussel-svet-je-bistveno-bolj-raznolik-a-tudi-bolj-zapleten\/\"]}]},{\"@type\":\"BreadcrumbList\",\"@id\":\"https:\/\/hudo.com\/si\/aktualno\/wolfgang-schussel-svet-je-bistveno-bolj-raznolik-a-tudi-bolj-zapleten\/#breadcrumb\",\"itemListElement\":[{\"@type\":\"ListItem\",\"position\":1,\"name\":\"Home\",\"item\":\"https:\/\/hudo.com\/si\/\"},{\"@type\":\"ListItem\",\"position\":2,\"name\":\"Wolfgang Sch\u00fcssel: Svet je bistveno bolj raznolik, a tudi bolj zapleten\"}]},{\"@type\":\"WebSite\",\"@id\":\"https:\/\/hudo.com\/si\/#website\",\"url\":\"https:\/\/hudo.com\/si\/\",\"name\":\"Hudo Slovenija\",\"description\":\"Vse novice iz Slovenije in sveta\",\"publisher\":{\"@id\":\"https:\/\/hudo.com\/si\/#organization\"},\"potentialAction\":[{\"@type\":\"SearchAction\",\"target\":{\"@type\":\"EntryPoint\",\"urlTemplate\":\"https:\/\/hudo.com\/si\/?s={search_term_string}\"},\"query-input\":\"required name=search_term_string\"}],\"inLanguage\":\"sl-SI\"},{\"@type\":\"Organization\",\"@id\":\"https:\/\/hudo.com\/si\/#organization\",\"name\":\"VSN Media\",\"url\":\"https:\/\/hudo.com\/si\/\",\"logo\":{\"@type\":\"ImageObject\",\"inLanguage\":\"sl-SI\",\"@id\":\"https:\/\/hudo.com\/si\/#\/schema\/logo\/image\/\",\"url\":\"https:\/\/hudo.com\/si\/wp-content\/uploads\/sites\/2\/2021\/03\/hudo-app-2.png\",\"contentUrl\":\"https:\/\/hudo.com\/si\/wp-content\/uploads\/sites\/2\/2021\/03\/hudo-app-2.png\",\"width\":2185,\"height\":2167,\"caption\":\"VSN Media\"},\"image\":{\"@id\":\"https:\/\/hudo.com\/si\/#\/schema\/logo\/image\/\"},\"sameAs\":[\"https:\/\/www.facebook.com\/hudo.si\",\"https:\/\/twitter.com\/hudo_si\"]},{\"@type\":\"Person\",\"@id\":\"https:\/\/hudo.com\/si\/#\/schema\/person\/601cf3379633985b20f7e50f2bb47707\",\"name\":\"hudo\",\"image\":{\"@type\":\"ImageObject\",\"inLanguage\":\"sl-SI\",\"@id\":\"https:\/\/hudo.com\/si\/#\/schema\/person\/image\/\",\"url\":\"https:\/\/secure.gravatar.com\/avatar\/c4ca25fa72cace7a696b52ff5db9e095?s=96&d=mm&r=g\",\"contentUrl\":\"https:\/\/secure.gravatar.com\/avatar\/c4ca25fa72cace7a696b52ff5db9e095?s=96&d=mm&r=g\",\"caption\":\"hudo\"},\"url\":\"https:\/\/hudo.com\/si\/author\/hudo\/\"}]}<\/script>\n<!-- \/ Yoast SEO plugin. -->","yoast_head_json":{"title":"Wolfgang Sch\u00fcssel: Svet je bistveno bolj raznolik, a tudi bolj zapleten - Hudo Slovenija","robots":{"index":"index","follow":"follow","max-snippet":"max-snippet:-1","max-image-preview":"max-image-preview:large","max-video-preview":"max-video-preview:-1"},"canonical":"https:\/\/hudo.com\/si\/aktualno\/wolfgang-schussel-svet-je-bistveno-bolj-raznolik-a-tudi-bolj-zapleten\/","og_locale":"sl_SI","og_type":"article","og_title":"Wolfgang Sch\u00fcssel: Svet je bistveno bolj raznolik, a tudi bolj zapleten - Hudo Slovenija","og_description":"Kategorija: Politika Thu, 23 Jun 2016 14:00:00 +0200 Spremembe, ki jih Srednja Evropa do\u017eivlja v zadnjem \u010dasu, so po mnenju nekdanjega avstrijskega kanclerja odsev policentri\u010dnega sveta, v katerem \u017eivimo in v katerem Zahod ni ve\u010d edini ideal. Slovenijo \u0161e vedno dojema kot najuspe\u0161nej\u0161o izmed novih \u010dlanic EU. Konec tedna bo slovenska dr\u017eava obele\u017eila 25. obletnico samostojnosti. V ta namen je pred dnevi v Ljubljani potekala mednarodna konferenca z naslovom Slovenija in Srednja Evropa 25 let kasneje, ki sta jo organizirala gibanje Fokus 2031 in center Wilfrieda Martensa za evropske \u0161tudije. Na njej je nastopilo ve\u010d uglednih gostov, tudi Wolfgang Sch\u00fcssel, avstrijski kancler v letih 2000\u20132007, ki je v intervjuju za Delo komentiral razvoj regije po padcu \u017eelezne zaveze. Dotaknil se je tudi aktualnih vpra\u0161anj, povezanih s prihodnostjo evropskega projekta. Kaj je pred 25 leti najbolj definiralo srednjeevropski prostor?\u00a0...","og_url":"https:\/\/hudo.com\/si\/aktualno\/wolfgang-schussel-svet-je-bistveno-bolj-raznolik-a-tudi-bolj-zapleten\/","og_site_name":"Hudo Slovenija","article_publisher":"https:\/\/www.facebook.com\/hudo.si","article_published_time":"2016-06-23T10:00:00+00:00","og_image":[{"width":480,"height":290,"url":"https:\/\/hudo.com\/si\/wp-content\/uploads\/sites\/2\/2016\/06\/480x290_Delo_Foto-20160620142642-89746900.jpeg","type":"image\/jpeg"}],"author":"hudo","twitter_card":"summary_large_image","twitter_creator":"@hudo_si","twitter_site":"@hudo_si","twitter_misc":{"Written by":"hudo","Est. reading time":"1 minuta"},"schema":{"@context":"https:\/\/schema.org","@graph":[{"@type":"Article","@id":"https:\/\/hudo.com\/si\/aktualno\/wolfgang-schussel-svet-je-bistveno-bolj-raznolik-a-tudi-bolj-zapleten\/#article","isPartOf":{"@id":"https:\/\/hudo.com\/si\/aktualno\/wolfgang-schussel-svet-je-bistveno-bolj-raznolik-a-tudi-bolj-zapleten\/"},"author":{"name":"hudo","@id":"https:\/\/hudo.com\/si\/#\/schema\/person\/601cf3379633985b20f7e50f2bb47707"},"headline":"Wolfgang Sch\u00fcssel: Svet je bistveno bolj raznolik, a tudi bolj zapleten","datePublished":"2016-06-23T10:00:00+00:00","dateModified":"2016-06-23T10:00:00+00:00","mainEntityOfPage":{"@id":"https:\/\/hudo.com\/si\/aktualno\/wolfgang-schussel-svet-je-bistveno-bolj-raznolik-a-tudi-bolj-zapleten\/"},"wordCount":149,"publisher":{"@id":"https:\/\/hudo.com\/si\/#organization"},"articleSection":["Aktualno"],"inLanguage":"sl-SI"},{"@type":"WebPage","@id":"https:\/\/hudo.com\/si\/aktualno\/wolfgang-schussel-svet-je-bistveno-bolj-raznolik-a-tudi-bolj-zapleten\/","url":"https:\/\/hudo.com\/si\/aktualno\/wolfgang-schussel-svet-je-bistveno-bolj-raznolik-a-tudi-bolj-zapleten\/","name":"Wolfgang Sch\u00fcssel: Svet je bistveno bolj raznolik, a tudi bolj zapleten - Hudo Slovenija","isPartOf":{"@id":"https:\/\/hudo.com\/si\/#website"},"datePublished":"2016-06-23T10:00:00+00:00","dateModified":"2016-06-23T10:00:00+00:00","breadcrumb":{"@id":"https:\/\/hudo.com\/si\/aktualno\/wolfgang-schussel-svet-je-bistveno-bolj-raznolik-a-tudi-bolj-zapleten\/#breadcrumb"},"inLanguage":"sl-SI","potentialAction":[{"@type":"ReadAction","target":["https:\/\/hudo.com\/si\/aktualno\/wolfgang-schussel-svet-je-bistveno-bolj-raznolik-a-tudi-bolj-zapleten\/"]}]},{"@type":"BreadcrumbList","@id":"https:\/\/hudo.com\/si\/aktualno\/wolfgang-schussel-svet-je-bistveno-bolj-raznolik-a-tudi-bolj-zapleten\/#breadcrumb","itemListElement":[{"@type":"ListItem","position":1,"name":"Home","item":"https:\/\/hudo.com\/si\/"},{"@type":"ListItem","position":2,"name":"Wolfgang Sch\u00fcssel: Svet je bistveno bolj raznolik, a tudi bolj zapleten"}]},{"@type":"WebSite","@id":"https:\/\/hudo.com\/si\/#website","url":"https:\/\/hudo.com\/si\/","name":"Hudo Slovenija","description":"Vse novice iz Slovenije in sveta","publisher":{"@id":"https:\/\/hudo.com\/si\/#organization"},"potentialAction":[{"@type":"SearchAction","target":{"@type":"EntryPoint","urlTemplate":"https:\/\/hudo.com\/si\/?s={search_term_string}"},"query-input":"required name=search_term_string"}],"inLanguage":"sl-SI"},{"@type":"Organization","@id":"https:\/\/hudo.com\/si\/#organization","name":"VSN Media","url":"https:\/\/hudo.com\/si\/","logo":{"@type":"ImageObject","inLanguage":"sl-SI","@id":"https:\/\/hudo.com\/si\/#\/schema\/logo\/image\/","url":"https:\/\/hudo.com\/si\/wp-content\/uploads\/sites\/2\/2021\/03\/hudo-app-2.png","contentUrl":"https:\/\/hudo.com\/si\/wp-content\/uploads\/sites\/2\/2021\/03\/hudo-app-2.png","width":2185,"height":2167,"caption":"VSN Media"},"image":{"@id":"https:\/\/hudo.com\/si\/#\/schema\/logo\/image\/"},"sameAs":["https:\/\/www.facebook.com\/hudo.si","https:\/\/twitter.com\/hudo_si"]},{"@type":"Person","@id":"https:\/\/hudo.com\/si\/#\/schema\/person\/601cf3379633985b20f7e50f2bb47707","name":"hudo","image":{"@type":"ImageObject","inLanguage":"sl-SI","@id":"https:\/\/hudo.com\/si\/#\/schema\/person\/image\/","url":"https:\/\/secure.gravatar.com\/avatar\/c4ca25fa72cace7a696b52ff5db9e095?s=96&d=mm&r=g","contentUrl":"https:\/\/secure.gravatar.com\/avatar\/c4ca25fa72cace7a696b52ff5db9e095?s=96&d=mm&r=g","caption":"hudo"},"url":"https:\/\/hudo.com\/si\/author\/hudo\/"}]}},"amp_enabled":true,"_links":{"self":[{"href":"https:\/\/hudo.com\/si\/wp-json\/wp\/v2\/posts\/81181"}],"collection":[{"href":"https:\/\/hudo.com\/si\/wp-json\/wp\/v2\/posts"}],"about":[{"href":"https:\/\/hudo.com\/si\/wp-json\/wp\/v2\/types\/post"}],"author":[{"embeddable":true,"href":"https:\/\/hudo.com\/si\/wp-json\/wp\/v2\/users\/1"}],"replies":[{"embeddable":true,"href":"https:\/\/hudo.com\/si\/wp-json\/wp\/v2\/comments?post=81181"}],"version-history":[{"count":0,"href":"https:\/\/hudo.com\/si\/wp-json\/wp\/v2\/posts\/81181\/revisions"}],"wp:attachment":[{"href":"https:\/\/hudo.com\/si\/wp-json\/wp\/v2\/media?parent=81181"}],"wp:term":[{"taxonomy":"category","embeddable":true,"href":"https:\/\/hudo.com\/si\/wp-json\/wp\/v2\/categories?post=81181"},{"taxonomy":"post_tag","embeddable":true,"href":"https:\/\/hudo.com\/si\/wp-json\/wp\/v2\/tags?post=81181"},{"taxonomy":"source","embeddable":true,"href":"https:\/\/hudo.com\/si\/wp-json\/wp\/v2\/source?post=81181"},{"taxonomy":"supertag","embeddable":true,"href":"https:\/\/hudo.com\/si\/wp-json\/wp\/v2\/supertag?post=81181"}],"curies":[{"name":"wp","href":"https:\/\/api.w.org\/{rel}","templated":true}]}}