{"id":81223,"date":"2016-06-23T10:00:00","date_gmt":"2016-06-23T08:00:00","guid":{"rendered":"http:\/\/hudo.com\/si\/2016\/06\/23\/pravdanje-med-silihi-in-slovenjegrasko-bolnisnico-znova-na-sodiscu\/"},"modified":"2016-06-24T08:52:01","modified_gmt":"2016-06-24T06:52:01","slug":"pravdanje-med-silihi-in-slovenjegrasko-bolnisnico-znova-na-sodiscu","status":"publish","type":"post","link":"https:\/\/hudo.com\/si\/aktualno\/pravdanje-med-silihi-in-slovenjegrasko-bolnisnico-znova-na-sodiscu\/","title":{"rendered":"Pravdanje med \u0160ilihi in slovenjegra\u0161ko bolni\u0161nico znova na sodi\u0161\u010du"},"content":{"rendered":"<p>&#8220;Upam, da se bodo zadeve po 23 letih kon\u010dno raz\u010distile. Za zdaj me dana\u0161nja razprava navdaja z optimizmom,&#8221; je pred mariborskim okro\u017enim sodi\u0161\u010dem dejala Franja \u0160ilih. Na mariborskem okro\u017enem sodi\u0161\u010du je bil namre\u010d za danes razpisan pravdni narok med zakoncema Franjo in Ivanom \u0160ilihom in slovenjegra\u0161ko bolni\u0161nico. \u0160ilihova sta prepri\u010dana, da je za smrt njunega sina, 20-letnega Gregorja \u0160iliha, leta 1993 odgovorna prav bolni\u0161nica. A vse do danes sodni postopek \u0161e ni kon\u010dan, po zadnji razveljavitvi na ustavnem sodi\u0161\u010du se je danes za\u010del znova. Zaradi izpu\u0161\u010dajev po telesu sta 3. maja 1993 star\u0161a sina pripeljala v bolni\u0161nico. \u0160estnajst dni kasneje je umrl v ljubljanskem klini\u010dnem centru. Zdravnica Metka Ep\u0161ek Lenart mu je v slovenjegra\u0161ki bolni\u0161nici zaradi koprivnice na ko\u017ei, ki je kazala na sum alergi\u010dne reakcije, dala vbrizgati synope in dexamethason, zdravili, ki naj bi mu bili po njeni oceni pozdravili la\u017eje alergi\u010dno obolenje. Zdravili, ki izjemno reko povzro\u010dita zaplete, pa sta pri fantu spro\u017eili tako hudo reakcijo, da je po nekaj minutah do\u017eivel anafilakti\u010dni \u0161ok. Naslednji dan so ga prepeljali v ljubljanski klini\u010dni center, tam pa je po \u0161estnajstih dneh globoke kome umrl. Dobrih 66 tiso\u010d evrov v pravdnem postopku od bolni\u0161nice terjata \u0160ilihova. Odvetnik \u0160ilihov Franci Matoz je danes sodniku Janezu \u017dirovniku predlagal, da se vsi izvedenci, ki so bili pritegnjeni tako v kazenskem kot pravdnem postopku soo\u010dijo z mnenji drugih izvedencev in se opredelijo do morebitnih razhajanj v mnenjih. Le na tak na\u010din bo mogo\u010de raz\u010distiti nepopolnosti, nesoglasja. Sodnik \u017dirovnik je takemu predlogu ugodil in pravdo prelo\u017eil na nedolo\u010den \u010das.Kronika<\/p>\n","protected":false},"excerpt":{"rendered":"<p>&#8220;Upam, da se bodo zadeve po 23 letih kon\u010dno raz\u010distile. Za zdaj me dana\u0161nja razprava navdaja z optimizmom,&#8221; je pred mariborskim okro\u017enim sodi\u0161\u010dem dejala Franja \u0160ilih. Na mariborskem okro\u017enem sodi\u0161\u010du je bil namre\u010d za danes razpisan pravdni narok med zakoncema Franjo in Ivanom \u0160ilihom in slovenjegra\u0161ko bolni\u0161nico. \u0160ilihova sta prepri\u010dana, da je za smrt njunega sina, 20-letnega Gregorja \u0160iliha, leta 1993 odgovorna prav bolni\u0161nica. A vse do danes sodni postopek \u0161e ni kon\u010dan, po zadnji razveljavitvi na ustavnem sodi\u0161\u010du se je danes za\u010del znova. Zaradi izpu\u0161\u010dajev po telesu sta 3. maja 1993 star\u0161a sina pripeljala v bolni\u0161nico. \u0160estnajst dni kasneje je umrl v ljubljanskem klini\u010dnem centru. Zdravnica Metka Ep\u0161ek Lenart mu je v slovenjegra\u0161ki bolni\u0161nici zaradi koprivnice na ko\u017ei, ki je kazala na sum alergi\u010dne reakcije, dala vbrizgati synope in dexamethason, zdravili, ki naj bi mu bili po njeni oceni pozdravili la\u017eje alergi\u010dno obolenje. Zdravili, ki izjemno reko povzro\u010dita zaplete, pa sta pri fantu spro\u017eili tako hudo reakcijo, da je po nekaj minutah do\u017eivel anafilakti\u010dni \u0161ok. Naslednji dan so ga prepeljali v ljubljanski klini\u010dni center, tam pa je po \u0161estnajstih dneh globoke kome umrl. Dobrih 66 tiso\u010d evrov v pravdnem postopku od bolni\u0161nice terjata \u0160ilihova. Odvetnik \u0160ilihov Franci Matoz je danes sodniku Janezu \u017dirovniku predlagal, da se vsi izvedenci, ki so bili pritegnjeni tako v kazenskem kot pravdnem postopku soo\u010dijo z mnenji drugih izvedencev in se opredelijo do morebitnih razhajanj v mnenjih. Le na tak na\u010din bo mogo\u010de raz\u010distiti nepopolnosti, nesoglasja. Sodnik \u017dirovnik je takemu predlogu ugodil in pravdo prelo\u017eil na nedolo\u010den \u010das.Kronika<\/p>\n","protected":false},"author":1,"featured_media":0,"comment_status":"closed","ping_status":"closed","sticky":false,"template":"","format":"standard","meta":{"footnotes":""},"categories":[1179],"tags":[],"source":[1711],"supertag":[],"acf":[],"yoast_head":"<!-- This site is optimized with the Yoast SEO plugin v21.3 - https:\/\/yoast.com\/wordpress\/plugins\/seo\/ -->\n<title>Pravdanje med \u0160ilihi in slovenjegra\u0161ko bolni\u0161nico znova na sodi\u0161\u010du - Hudo Slovenija<\/title>\n<meta name=\"robots\" content=\"index, follow, max-snippet:-1, max-image-preview:large, max-video-preview:-1\" \/>\n<link rel=\"canonical\" href=\"https:\/\/hudo.com\/si\/aktualno\/pravdanje-med-silihi-in-slovenjegrasko-bolnisnico-znova-na-sodiscu\/\" \/>\n<meta property=\"og:locale\" content=\"sl_SI\" \/>\n<meta property=\"og:type\" content=\"article\" \/>\n<meta property=\"og:title\" content=\"Pravdanje med \u0160ilihi in slovenjegra\u0161ko bolni\u0161nico znova na sodi\u0161\u010du - Hudo Slovenija\" \/>\n<meta property=\"og:description\" content=\"&quot;Upam, da se bodo zadeve po 23 letih kon\u010dno raz\u010distile. Za zdaj me dana\u0161nja razprava navdaja z optimizmom,&quot; je pred mariborskim okro\u017enim sodi\u0161\u010dem dejala Franja \u0160ilih. Na mariborskem okro\u017enem sodi\u0161\u010du je bil namre\u010d za danes razpisan pravdni narok med zakoncema Franjo in Ivanom \u0160ilihom in slovenjegra\u0161ko bolni\u0161nico. \u0160ilihova sta prepri\u010dana, da je za smrt njunega sina, 20-letnega Gregorja \u0160iliha, leta 1993 odgovorna prav bolni\u0161nica. A vse do danes sodni postopek \u0161e ni kon\u010dan, po zadnji razveljavitvi na ustavnem sodi\u0161\u010du se je danes za\u010del znova. Zaradi izpu\u0161\u010dajev po telesu sta 3. maja 1993 star\u0161a sina pripeljala v bolni\u0161nico. \u0160estnajst dni kasneje je umrl v ljubljanskem klini\u010dnem centru. Zdravnica Metka Ep\u0161ek Lenart mu je v slovenjegra\u0161ki bolni\u0161nici zaradi koprivnice na ko\u017ei, ki je kazala na sum alergi\u010dne reakcije, dala vbrizgati synope in dexamethason, zdravili, ki naj bi mu bili po njeni oceni pozdravili la\u017eje alergi\u010dno obolenje. Zdravili, ki izjemno reko povzro\u010dita zaplete, pa sta pri fantu spro\u017eili tako hudo reakcijo, da je po nekaj minutah do\u017eivel anafilakti\u010dni \u0161ok. Naslednji dan so ga prepeljali v ljubljanski klini\u010dni center, tam pa je po \u0161estnajstih dneh globoke kome umrl. Dobrih 66 tiso\u010d evrov v pravdnem postopku od bolni\u0161nice terjata \u0160ilihova. Odvetnik \u0160ilihov Franci Matoz je danes sodniku Janezu \u017dirovniku predlagal, da se vsi izvedenci, ki so bili pritegnjeni tako v kazenskem kot pravdnem postopku soo\u010dijo z mnenji drugih izvedencev in se opredelijo do morebitnih razhajanj v mnenjih. Le na tak na\u010din bo mogo\u010de raz\u010distiti nepopolnosti, nesoglasja. Sodnik \u017dirovnik je takemu predlogu ugodil in pravdo prelo\u017eil na nedolo\u010den \u010das.Kronika\" \/>\n<meta property=\"og:url\" content=\"https:\/\/hudo.com\/si\/aktualno\/pravdanje-med-silihi-in-slovenjegrasko-bolnisnico-znova-na-sodiscu\/\" \/>\n<meta property=\"og:site_name\" content=\"Hudo Slovenija\" \/>\n<meta property=\"article:publisher\" content=\"https:\/\/www.facebook.com\/hudo.si\" \/>\n<meta property=\"article:published_time\" content=\"2016-06-23T08:00:00+00:00\" \/>\n<meta property=\"article:modified_time\" content=\"2016-06-24T06:52:01+00:00\" \/>\n<meta property=\"og:image\" content=\"https:\/\/hudo.com\/si\/wp-content\/uploads\/sites\/2\/2016\/06\/0623M43-300.jpg\" \/>\n\t<meta property=\"og:image:width\" content=\"450\" \/>\n\t<meta property=\"og:image:height\" content=\"301\" \/>\n\t<meta property=\"og:image:type\" content=\"image\/jpeg\" \/>\n<meta name=\"author\" content=\"hudo\" \/>\n<meta name=\"twitter:card\" content=\"summary_large_image\" \/>\n<meta name=\"twitter:creator\" content=\"@hudo_si\" \/>\n<meta name=\"twitter:site\" content=\"@hudo_si\" \/>\n<meta name=\"twitter:label1\" content=\"Written by\" \/>\n\t<meta name=\"twitter:data1\" content=\"hudo\" \/>\n\t<meta name=\"twitter:label2\" content=\"Est. reading time\" \/>\n\t<meta name=\"twitter:data2\" content=\"1 minuta\" \/>\n<script type=\"application\/ld+json\" class=\"yoast-schema-graph\">{\"@context\":\"https:\/\/schema.org\",\"@graph\":[{\"@type\":\"Article\",\"@id\":\"https:\/\/hudo.com\/si\/aktualno\/pravdanje-med-silihi-in-slovenjegrasko-bolnisnico-znova-na-sodiscu\/#article\",\"isPartOf\":{\"@id\":\"https:\/\/hudo.com\/si\/aktualno\/pravdanje-med-silihi-in-slovenjegrasko-bolnisnico-znova-na-sodiscu\/\"},\"author\":{\"name\":\"hudo\",\"@id\":\"https:\/\/hudo.com\/si\/#\/schema\/person\/601cf3379633985b20f7e50f2bb47707\"},\"headline\":\"Pravdanje med \u0160ilihi in slovenjegra\u0161ko bolni\u0161nico znova na sodi\u0161\u010du\",\"datePublished\":\"2016-06-23T08:00:00+00:00\",\"dateModified\":\"2016-06-24T06:52:01+00:00\",\"mainEntityOfPage\":{\"@id\":\"https:\/\/hudo.com\/si\/aktualno\/pravdanje-med-silihi-in-slovenjegrasko-bolnisnico-znova-na-sodiscu\/\"},\"wordCount\":298,\"publisher\":{\"@id\":\"https:\/\/hudo.com\/si\/#organization\"},\"articleSection\":[\"Aktualno\"],\"inLanguage\":\"sl-SI\"},{\"@type\":\"WebPage\",\"@id\":\"https:\/\/hudo.com\/si\/aktualno\/pravdanje-med-silihi-in-slovenjegrasko-bolnisnico-znova-na-sodiscu\/\",\"url\":\"https:\/\/hudo.com\/si\/aktualno\/pravdanje-med-silihi-in-slovenjegrasko-bolnisnico-znova-na-sodiscu\/\",\"name\":\"Pravdanje med \u0160ilihi in slovenjegra\u0161ko bolni\u0161nico znova na sodi\u0161\u010du - Hudo Slovenija\",\"isPartOf\":{\"@id\":\"https:\/\/hudo.com\/si\/#website\"},\"datePublished\":\"2016-06-23T08:00:00+00:00\",\"dateModified\":\"2016-06-24T06:52:01+00:00\",\"breadcrumb\":{\"@id\":\"https:\/\/hudo.com\/si\/aktualno\/pravdanje-med-silihi-in-slovenjegrasko-bolnisnico-znova-na-sodiscu\/#breadcrumb\"},\"inLanguage\":\"sl-SI\",\"potentialAction\":[{\"@type\":\"ReadAction\",\"target\":[\"https:\/\/hudo.com\/si\/aktualno\/pravdanje-med-silihi-in-slovenjegrasko-bolnisnico-znova-na-sodiscu\/\"]}]},{\"@type\":\"BreadcrumbList\",\"@id\":\"https:\/\/hudo.com\/si\/aktualno\/pravdanje-med-silihi-in-slovenjegrasko-bolnisnico-znova-na-sodiscu\/#breadcrumb\",\"itemListElement\":[{\"@type\":\"ListItem\",\"position\":1,\"name\":\"Home\",\"item\":\"https:\/\/hudo.com\/si\/\"},{\"@type\":\"ListItem\",\"position\":2,\"name\":\"Pravdanje med \u0160ilihi in slovenjegra\u0161ko bolni\u0161nico znova na sodi\u0161\u010du\"}]},{\"@type\":\"WebSite\",\"@id\":\"https:\/\/hudo.com\/si\/#website\",\"url\":\"https:\/\/hudo.com\/si\/\",\"name\":\"Hudo Slovenija\",\"description\":\"Vse novice iz Slovenije in sveta\",\"publisher\":{\"@id\":\"https:\/\/hudo.com\/si\/#organization\"},\"potentialAction\":[{\"@type\":\"SearchAction\",\"target\":{\"@type\":\"EntryPoint\",\"urlTemplate\":\"https:\/\/hudo.com\/si\/?s={search_term_string}\"},\"query-input\":\"required name=search_term_string\"}],\"inLanguage\":\"sl-SI\"},{\"@type\":\"Organization\",\"@id\":\"https:\/\/hudo.com\/si\/#organization\",\"name\":\"VSN Media\",\"url\":\"https:\/\/hudo.com\/si\/\",\"logo\":{\"@type\":\"ImageObject\",\"inLanguage\":\"sl-SI\",\"@id\":\"https:\/\/hudo.com\/si\/#\/schema\/logo\/image\/\",\"url\":\"https:\/\/hudo.com\/si\/wp-content\/uploads\/sites\/2\/2021\/03\/hudo-app-2.png\",\"contentUrl\":\"https:\/\/hudo.com\/si\/wp-content\/uploads\/sites\/2\/2021\/03\/hudo-app-2.png\",\"width\":2185,\"height\":2167,\"caption\":\"VSN Media\"},\"image\":{\"@id\":\"https:\/\/hudo.com\/si\/#\/schema\/logo\/image\/\"},\"sameAs\":[\"https:\/\/www.facebook.com\/hudo.si\",\"https:\/\/twitter.com\/hudo_si\"]},{\"@type\":\"Person\",\"@id\":\"https:\/\/hudo.com\/si\/#\/schema\/person\/601cf3379633985b20f7e50f2bb47707\",\"name\":\"hudo\",\"image\":{\"@type\":\"ImageObject\",\"inLanguage\":\"sl-SI\",\"@id\":\"https:\/\/hudo.com\/si\/#\/schema\/person\/image\/\",\"url\":\"https:\/\/secure.gravatar.com\/avatar\/c4ca25fa72cace7a696b52ff5db9e095?s=96&d=mm&r=g\",\"contentUrl\":\"https:\/\/secure.gravatar.com\/avatar\/c4ca25fa72cace7a696b52ff5db9e095?s=96&d=mm&r=g\",\"caption\":\"hudo\"},\"url\":\"https:\/\/hudo.com\/si\/author\/hudo\/\"}]}<\/script>\n<!-- \/ Yoast SEO plugin. -->","yoast_head_json":{"title":"Pravdanje med \u0160ilihi in slovenjegra\u0161ko bolni\u0161nico znova na sodi\u0161\u010du - Hudo Slovenija","robots":{"index":"index","follow":"follow","max-snippet":"max-snippet:-1","max-image-preview":"max-image-preview:large","max-video-preview":"max-video-preview:-1"},"canonical":"https:\/\/hudo.com\/si\/aktualno\/pravdanje-med-silihi-in-slovenjegrasko-bolnisnico-znova-na-sodiscu\/","og_locale":"sl_SI","og_type":"article","og_title":"Pravdanje med \u0160ilihi in slovenjegra\u0161ko bolni\u0161nico znova na sodi\u0161\u010du - Hudo Slovenija","og_description":"\"Upam, da se bodo zadeve po 23 letih kon\u010dno raz\u010distile. Za zdaj me dana\u0161nja razprava navdaja z optimizmom,\" je pred mariborskim okro\u017enim sodi\u0161\u010dem dejala Franja \u0160ilih. Na mariborskem okro\u017enem sodi\u0161\u010du je bil namre\u010d za danes razpisan pravdni narok med zakoncema Franjo in Ivanom \u0160ilihom in slovenjegra\u0161ko bolni\u0161nico. \u0160ilihova sta prepri\u010dana, da je za smrt njunega sina, 20-letnega Gregorja \u0160iliha, leta 1993 odgovorna prav bolni\u0161nica. A vse do danes sodni postopek \u0161e ni kon\u010dan, po zadnji razveljavitvi na ustavnem sodi\u0161\u010du se je danes za\u010del znova. Zaradi izpu\u0161\u010dajev po telesu sta 3. maja 1993 star\u0161a sina pripeljala v bolni\u0161nico. \u0160estnajst dni kasneje je umrl v ljubljanskem klini\u010dnem centru. Zdravnica Metka Ep\u0161ek Lenart mu je v slovenjegra\u0161ki bolni\u0161nici zaradi koprivnice na ko\u017ei, ki je kazala na sum alergi\u010dne reakcije, dala vbrizgati synope in dexamethason, zdravili, ki naj bi mu bili po njeni oceni pozdravili la\u017eje alergi\u010dno obolenje. Zdravili, ki izjemno reko povzro\u010dita zaplete, pa sta pri fantu spro\u017eili tako hudo reakcijo, da je po nekaj minutah do\u017eivel anafilakti\u010dni \u0161ok. Naslednji dan so ga prepeljali v ljubljanski klini\u010dni center, tam pa je po \u0161estnajstih dneh globoke kome umrl. Dobrih 66 tiso\u010d evrov v pravdnem postopku od bolni\u0161nice terjata \u0160ilihova. Odvetnik \u0160ilihov Franci Matoz je danes sodniku Janezu \u017dirovniku predlagal, da se vsi izvedenci, ki so bili pritegnjeni tako v kazenskem kot pravdnem postopku soo\u010dijo z mnenji drugih izvedencev in se opredelijo do morebitnih razhajanj v mnenjih. Le na tak na\u010din bo mogo\u010de raz\u010distiti nepopolnosti, nesoglasja. Sodnik \u017dirovnik je takemu predlogu ugodil in pravdo prelo\u017eil na nedolo\u010den \u010das.Kronika","og_url":"https:\/\/hudo.com\/si\/aktualno\/pravdanje-med-silihi-in-slovenjegrasko-bolnisnico-znova-na-sodiscu\/","og_site_name":"Hudo Slovenija","article_publisher":"https:\/\/www.facebook.com\/hudo.si","article_published_time":"2016-06-23T08:00:00+00:00","article_modified_time":"2016-06-24T06:52:01+00:00","og_image":[{"width":450,"height":301,"url":"https:\/\/hudo.com\/si\/wp-content\/uploads\/sites\/2\/2016\/06\/0623M43-300.jpg","type":"image\/jpeg"}],"author":"hudo","twitter_card":"summary_large_image","twitter_creator":"@hudo_si","twitter_site":"@hudo_si","twitter_misc":{"Written by":"hudo","Est. reading time":"1 minuta"},"schema":{"@context":"https:\/\/schema.org","@graph":[{"@type":"Article","@id":"https:\/\/hudo.com\/si\/aktualno\/pravdanje-med-silihi-in-slovenjegrasko-bolnisnico-znova-na-sodiscu\/#article","isPartOf":{"@id":"https:\/\/hudo.com\/si\/aktualno\/pravdanje-med-silihi-in-slovenjegrasko-bolnisnico-znova-na-sodiscu\/"},"author":{"name":"hudo","@id":"https:\/\/hudo.com\/si\/#\/schema\/person\/601cf3379633985b20f7e50f2bb47707"},"headline":"Pravdanje med \u0160ilihi in slovenjegra\u0161ko bolni\u0161nico znova na sodi\u0161\u010du","datePublished":"2016-06-23T08:00:00+00:00","dateModified":"2016-06-24T06:52:01+00:00","mainEntityOfPage":{"@id":"https:\/\/hudo.com\/si\/aktualno\/pravdanje-med-silihi-in-slovenjegrasko-bolnisnico-znova-na-sodiscu\/"},"wordCount":298,"publisher":{"@id":"https:\/\/hudo.com\/si\/#organization"},"articleSection":["Aktualno"],"inLanguage":"sl-SI"},{"@type":"WebPage","@id":"https:\/\/hudo.com\/si\/aktualno\/pravdanje-med-silihi-in-slovenjegrasko-bolnisnico-znova-na-sodiscu\/","url":"https:\/\/hudo.com\/si\/aktualno\/pravdanje-med-silihi-in-slovenjegrasko-bolnisnico-znova-na-sodiscu\/","name":"Pravdanje med \u0160ilihi in slovenjegra\u0161ko bolni\u0161nico znova na sodi\u0161\u010du - Hudo Slovenija","isPartOf":{"@id":"https:\/\/hudo.com\/si\/#website"},"datePublished":"2016-06-23T08:00:00+00:00","dateModified":"2016-06-24T06:52:01+00:00","breadcrumb":{"@id":"https:\/\/hudo.com\/si\/aktualno\/pravdanje-med-silihi-in-slovenjegrasko-bolnisnico-znova-na-sodiscu\/#breadcrumb"},"inLanguage":"sl-SI","potentialAction":[{"@type":"ReadAction","target":["https:\/\/hudo.com\/si\/aktualno\/pravdanje-med-silihi-in-slovenjegrasko-bolnisnico-znova-na-sodiscu\/"]}]},{"@type":"BreadcrumbList","@id":"https:\/\/hudo.com\/si\/aktualno\/pravdanje-med-silihi-in-slovenjegrasko-bolnisnico-znova-na-sodiscu\/#breadcrumb","itemListElement":[{"@type":"ListItem","position":1,"name":"Home","item":"https:\/\/hudo.com\/si\/"},{"@type":"ListItem","position":2,"name":"Pravdanje med \u0160ilihi in slovenjegra\u0161ko bolni\u0161nico znova na sodi\u0161\u010du"}]},{"@type":"WebSite","@id":"https:\/\/hudo.com\/si\/#website","url":"https:\/\/hudo.com\/si\/","name":"Hudo Slovenija","description":"Vse novice iz Slovenije in sveta","publisher":{"@id":"https:\/\/hudo.com\/si\/#organization"},"potentialAction":[{"@type":"SearchAction","target":{"@type":"EntryPoint","urlTemplate":"https:\/\/hudo.com\/si\/?s={search_term_string}"},"query-input":"required name=search_term_string"}],"inLanguage":"sl-SI"},{"@type":"Organization","@id":"https:\/\/hudo.com\/si\/#organization","name":"VSN Media","url":"https:\/\/hudo.com\/si\/","logo":{"@type":"ImageObject","inLanguage":"sl-SI","@id":"https:\/\/hudo.com\/si\/#\/schema\/logo\/image\/","url":"https:\/\/hudo.com\/si\/wp-content\/uploads\/sites\/2\/2021\/03\/hudo-app-2.png","contentUrl":"https:\/\/hudo.com\/si\/wp-content\/uploads\/sites\/2\/2021\/03\/hudo-app-2.png","width":2185,"height":2167,"caption":"VSN Media"},"image":{"@id":"https:\/\/hudo.com\/si\/#\/schema\/logo\/image\/"},"sameAs":["https:\/\/www.facebook.com\/hudo.si","https:\/\/twitter.com\/hudo_si"]},{"@type":"Person","@id":"https:\/\/hudo.com\/si\/#\/schema\/person\/601cf3379633985b20f7e50f2bb47707","name":"hudo","image":{"@type":"ImageObject","inLanguage":"sl-SI","@id":"https:\/\/hudo.com\/si\/#\/schema\/person\/image\/","url":"https:\/\/secure.gravatar.com\/avatar\/c4ca25fa72cace7a696b52ff5db9e095?s=96&d=mm&r=g","contentUrl":"https:\/\/secure.gravatar.com\/avatar\/c4ca25fa72cace7a696b52ff5db9e095?s=96&d=mm&r=g","caption":"hudo"},"url":"https:\/\/hudo.com\/si\/author\/hudo\/"}]}},"amp_enabled":true,"_links":{"self":[{"href":"https:\/\/hudo.com\/si\/wp-json\/wp\/v2\/posts\/81223"}],"collection":[{"href":"https:\/\/hudo.com\/si\/wp-json\/wp\/v2\/posts"}],"about":[{"href":"https:\/\/hudo.com\/si\/wp-json\/wp\/v2\/types\/post"}],"author":[{"embeddable":true,"href":"https:\/\/hudo.com\/si\/wp-json\/wp\/v2\/users\/1"}],"replies":[{"embeddable":true,"href":"https:\/\/hudo.com\/si\/wp-json\/wp\/v2\/comments?post=81223"}],"version-history":[{"count":1,"href":"https:\/\/hudo.com\/si\/wp-json\/wp\/v2\/posts\/81223\/revisions"}],"predecessor-version":[{"id":81479,"href":"https:\/\/hudo.com\/si\/wp-json\/wp\/v2\/posts\/81223\/revisions\/81479"}],"wp:attachment":[{"href":"https:\/\/hudo.com\/si\/wp-json\/wp\/v2\/media?parent=81223"}],"wp:term":[{"taxonomy":"category","embeddable":true,"href":"https:\/\/hudo.com\/si\/wp-json\/wp\/v2\/categories?post=81223"},{"taxonomy":"post_tag","embeddable":true,"href":"https:\/\/hudo.com\/si\/wp-json\/wp\/v2\/tags?post=81223"},{"taxonomy":"source","embeddable":true,"href":"https:\/\/hudo.com\/si\/wp-json\/wp\/v2\/source?post=81223"},{"taxonomy":"supertag","embeddable":true,"href":"https:\/\/hudo.com\/si\/wp-json\/wp\/v2\/supertag?post=81223"}],"curies":[{"name":"wp","href":"https:\/\/api.w.org\/{rel}","templated":true}]}}