{"id":81421,"date":"2016-06-23T14:30:00","date_gmt":"2016-06-23T12:30:00","guid":{"rendered":"http:\/\/hudo.com\/si\/2016\/06\/23\/peterle-bo-govoril-na-sobotni-proslavi-novakove-ne-bo\/"},"modified":"2016-06-24T14:42:57","modified_gmt":"2016-06-24T12:42:57","slug":"peterle-bo-govoril-na-sobotni-proslavi-novakove-ne-bo","status":"publish","type":"post","link":"https:\/\/hudo.com\/si\/aktualno\/peterle-bo-govoril-na-sobotni-proslavi-novakove-ne-bo\/","title":{"rendered":"Peterle bo govoril na sobotni proslavi, Novakove ne bo"},"content":{"rendered":"<p>Evropski poslanec iz NSi Lojze Peterle, osamosvojiteljski premier, je danes povedal, da bo dr\u017eal obljubo in se kot govorec udele\u017eil sobotne proslave z naslovom Za mojo Slovenijo, pod katero se je kot glavni organizator podpisalo Zdru\u017eenje za vrednote slovenske osamosvojitve (VSO). Ne bo pa na proslavi predsednice stranke Ljudmile Novak. Peterle je povedal, da na sobotni proslavi ne bo govoril o sebi, tudi ne o Milanu Ku\u010danu ali Janezu Jan\u0161i, pa\u010d pa, kaj mu pomeni osamosvojitev Slovenije. Dodal je, da bo njegov govor v duhu izjave NSi, ki jo podpirata oba z Novakovo. Zanikal je, da ima njegova udele\u017eba kakr\u0161nokoli povezavo z njegovim odstopom iz predsedstva VSO. Ob tem je pozval vse tiste, ki ga \u017eelijo imeti za govorca na proslavi, hkrati pa ga imajo za udbovca, naj sami razre\u0161ijo problem. Zanikal je vse diskvalifikacije, ki jih po njegovih besedah do\u017eivlja z desnega politi\u010dnega pola in ki nimajo z njegovimi dejanji nobene povezave. Izrazil je tudi ob\u017ealovanje, da pomladna stran, kot smo jo poznali, ne obstaja ve\u010d. Novakova je dejala, da podpira Peterletovo udele\u017ebo na proslavi Za mojo Slovenijo tudi zato, ker si nih\u010de ne more lastiti vseh zaslug za osamosvojitev Slovenije. Svojo neudele\u017ebo na proslavi pa je pojasnila z besedami, da z negativnimi ljudmi ni mogo\u010de delati pozitivnih zgodb. Po njenih besedah je \u010dlanom NSi prepu\u0161\u010deno, ali bodo \u0161li na proslavo ali ne. NSi da bo vselej pripravljena sodelovati s SDS, &#8220;\u017eal pa voditelj te stranke ne gre v pravo smer&#8221;. Dodala je, da se ne boji novih strank na desnem politi\u010dnem polu, \u017eeli pa si ve\u010d kredibilnih partnerjev. Vsem tistim, ki po njenih besedah blatijo \u010dlane NSi in jih razgla\u0161ajo za udbovce, je svetovala, naj v predalih poi\u0161\u010dejo svoje partijske knji\u017eice. NSi se je v omenjeni izjavi zavzela za raz\u010di\u0161\u010denje vpra\u0161anj v zvezi z osamosvojitvijo, kjer je to treba, in izrazila ob\u017ealovanje, &#8220;da je v prazni\u010dnem \u010dasu pri\u0161lo do kriminalizacije Toneta Krkovi\u010da, enega od najbolj predanih osamosvojiteljev&#8221;. Hkrati se stranki ne zdi<\/p>\n","protected":false},"excerpt":{"rendered":"<p>Evropski poslanec iz NSi Lojze Peterle, osamosvojiteljski premier, je danes povedal, da bo dr\u017eal obljubo in se kot govorec udele\u017eil sobotne proslave z naslovom Za mojo Slovenijo, pod katero se je kot glavni organizator podpisalo Zdru\u017eenje za vrednote slovenske osamosvojitve (VSO). Ne bo pa na proslavi predsednice stranke Ljudmile Novak. Peterle je povedal, da na sobotni proslavi ne bo govoril o sebi, tudi ne o Milanu Ku\u010danu ali Janezu Jan\u0161i, pa\u010d pa, kaj mu pomeni osamosvojitev Slovenije. Dodal je, da bo njegov govor v duhu izjave NSi, ki jo podpirata oba z Novakovo. Zanikal je, da ima njegova udele\u017eba kakr\u0161nokoli povezavo z njegovim odstopom iz predsedstva VSO. Ob tem je pozval vse tiste, ki ga \u017eelijo imeti za govorca na proslavi, hkrati pa ga imajo za udbovca, naj sami razre\u0161ijo problem. Zanikal je vse diskvalifikacije, ki jih po njegovih besedah do\u017eivlja z desnega politi\u010dnega pola in ki nimajo z njegovimi dejanji nobene povezave. Izrazil je tudi ob\u017ealovanje, da pomladna stran, kot smo jo poznali, ne obstaja ve\u010d. Novakova je dejala, da podpira Peterletovo udele\u017ebo na proslavi Za mojo Slovenijo tudi zato, ker si nih\u010de ne more lastiti vseh zaslug za osamosvojitev Slovenije. Svojo neudele\u017ebo na proslavi pa je pojasnila z besedami, da z negativnimi ljudmi ni mogo\u010de delati pozitivnih zgodb. Po njenih besedah je \u010dlanom NSi prepu\u0161\u010deno, ali bodo \u0161li na proslavo ali ne. NSi da bo vselej pripravljena sodelovati s SDS, &#8220;\u017eal pa voditelj te stranke ne gre v pravo smer&#8221;. Dodala je, da se ne boji novih strank na desnem politi\u010dnem polu, \u017eeli pa si ve\u010d kredibilnih partnerjev. Vsem tistim, ki po njenih besedah blatijo \u010dlane NSi in jih razgla\u0161ajo za udbovce, je svetovala, naj v predalih poi\u0161\u010dejo svoje partijske knji\u017eice. NSi se je v omenjeni izjavi zavzela za raz\u010di\u0161\u010denje vpra\u0161anj v zvezi z osamosvojitvijo, kjer je to treba, in izrazila ob\u017ealovanje, &#8220;da je v prazni\u010dnem \u010dasu pri\u0161lo do kriminalizacije Toneta Krkovi\u010da, enega od najbolj predanih osamosvojiteljev&#8221;. Hkrati se stranki ne zdi<\/p>\n","protected":false},"author":1,"featured_media":0,"comment_status":"closed","ping_status":"closed","sticky":false,"template":"","format":"standard","meta":{"footnotes":""},"categories":[1179],"tags":[],"source":[1711],"supertag":[],"acf":[],"yoast_head":"<!-- This site is optimized with the Yoast SEO plugin v21.3 - https:\/\/yoast.com\/wordpress\/plugins\/seo\/ -->\n<title>Peterle bo govoril na sobotni proslavi, Novakove ne bo - Hudo Slovenija<\/title>\n<meta name=\"robots\" content=\"index, follow, max-snippet:-1, max-image-preview:large, max-video-preview:-1\" \/>\n<link rel=\"canonical\" href=\"https:\/\/hudo.com\/si\/aktualno\/peterle-bo-govoril-na-sobotni-proslavi-novakove-ne-bo\/\" \/>\n<meta property=\"og:locale\" content=\"sl_SI\" \/>\n<meta property=\"og:type\" content=\"article\" \/>\n<meta property=\"og:title\" content=\"Peterle bo govoril na sobotni proslavi, Novakove ne bo - Hudo Slovenija\" \/>\n<meta property=\"og:description\" content=\"Evropski poslanec iz NSi Lojze Peterle, osamosvojiteljski premier, je danes povedal, da bo dr\u017eal obljubo in se kot govorec udele\u017eil sobotne proslave z naslovom Za mojo Slovenijo, pod katero se je kot glavni organizator podpisalo Zdru\u017eenje za vrednote slovenske osamosvojitve (VSO). Ne bo pa na proslavi predsednice stranke Ljudmile Novak. Peterle je povedal, da na sobotni proslavi ne bo govoril o sebi, tudi ne o Milanu Ku\u010danu ali Janezu Jan\u0161i, pa\u010d pa, kaj mu pomeni osamosvojitev Slovenije. Dodal je, da bo njegov govor v duhu izjave NSi, ki jo podpirata oba z Novakovo. Zanikal je, da ima njegova udele\u017eba kakr\u0161nokoli povezavo z njegovim odstopom iz predsedstva VSO. Ob tem je pozval vse tiste, ki ga \u017eelijo imeti za govorca na proslavi, hkrati pa ga imajo za udbovca, naj sami razre\u0161ijo problem. Zanikal je vse diskvalifikacije, ki jih po njegovih besedah do\u017eivlja z desnega politi\u010dnega pola in ki nimajo z njegovimi dejanji nobene povezave. Izrazil je tudi ob\u017ealovanje, da pomladna stran, kot smo jo poznali, ne obstaja ve\u010d. Novakova je dejala, da podpira Peterletovo udele\u017ebo na proslavi Za mojo Slovenijo tudi zato, ker si nih\u010de ne more lastiti vseh zaslug za osamosvojitev Slovenije. Svojo neudele\u017ebo na proslavi pa je pojasnila z besedami, da z negativnimi ljudmi ni mogo\u010de delati pozitivnih zgodb. Po njenih besedah je \u010dlanom NSi prepu\u0161\u010deno, ali bodo \u0161li na proslavo ali ne. NSi da bo vselej pripravljena sodelovati s SDS, &quot;\u017eal pa voditelj te stranke ne gre v pravo smer&quot;. Dodala je, da se ne boji novih strank na desnem politi\u010dnem polu, \u017eeli pa si ve\u010d kredibilnih partnerjev. Vsem tistim, ki po njenih besedah blatijo \u010dlane NSi in jih razgla\u0161ajo za udbovce, je svetovala, naj v predalih poi\u0161\u010dejo svoje partijske knji\u017eice. NSi se je v omenjeni izjavi zavzela za raz\u010di\u0161\u010denje vpra\u0161anj v zvezi z osamosvojitvijo, kjer je to treba, in izrazila ob\u017ealovanje, &quot;da je v prazni\u010dnem \u010dasu pri\u0161lo do kriminalizacije Toneta Krkovi\u010da, enega od najbolj predanih osamosvojiteljev&quot;. Hkrati se stranki ne zdi\" \/>\n<meta property=\"og:url\" content=\"https:\/\/hudo.com\/si\/aktualno\/peterle-bo-govoril-na-sobotni-proslavi-novakove-ne-bo\/\" \/>\n<meta property=\"og:site_name\" content=\"Hudo Slovenija\" \/>\n<meta property=\"article:publisher\" content=\"https:\/\/www.facebook.com\/hudo.si\" \/>\n<meta property=\"article:published_time\" content=\"2016-06-23T12:30:00+00:00\" \/>\n<meta property=\"article:modified_time\" content=\"2016-06-24T12:42:57+00:00\" \/>\n<meta property=\"og:image\" content=\"https:\/\/hudo.com\/si\/wp-content\/uploads\/sites\/2\/2016\/06\/01116869F-300.jpg\" \/>\n\t<meta property=\"og:image:width\" content=\"450\" \/>\n\t<meta property=\"og:image:height\" content=\"300\" \/>\n\t<meta property=\"og:image:type\" content=\"image\/jpeg\" \/>\n<meta name=\"author\" content=\"hudo\" \/>\n<meta name=\"twitter:card\" content=\"summary_large_image\" \/>\n<meta name=\"twitter:creator\" content=\"@hudo_si\" \/>\n<meta name=\"twitter:site\" content=\"@hudo_si\" \/>\n<meta name=\"twitter:label1\" content=\"Written by\" \/>\n\t<meta name=\"twitter:data1\" content=\"hudo\" \/>\n\t<meta name=\"twitter:label2\" content=\"Est. reading time\" \/>\n\t<meta name=\"twitter:data2\" content=\"2 minuti\" \/>\n<script type=\"application\/ld+json\" class=\"yoast-schema-graph\">{\"@context\":\"https:\/\/schema.org\",\"@graph\":[{\"@type\":\"Article\",\"@id\":\"https:\/\/hudo.com\/si\/aktualno\/peterle-bo-govoril-na-sobotni-proslavi-novakove-ne-bo\/#article\",\"isPartOf\":{\"@id\":\"https:\/\/hudo.com\/si\/aktualno\/peterle-bo-govoril-na-sobotni-proslavi-novakove-ne-bo\/\"},\"author\":{\"name\":\"hudo\",\"@id\":\"https:\/\/hudo.com\/si\/#\/schema\/person\/601cf3379633985b20f7e50f2bb47707\"},\"headline\":\"Peterle bo govoril na sobotni proslavi, Novakove ne bo\",\"datePublished\":\"2016-06-23T12:30:00+00:00\",\"dateModified\":\"2016-06-24T12:42:57+00:00\",\"mainEntityOfPage\":{\"@id\":\"https:\/\/hudo.com\/si\/aktualno\/peterle-bo-govoril-na-sobotni-proslavi-novakove-ne-bo\/\"},\"wordCount\":360,\"publisher\":{\"@id\":\"https:\/\/hudo.com\/si\/#organization\"},\"articleSection\":[\"Aktualno\"],\"inLanguage\":\"sl-SI\"},{\"@type\":\"WebPage\",\"@id\":\"https:\/\/hudo.com\/si\/aktualno\/peterle-bo-govoril-na-sobotni-proslavi-novakove-ne-bo\/\",\"url\":\"https:\/\/hudo.com\/si\/aktualno\/peterle-bo-govoril-na-sobotni-proslavi-novakove-ne-bo\/\",\"name\":\"Peterle bo govoril na sobotni proslavi, Novakove ne bo - Hudo Slovenija\",\"isPartOf\":{\"@id\":\"https:\/\/hudo.com\/si\/#website\"},\"datePublished\":\"2016-06-23T12:30:00+00:00\",\"dateModified\":\"2016-06-24T12:42:57+00:00\",\"breadcrumb\":{\"@id\":\"https:\/\/hudo.com\/si\/aktualno\/peterle-bo-govoril-na-sobotni-proslavi-novakove-ne-bo\/#breadcrumb\"},\"inLanguage\":\"sl-SI\",\"potentialAction\":[{\"@type\":\"ReadAction\",\"target\":[\"https:\/\/hudo.com\/si\/aktualno\/peterle-bo-govoril-na-sobotni-proslavi-novakove-ne-bo\/\"]}]},{\"@type\":\"BreadcrumbList\",\"@id\":\"https:\/\/hudo.com\/si\/aktualno\/peterle-bo-govoril-na-sobotni-proslavi-novakove-ne-bo\/#breadcrumb\",\"itemListElement\":[{\"@type\":\"ListItem\",\"position\":1,\"name\":\"Home\",\"item\":\"https:\/\/hudo.com\/si\/\"},{\"@type\":\"ListItem\",\"position\":2,\"name\":\"Peterle bo govoril na sobotni proslavi, Novakove ne bo\"}]},{\"@type\":\"WebSite\",\"@id\":\"https:\/\/hudo.com\/si\/#website\",\"url\":\"https:\/\/hudo.com\/si\/\",\"name\":\"Hudo Slovenija\",\"description\":\"Vse novice iz Slovenije in sveta\",\"publisher\":{\"@id\":\"https:\/\/hudo.com\/si\/#organization\"},\"potentialAction\":[{\"@type\":\"SearchAction\",\"target\":{\"@type\":\"EntryPoint\",\"urlTemplate\":\"https:\/\/hudo.com\/si\/?s={search_term_string}\"},\"query-input\":\"required name=search_term_string\"}],\"inLanguage\":\"sl-SI\"},{\"@type\":\"Organization\",\"@id\":\"https:\/\/hudo.com\/si\/#organization\",\"name\":\"VSN Media\",\"url\":\"https:\/\/hudo.com\/si\/\",\"logo\":{\"@type\":\"ImageObject\",\"inLanguage\":\"sl-SI\",\"@id\":\"https:\/\/hudo.com\/si\/#\/schema\/logo\/image\/\",\"url\":\"https:\/\/hudo.com\/si\/wp-content\/uploads\/sites\/2\/2021\/03\/hudo-app-2.png\",\"contentUrl\":\"https:\/\/hudo.com\/si\/wp-content\/uploads\/sites\/2\/2021\/03\/hudo-app-2.png\",\"width\":2185,\"height\":2167,\"caption\":\"VSN Media\"},\"image\":{\"@id\":\"https:\/\/hudo.com\/si\/#\/schema\/logo\/image\/\"},\"sameAs\":[\"https:\/\/www.facebook.com\/hudo.si\",\"https:\/\/twitter.com\/hudo_si\"]},{\"@type\":\"Person\",\"@id\":\"https:\/\/hudo.com\/si\/#\/schema\/person\/601cf3379633985b20f7e50f2bb47707\",\"name\":\"hudo\",\"image\":{\"@type\":\"ImageObject\",\"inLanguage\":\"sl-SI\",\"@id\":\"https:\/\/hudo.com\/si\/#\/schema\/person\/image\/\",\"url\":\"https:\/\/secure.gravatar.com\/avatar\/c4ca25fa72cace7a696b52ff5db9e095?s=96&d=mm&r=g\",\"contentUrl\":\"https:\/\/secure.gravatar.com\/avatar\/c4ca25fa72cace7a696b52ff5db9e095?s=96&d=mm&r=g\",\"caption\":\"hudo\"},\"url\":\"https:\/\/hudo.com\/si\/author\/hudo\/\"}]}<\/script>\n<!-- \/ Yoast SEO plugin. -->","yoast_head_json":{"title":"Peterle bo govoril na sobotni proslavi, Novakove ne bo - Hudo Slovenija","robots":{"index":"index","follow":"follow","max-snippet":"max-snippet:-1","max-image-preview":"max-image-preview:large","max-video-preview":"max-video-preview:-1"},"canonical":"https:\/\/hudo.com\/si\/aktualno\/peterle-bo-govoril-na-sobotni-proslavi-novakove-ne-bo\/","og_locale":"sl_SI","og_type":"article","og_title":"Peterle bo govoril na sobotni proslavi, Novakove ne bo - Hudo Slovenija","og_description":"Evropski poslanec iz NSi Lojze Peterle, osamosvojiteljski premier, je danes povedal, da bo dr\u017eal obljubo in se kot govorec udele\u017eil sobotne proslave z naslovom Za mojo Slovenijo, pod katero se je kot glavni organizator podpisalo Zdru\u017eenje za vrednote slovenske osamosvojitve (VSO). Ne bo pa na proslavi predsednice stranke Ljudmile Novak. Peterle je povedal, da na sobotni proslavi ne bo govoril o sebi, tudi ne o Milanu Ku\u010danu ali Janezu Jan\u0161i, pa\u010d pa, kaj mu pomeni osamosvojitev Slovenije. Dodal je, da bo njegov govor v duhu izjave NSi, ki jo podpirata oba z Novakovo. Zanikal je, da ima njegova udele\u017eba kakr\u0161nokoli povezavo z njegovim odstopom iz predsedstva VSO. Ob tem je pozval vse tiste, ki ga \u017eelijo imeti za govorca na proslavi, hkrati pa ga imajo za udbovca, naj sami razre\u0161ijo problem. Zanikal je vse diskvalifikacije, ki jih po njegovih besedah do\u017eivlja z desnega politi\u010dnega pola in ki nimajo z njegovimi dejanji nobene povezave. Izrazil je tudi ob\u017ealovanje, da pomladna stran, kot smo jo poznali, ne obstaja ve\u010d. Novakova je dejala, da podpira Peterletovo udele\u017ebo na proslavi Za mojo Slovenijo tudi zato, ker si nih\u010de ne more lastiti vseh zaslug za osamosvojitev Slovenije. Svojo neudele\u017ebo na proslavi pa je pojasnila z besedami, da z negativnimi ljudmi ni mogo\u010de delati pozitivnih zgodb. Po njenih besedah je \u010dlanom NSi prepu\u0161\u010deno, ali bodo \u0161li na proslavo ali ne. NSi da bo vselej pripravljena sodelovati s SDS, \"\u017eal pa voditelj te stranke ne gre v pravo smer\". Dodala je, da se ne boji novih strank na desnem politi\u010dnem polu, \u017eeli pa si ve\u010d kredibilnih partnerjev. Vsem tistim, ki po njenih besedah blatijo \u010dlane NSi in jih razgla\u0161ajo za udbovce, je svetovala, naj v predalih poi\u0161\u010dejo svoje partijske knji\u017eice. NSi se je v omenjeni izjavi zavzela za raz\u010di\u0161\u010denje vpra\u0161anj v zvezi z osamosvojitvijo, kjer je to treba, in izrazila ob\u017ealovanje, \"da je v prazni\u010dnem \u010dasu pri\u0161lo do kriminalizacije Toneta Krkovi\u010da, enega od najbolj predanih osamosvojiteljev\". Hkrati se stranki ne zdi","og_url":"https:\/\/hudo.com\/si\/aktualno\/peterle-bo-govoril-na-sobotni-proslavi-novakove-ne-bo\/","og_site_name":"Hudo Slovenija","article_publisher":"https:\/\/www.facebook.com\/hudo.si","article_published_time":"2016-06-23T12:30:00+00:00","article_modified_time":"2016-06-24T12:42:57+00:00","og_image":[{"width":450,"height":300,"url":"https:\/\/hudo.com\/si\/wp-content\/uploads\/sites\/2\/2016\/06\/01116869F-300.jpg","type":"image\/jpeg"}],"author":"hudo","twitter_card":"summary_large_image","twitter_creator":"@hudo_si","twitter_site":"@hudo_si","twitter_misc":{"Written by":"hudo","Est. reading time":"2 minuti"},"schema":{"@context":"https:\/\/schema.org","@graph":[{"@type":"Article","@id":"https:\/\/hudo.com\/si\/aktualno\/peterle-bo-govoril-na-sobotni-proslavi-novakove-ne-bo\/#article","isPartOf":{"@id":"https:\/\/hudo.com\/si\/aktualno\/peterle-bo-govoril-na-sobotni-proslavi-novakove-ne-bo\/"},"author":{"name":"hudo","@id":"https:\/\/hudo.com\/si\/#\/schema\/person\/601cf3379633985b20f7e50f2bb47707"},"headline":"Peterle bo govoril na sobotni proslavi, Novakove ne bo","datePublished":"2016-06-23T12:30:00+00:00","dateModified":"2016-06-24T12:42:57+00:00","mainEntityOfPage":{"@id":"https:\/\/hudo.com\/si\/aktualno\/peterle-bo-govoril-na-sobotni-proslavi-novakove-ne-bo\/"},"wordCount":360,"publisher":{"@id":"https:\/\/hudo.com\/si\/#organization"},"articleSection":["Aktualno"],"inLanguage":"sl-SI"},{"@type":"WebPage","@id":"https:\/\/hudo.com\/si\/aktualno\/peterle-bo-govoril-na-sobotni-proslavi-novakove-ne-bo\/","url":"https:\/\/hudo.com\/si\/aktualno\/peterle-bo-govoril-na-sobotni-proslavi-novakove-ne-bo\/","name":"Peterle bo govoril na sobotni proslavi, Novakove ne bo - Hudo Slovenija","isPartOf":{"@id":"https:\/\/hudo.com\/si\/#website"},"datePublished":"2016-06-23T12:30:00+00:00","dateModified":"2016-06-24T12:42:57+00:00","breadcrumb":{"@id":"https:\/\/hudo.com\/si\/aktualno\/peterle-bo-govoril-na-sobotni-proslavi-novakove-ne-bo\/#breadcrumb"},"inLanguage":"sl-SI","potentialAction":[{"@type":"ReadAction","target":["https:\/\/hudo.com\/si\/aktualno\/peterle-bo-govoril-na-sobotni-proslavi-novakove-ne-bo\/"]}]},{"@type":"BreadcrumbList","@id":"https:\/\/hudo.com\/si\/aktualno\/peterle-bo-govoril-na-sobotni-proslavi-novakove-ne-bo\/#breadcrumb","itemListElement":[{"@type":"ListItem","position":1,"name":"Home","item":"https:\/\/hudo.com\/si\/"},{"@type":"ListItem","position":2,"name":"Peterle bo govoril na sobotni proslavi, Novakove ne bo"}]},{"@type":"WebSite","@id":"https:\/\/hudo.com\/si\/#website","url":"https:\/\/hudo.com\/si\/","name":"Hudo Slovenija","description":"Vse novice iz Slovenije in sveta","publisher":{"@id":"https:\/\/hudo.com\/si\/#organization"},"potentialAction":[{"@type":"SearchAction","target":{"@type":"EntryPoint","urlTemplate":"https:\/\/hudo.com\/si\/?s={search_term_string}"},"query-input":"required name=search_term_string"}],"inLanguage":"sl-SI"},{"@type":"Organization","@id":"https:\/\/hudo.com\/si\/#organization","name":"VSN Media","url":"https:\/\/hudo.com\/si\/","logo":{"@type":"ImageObject","inLanguage":"sl-SI","@id":"https:\/\/hudo.com\/si\/#\/schema\/logo\/image\/","url":"https:\/\/hudo.com\/si\/wp-content\/uploads\/sites\/2\/2021\/03\/hudo-app-2.png","contentUrl":"https:\/\/hudo.com\/si\/wp-content\/uploads\/sites\/2\/2021\/03\/hudo-app-2.png","width":2185,"height":2167,"caption":"VSN Media"},"image":{"@id":"https:\/\/hudo.com\/si\/#\/schema\/logo\/image\/"},"sameAs":["https:\/\/www.facebook.com\/hudo.si","https:\/\/twitter.com\/hudo_si"]},{"@type":"Person","@id":"https:\/\/hudo.com\/si\/#\/schema\/person\/601cf3379633985b20f7e50f2bb47707","name":"hudo","image":{"@type":"ImageObject","inLanguage":"sl-SI","@id":"https:\/\/hudo.com\/si\/#\/schema\/person\/image\/","url":"https:\/\/secure.gravatar.com\/avatar\/c4ca25fa72cace7a696b52ff5db9e095?s=96&d=mm&r=g","contentUrl":"https:\/\/secure.gravatar.com\/avatar\/c4ca25fa72cace7a696b52ff5db9e095?s=96&d=mm&r=g","caption":"hudo"},"url":"https:\/\/hudo.com\/si\/author\/hudo\/"}]}},"amp_enabled":true,"_links":{"self":[{"href":"https:\/\/hudo.com\/si\/wp-json\/wp\/v2\/posts\/81421"}],"collection":[{"href":"https:\/\/hudo.com\/si\/wp-json\/wp\/v2\/posts"}],"about":[{"href":"https:\/\/hudo.com\/si\/wp-json\/wp\/v2\/types\/post"}],"author":[{"embeddable":true,"href":"https:\/\/hudo.com\/si\/wp-json\/wp\/v2\/users\/1"}],"replies":[{"embeddable":true,"href":"https:\/\/hudo.com\/si\/wp-json\/wp\/v2\/comments?post=81421"}],"version-history":[{"count":1,"href":"https:\/\/hudo.com\/si\/wp-json\/wp\/v2\/posts\/81421\/revisions"}],"predecessor-version":[{"id":81724,"href":"https:\/\/hudo.com\/si\/wp-json\/wp\/v2\/posts\/81421\/revisions\/81724"}],"wp:attachment":[{"href":"https:\/\/hudo.com\/si\/wp-json\/wp\/v2\/media?parent=81421"}],"wp:term":[{"taxonomy":"category","embeddable":true,"href":"https:\/\/hudo.com\/si\/wp-json\/wp\/v2\/categories?post=81421"},{"taxonomy":"post_tag","embeddable":true,"href":"https:\/\/hudo.com\/si\/wp-json\/wp\/v2\/tags?post=81421"},{"taxonomy":"source","embeddable":true,"href":"https:\/\/hudo.com\/si\/wp-json\/wp\/v2\/source?post=81421"},{"taxonomy":"supertag","embeddable":true,"href":"https:\/\/hudo.com\/si\/wp-json\/wp\/v2\/supertag?post=81421"}],"curies":[{"name":"wp","href":"https:\/\/api.w.org\/{rel}","templated":true}]}}